{"id":4923,"date":"2021-05-04T21:46:05","date_gmt":"2021-05-05T02:46:05","guid":{"rendered":"https:\/\/www.proamazonia.org\/?p=4923"},"modified":"2021-10-22T18:40:58","modified_gmt":"2021-10-22T23:40:58","slug":"ecuador-avanza-en-el-proceso-de-certificacion-a-la-produccion-agropecuaria-sostenible","status":"publish","type":"post","link":"https:\/\/www.proamazonia.org\/ppr\/ecuador-avanza-en-el-proceso-de-certificacion-a-la-produccion-agropecuaria-sostenible\/","title":{"rendered":"Ecuador avanza en el proceso de Certificaci\u00f3n a la Producci\u00f3n Agropecuaria Sostenible"},"content":{"rendered":"<p>El 9 de abril del 2021, en un evento virtual, como siguiente fase del lanzamiento del Acuerdo Interministerial para la Certificaci\u00f3n de Producci\u00f3n agropecuaria sostenible y libre de deforestaci\u00f3n, que fue firmado el pasado, 26 de enero entre el Ministerio del Ambiente y Agua, Ministerio de Agricultura y Ganader\u00eda y la Agencia de Regulaci\u00f3n y Control Fito y Zoosanitario (Agrocalidad), se socializ\u00f3 esta propuesta con las Asociaciones de productores agropecuarios, con el objetivo de recoger sus inquietudes y recomendaciones a este mecanismo.<\/p>\n<p>Este proceso, marca una hoja de ruta que contempla entre sus acciones incluir los aportes y sugerencias de los participantes en los insumos que formar\u00e1n parte de la norma t\u00e9cnica; a trav\u00e9s de una plataforma digital habilitada por el Ministerio del Ambiente y Agua (MAAE). Posterior a este proceso, se proceder\u00e1 a la aprobaci\u00f3n y lanzamiento de la norma t\u00e9cnica prevista para el mes de mayo del 2021.<\/p>\n<p>De esta manera, se da cumplimiento a los compromisos establecidos en el marco del acuerdo interministerial, mismo que establece un plazo de 90 d\u00edas para que se expidan las normas t\u00e9cnicas correspondientes, adem\u00e1s de su proceso de control y seguimiento. La Certificaci\u00f3n a la Producci\u00f3n Agropecuaria Sostenible y Libre de Deforestaci\u00f3n del Ecuador Continental (CPASLD), tiene como objetivo, constituirse en una ventaja competitiva, ante los agroproductores ecuatorianos, para distinguir a sus productos en mercados nacionales e internacionales. Adem\u00e1s, busca conjugar las competencias de dos Carteras de Estado; a trav\u00e9s de la Certificaci\u00f3n de Buenas Pr\u00e1cticas Agropecuarias y el Distintivo Iniciativa Verde a la Producci\u00f3n Agropecuaria Libre de Deforestaci\u00f3n.<\/p>\n<p>La certificaci\u00f3n se enmarca en el Plan de Acci\u00f3n REDD+ \u201cBosques para el Buen Vivir\u201d 2016- 2025, que ha desplegado acciones enfocadas en promover que los productores se inserten en las nuevas tendencias del mercado mundial, considerando que la creciente exigencia internacional de eliminar la deforestaci\u00f3n en el mundo, ha hecho que cada vez se establezcan regulaciones m\u00e1s rigurosas.<\/p>\n<p>Estas acciones, fortalecen la estrategia nacional \u201cPremium &amp; Sustainable\u201d, que busca posicionar al Ecuador como un referente en modelos de agricultura sostenible, y le permite crear oportunidades para la comercializaci\u00f3n de los productos en nuevos mercados, a trav\u00e9s de un trabajo articulado entre el MAG, Agrocalidad, con el apoyo del MAAE y organismos de cooperaci\u00f3n internacional, como el Programa de las Naciones Unidas para el Desarrollo (PNUD), y de PROAmazon\u00eda; programa del gobierno nacional, que apoya a los productores de la Amazon\u00eda Ecuatoriana en la implementaci\u00f3n de pr\u00e1cticas sostenibles y el fortalecimiento de sus conocimientos para el uso de buenas pr\u00e1cticas agropecuarias.<\/p>\n<p>El evento, cont\u00f3 con la participaci\u00f3n del representantes del Ministerio del Ambiente y Agua, el Director Ejecutivo de la Agencia de Regulaci\u00f3n y Control Fito y Zoosanitario (Agrocalidad), y la Gerente de PROAmazon\u00eda, Patricia Serrano. En el encuentro, tambi\u00e9n participaron los representantes de las Asociaciones agroproductivas del pa\u00eds; y productores independientes.<\/p>\n<p>&nbsp;<\/p>\n<p><img loading=\"lazy\" decoding=\"async\" class=\"alignnone wp-image-4925 aligncenter\" src=\"https:\/\/www.proamazonia.org\/wp-content\/uploads\/2021\/05\/2.Consulta.BPA_.Proamazonia.Ecuador-300x139.jpg\" alt=\"\" width=\"824\" height=\"382\" srcset=\"https:\/\/www.proamazonia.org\/ppr\/wp-content\/uploads\/2021\/05\/2.Consulta.BPA_.Proamazonia.Ecuador-300x139.jpg 300w, https:\/\/www.proamazonia.org\/ppr\/wp-content\/uploads\/2021\/05\/2.Consulta.BPA_.Proamazonia.Ecuador-1024x473.jpg 1024w, https:\/\/www.proamazonia.org\/ppr\/wp-content\/uploads\/2021\/05\/2.Consulta.BPA_.Proamazonia.Ecuador-768x355.jpg 768w, https:\/\/www.proamazonia.org\/ppr\/wp-content\/uploads\/2021\/05\/2.Consulta.BPA_.Proamazonia.Ecuador.jpg 1732w\" sizes=\"auto, (max-width: 824px) 100vw, 824px\" \/><\/p>\n<p style=\"text-align: center;\"><b><span style=\"font-size: 10.0pt; color: windowtext;\">Fotograf\u00eda:<\/span><\/b><span style=\"font-size: 10.0pt; color: windowtext;\"> Unidad de comunicaci\u00f3n de PROAmazon\u00eda<br \/>\n<b><\/b><\/span><b><span style=\"font-size: 10.0pt; color: windowtext;\">Descripci\u00f3n:<\/span><\/b><span style=\"font-size: 10.0pt; color: windowtext;\"> Explicaci\u00f3n del proceso y antecedentes del concepto de \u00abLibre deforestaci\u00f3n\u00bb<\/span><\/p>\n<p><img loading=\"lazy\" decoding=\"async\" class=\"alignnone wp-image-4924 aligncenter\" src=\"https:\/\/www.proamazonia.org\/wp-content\/uploads\/2021\/05\/3.Consulta.BPA_.Proamazonia.Ecuador-200x300.jpg\" alt=\"\" width=\"490\" height=\"736\" srcset=\"https:\/\/www.proamazonia.org\/ppr\/wp-content\/uploads\/2021\/05\/3.Consulta.BPA_.Proamazonia.Ecuador-200x300.jpg 200w, https:\/\/www.proamazonia.org\/ppr\/wp-content\/uploads\/2021\/05\/3.Consulta.BPA_.Proamazonia.Ecuador-400x600.jpg 400w, https:\/\/www.proamazonia.org\/ppr\/wp-content\/uploads\/2021\/05\/3.Consulta.BPA_.Proamazonia.Ecuador.jpg 665w\" sizes=\"auto, (max-width: 490px) 100vw, 490px\" \/><\/p>\n<p style=\"text-align: center;\"><b><span style=\"font-size: 10.0pt; color: windowtext;\">Fotograf\u00eda:<\/span><\/b><span style=\"font-size: 10.0pt; color: windowtext;\"> Unidad de comunicaci\u00f3n de PROAmazon\u00eda<br \/>\n<b><\/b><\/span><b><span style=\"font-size: 10.0pt; color: windowtext;\">Descripci\u00f3n:<\/span><\/b><span style=\"font-size: 10.0pt; color: windowtext;\"> Infograf\u00eda del proceso de participaci\u00f3n en la consulta p\u00fablica de certificaci\u00f3n de buenas pr\u00e1cticas agropecuarias + libre de deforestaci\u00f3n<\/span><\/p>\n<p><strong>Autor: <\/strong>Unidad de Comunicaci\u00f3n de PROAmazon\u00eda<\/p>","protected":false},"excerpt":{"rendered":"<p>El 9 de abril del 2021, en un evento virtual, como siguiente fase del lanzamiento del Acuerdo Interministerial para la Certificaci\u00f3n de Producci\u00f3n agropecuaria sostenible y libre de deforestaci\u00f3n, que fue firmado el pasado, 26 de enero entre el Ministerio del Ambiente y Agua, Ministerio de Agricultura y Ganader\u00eda y la Agencia de Regulaci\u00f3n y Control Fito y Zoosanitario (Agrocalidad), se socializ\u00f3 esta propuesta con las Asociaciones de productores agropecuarios, con el objetivo de recoger sus inquietudes y recomendaciones a este mecanismo. Este proceso, marca una hoja de ruta que contempla entre sus acciones incluir los aportes y sugerencias de los participantes en los insumos que formar\u00e1n parte de la norma t\u00e9cnica; a trav\u00e9s de una plataforma digital habilitada por el Ministerio del Ambiente y Agua (MAAE). Posterior a este proceso, se proceder\u00e1 a la aprobaci\u00f3n y lanzamiento de la norma t\u00e9cnica prevista para el mes de mayo del 2021. De esta manera, se da cumplimiento a los compromisos establecidos en el marco del acuerdo interministerial, mismo que establece un plazo de 90 d\u00edas para que se expidan las normas t\u00e9cnicas correspondientes, adem\u00e1s de su proceso de control y seguimiento. La Certificaci\u00f3n a la Producci\u00f3n Agropecuaria Sostenible y Libre de [&hellip;]<\/p>\n","protected":false},"author":2,"featured_media":4926,"comment_status":"closed","ping_status":"closed","sticky":false,"template":"","format":"standard","meta":{"_uf_show_specific_survey":0,"_uf_disable_surveys":false,"footnotes":""},"categories":[3,23,25],"tags":[107,108,67,66],"class_list":["post-4923","post","type-post","status-publish","format-standard","has-post-thumbnail","hentry","category-noticias","category-noticias-home","category-produccion-sostenible","tag-deforestacion","tag-libre","tag-produccion","tag-sostenible"],"aioseo_notices":[],"_links":{"self":[{"href":"https:\/\/www.proamazonia.org\/ppr\/wp-json\/wp\/v2\/posts\/4923","targetHints":{"allow":["GET"]}}],"collection":[{"href":"https:\/\/www.proamazonia.org\/ppr\/wp-json\/wp\/v2\/posts"}],"about":[{"href":"https:\/\/www.proamazonia.org\/ppr\/wp-json\/wp\/v2\/types\/post"}],"author":[{"embeddable":true,"href":"https:\/\/www.proamazonia.org\/ppr\/wp-json\/wp\/v2\/users\/2"}],"replies":[{"embeddable":true,"href":"https:\/\/www.proamazonia.org\/ppr\/wp-json\/wp\/v2\/comments?post=4923"}],"version-history":[{"count":4,"href":"https:\/\/www.proamazonia.org\/ppr\/wp-json\/wp\/v2\/posts\/4923\/revisions"}],"predecessor-version":[{"id":5616,"href":"https:\/\/www.proamazonia.org\/ppr\/wp-json\/wp\/v2\/posts\/4923\/revisions\/5616"}],"wp:featuredmedia":[{"embeddable":true,"href":"https:\/\/www.proamazonia.org\/ppr\/wp-json\/wp\/v2\/media\/4926"}],"wp:attachment":[{"href":"https:\/\/www.proamazonia.org\/ppr\/wp-json\/wp\/v2\/media?parent=4923"}],"wp:term":[{"taxonomy":"category","embeddable":true,"href":"https:\/\/www.proamazonia.org\/ppr\/wp-json\/wp\/v2\/categories?post=4923"},{"taxonomy":"post_tag","embeddable":true,"href":"https:\/\/www.proamazonia.org\/ppr\/wp-json\/wp\/v2\/tags?post=4923"}],"curies":[{"name":"wp","href":"https:\/\/api.w.org\/{rel}","templated":true}]}}