{"id":4945,"date":"2021-05-05T13:27:53","date_gmt":"2021-05-05T18:27:53","guid":{"rendered":"https:\/\/www.proamazonia.org\/?p=4945"},"modified":"2021-10-22T18:29:34","modified_gmt":"2021-10-22T23:29:34","slug":"si-hay-que-hacer-hay-que-hacer","status":"publish","type":"post","link":"https:\/\/www.proamazonia.org\/ppr\/si-hay-que-hacer-hay-que-hacer\/","title":{"rendered":"\u00a1Si hay que hacer, hay que hacer! An\u00e9cdota de campo en la comunidad El Triunfo, Francisco de Orellana"},"content":{"rendered":"<p>Don Nicol\u00e1s lleg\u00f3 tarde a la reuni\u00f3n que le invitamos para hablar de asociatividad y temas de producci\u00f3n sostenible. Justo sal\u00ed a la puerta cuando \u00e9l llegaba. Me mir\u00f3 con una amplia sonrisa y me estrech\u00f3 su mano. Le dije: \u00a1Deme ese pu\u00f1o Don Nicol\u00e1s! se ri\u00f3 y de repente me di cuenta que no tra\u00eda mascarilla. Le dije: venga tome, p\u00f3ngase la mascarilla que aqu\u00ed estamos varias personas. Me mir\u00f3 un como ni\u00f1o rega\u00f1ado y se la puso. En seguida pens\u00e9 que el riesgo es para \u00e9l, porque luego me cont\u00f3 que hace tiempo\u00a0 no hab\u00eda salido de su finca. Con m\u00e1s raz\u00f3n pens\u00e9. Al terminar la reuni\u00f3n solo me dijo: yo solo entend\u00ed que el clima ha cambiado y que por eso se est\u00e1 calentando el mundo \u00bfo algo as\u00ed\u2026? me sac\u00f3 una sonrisa -que nunca vio a causa de mi mascarilla KN95- y le respond\u00ed: \u2026algo as\u00ed Don Nicol\u00e1s, algo as\u00ed. Se despidi\u00f3 hasta el d\u00eda siguiente, puesto que ten\u00edamos planificada una visita a su finca, que funciona como punto de acopio para que otros productores de caf\u00e9 dejen su producto ah\u00ed y no tengan que viajar largos trayectos.<\/p>\n<p>Al d\u00eda siguiente, luego de dos horas de viaje, llegamos a R\u00edo Jivino, comunidad El Triunfo, cant\u00f3n Francisco de Orellana. Nos esperaba Don Nicol\u00e1s junto a su esposa con una sonrisa amplia y obviamente sin mascarilla. En seguida nos dio un paseo por una peque\u00f1a parte de su finca, un vivero, una secadora para guayusa, caf\u00e9, teca y las marquesinas en las que recibir\u00e1 la cosecha de caf\u00e9. Nos cuenta que la secadora se la invent\u00f3 \u00e9l\u2026 -No puedo estar esperando que todo nos den, \u00a1si hay que hacer hay que hacer! Y su esposa corrobora: &#8211; \u00a1Nos levantamos a las 4 de la ma\u00f1ana y nos falta d\u00eda!<\/p>\n<p>Nos fuimos por un largo sendero para ver \u00a0una finca amaz\u00f3nica. Del lado derecho, las plantas de guayusa y del lado izquierdo, las plantas de cacao. Mientras regres\u00e1bamos del sendero, le bromeo y le digo: todo bien Don Nicol\u00e1s \u00a1le felicito! bueno, solo por el cacao no se saca 20 le voy a poner 15 y se r\u00eden todos. Me dice es que no me da el tiempo, pero ya tengo que dedicarme a podar.<\/p>\n<p>Su finca formar\u00e1 parte de los 10 centros de acopio sat\u00e9lite que con el trabajo conjunto de ATPA y PROAmazon\u00eda se est\u00e1n impulsando.<\/p>\n<p>\u00bfOiga Don Nicol\u00e1s, y estos arbolotes de que son?<\/p>\n<p>-Tecas, ya est\u00e1n listas para la ventaUSD 200 \u00a0cuesta cada una.<\/p>\n<p>&#8211; \u00bfY usted no tiene bosque? le pregunt\u00e9<\/p>\n<p>&#8211; \u00a1Claro que s\u00ed! \u00a1hay que conservar! Me dice algo alarmado. Pues vi que su preocupaci\u00f3n por el bosque era uno de sus incentivos.<\/p>\n<p>Finalmente, nos despedimos de Don Nicol\u00e1s quien nos dijo ten\u00eda mucho que hacer, est\u00e1 afinando las marquesinas para recibir el caf\u00e9 de los dem\u00e1s vecinos que ir\u00e1n a dejar este producto para poderlo transportar al centro de acopio en Loreto. Su ilusi\u00f3n por la vida, su actitud proactiva y su capacidad por resolver los problemas me llam\u00f3 mucho la atenci\u00f3n. Los agricultores son esa semilla de optimismo, conocimiento y sabidur\u00eda.<\/p>\n<p><img loading=\"lazy\" decoding=\"async\" class=\"alignnone wp-image-4947 aligncenter\" src=\"https:\/\/www.proamazonia.org\/wp-content\/uploads\/2021\/05\/2.agricultores.crisis.covid_.19.pandemia.proamazonia.ecuador-300x180.jpg\" alt=\"\" width=\"716\" height=\"430\" srcset=\"https:\/\/www.proamazonia.org\/ppr\/wp-content\/uploads\/2021\/05\/2.agricultores.crisis.covid_.19.pandemia.proamazonia.ecuador-300x180.jpg 300w, https:\/\/www.proamazonia.org\/ppr\/wp-content\/uploads\/2021\/05\/2.agricultores.crisis.covid_.19.pandemia.proamazonia.ecuador-768x461.jpg 768w, https:\/\/www.proamazonia.org\/ppr\/wp-content\/uploads\/2021\/05\/2.agricultores.crisis.covid_.19.pandemia.proamazonia.ecuador.jpg 900w\" sizes=\"auto, (max-width: 716px) 100vw, 716px\" \/><\/p>\n<p><strong>Autora: <\/strong>Luc\u00eda Valverde N, Especialista en Asociatividad y Cooperativismo<\/p>","protected":false},"excerpt":{"rendered":"<p>Don Nicol\u00e1s lleg\u00f3 tarde a la reuni\u00f3n que le invitamos para hablar de asociatividad y temas de producci\u00f3n sostenible. Justo sal\u00ed a la puerta cuando \u00e9l llegaba. Me mir\u00f3 con una amplia sonrisa y me estrech\u00f3 su mano. Le dije: \u00a1Deme ese pu\u00f1o Don Nicol\u00e1s! se ri\u00f3 y de repente me di cuenta que no tra\u00eda mascarilla. Le dije: venga tome, p\u00f3ngase la mascarilla que aqu\u00ed estamos varias personas. Me mir\u00f3 un como ni\u00f1o rega\u00f1ado y se la puso. En seguida pens\u00e9 que el riesgo es para \u00e9l, porque luego me cont\u00f3 que hace tiempo\u00a0 no hab\u00eda salido de su finca. Con m\u00e1s raz\u00f3n pens\u00e9. Al terminar la reuni\u00f3n solo me dijo: yo solo entend\u00ed que el clima ha cambiado y que por eso se est\u00e1 calentando el mundo \u00bfo algo as\u00ed\u2026? me sac\u00f3 una sonrisa -que nunca vio a causa de mi mascarilla KN95- y le respond\u00ed: \u2026algo as\u00ed Don Nicol\u00e1s, algo as\u00ed. Se despidi\u00f3 hasta el d\u00eda siguiente, puesto que ten\u00edamos planificada una visita a su finca, que funciona como punto de acopio para que otros productores de caf\u00e9 dejen su producto ah\u00ed y no tengan que viajar largos trayectos. Al d\u00eda siguiente, luego de dos horas de [&hellip;]<\/p>\n","protected":false},"author":2,"featured_media":4946,"comment_status":"closed","ping_status":"closed","sticky":false,"template":"","format":"standard","meta":{"_uf_show_specific_survey":0,"_uf_disable_surveys":false,"footnotes":""},"categories":[3,23,25],"tags":[],"class_list":["post-4945","post","type-post","status-publish","format-standard","has-post-thumbnail","hentry","category-noticias","category-noticias-home","category-produccion-sostenible"],"aioseo_notices":[],"_links":{"self":[{"href":"https:\/\/www.proamazonia.org\/ppr\/wp-json\/wp\/v2\/posts\/4945","targetHints":{"allow":["GET"]}}],"collection":[{"href":"https:\/\/www.proamazonia.org\/ppr\/wp-json\/wp\/v2\/posts"}],"about":[{"href":"https:\/\/www.proamazonia.org\/ppr\/wp-json\/wp\/v2\/types\/post"}],"author":[{"embeddable":true,"href":"https:\/\/www.proamazonia.org\/ppr\/wp-json\/wp\/v2\/users\/2"}],"replies":[{"embeddable":true,"href":"https:\/\/www.proamazonia.org\/ppr\/wp-json\/wp\/v2\/comments?post=4945"}],"version-history":[{"count":3,"href":"https:\/\/www.proamazonia.org\/ppr\/wp-json\/wp\/v2\/posts\/4945\/revisions"}],"predecessor-version":[{"id":5614,"href":"https:\/\/www.proamazonia.org\/ppr\/wp-json\/wp\/v2\/posts\/4945\/revisions\/5614"}],"wp:featuredmedia":[{"embeddable":true,"href":"https:\/\/www.proamazonia.org\/ppr\/wp-json\/wp\/v2\/media\/4946"}],"wp:attachment":[{"href":"https:\/\/www.proamazonia.org\/ppr\/wp-json\/wp\/v2\/media?parent=4945"}],"wp:term":[{"taxonomy":"category","embeddable":true,"href":"https:\/\/www.proamazonia.org\/ppr\/wp-json\/wp\/v2\/categories?post=4945"},{"taxonomy":"post_tag","embeddable":true,"href":"https:\/\/www.proamazonia.org\/ppr\/wp-json\/wp\/v2\/tags?post=4945"}],"curies":[{"name":"wp","href":"https:\/\/api.w.org\/{rel}","templated":true}]}}