{"id":5062,"date":"2021-06-11T11:11:45","date_gmt":"2021-06-11T16:11:45","guid":{"rendered":"https:\/\/www.proamazonia.org\/?p=5062"},"modified":"2021-07-02T18:16:54","modified_gmt":"2021-07-02T23:16:54","slug":"quito-prefiere-productos-amazonicos-sostenibles","status":"publish","type":"post","link":"https:\/\/www.proamazonia.org\/ppr\/quito-prefiere-productos-amazonicos-sostenibles\/","title":{"rendered":"Llegaron a Quito productos amaz\u00f3nicos sostenibles"},"content":{"rendered":"<p>Con mucha emoci\u00f3n llega Do\u00f1a Fidelia Jima a Quito, llena de energ\u00eda se alista y acomoda sus productos amaz\u00f3nicos en el estand de la Chakra, un espacio de comercializaci\u00f3n de productos amigables con el ambiente, cuyo nombre hace referencia al sistema de producci\u00f3n ancestral &#8211; agroecol\u00f3gico denominado Chakra, una pr\u00e1ctica utilizada por la comunidad Kichwa de la Amazon\u00eda ecuatoriana, que constituye la fuente de su alimentaci\u00f3n, medicina y sustento econ\u00f3mico.<\/p>\n<p>Desde mayo hasta diciembre del 2021, se pondr\u00e1 en marcha la iniciativa \u201cChakra\u201d, un punto de comercializaci\u00f3n m\u00f3vil impulsado por PROAmazon\u00eda; programa liderado por los Ministerios de Agricultura y Ganader\u00eda, Ambiente, Agua y Transici\u00f3n Ecol\u00f3gica, que cuenta con el apoyo de PNUD Ecuador.<\/p>\n<p><img loading=\"lazy\" decoding=\"async\" class=\" wp-image-5060 alignright\" src=\"https:\/\/www.proamazonia.org\/wp-content\/uploads\/2021\/06\/2.Chakra.proamazonia.productos.bioemprendimientos.bosque-300x170.jpg\" alt=\"\" width=\"552\" height=\"313\" srcset=\"https:\/\/www.proamazonia.org\/ppr\/wp-content\/uploads\/2021\/06\/2.Chakra.proamazonia.productos.bioemprendimientos.bosque-300x170.jpg 300w, https:\/\/www.proamazonia.org\/ppr\/wp-content\/uploads\/2021\/06\/2.Chakra.proamazonia.productos.bioemprendimientos.bosque-1024x579.jpg 1024w, https:\/\/www.proamazonia.org\/ppr\/wp-content\/uploads\/2021\/06\/2.Chakra.proamazonia.productos.bioemprendimientos.bosque-768x434.jpg 768w, https:\/\/www.proamazonia.org\/ppr\/wp-content\/uploads\/2021\/06\/2.Chakra.proamazonia.productos.bioemprendimientos.bosque.jpg 1300w\" sizes=\"auto, (max-width: 552px) 100vw, 552px\" \/><\/p>\n<p>Este sitio de encuentro est\u00e1 ubicado en el Centro Comercial Paseo San Francisco (Valle de Cumbay\u00e1) y estar\u00e1 habilitado para ofrecer atenci\u00f3n al p\u00fablico los d\u00edas s\u00e1bados y domingos del mes de mayo hasta el mes de diciembre. El horario de atenci\u00f3n inicia a las diez de la ma\u00f1ana y se extiende hasta las seis de la tarde. Las personas que acuden pueden encontrar desde salsas, condimentos, conservas, snacks, bebidas, hasta art\u00edculos de higiene, belleza, entre otros.<\/p>\n<p>Durante el mes de junio comercializar\u00e1n sus productos las asociaciones de productores de Napo. Do\u00f1a Fidelia pertenece a APROIN (Asociaci\u00f3n de Productores e Industriales de Napo), una organizaci\u00f3n conformada por 15 socios que ofrece bebidas de caf\u00e9, cacao, maracuy\u00e1, cremas para el cuidado corporal; as\u00ed como caf\u00e9 tostado y molido. La mayor\u00eda de sus productos son cultivados por comunidades kichwa y todas sus marcas cuentan con una notificaci\u00f3n sanitaria. Adem\u00e1s, su producci\u00f3n no proviene de monocultivos<a href=\"#_edn1\" name=\"_ednref1\">[i]<\/a>, por el contrario, proviene de sistemas productivos sostenibles. <em>\u201cMe siento muy feliz, promocionando, aprendiendo. Aqu\u00ed aprend\u00ed que debemos ser unidos y trabajar en conjunto. Invito a las personas a que nos visiten, consuman lo nuestro y nos apoyemos entre todos\u201d.<\/em><\/p>\n<p>PROAmazon\u00eda impulsa el desarrollo de actividades de promoci\u00f3n comercial, que permiten el encuentro entre productores locales y las organizaciones de la regi\u00f3n amaz\u00f3nica con compradores directos. Tambi\u00e9n facilita la apertura de nuevos canales de distribuci\u00f3n para los sectores productivos de caf\u00e9, cacao, palma y ganader\u00eda.<\/p>\n<p>La feria \u201cFarmers Market\u201d del Centro Comercial de Paseo San Francisco, es un espacio creado con el objetivo de apoyar a micro emprendedores y artesanos, para que puedan vender sus propios productos. Este espacio promueve una oferta de alimentos org\u00e1nicos y sin preservantes, por lo que constituye el escenario ideal para promover la producci\u00f3n sostenible y libre de deforestaci\u00f3n de la regi\u00f3n amaz\u00f3nica.<\/p>\n<p>PROAmazon\u00eda hasta diciembre de 2021, promocionar\u00e1 el estand promocional \u201cChakra\u201d, y a la vez, capacitar\u00e1 a aproximadamente 60 productores en temas relacionados a t\u00e9cnicas de comercializaci\u00f3n y atenci\u00f3n al cliente. As\u00ed tambi\u00e9n, en coordinaci\u00f3n con instituciones del Gobierno Nacional ofrecer\u00e1 talleres informativos sobre procesos sanitarios y de registro, entre otros. Pr\u00f3ximamente, esta iniciativa contar\u00e1 con un servicio de venta en l\u00ednea y con m\u00e1s puntos de venta en la ciudad de Quito.<\/p>\n<p>&nbsp;<\/p>\n<p style=\"text-align: center;\"><img loading=\"lazy\" decoding=\"async\" class=\"alignnone wp-image-5059\" src=\"https:\/\/www.proamazonia.org\/wp-content\/uploads\/2021\/06\/3.Chakra.proamazonia.productos.bioemprendimientos.bosque-300x170.jpg\" alt=\"\" width=\"467\" height=\"265\" srcset=\"https:\/\/www.proamazonia.org\/ppr\/wp-content\/uploads\/2021\/06\/3.Chakra.proamazonia.productos.bioemprendimientos.bosque-300x170.jpg 300w, https:\/\/www.proamazonia.org\/ppr\/wp-content\/uploads\/2021\/06\/3.Chakra.proamazonia.productos.bioemprendimientos.bosque-1024x579.jpg 1024w, https:\/\/www.proamazonia.org\/ppr\/wp-content\/uploads\/2021\/06\/3.Chakra.proamazonia.productos.bioemprendimientos.bosque-768x434.jpg 768w, https:\/\/www.proamazonia.org\/ppr\/wp-content\/uploads\/2021\/06\/3.Chakra.proamazonia.productos.bioemprendimientos.bosque.jpg 1300w\" sizes=\"auto, (max-width: 467px) 100vw, 467px\" \/>\u00a0 \u00a0 <img loading=\"lazy\" decoding=\"async\" class=\"alignnone wp-image-5056\" src=\"https:\/\/www.proamazonia.org\/wp-content\/uploads\/2021\/06\/6.Chakra.proamazonia.productos.bioemprendimientos.bosque-300x170.jpg\" alt=\"\" width=\"469\" height=\"266\" srcset=\"https:\/\/www.proamazonia.org\/ppr\/wp-content\/uploads\/2021\/06\/6.Chakra.proamazonia.productos.bioemprendimientos.bosque-300x170.jpg 300w, https:\/\/www.proamazonia.org\/ppr\/wp-content\/uploads\/2021\/06\/6.Chakra.proamazonia.productos.bioemprendimientos.bosque-1024x579.jpg 1024w, https:\/\/www.proamazonia.org\/ppr\/wp-content\/uploads\/2021\/06\/6.Chakra.proamazonia.productos.bioemprendimientos.bosque-768x434.jpg 768w, https:\/\/www.proamazonia.org\/ppr\/wp-content\/uploads\/2021\/06\/6.Chakra.proamazonia.productos.bioemprendimientos.bosque.jpg 1300w\" sizes=\"auto, (max-width: 469px) 100vw, 469px\" \/><\/p>\n<p style=\"text-align: center;\"><img loading=\"lazy\" decoding=\"async\" class=\"alignnone wp-image-5058\" src=\"https:\/\/www.proamazonia.org\/wp-content\/uploads\/2021\/06\/4.Chakra.proamazonia.productos.bioemprendimientos.bosque-300x170.jpg\" alt=\"\" width=\"467\" height=\"264\" srcset=\"https:\/\/www.proamazonia.org\/ppr\/wp-content\/uploads\/2021\/06\/4.Chakra.proamazonia.productos.bioemprendimientos.bosque-300x170.jpg 300w, https:\/\/www.proamazonia.org\/ppr\/wp-content\/uploads\/2021\/06\/4.Chakra.proamazonia.productos.bioemprendimientos.bosque-1024x579.jpg 1024w, https:\/\/www.proamazonia.org\/ppr\/wp-content\/uploads\/2021\/06\/4.Chakra.proamazonia.productos.bioemprendimientos.bosque-768x434.jpg 768w, https:\/\/www.proamazonia.org\/ppr\/wp-content\/uploads\/2021\/06\/4.Chakra.proamazonia.productos.bioemprendimientos.bosque-1000x563.jpg 1000w, https:\/\/www.proamazonia.org\/ppr\/wp-content\/uploads\/2021\/06\/4.Chakra.proamazonia.productos.bioemprendimientos.bosque.jpg 1300w\" sizes=\"auto, (max-width: 467px) 100vw, 467px\" \/>\u00a0 \u00a0 <img loading=\"lazy\" decoding=\"async\" class=\"alignnone wp-image-5057\" src=\"https:\/\/www.proamazonia.org\/wp-content\/uploads\/2021\/06\/5.Chakra.proamazonia.productos.bioemprendimientos.bosque-300x170.jpg\" alt=\"\" width=\"469\" height=\"266\" srcset=\"https:\/\/www.proamazonia.org\/ppr\/wp-content\/uploads\/2021\/06\/5.Chakra.proamazonia.productos.bioemprendimientos.bosque-300x170.jpg 300w, https:\/\/www.proamazonia.org\/ppr\/wp-content\/uploads\/2021\/06\/5.Chakra.proamazonia.productos.bioemprendimientos.bosque-1024x579.jpg 1024w, https:\/\/www.proamazonia.org\/ppr\/wp-content\/uploads\/2021\/06\/5.Chakra.proamazonia.productos.bioemprendimientos.bosque-768x434.jpg 768w, https:\/\/www.proamazonia.org\/ppr\/wp-content\/uploads\/2021\/06\/5.Chakra.proamazonia.productos.bioemprendimientos.bosque.jpg 1300w\" sizes=\"auto, (max-width: 469px) 100vw, 469px\" \/><\/p>\n<p><a href=\"#_ednref1\" name=\"_edn1\">[i]<\/a> El monocultivo est\u00e1 relacionado con una producci\u00f3n a gran escala, con un solo tipo de cultivo, que en ocasiones puede causar degradaci\u00f3n de los suelos y deforestaci\u00f3n.<\/p>\n<p><strong>Autor:<\/strong> Unidad de Comunicaci\u00f3n<\/p>","protected":false},"excerpt":{"rendered":"<p>Con mucha emoci\u00f3n llega Do\u00f1a Fidelia Jima a Quito, llena de energ\u00eda se alista y acomoda sus productos amaz\u00f3nicos en el estand de la Chakra, un espacio de comercializaci\u00f3n de productos amigables con el ambiente, cuyo nombre hace referencia al sistema de producci\u00f3n ancestral &#8211; agroecol\u00f3gico denominado Chakra, una pr\u00e1ctica utilizada por la comunidad Kichwa de la Amazon\u00eda ecuatoriana, que constituye la fuente de su alimentaci\u00f3n, medicina y sustento econ\u00f3mico. Desde mayo hasta diciembre del 2021, se pondr\u00e1 en marcha la iniciativa \u201cChakra\u201d, un punto de comercializaci\u00f3n m\u00f3vil impulsado por PROAmazon\u00eda; programa liderado por los Ministerios de Agricultura y Ganader\u00eda, Ambiente, Agua y Transici\u00f3n Ecol\u00f3gica, que cuenta con el apoyo de PNUD Ecuador. Este sitio de encuentro est\u00e1 ubicado en el Centro Comercial Paseo San Francisco (Valle de Cumbay\u00e1) y estar\u00e1 habilitado para ofrecer atenci\u00f3n al p\u00fablico los d\u00edas s\u00e1bados y domingos del mes de mayo hasta el mes de diciembre. El horario de atenci\u00f3n inicia a las diez de la ma\u00f1ana y se extiende hasta las seis de la tarde. Las personas que acuden pueden encontrar desde salsas, condimentos, conservas, snacks, bebidas, hasta art\u00edculos de higiene, belleza, entre otros. Durante el mes de junio comercializar\u00e1n sus productos las asociaciones [&hellip;]<\/p>\n","protected":false},"author":2,"featured_media":5061,"comment_status":"closed","ping_status":"closed","sticky":false,"template":"","format":"standard","meta":{"_uf_show_specific_survey":0,"_uf_disable_surveys":false,"footnotes":""},"categories":[3,23,25],"tags":[96,109,97,44,76],"class_list":["post-5062","post","type-post","status-publish","format-standard","has-post-thumbnail","hentry","category-noticias","category-noticias-home","category-produccion-sostenible","tag-bioemprendimientos","tag-chakra","tag-emprendimientos","tag-proamazonia","tag-productos"],"aioseo_notices":[],"_links":{"self":[{"href":"https:\/\/www.proamazonia.org\/ppr\/wp-json\/wp\/v2\/posts\/5062","targetHints":{"allow":["GET"]}}],"collection":[{"href":"https:\/\/www.proamazonia.org\/ppr\/wp-json\/wp\/v2\/posts"}],"about":[{"href":"https:\/\/www.proamazonia.org\/ppr\/wp-json\/wp\/v2\/types\/post"}],"author":[{"embeddable":true,"href":"https:\/\/www.proamazonia.org\/ppr\/wp-json\/wp\/v2\/users\/2"}],"replies":[{"embeddable":true,"href":"https:\/\/www.proamazonia.org\/ppr\/wp-json\/wp\/v2\/comments?post=5062"}],"version-history":[{"count":9,"href":"https:\/\/www.proamazonia.org\/ppr\/wp-json\/wp\/v2\/posts\/5062\/revisions"}],"predecessor-version":[{"id":5251,"href":"https:\/\/www.proamazonia.org\/ppr\/wp-json\/wp\/v2\/posts\/5062\/revisions\/5251"}],"wp:featuredmedia":[{"embeddable":true,"href":"https:\/\/www.proamazonia.org\/ppr\/wp-json\/wp\/v2\/media\/5061"}],"wp:attachment":[{"href":"https:\/\/www.proamazonia.org\/ppr\/wp-json\/wp\/v2\/media?parent=5062"}],"wp:term":[{"taxonomy":"category","embeddable":true,"href":"https:\/\/www.proamazonia.org\/ppr\/wp-json\/wp\/v2\/categories?post=5062"},{"taxonomy":"post_tag","embeddable":true,"href":"https:\/\/www.proamazonia.org\/ppr\/wp-json\/wp\/v2\/tags?post=5062"}],"curies":[{"name":"wp","href":"https:\/\/api.w.org\/{rel}","templated":true}]}}