{"id":5066,"date":"2021-06-11T11:26:45","date_gmt":"2021-06-11T16:26:45","guid":{"rendered":"https:\/\/www.proamazonia.org\/?p=5066"},"modified":"2021-06-11T11:31:03","modified_gmt":"2021-06-11T16:31:03","slug":"actores-del-sector-ganadero-de-la-amazonia-ecuatoriana-aprenden-sobre-la-planificacion-de-fincas","status":"publish","type":"post","link":"https:\/\/www.proamazonia.org\/ppr\/actores-del-sector-ganadero-de-la-amazonia-ecuatoriana-aprenden-sobre-la-planificacion-de-fincas\/","title":{"rendered":"Actores del sector ganadero de la Amazon\u00eda ecuatoriana aprenden sobre la planificaci\u00f3n de fincas"},"content":{"rendered":"<p><\/p>\n<p style=\"text-align: center;\"><strong><em>Con esta metodolog\u00eda, los t\u00e9cnicos y promotores comunitarios capacitados promover\u00e1n la <\/em><em>intensificaci\u00f3n sostenible de la ganader\u00eda en la zona<\/em><\/strong><\/p>\n<hr \/>\n<p><strong>9 de junio de 2021.<\/strong> Seis t\u00e9cnicos y dieciocho promotores comunitarios de la Amazon\u00eda Ecuatoriana fortalecieron sus capacidades en el uso de la metodolog\u00eda de planificaci\u00f3n de fincas, una pr\u00e1ctica que permitir\u00e1 a los productores intensificar la producci\u00f3n en sus fincas ganaderas de una forma sostenible.<\/p>\n<p>La capacitaci\u00f3n se llev\u00f3 a cabo mediante un taller virtual, el pasado 26 de mayo, y fue dictado por el CATIE (Centro Agron\u00f3mico Tropical de Investigaci\u00f3n y Ense\u00f1anza); como parte las acciones que el Centro desarrolla para el programa PROAmazon\u00eda, una iniciativa implementada por el Ministerio del Ambiente, Agua y Transici\u00f3n Ecol\u00f3gica (MAAE) y el Ministerio de Agricultura y Ganader\u00eda (MAG), con apoyo del Programa de Naciones Unidas para el Desarrollo (PNUD), y el financiamiento del Fondo Verde para el Clima (GCF) y el Fondo Mundial para el Medio Ambiente (GEF).<\/p>\n<p><em>\u201cEl objetivo de este proceso de capacitaci\u00f3n es que <\/em><em>los t\u00e9cnicos y promotores comunitarios al aprender sobre la planificaci\u00f3n de fincas, repliquen los conocimientos adquiridos con los productores que integran las Escuelas de Campo de P<\/em><em>ROAmazon\u00eda, que en su primera convocatoria espera capacitar a 1.750 ganaderos. Esto como parte de los esfuerzos que se realizan para lograr una transici\u00f3n de sistemas ganaderos tradicionales hacia sistemas de producci\u00f3n sostenibles<\/em><em>\u201d,<\/em> se\u00f1al\u00f3 Santiago Garz\u00f3n, Coordinador Nacional de Escuelas de Campo.<\/p>\n<p>Durante el taller, los participantes conocieron los conceptos y pasos clave para el desarrollo de la metodolog\u00eda de planificaci\u00f3n de fincas, la cual consiste en identificar la situaci\u00f3n actual de la finca y establecer estrategias hacia su sostenibilidad, al mismo tiempo que se mejoran sus par\u00e1metros productivos.<\/p>\n<p><em>\u201cLas Escuelas de campo refuerzan el compromiso de para alcanzar una <\/em><em>producci\u00f3n ganadera de carne y leche sostenible y libre de deforestaci\u00f3n\u201d,<\/em> sostuvo Juan Franciso Bermeo, especialista de PROAmazon\u00eda. A trav\u00e9s de esta metodolog\u00eda, se fortalece la implementaci\u00f3n de buenas pr\u00e1cticas pecuarias y se entregar\u00e1 incentivos tributarios, financieros y no monetarios a productoras y productores.<\/p>\n<p><em>\u201cValoro mucho la sencillez y practicidad de la herramienta, yo creo que eso nos ayuda mucho, en cuatro horas podemos tener la planificaci\u00f3n de una finca con los productores, normalmente las metodolog\u00edas de este tipo nos llevan de dos a tres d\u00edas, lo cual puede ser muy desgastante para los productores\u201d,<\/em> coment\u00f3 Osmani L\u00f3pez, t\u00e9cnico del CATIE que trabaja en la provincia de Zamora Chinchipe.<\/p>\n<p>El proyecto PROAmazon\u00eda busca vincular los esfuerzos nacionales de reducci\u00f3n de emisiones de gases de efecto invernadero (GEI) por deforestaci\u00f3n con las agendas prioritarias de Ecuador y las pol\u00edticas de los sectores productivos, para as\u00ed disminuir las causas y los agentes de la deforestaci\u00f3n, as\u00ed como para promover un manejo sostenible e integrado de los recursos naturales, con enfoque de paisaje, en el marco del Plan de Acci\u00f3n REDD+ del Ecuador \u201cBosques para el Buen Vivir\u201d 2016-2025.<\/p>\n<p>&nbsp;<\/p>\n<p style=\"text-align: center;\"><img loading=\"lazy\" decoding=\"async\" class=\"alignnone wp-image-5052\" src=\"https:\/\/www.proamazonia.org\/wp-content\/uploads\/2021\/06\/4.Ganaderia.proamazonia.taller.ganadero.bosque-300x170.jpg\" alt=\"\" width=\"468\" height=\"265\" srcset=\"https:\/\/www.proamazonia.org\/ppr\/wp-content\/uploads\/2021\/06\/4.Ganaderia.proamazonia.taller.ganadero.bosque-300x170.jpg 300w, https:\/\/www.proamazonia.org\/ppr\/wp-content\/uploads\/2021\/06\/4.Ganaderia.proamazonia.taller.ganadero.bosque-1024x579.jpg 1024w, https:\/\/www.proamazonia.org\/ppr\/wp-content\/uploads\/2021\/06\/4.Ganaderia.proamazonia.taller.ganadero.bosque-768x434.jpg 768w, https:\/\/www.proamazonia.org\/ppr\/wp-content\/uploads\/2021\/06\/4.Ganaderia.proamazonia.taller.ganadero.bosque.jpg 1300w\" sizes=\"auto, (max-width: 468px) 100vw, 468px\" \/> \u00a0<img loading=\"lazy\" decoding=\"async\" class=\"alignnone wp-image-5051\" src=\"https:\/\/www.proamazonia.org\/wp-content\/uploads\/2021\/06\/5.Ganaderia.proamazonia.taller.ganadero.bosque-300x170.jpg\" alt=\"\" width=\"469\" height=\"266\" srcset=\"https:\/\/www.proamazonia.org\/ppr\/wp-content\/uploads\/2021\/06\/5.Ganaderia.proamazonia.taller.ganadero.bosque-300x170.jpg 300w, https:\/\/www.proamazonia.org\/ppr\/wp-content\/uploads\/2021\/06\/5.Ganaderia.proamazonia.taller.ganadero.bosque-768x434.jpg 768w, https:\/\/www.proamazonia.org\/ppr\/wp-content\/uploads\/2021\/06\/5.Ganaderia.proamazonia.taller.ganadero.bosque.jpg 1000w\" sizes=\"auto, (max-width: 469px) 100vw, 469px\" \/><\/p>\n<p style=\"text-align: center;\"><img loading=\"lazy\" decoding=\"async\" class=\"alignnone wp-image-5054\" src=\"https:\/\/www.proamazonia.org\/wp-content\/uploads\/2021\/06\/2.Ganaderia.proamazonia.taller.ganadero.bosque-300x170.jpg\" alt=\"\" width=\"427\" height=\"242\" srcset=\"https:\/\/www.proamazonia.org\/ppr\/wp-content\/uploads\/2021\/06\/2.Ganaderia.proamazonia.taller.ganadero.bosque-300x170.jpg 300w, https:\/\/www.proamazonia.org\/ppr\/wp-content\/uploads\/2021\/06\/2.Ganaderia.proamazonia.taller.ganadero.bosque-1024x579.jpg 1024w, https:\/\/www.proamazonia.org\/ppr\/wp-content\/uploads\/2021\/06\/2.Ganaderia.proamazonia.taller.ganadero.bosque-768x434.jpg 768w, https:\/\/www.proamazonia.org\/ppr\/wp-content\/uploads\/2021\/06\/2.Ganaderia.proamazonia.taller.ganadero.bosque.jpg 1300w\" sizes=\"auto, (max-width: 427px) 100vw, 427px\" \/> \u00a0<img loading=\"lazy\" decoding=\"async\" class=\"alignnone wp-image-5050\" src=\"https:\/\/www.proamazonia.org\/wp-content\/uploads\/2021\/06\/6.Ganaderia.proamazonia.taller.ganadero.bosque-300x170.jpg\" alt=\"\" width=\"429\" height=\"243\" srcset=\"https:\/\/www.proamazonia.org\/ppr\/wp-content\/uploads\/2021\/06\/6.Ganaderia.proamazonia.taller.ganadero.bosque-300x170.jpg 300w, https:\/\/www.proamazonia.org\/ppr\/wp-content\/uploads\/2021\/06\/6.Ganaderia.proamazonia.taller.ganadero.bosque-1024x579.jpg 1024w, https:\/\/www.proamazonia.org\/ppr\/wp-content\/uploads\/2021\/06\/6.Ganaderia.proamazonia.taller.ganadero.bosque-768x434.jpg 768w, https:\/\/www.proamazonia.org\/ppr\/wp-content\/uploads\/2021\/06\/6.Ganaderia.proamazonia.taller.ganadero.bosque-1000x563.jpg 1000w, https:\/\/www.proamazonia.org\/ppr\/wp-content\/uploads\/2021\/06\/6.Ganaderia.proamazonia.taller.ganadero.bosque.jpg 1300w\" sizes=\"auto, (max-width: 429px) 100vw, 429px\" \/><\/p>\n<p><strong>Mayor informaci\u00f3n:<\/strong><\/p>\n<p>Santiago Garz\u00f3n Proa\u00f1o<\/p>\n<p>Coordinador ECA\u2019s Ecuador<\/p>\n<p>Santiago.garzon@catie.ac.cr<\/p>\n<p><strong>\u00a0<\/strong><\/p>\n<p><strong>Redacci\u00f3n:<\/strong><\/p>\n<p>Karla Salazar Leiva<\/p>\n<p>Comunicadora<\/p>\n<p>Tecnolog\u00eda de Informaci\u00f3n y Comunicaci\u00f3n<\/p>\n<p>CATIE<\/p>\n<p><a href=\"mailto:karla.salazar@catie.ac.cr\">karla.salazar@catie.ac.cr<\/a><\/p>\n<p>&nbsp;<\/p>","protected":false},"excerpt":{"rendered":"<p>Con esta metodolog\u00eda, los t\u00e9cnicos y promotores comunitarios capacitados promover\u00e1n la intensificaci\u00f3n sostenible de la ganader\u00eda en la zona 9 de junio de 2021. Seis t\u00e9cnicos y dieciocho promotores comunitarios de la Amazon\u00eda Ecuatoriana fortalecieron sus capacidades en el uso de la metodolog\u00eda de planificaci\u00f3n de fincas, una pr\u00e1ctica que permitir\u00e1 a los productores intensificar la producci\u00f3n en sus fincas ganaderas de una forma sostenible. La capacitaci\u00f3n se llev\u00f3 a cabo mediante un taller virtual, el pasado 26 de mayo, y fue dictado por el CATIE (Centro Agron\u00f3mico Tropical de Investigaci\u00f3n y Ense\u00f1anza); como parte las acciones que el Centro desarrolla para el programa PROAmazon\u00eda, una iniciativa implementada por el Ministerio del Ambiente, Agua y Transici\u00f3n Ecol\u00f3gica (MAAE) y el Ministerio de Agricultura y Ganader\u00eda (MAG), con apoyo del Programa de Naciones Unidas para el Desarrollo (PNUD), y el financiamiento del Fondo Verde para el Clima (GCF) y el Fondo Mundial para el Medio Ambiente (GEF). \u201cEl objetivo de este proceso de capacitaci\u00f3n es que los t\u00e9cnicos y promotores comunitarios al aprender sobre la planificaci\u00f3n de fincas, repliquen los conocimientos adquiridos con los productores que integran las Escuelas de Campo de PROAmazon\u00eda, que en su primera convocatoria espera capacitar a [&hellip;]<\/p>\n","protected":false},"author":2,"featured_media":5055,"comment_status":"closed","ping_status":"closed","sticky":false,"template":"","format":"standard","meta":{"_uf_show_specific_survey":0,"_uf_disable_surveys":false,"footnotes":""},"categories":[28,3,23,25],"tags":[62,111,42,110,106,44],"class_list":["post-5066","post","type-post","status-publish","format-standard","has-post-thumbnail","hentry","category-ganaderia-sostenible","category-noticias","category-noticias-home","category-produccion-sostenible","tag-bosques","tag-campo","tag-ecuador","tag-ganaderia","tag-pro","tag-proamazonia"],"aioseo_notices":[],"_links":{"self":[{"href":"https:\/\/www.proamazonia.org\/ppr\/wp-json\/wp\/v2\/posts\/5066","targetHints":{"allow":["GET"]}}],"collection":[{"href":"https:\/\/www.proamazonia.org\/ppr\/wp-json\/wp\/v2\/posts"}],"about":[{"href":"https:\/\/www.proamazonia.org\/ppr\/wp-json\/wp\/v2\/types\/post"}],"author":[{"embeddable":true,"href":"https:\/\/www.proamazonia.org\/ppr\/wp-json\/wp\/v2\/users\/2"}],"replies":[{"embeddable":true,"href":"https:\/\/www.proamazonia.org\/ppr\/wp-json\/wp\/v2\/comments?post=5066"}],"version-history":[{"count":2,"href":"https:\/\/www.proamazonia.org\/ppr\/wp-json\/wp\/v2\/posts\/5066\/revisions"}],"predecessor-version":[{"id":5068,"href":"https:\/\/www.proamazonia.org\/ppr\/wp-json\/wp\/v2\/posts\/5066\/revisions\/5068"}],"wp:featuredmedia":[{"embeddable":true,"href":"https:\/\/www.proamazonia.org\/ppr\/wp-json\/wp\/v2\/media\/5055"}],"wp:attachment":[{"href":"https:\/\/www.proamazonia.org\/ppr\/wp-json\/wp\/v2\/media?parent=5066"}],"wp:term":[{"taxonomy":"category","embeddable":true,"href":"https:\/\/www.proamazonia.org\/ppr\/wp-json\/wp\/v2\/categories?post=5066"},{"taxonomy":"post_tag","embeddable":true,"href":"https:\/\/www.proamazonia.org\/ppr\/wp-json\/wp\/v2\/tags?post=5066"}],"curies":[{"name":"wp","href":"https:\/\/api.w.org\/{rel}","templated":true}]}}