{"id":5136,"date":"2021-06-30T18:41:15","date_gmt":"2021-06-30T23:41:15","guid":{"rendered":"https:\/\/www.proamazonia.org\/?p=5136"},"modified":"2021-07-07T08:33:30","modified_gmt":"2021-07-07T13:33:30","slug":"restauracion-como-mecanismo-para-la-reconciliacion-humana-y-ecosistemica-reserva-de-biosfera-del-bosque-seco-en-ecuador","status":"publish","type":"post","link":"https:\/\/www.proamazonia.org\/ppr\/restauracion-como-mecanismo-para-la-reconciliacion-humana-y-ecosistemica-reserva-de-biosfera-del-bosque-seco-en-ecuador\/","title":{"rendered":"Restauraci\u00f3n como mecanismo para la reconciliaci\u00f3n Humana y Ecosist\u00e9mica: Reserva de Bi\u00f3sfera del Bosque Seco en Ecuador"},"content":{"rendered":"<p>Los bosques estacionalmente secos son ecosistemas que poseen caracter\u00edsticas singulares. Las especies que habitan en estos bosques han desarrollado adaptaciones \u00fanicas que les permiten sobrevivir a sequ\u00edas prolongadas y a lluvias intensas en cortos periodos de tiempo. Adem\u00e1s, son \u00e1reas que han estado constantemente presionadas por intervenciones humanas, lo que los convierte en ecosistemas fr\u00e1giles y altamente sensibles<a href=\"#_ftn1\" name=\"_ftnref1\">[1]<\/a>. Mejor conocidos como \u2018bosques secos\u2019, estos ecosistemas son considerados de alta prioridad para la conservaci\u00f3n a nivel mundial; un 97% de estas zonas se encuentra en peligro de desaparecer. En Ecuador, los bosques secos de las provincias de Loja y El Oro, representan aproximadamente el 50% de lo que queda de este ecosistema en Ecuador y no m\u00e1s del 25% del Bosque Seco original<a href=\"#_ftn2\" name=\"_ftnref2\">[2]<\/a>.<\/p>\n<p>Como respuesta del Estado ante esta problem\u00e1tica, desde el 2015 el Ministerio del Ambiente, Agua y Transici\u00f3n Ecol\u00f3gica del Ecuador (MAATE) y desde 2018 a trav\u00e9s Programa Integral Amaz\u00f3nico de Conservaci\u00f3n de Bosques y Producci\u00f3n Sostenible (PROAmazon\u00eda)<a href=\"#_ftn3\" name=\"_ftnref3\">[3]<\/a>, liderado por el MAATE, el Ministerio de Agricultura (MAG), e implementado por el Programa de las Naciones Unidas para el Desarrollo (PNUD), promueven la restauraci\u00f3n ecosist\u00e9mica en la Reserva de Bi\u00f3sfera Bosque Seco y Transfronteriza Bosques de Paz Ecuador-Per\u00fa, junto a la Mancomunidad Bosque Seco<a href=\"#_ftn4\" name=\"_ftnref4\">[4]<\/a>.<\/p>\n<p>La restauraci\u00f3n ecosist\u00e9mica en la Reserva de Bi\u00f3sfera Bosque Seco es un proceso t\u00e9cnico, pol\u00edtico y social que responde a la necesidad de devolverle sus caracter\u00edsticas naturales y servicios ecosist\u00e9micos al \u00e1rea, y mejorar las condiciones de vida de sus poblaciones. Se promueve una modificaci\u00f3n positiva del espacio degradado para activar la capacidad de resiliencia y rehabilitaci\u00f3n de las condiciones ambientales de la zona.<\/p>\n<p>Esto se logra a trav\u00e9s del apoyo en la implementaci\u00f3n de pol\u00edticas p\u00fablicas locales que permitan la sostenibilidad, institucionalizaci\u00f3n y el involucramiento de todas y todos los actores, como mecanismo para recuperar y mantener los servicios ambientales en beneficio de sus poblaciones.<\/p>\n<p><em>\u201cCon este proyecto nos sentimos personas incluidas, consideradas, capaces de conservar y producir sin afectar al bosque y as\u00ed apoyar a nuestra familia\u201d<\/em>, dice Rita Gallegos, participante del proyecto restauraci\u00f3n en el cant\u00f3n Paltas.<\/p>\n<p>La Reserva de Bi\u00f3sfera Bosque Seco representa un ecosistema con 501.040 hect\u00e1reas en altitudes que van desde los 80 hasta los 3.100 msnm y donde se desarrollan, desde hace cuatro a\u00f1os, estos procesos de restauraci\u00f3n ecosist\u00e9mica que benefician a cerca de 300 personas y de manera indirecta a 106.016 habitantes de ocho cantones del sur del Ecuador.<\/p>\n<p>La socializaci\u00f3n y los compromisos con los propietarios de los predios son los mecanismos que viabilizan y legitiman la intervenci\u00f3n para la restauraci\u00f3n. T\u00e9cnicamente se delimitan los terrenos para la implementaci\u00f3n de las acciones de protecci\u00f3n como los cerramientos con cercos mixtos (60% vivos y 40% postes muertos).<\/p>\n<p>Otras acciones realizadas en conjunto con los propietarios incluyen: \u00a0la producci\u00f3n de plantas nativas en funci\u00f3n del piso altitudinal. En la parte baja (hasta 1200 msnm) especies como el Guayac\u00e1n (<em>Handroanthus chrysanthus, H. billbergii<\/em>), Amarillo (<em>Centrolobium ochroxylum<\/em>), Almendro (<em>Geoffroea spinosa<\/em>), Palo santo (<em>Bursera graveolens<\/em>), Barbasco (<em>Piscidia carthagenensis<\/em>), Ceibo (<em>Ceiba trischistandra<\/em>), y en la parte alta (superior a 1200 msnm) el Cedro (<em>Cedrela sp.<\/em>), Arabisco (<em>Jacaranda sp.<\/em>), Arupo (<em>Chionanthus pubescens<\/em>) y Guararo (<em>Lafoensia acuminata<\/em>) Producci\u00f3n \u00a0en viveros forestales municipales y la plantaci\u00f3n se realiza mediante campa\u00f1as y con mano de obra local. El mantenimiento de los cercos y de las plantaciones garantiza la efectividad de la restauraci\u00f3n y de los servicios ecosist\u00e9micos.<\/p>\n<p>Espec\u00edficamente son 2.422 hect\u00e1reas intervenidas bajo dos modalidades de restauraci\u00f3n (activa y pasiva) en 104 convenios, con 48 propietarios de predios, 12 p\u00fablicos y 36 privados (11 mujeres son due\u00f1as de predios) donde se identifican 41 vertientes naturales. El proceso de restauraci\u00f3n aborda y respeta en todo momento las salvaguardas ambientales y sociales como la complementariedad o compatibilidad con los objetivos de los programas forestales nacionales, solo se usan plantas nativas y de hecho, este proyecto aporta a las metas nacionales de reforestaci\u00f3n, el respeto de los conocimientos y los derechos de los miembros de las comunidades locales, y la participaci\u00f3n plena y efectiva de las partes interesadas; aporta con las metas establecidas por el Plan de Acci\u00f3n para la Reducci\u00f3n de Emisiones por Deforestaci\u00f3n y Degradaci\u00f3n de los bosques del Ecuador (PA REDD+ Bosques para el Buen Vivir 2016-2025)contribuye a los compromisos clim\u00e1ticos bajo la Convenci\u00f3n NDC, incorporando mecanismos de participaci\u00f3n e involucramiento de la sociedad civil como procesos de socializaci\u00f3n, acuerdos y planes de intervenci\u00f3n, producci\u00f3n de plantas nativas en viveros forestales municipales, protecci\u00f3n de los predios, entre otras acciones.<\/p>\n<p>Para la Mancomunidad Bosque Seco es fundamental el involucramiento de las mujeres en estos procesos, el personal de apoyo del proyecto tiene una alta sensibilidad y compromiso de trabajo con el enfoque de g\u00e9nero, valorando las capacidades y aptitudes de hombres y mujeres, incidiendo para que en el trabajo diario la participaci\u00f3n de las mujeres sea considerando como una oportunidad de empoderamiento y no como una carga m\u00e1s. Es por esto que en acciones de capacitaci\u00f3n y talleres hay una participaci\u00f3n del 41% de mujeres en relaci\u00f3n a los hombres.<\/p>\n<p>El trabajo conjunto arroja resultados prometedores; se evidencia la recuperaci\u00f3n de los servicios ecosist\u00e9micos, especialmente el de regulaci\u00f3n h\u00eddrica, que est\u00e1 siendo constantemente monitoreado en calidad y cantidad de agua mediante un muestreo de 12 vertientes.<\/p>\n<p>El objetivo es claro, no puede existir conservaci\u00f3n sin desarrollo humano sostenible. Por ello, la Mancomunidad Bosque Seco promueve diversas formas de producci\u00f3n asociativa y de gobernabilidad local, fomentando como resultado la conformaci\u00f3n de 13 emprendimientos de car\u00e1cter mancomunado<a href=\"#_edn1\" name=\"_ednref1\">[5]<\/a>. Cabe destacar que la participaci\u00f3n de las mujeres en estas actividades es del 47%, lo que favorece a la generaci\u00f3n de sus ingresos econ\u00f3micos y la econom\u00eda familiar. Varios de estos emprendimientos son apoyados por PROAmazon\u00eda, trabajando en: turismo sostenible, artesan\u00edas de fibra de cabuya, panela granulada, queso amasado, quesillo y suero, miel de abeja y meliponas, harinas de ma\u00edz, artesan\u00edas y muebles a base de bamb\u00fa y biotiendas.<\/p>\n<p>El modelo de gesti\u00f3n mancomunado, ha demostrado ser un mecanismo efectivo donde convergen la conservaci\u00f3n ecosist\u00e9mica y el desarrollo humano, y a la vez, promueve la implementaci\u00f3n de acciones y medidas para enfrentar la deforestaci\u00f3n y degradaci\u00f3n; a trav\u00e9s de la restauraci\u00f3n, buscando escalamiento y eficiencia t\u00e9cnica y financiera.<\/p>\n<p>Las acciones de restauraci\u00f3n en Ecuador representan un importante esfuerzo de la sociedad entre el programa de UN-REDD y el pa\u00eds. Ecuador se ha beneficiado del Programa Nacional de Restauraci\u00f3n y la asistencia t\u00e9cnica del Programa UN-REDD con quien trabaja desde el 2012. Este apoyo ha permitido la implementaci\u00f3n de la Estrategia Nacional REDD+ y que complete los requerimientos para recibir fondos REDD+ Pago Por Resultados (PPR) y continuar con acciones en pro de mitigar los efectos del Cambio Clim\u00e1tico.<\/p>\n<p><img loading=\"lazy\" decoding=\"async\" class=\"alignnone wp-image-5138 aligncenter\" src=\"https:\/\/www.proamazonia.org\/wp-content\/uploads\/2021\/06\/2.restauracion.ecosistema.proamazonia.ecuador.bosques-300x225.jpg\" alt=\"\" width=\"648\" height=\"504\" \/><\/p>\n<p style=\"text-align: center;\"><b><span style=\"font-size: 10.0pt; color: windowtext;\">Fotograf\u00eda:<\/span><\/b><span style=\"font-size: 10.0pt; color: windowtext;\"> Mancomunidad del Bosque Seco<br \/>\n<b><\/b><\/span><b><span style=\"font-size: 10.0pt; color: windowtext;\">Descripci\u00f3n:<\/span><\/b><span style=\"font-size: 10.0pt; color: windowtext;\"> La Mancomunidad Bosque Seco realiza procesos de restauraci\u00f3n en los cantones de C\u00e9lica,<br \/>\nPindal, Puyango, Zapotillo, Paltas y Macar\u00e1 al sur de Ecuador.<\/span><\/p>\n<p><img loading=\"lazy\" decoding=\"async\" class=\"alignnone wp-image-5139 aligncenter\" src=\"https:\/\/www.proamazonia.org\/wp-content\/uploads\/2021\/06\/3.restauracion.ecosistema.proamazonia.ecuador.bosques-300x225.jpg\" alt=\"\" width=\"657\" height=\"462\" \/><\/p>\n<p style=\"text-align: center;\"><b><span style=\"font-size: 10.0pt; color: windowtext;\">Fotograf\u00eda:<\/span><\/b><span style=\"font-size: 10.0pt; color: windowtext;\"> Mancomunidad del Bosque Seco<br \/>\n<b><\/b><\/span><b><span style=\"font-size: 10.0pt; color: windowtext;\">Descripci\u00f3n:<\/span><\/b><span style=\"font-size: 10.0pt; color: windowtext;\"> \u00c1rea en restauraci\u00f3n ecosist\u00e9mica en El Cargo, Macara, Ecuador.<\/span><\/p>\n<p><a href=\"#_ftnref1\" name=\"_ftn1\">[1]<\/a> Mu\u00f1oz, J.; D. Armijos-Ojeda y S. Erazo. (2019). Flora y fauna del Bosque Seco de la provincia de Loja, Ecuador. Ediloja. Ecuador. 107 pp.<\/p>\n<p><a href=\"#_ftnref2\" name=\"_ftn2\">[2]<\/a> Mu\u00f1oz, J.; D. Armijos-Ojeda y S. Erazo. (2019). Flora y fauna del Bosque Seco de la provincia de Loja, Ecuador. Ediloja. Ecuador. 107 pp.<\/p>\n<p><a href=\"#_ftnref3\" name=\"_ftn3\">[3]<\/a> El MAAE y MAG, con apoyo del PNUD, reciben asistencia financiera del Fondo para el Medio Ambiente Mundial (GEF) y del Fondo Verde para el Clima (GCF) e implementan acciones a trav\u00e9s de PROAmazon\u00eda, Programa Integral Amaz\u00f3nico de Conservaci\u00f3n de Bosques y Producci\u00f3n Sostenible. <a href=\"https:\/\/www.proamazonia.org\/\">https:\/\/www.proamazonia.org\/<\/a><\/p>\n<p><a href=\"#_ftnref4\" name=\"_ftn4\">[4]<\/a> La\u00a0Mancomunidad Bosque Seco\u00a0es una Asociaci\u00f3n de municipalidades del sur occidente de la provincia de Loja \u2013 Ecuador, abarca los cantones: Paltas, Celica, Pindal, Puyango, Zapotillo y Macar\u00e1.<\/p>\n<p><a href=\"#_ednref1\" name=\"_edn1\">[5]<\/a> \u00a0tr.\u00a0Unir\u00a0personas,\u00a0fuerzas\u00a0o\u00a0caudales\u00a0para\u00a0un\u00a0fin.\u00a0U. t. c. prnl.\u00a0tr.\u00a0Der.\u00a0Obligar\u00a0a\u00a0dos\u00a0o\u00a0m\u00e1s\u00a0personas\u00a0a\u00a0pagar\u00a0o\u00a0ejecutar\u00a0de\u00a0mancom\u00fan\u00a0algo,\u00a0entre\u00a0todas\u00a0y\u00a0por\u00a0partes. prnl.\u00a0Unirse,\u00a0asociarse,\u00a0obligarse\u00a0de\u00a0mancom\u00fan. <a href=\"https:\/\/dle.rae.es\/mancomunar\">https:\/\/dle.rae.es\/mancomunar<\/a><\/p>\n<p>&nbsp;<\/p>\n<p><strong>Autor:<\/strong> Vicente Sol\u00f3rzano \u2013 Coordinador T\u00e9cnico de la Mancomunidad Bosque Seco.<\/p>\n<p><strong>Revisi\u00f3n y contribuciones: <\/strong>PROAmazon\u00eda y PNUD Ecuador.<\/p>","protected":false},"excerpt":{"rendered":"<p>Los bosques estacionalmente secos son ecosistemas que poseen caracter\u00edsticas singulares. Las especies que habitan en estos bosques han desarrollado adaptaciones \u00fanicas que les permiten sobrevivir a sequ\u00edas prolongadas y a lluvias intensas en cortos periodos de tiempo. Adem\u00e1s, son \u00e1reas que han estado constantemente presionadas por intervenciones humanas, lo que los convierte en ecosistemas fr\u00e1giles y altamente sensibles[1]. Mejor conocidos como \u2018bosques secos\u2019, estos ecosistemas son considerados de alta prioridad para la conservaci\u00f3n a nivel mundial; un 97% de estas zonas se encuentra en peligro de desaparecer. En Ecuador, los bosques secos de las provincias de Loja y El Oro, representan aproximadamente el 50% de lo que queda de este ecosistema en Ecuador y no m\u00e1s del 25% del Bosque Seco original[2]. Como respuesta del Estado ante esta problem\u00e1tica, desde el 2015 el Ministerio del Ambiente, Agua y Transici\u00f3n Ecol\u00f3gica del Ecuador (MAATE) y desde 2018 a trav\u00e9s Programa Integral Amaz\u00f3nico de Conservaci\u00f3n de Bosques y Producci\u00f3n Sostenible (PROAmazon\u00eda)[3], liderado por el MAATE, el Ministerio de Agricultura (MAG), e implementado por el Programa de las Naciones Unidas para el Desarrollo (PNUD), promueven la restauraci\u00f3n ecosist\u00e9mica en la Reserva de Bi\u00f3sfera Bosque Seco y Transfronteriza Bosques de Paz Ecuador-Per\u00fa, junto a [&hellip;]<\/p>\n","protected":false},"author":2,"featured_media":5137,"comment_status":"closed","ping_status":"closed","sticky":false,"template":"","format":"standard","meta":{"_uf_show_specific_survey":0,"_uf_disable_surveys":false,"footnotes":""},"categories":[3,23,31],"tags":[117,42,118,44,119],"class_list":["post-5136","post","type-post","status-publish","format-standard","has-post-thumbnail","hentry","category-noticias","category-noticias-home","category-restauracion","tag-bosque","tag-ecuador","tag-forestal","tag-proamazonia","tag-talleres"],"aioseo_notices":[],"_links":{"self":[{"href":"https:\/\/www.proamazonia.org\/ppr\/wp-json\/wp\/v2\/posts\/5136","targetHints":{"allow":["GET"]}}],"collection":[{"href":"https:\/\/www.proamazonia.org\/ppr\/wp-json\/wp\/v2\/posts"}],"about":[{"href":"https:\/\/www.proamazonia.org\/ppr\/wp-json\/wp\/v2\/types\/post"}],"author":[{"embeddable":true,"href":"https:\/\/www.proamazonia.org\/ppr\/wp-json\/wp\/v2\/users\/2"}],"replies":[{"embeddable":true,"href":"https:\/\/www.proamazonia.org\/ppr\/wp-json\/wp\/v2\/comments?post=5136"}],"version-history":[{"count":5,"href":"https:\/\/www.proamazonia.org\/ppr\/wp-json\/wp\/v2\/posts\/5136\/revisions"}],"predecessor-version":[{"id":5263,"href":"https:\/\/www.proamazonia.org\/ppr\/wp-json\/wp\/v2\/posts\/5136\/revisions\/5263"}],"wp:featuredmedia":[{"embeddable":true,"href":"https:\/\/www.proamazonia.org\/ppr\/wp-json\/wp\/v2\/media\/5137"}],"wp:attachment":[{"href":"https:\/\/www.proamazonia.org\/ppr\/wp-json\/wp\/v2\/media?parent=5136"}],"wp:term":[{"taxonomy":"category","embeddable":true,"href":"https:\/\/www.proamazonia.org\/ppr\/wp-json\/wp\/v2\/categories?post=5136"},{"taxonomy":"post_tag","embeddable":true,"href":"https:\/\/www.proamazonia.org\/ppr\/wp-json\/wp\/v2\/tags?post=5136"}],"curies":[{"name":"wp","href":"https:\/\/api.w.org\/{rel}","templated":true}]}}