{"id":5145,"date":"2021-06-30T20:05:29","date_gmt":"2021-07-01T01:05:29","guid":{"rendered":"https:\/\/www.proamazonia.org\/?p=5145"},"modified":"2021-07-07T08:31:43","modified_gmt":"2021-07-07T13:31:43","slug":"inicia-proceso-de-fortalecimiento-de-capacidades-en-monitoreo-comunitario","status":"publish","type":"post","link":"https:\/\/www.proamazonia.org\/ppr\/inicia-proceso-de-fortalecimiento-de-capacidades-en-monitoreo-comunitario\/","title":{"rendered":"Fortalecimiento de capacidades en \u00e1reas de Monitoreo Comunitario"},"content":{"rendered":"<p>El Ministerio del Ambiente, Agua y Transici\u00f3n Ecol\u00f3gica, con la asistencia t\u00e9cnica de la Organizaci\u00f3n de las Naciones Unidas para la Alimentaci\u00f3n y la Agricultura \u2013 FAO, en el marco del Programa Integral Amaz\u00f3nico de Conservaci\u00f3n de Bosques y Producci\u00f3n Sostenible \u2013 PROAmazon\u00eda implementa el Sistema Nacional de Monitoreo Comunitario.<\/p>\n<p>El sistema permite la gesti\u00f3n de la informaci\u00f3n sobre los bosques y fomenta la toma de decisiones relacionadas con la conservaci\u00f3n y manejo de sus recursos naturales, robusteciendo la gobernanza forestal del Ecuador, reconociendo la contribuci\u00f3n de los bosques al bienestar humano y ambiental, y, asegurando los medios de subsistencia de sus comunidades.<\/p>\n<p>El dise\u00f1o y ejecuci\u00f3n del Sistema Nacional de Monitoreo Comunitario se desarrolla en cuatro fases: 1) Dise\u00f1o metodol\u00f3gico y de procesos, 2) Fortalecimiento de capacidades, 3) Implementaci\u00f3n de actividades y, 4) Evaluaci\u00f3n y retroalimentaci\u00f3n al modelo.<\/p>\n<p>Este proceso permitir\u00e1 que los actores locales conozcan los modelos participativos de monitoreo de los recursos naturales, a trav\u00e9s del desarrollo de metodolog\u00edas y herramientas para la generaci\u00f3n de informaci\u00f3n que oriente la toma de decisiones para la conservaci\u00f3n y buen manejo asociados al bosque.<\/p>\n<p>El desarrollo de capacidades promueve la participaci\u00f3n de comunidades y actores locales, como una estrategia que potencie la gobernanza territorial, enmarcada dentro del Sistema de Monitoreo Comunitario. Bajo una coordinaci\u00f3n interinstitucional, FAO-PROAmazon\u00eda iniciar\u00e1 el proceso de fortalecimiento de capacidades sobre monitoreo comunitario dirigido a comunidades, t\u00e9cnicos del Ministerio de Ambiente, Agua y Transici\u00f3n Ecol\u00f3gica (MAATE), Ministerio de Agricultura y Ganader\u00eda (MAG), Gobiernos Aut\u00f3nomos Descentralizados (GADs), PROAmazon\u00eda y la Confederaci\u00f3n de Nacionalidades Ind\u00edgenas de la Amazon\u00eda Ecuatoriana (CONFENIAE).<\/p>\n<p>Para la implementaci\u00f3n del plan de capacitaci\u00f3n de monitoreo comunitario se ha considerado 2 modalidades. La primera ser\u00e1 virtual, a trav\u00e9s de webinars que inician el 7 de julio del 2021, con la participaci\u00f3n de expertos nacionales e internacionales que compartir\u00e1n diversas experiencias de monitoreo comunitario, control y vigilancia, monitoreo forestal, monitoreo de productos forestales no maderables y otras herramientas tecnol\u00f3gicas para el monitoreo comunitario.<\/p>\n<p>La segunda se desarrollar\u00e1 de manera presencial, y sobre los temas impartidos se capacitar\u00e1 a 8 comunidades que han sido seleccionadas como parte de un ejercicio piloto. Estas se encuentran ubicadas en las provincias de Sucumb\u00edos, Orellana, Morona Santiago y Zamora Chinchipe.<\/p>\n<p>La materializaci\u00f3n de este trabajo se logra gracias al convenio de cooperaci\u00f3n acad\u00e9mica que la FAO firm\u00f3 con la Universidad Nacional de Loja (UNL), mediante el cual se otorga el aval acad\u00e9mico para la certificaci\u00f3n de los asistentes que aprueben la capacitaci\u00f3n en ambas modalidades.<\/p>\n<p>&nbsp;<\/p>\n<p><img loading=\"lazy\" decoding=\"async\" class=\"alignnone wp-image-5146 aligncenter\" src=\"https:\/\/www.proamazonia.org\/wp-content\/uploads\/2021\/06\/3.monitoreo.comunitario.amazonia.bosques-300x169.jpg\" alt=\"\" width=\"677\" height=\"376\" \/><\/p>\n<p style=\"text-align: center;\"><b><span style=\"font-size: 10.0pt; color: windowtext;\">Fotograf\u00eda:<\/span><\/b><span style=\"font-size: 10.0pt; color: windowtext;\"> Ximena Checa, Proyecto Socio Bosque-PROAmazon\u00eda<br \/>\n<b><\/b><\/span><b><span style=\"font-size: 10.0pt; color: windowtext;\">Descripci\u00f3n:<\/span><\/b><span style=\"font-size: 10.0pt; color: windowtext;\"> Socializaci\u00f3n en Itaya, provincia de Sucumb\u00edos.<\/span><\/p>\n<p style=\"text-align: center;\"><img loading=\"lazy\" decoding=\"async\" class=\"alignnone wp-image-5148\" src=\"https:\/\/www.proamazonia.org\/wp-content\/uploads\/2021\/06\/5.monitoreo.comunitario.amazonia.bosques-300x169.jpg\" alt=\"\" width=\"432\" height=\"250\" \/> \u00a0<img loading=\"lazy\" decoding=\"async\" class=\"alignnone wp-image-5147\" src=\"https:\/\/www.proamazonia.org\/wp-content\/uploads\/2021\/06\/4.monitoreo.comunitario.amazonia.bosques-300x169.jpg\" alt=\"\" width=\"435\" height=\"238\" \/><\/p>\n<p style=\"text-align: center;\"><b><span style=\"font-size: 10.0pt; color: windowtext;\">Fotograf\u00edas:<\/span><\/b><span style=\"font-size: 10.0pt; color: windowtext;\"> Iv\u00e1n Aguilar, Proyecto Socio Bosque-PROAmazon\u00eda<br \/>\n<b><\/b><\/span><b><span style=\"font-size: 10.0pt; color: windowtext;\">Descripci\u00f3n:<\/span><\/b><span style=\"font-size: 10.0pt; color: windowtext;\"> Socializaci\u00f3n<\/span><\/p>\n<p>&nbsp;<\/p>\n<p style=\"text-align: center;\">\u00a0 <img loading=\"lazy\" decoding=\"async\" class=\"alignnone wp-image-5144\" src=\"https:\/\/www.proamazonia.org\/wp-content\/uploads\/2021\/06\/2.monitoreo.comunitario.amazonia.bosques-300x169.jpg\" alt=\"\" width=\"449\" height=\"250\" \/> <img loading=\"lazy\" decoding=\"async\" class=\"alignnone wp-image-5149\" src=\"https:\/\/www.proamazonia.org\/wp-content\/uploads\/2021\/06\/6.monitoreo.comunitario.amazonia.bosques-300x169.jpg\" alt=\"\" width=\"446\" height=\"248\" \/><\/p>\n<p style=\"text-align: center;\"><b><span style=\"font-size: 10.0pt; color: windowtext;\">Fotograf\u00edas:<\/span><\/b><span style=\"font-size: 10.0pt; color: windowtext;\"> Cortes\u00eda FAO \u2013 Fecha: 28\/10\/2020<br \/>\n<b><\/b><\/span><b><span style=\"font-size: 10.0pt; color: windowtext;\">Descripci\u00f3n:<\/span><\/b><span style=\"font-size: 10.0pt; color: windowtext;\"> Webinar virtual sobre monitoreo comunitario<\/span><\/p>\n<p>&nbsp;<\/p>\n<p><strong>Autoras:<\/strong><\/p>\n<ul>\n<li>Mar\u00eda Clara Eguiguren &#8211; <strong>T\u00e9cnica en Fortalecimiento de Capacidades y Comunicaci\u00f3n | FAO &#8211; PROAmazon\u00eda<\/strong><\/li>\n<li>M\u00f3nica Ort\u00edz <strong>| FAO &#8211; PROAmazon\u00eda<\/strong><\/li>\n<\/ul>\n<p><\/p>","protected":false},"excerpt":{"rendered":"<p>El Ministerio del Ambiente, Agua y Transici\u00f3n Ecol\u00f3gica, con la asistencia t\u00e9cnica de la Organizaci\u00f3n de las Naciones Unidas para la Alimentaci\u00f3n y la Agricultura \u2013 FAO, en el marco del Programa Integral Amaz\u00f3nico de Conservaci\u00f3n de Bosques y Producci\u00f3n Sostenible \u2013 PROAmazon\u00eda implementa el Sistema Nacional de Monitoreo Comunitario. El sistema permite la gesti\u00f3n de la informaci\u00f3n sobre los bosques y fomenta la toma de decisiones relacionadas con la conservaci\u00f3n y manejo de sus recursos naturales, robusteciendo la gobernanza forestal del Ecuador, reconociendo la contribuci\u00f3n de los bosques al bienestar humano y ambiental, y, asegurando los medios de subsistencia de sus comunidades. El dise\u00f1o y ejecuci\u00f3n del Sistema Nacional de Monitoreo Comunitario se desarrolla en cuatro fases: 1) Dise\u00f1o metodol\u00f3gico y de procesos, 2) Fortalecimiento de capacidades, 3) Implementaci\u00f3n de actividades y, 4) Evaluaci\u00f3n y retroalimentaci\u00f3n al modelo. Este proceso permitir\u00e1 que los actores locales conozcan los modelos participativos de monitoreo de los recursos naturales, a trav\u00e9s del desarrollo de metodolog\u00edas y herramientas para la generaci\u00f3n de informaci\u00f3n que oriente la toma de decisiones para la conservaci\u00f3n y buen manejo asociados al bosque. El desarrollo de capacidades promueve la participaci\u00f3n de comunidades y actores locales, como una estrategia que [&hellip;]<\/p>\n","protected":false},"author":2,"featured_media":5220,"comment_status":"closed","ping_status":"closed","sticky":false,"template":"","format":"standard","meta":{"_uf_show_specific_survey":0,"_uf_disable_surveys":false,"footnotes":""},"categories":[3,23,31],"tags":[121,44,120],"class_list":["post-5145","post","type-post","status-publish","format-standard","has-post-thumbnail","hentry","category-noticias","category-noticias-home","category-restauracion","tag-comunidad","tag-proamazonia","tag-territorio"],"aioseo_notices":[],"_links":{"self":[{"href":"https:\/\/www.proamazonia.org\/ppr\/wp-json\/wp\/v2\/posts\/5145","targetHints":{"allow":["GET"]}}],"collection":[{"href":"https:\/\/www.proamazonia.org\/ppr\/wp-json\/wp\/v2\/posts"}],"about":[{"href":"https:\/\/www.proamazonia.org\/ppr\/wp-json\/wp\/v2\/types\/post"}],"author":[{"embeddable":true,"href":"https:\/\/www.proamazonia.org\/ppr\/wp-json\/wp\/v2\/users\/2"}],"replies":[{"embeddable":true,"href":"https:\/\/www.proamazonia.org\/ppr\/wp-json\/wp\/v2\/comments?post=5145"}],"version-history":[{"count":5,"href":"https:\/\/www.proamazonia.org\/ppr\/wp-json\/wp\/v2\/posts\/5145\/revisions"}],"predecessor-version":[{"id":5262,"href":"https:\/\/www.proamazonia.org\/ppr\/wp-json\/wp\/v2\/posts\/5145\/revisions\/5262"}],"wp:featuredmedia":[{"embeddable":true,"href":"https:\/\/www.proamazonia.org\/ppr\/wp-json\/wp\/v2\/media\/5220"}],"wp:attachment":[{"href":"https:\/\/www.proamazonia.org\/ppr\/wp-json\/wp\/v2\/media?parent=5145"}],"wp:term":[{"taxonomy":"category","embeddable":true,"href":"https:\/\/www.proamazonia.org\/ppr\/wp-json\/wp\/v2\/categories?post=5145"},{"taxonomy":"post_tag","embeddable":true,"href":"https:\/\/www.proamazonia.org\/ppr\/wp-json\/wp\/v2\/tags?post=5145"}],"curies":[{"name":"wp","href":"https:\/\/api.w.org\/{rel}","templated":true}]}}