{"id":5152,"date":"2021-07-01T09:42:59","date_gmt":"2021-07-01T14:42:59","guid":{"rendered":"https:\/\/www.proamazonia.org\/?p=5152"},"modified":"2021-07-07T08:29:47","modified_gmt":"2021-07-07T13:29:47","slug":"carbono-neutralidad-una-estrategia-de-participacion-e-involucramiento-de-todos","status":"publish","type":"post","link":"https:\/\/www.proamazonia.org\/ppr\/carbono-neutralidad-una-estrategia-de-participacion-e-involucramiento-de-todos\/","title":{"rendered":"Carbono Neutralidad: una estrategia amigable con el ambiente"},"content":{"rendered":"<p>El pr\u00f3ximo diciembre, el planeta se prepara para celebrar el sexto aniversario del Acuerdo de Par\u00eds sobre Cambio Clim\u00e1tico, estrategia que se adopta para revertir el incremento de la temperatura global por debajo de los 2 grados cent\u00edgrados y acrecentar la capacidad de respuesta de los pa\u00edses que suscriben el dicho acuerdo ante los efectos adversos del cambio clim\u00e1tico. La neutralidad de carbono, surge como un compromiso real para atacar la presente crisis clim\u00e1tica.<\/p>\n<p>En este sentido, involucrar nuevas formas de financiamiento para la implementaci\u00f3n de modelos productivos eficientes bajos en emisiones de Gases de Efecto Invernadero (GEI), es clave. Por tal motivo, el involucramiento de sectores productivos tanto a nivel p\u00fablico como\u00a0 privado, es visto como una alternativa para generar recursos financieros necesarios para adoptar practicas diferentes, que garanticen una producci\u00f3n con visi\u00f3n de sostenibilidad social, econ\u00f3mica y principalmente ambiental.<\/p>\n<p>El 6 de mayo de 2021, Ecuador expidi\u00f3 el Acuerdo Ministerial 018, que tiene por objeto la creaci\u00f3n del Programa Ecuador Carbono Cero, con lo cual, el pa\u00eds se suma a iniciativas regionales e internacionales que buscan promover la implementaci\u00f3n de acciones que aportan en alcanzar un desarrollo sostenible por medio de la neutralidad del carbono.<\/p>\n<p style=\"text-align: center;\"><img loading=\"lazy\" decoding=\"async\" class=\"alignnone wp-image-5156\" src=\"https:\/\/www.proamazonia.org\/wp-content\/uploads\/2021\/07\/4.programa.carbono.cero_.ecuador.proamazonia.bosques.conservacion-300x206.jpg\" alt=\"\" width=\"444\" height=\"304\" srcset=\"https:\/\/www.proamazonia.org\/ppr\/wp-content\/uploads\/2021\/07\/4.programa.carbono.cero_.ecuador.proamazonia.bosques.conservacion-300x206.jpg 300w, https:\/\/www.proamazonia.org\/ppr\/wp-content\/uploads\/2021\/07\/4.programa.carbono.cero_.ecuador.proamazonia.bosques.conservacion-768x527.jpg 768w, https:\/\/www.proamazonia.org\/ppr\/wp-content\/uploads\/2021\/07\/4.programa.carbono.cero_.ecuador.proamazonia.bosques.conservacion-1000x687.jpg 1000w, https:\/\/www.proamazonia.org\/ppr\/wp-content\/uploads\/2021\/07\/4.programa.carbono.cero_.ecuador.proamazonia.bosques.conservacion.jpg 1002w\" sizes=\"auto, (max-width: 444px) 100vw, 444px\" \/> \u00a0<img loading=\"lazy\" decoding=\"async\" class=\"alignnone wp-image-5155\" src=\"https:\/\/www.proamazonia.org\/wp-content\/uploads\/2021\/07\/3.programa.carbono.cero_.ecuador.proamazonia.bosques.conservacion-300x161.jpg\" alt=\"\" width=\"567\" height=\"304\" srcset=\"https:\/\/www.proamazonia.org\/ppr\/wp-content\/uploads\/2021\/07\/3.programa.carbono.cero_.ecuador.proamazonia.bosques.conservacion-300x161.jpg 300w, https:\/\/www.proamazonia.org\/ppr\/wp-content\/uploads\/2021\/07\/3.programa.carbono.cero_.ecuador.proamazonia.bosques.conservacion-1024x550.jpg 1024w, https:\/\/www.proamazonia.org\/ppr\/wp-content\/uploads\/2021\/07\/3.programa.carbono.cero_.ecuador.proamazonia.bosques.conservacion-768x412.jpg 768w, https:\/\/www.proamazonia.org\/ppr\/wp-content\/uploads\/2021\/07\/3.programa.carbono.cero_.ecuador.proamazonia.bosques.conservacion.jpg 1280w\" sizes=\"auto, (max-width: 567px) 100vw, 567px\" \/><\/p>\n<p style=\"text-align: center;\"><b><span style=\"font-size: 10.0pt; color: windowtext;\">Fotograf\u00edas:<\/span><\/b><span style=\"font-size: 10.0pt; color: windowtext;\"> PROAmazon\u00eda<br \/>\n<b><\/b><\/span><b><span style=\"font-size: 10.0pt; color: windowtext;\">Descripci\u00f3n:<\/span><\/b><span style=\"font-size: 10.0pt; color: windowtext;\"> Lanzamiento oficial del Programa Ecuador Carbono Cero y firma del Acuerdo Ministerial Nro. MAAE-2021-018 Carbono Cero<\/span><\/p>\n<p>Este instrumento, propone compensar emisiones mediante la retribuci\u00f3n a trav\u00e9s de iniciativas de compensaci\u00f3n, que permitan reducci\u00f3n y\/o remoci\u00f3n de los GEI de la atm\u00f3sfera que no han podido ser reducidos por esfuerzos propios.<\/p>\n<p>Dicha compensaci\u00f3n de emisiones se podr\u00e1 efectuar gracias a un esquema retributivo, en beneficio de diferentes iniciativas de conservaci\u00f3n y\/o restauraci\u00f3n de ecosistemas, o participar de otras iniciativas establecidas por la Autoridad Ambiental Nacional dentro del territorio ecuatoriano, dichas iniciativas pueden ser de car\u00e1cter: p\u00fablico; privado; comunitario; mixto, o de la Econom\u00eda Popular y Solidaria, que cuenten con Unidades de Compensaci\u00f3n de Emisiones (UCEs), registradas ante el Ministerio del Ambiente, Agua y Transici\u00f3n Ecol\u00f3gica y que se encuentren validadas y\/o verificadas por un Organismo Evaluador de la Conformidad debidamente acreditado.<\/p>\n<p>&nbsp;<\/p>\n<p><img loading=\"lazy\" decoding=\"async\" class=\"alignnone wp-image-5159 aligncenter\" src=\"https:\/\/www.proamazonia.org\/wp-content\/uploads\/2021\/07\/5.programa.carbono.cero_.ecuador.proamazonia.bosques.conservacion-300x158.jpg\" alt=\"\" width=\"761\" height=\"401\" srcset=\"https:\/\/www.proamazonia.org\/ppr\/wp-content\/uploads\/2021\/07\/5.programa.carbono.cero_.ecuador.proamazonia.bosques.conservacion-300x158.jpg 300w, https:\/\/www.proamazonia.org\/ppr\/wp-content\/uploads\/2021\/07\/5.programa.carbono.cero_.ecuador.proamazonia.bosques.conservacion-1024x541.jpg 1024w, https:\/\/www.proamazonia.org\/ppr\/wp-content\/uploads\/2021\/07\/5.programa.carbono.cero_.ecuador.proamazonia.bosques.conservacion-768x406.jpg 768w, https:\/\/www.proamazonia.org\/ppr\/wp-content\/uploads\/2021\/07\/5.programa.carbono.cero_.ecuador.proamazonia.bosques.conservacion.jpg 1534w\" sizes=\"auto, (max-width: 761px) 100vw, 761px\" \/><\/p>\n<p style=\"text-align: center;\"><b><span style=\"font-size: 10.0pt; color: windowtext;\">Imagen:<\/span><\/b><span style=\"font-size: 10.0pt; color: windowtext;\"> PROAmazon\u00eda<br \/>\n<b><\/b><\/span><b><span style=\"font-size: 10.0pt; color: windowtext;\">Descripci\u00f3n:<\/span><\/b><span style=\"font-size: 10.0pt; color: windowtext;\"> Niveles de aplicaci\u00f3n para las iniciativas en el marco del Programa Ecuador Carbono Cero. <\/span><\/p>\n<p><em>Todo esquema de compensaci\u00f3n que funcione en el pa\u00eds deber\u00e1 cumplir con los requisitos establecidos por la Autoridad Ambiental Nacional.<\/em><\/p>\n<p>Con lo dicho anteriormente, Ecuador ha generado insumos basados en un s\u00f3lido trabajo t\u00e9cnico para el buen funcionamiento del Programa, bajo un enfoque de\u00a0 principios como la pertinencia, integridad, coherencia, transparencia, exactitud, medici\u00f3n, reporte, y verificaci\u00f3n.<\/p>\n<p>Iniciativas como estas constituyen un reto para los pa\u00edses que lo proponen, la construcci\u00f3n de una mirada compartida y de aceptaci\u00f3n a las diferencias que pudieran existir entre los sectores, har\u00e1 que el presente mecanismo se vaya incorporando a la visi\u00f3n de desarrollo a nivel nacional, con el objetivo de aportar al cumplimiento de metas nacionales y compromisos internacionales.<\/p>\n<p style=\"text-align: center;\">Acuerdo Ministerial Nro. MAAE-2021-018 Carbono Cero: <a href=\"https:\/\/www.ambiente.gob.ec\/biblioteca\/\">https:\/\/www.ambiente.gob.ec\/biblioteca\/<\/a><\/p>\n<p style=\"text-align: center;\"><strong>Te invitamos a conocer m\u00e1s sobre el Programa Ecuador Carbono Cero en este video:<\/strong><\/p>\n<p style=\"text-align: center;\"><iframe loading=\"lazy\" title=\"YouTube video player\" src=\"https:\/\/www.youtube.com\/embed\/thnYToqMH24\" width=\"720\" height=\"480\" frameborder=\"0\" allowfullscreen=\"allowfullscreen\"><span data-mce-type=\"bookmark\" style=\"display: inline-block; width: 0px; overflow: hidden; line-height: 0;\" class=\"mce_SELRES_start\">\ufeff<\/span><span data-mce-type=\"bookmark\" style=\"display: inline-block; width: 0px; overflow: hidden; line-height: 0;\" class=\"mce_SELRES_start\">\ufeff<\/span><\/iframe><\/p>\n<p>&nbsp;<\/p>\n<p><strong>Autor:<\/strong> Francisco Moscoso &#8211; Especialista T\u00e9cnico en Monitoreo y Seguimiento de Medidas y Acciones REDD+ &#8211; PROAmazon\u00eda<\/p>","protected":false},"excerpt":{"rendered":"<p>El pr\u00f3ximo diciembre, el planeta se prepara para celebrar el sexto aniversario del Acuerdo de Par\u00eds sobre Cambio Clim\u00e1tico, estrategia que se adopta para revertir el incremento de la temperatura global por debajo de los 2 grados cent\u00edgrados y acrecentar la capacidad de respuesta de los pa\u00edses que suscriben el dicho acuerdo ante los efectos adversos del cambio clim\u00e1tico. La neutralidad de carbono, surge como un compromiso real para atacar la presente crisis clim\u00e1tica. En este sentido, involucrar nuevas formas de financiamiento para la implementaci\u00f3n de modelos productivos eficientes bajos en emisiones de Gases de Efecto Invernadero (GEI), es clave. Por tal motivo, el involucramiento de sectores productivos tanto a nivel p\u00fablico como\u00a0 privado, es visto como una alternativa para generar recursos financieros necesarios para adoptar practicas diferentes, que garanticen una producci\u00f3n con visi\u00f3n de sostenibilidad social, econ\u00f3mica y principalmente ambiental. El 6 de mayo de 2021, Ecuador expidi\u00f3 el Acuerdo Ministerial 018, que tiene por objeto la creaci\u00f3n del Programa Ecuador Carbono Cero, con lo cual, el pa\u00eds se suma a iniciativas regionales e internacionales que buscan promover la implementaci\u00f3n de acciones que aportan en alcanzar un desarrollo sostenible por medio de la neutralidad del carbono. \u00a0 Fotograf\u00edas: PROAmazon\u00eda [&hellip;]<\/p>\n","protected":false},"author":2,"featured_media":5153,"comment_status":"closed","ping_status":"closed","sticky":false,"template":"","format":"standard","meta":{"_uf_show_specific_survey":0,"_uf_disable_surveys":false,"footnotes":""},"categories":[3,23,31],"tags":[117,122,58,44,123,124],"class_list":["post-5152","post","type-post","status-publish","format-standard","has-post-thumbnail","hentry","category-noticias","category-noticias-home","category-restauracion","tag-bosque","tag-carbono","tag-conservacion","tag-proamazonia","tag-punto","tag-verde"],"aioseo_notices":[],"_links":{"self":[{"href":"https:\/\/www.proamazonia.org\/ppr\/wp-json\/wp\/v2\/posts\/5152","targetHints":{"allow":["GET"]}}],"collection":[{"href":"https:\/\/www.proamazonia.org\/ppr\/wp-json\/wp\/v2\/posts"}],"about":[{"href":"https:\/\/www.proamazonia.org\/ppr\/wp-json\/wp\/v2\/types\/post"}],"author":[{"embeddable":true,"href":"https:\/\/www.proamazonia.org\/ppr\/wp-json\/wp\/v2\/users\/2"}],"replies":[{"embeddable":true,"href":"https:\/\/www.proamazonia.org\/ppr\/wp-json\/wp\/v2\/comments?post=5152"}],"version-history":[{"count":8,"href":"https:\/\/www.proamazonia.org\/ppr\/wp-json\/wp\/v2\/posts\/5152\/revisions"}],"predecessor-version":[{"id":5261,"href":"https:\/\/www.proamazonia.org\/ppr\/wp-json\/wp\/v2\/posts\/5152\/revisions\/5261"}],"wp:featuredmedia":[{"embeddable":true,"href":"https:\/\/www.proamazonia.org\/ppr\/wp-json\/wp\/v2\/media\/5153"}],"wp:attachment":[{"href":"https:\/\/www.proamazonia.org\/ppr\/wp-json\/wp\/v2\/media?parent=5152"}],"wp:term":[{"taxonomy":"category","embeddable":true,"href":"https:\/\/www.proamazonia.org\/ppr\/wp-json\/wp\/v2\/categories?post=5152"},{"taxonomy":"post_tag","embeddable":true,"href":"https:\/\/www.proamazonia.org\/ppr\/wp-json\/wp\/v2\/tags?post=5152"}],"curies":[{"name":"wp","href":"https:\/\/api.w.org\/{rel}","templated":true}]}}