{"id":5167,"date":"2021-07-01T09:58:52","date_gmt":"2021-07-01T14:58:52","guid":{"rendered":"https:\/\/www.proamazonia.org\/?p=5167"},"modified":"2021-07-07T08:28:12","modified_gmt":"2021-07-07T13:28:12","slug":"el-cambio-climatico-una-realidad-que-vivimos-cada-dia-que-podemos-hacer-para-mitigarlo","status":"publish","type":"post","link":"https:\/\/www.proamazonia.org\/ppr\/el-cambio-climatico-una-realidad-que-vivimos-cada-dia-que-podemos-hacer-para-mitigarlo\/","title":{"rendered":"El Cambio clim\u00e1tico, una realidad que vivimos cada d\u00eda, \u00bfqu\u00e9 podemos hacer?"},"content":{"rendered":"<p>Seguramente hemos escuchado hablar sobre el cambio clim\u00e1tico, sus causas y consecuencias una \u00a0infinidad de veces y esto nos lleva a preguntarnos, \u00bfes este fen\u00f3meno por el que estamos atravesando grave? y la respuesta es, s\u00ed. Es un problema de tipo ambiental al que debemos ponerle especial atenci\u00f3n en vista de que sus efectos actualmente, se manifiestan cada vez con m\u00e1s fuerza, como el caso de prolongadas sequ\u00edas o graves inundaciones. Podemos citar algunas de las causas que hacen que este problema se presente a nivel mundial; sin embargo, sus efectos se pueden observar de manera m\u00e1s acentuada en lugares donde los ecosistemas, y especies de flora y fauna son m\u00e1s sensibles y poseen una mayor biodiversidad. Este es un indicativo de que algo en el ambiente no est\u00e1 funcionando de manera adecuada, lo que trae consigo consecuencias que en ciertos casos son irreversibles y que nos afectan directamente.<\/p>\n<p>Dada la importancia que tienen los bosques de la Amazon\u00eda ecuatoriana, se llevan a cabo acciones para mitigar los efectos del cambio clim\u00e1tico, a trav\u00e9s de un trabajo conjunto con las y los habitantes de las diferentes comunidades que all\u00ed habitan. De esta manera, se han podido rescatar los conocimientos ancestrales para la conservaci\u00f3n de los bosques, y de igual forma, se ha logrado fortalecer los conocimientos y capacidades en torno a buenas pr\u00e1cticas agr\u00edcolas, que en su conjunto constituyen acciones de mitigaci\u00f3n frente a los efectos del cambio clim\u00e1tico.<\/p>\n<p>Gracias al apoyo de PROAmazon\u00eda, un programa liderado por los ministerios del Ambiente, Agua y Transici\u00f3n Ecol\u00f3gica y el Ministerio de Agricultura y Ganader\u00eda, con el apoyo del Programa de las Naciones Unidas para el Desarrollo (PNUD), los conocimientos ancestrales que poseen las comunidades locales, han sido potenciados. Esto a trav\u00e9s de varios procesos de capacitaci\u00f3n y gesti\u00f3n del conocimiento, que se han llevado a cabo gracias a la implementaci\u00f3n de acciones en el marco del mecanismo REDD+, mismas que buscan reducir la deforestaci\u00f3n en el pa\u00eds, sin dejar de lado el desarrollo productivo y econ\u00f3mico de las comunidades amaz\u00f3nicas.<\/p>\n<p>Para acompa\u00f1ar este proceso y a trav\u00e9s del Programa, se elabor\u00f3 material educativo para adultos, el resultado de este material se encuentra disponible en cuatro gu\u00edas de capacitaci\u00f3n sobre REDD+. Cada una de ellas, de manera did\u00e1ctica y sencilla nos ense\u00f1a sobre el cambio clim\u00e1tico, sus causas, consecuencias, pero tambi\u00e9n plantean soluciones que se han implementado actualmente a nivel nacional y que han dado resultados positivos, con la finalidad de contribuir al desarrollo productivo de las comunidades de la Amazon\u00eda ecuatoriana y conservar la biodiversidad de sus bosques.<\/p>\n<p style=\"text-align: center;\"><img loading=\"lazy\" decoding=\"async\" class=\"alignnone wp-image-5165\" src=\"https:\/\/www.proamazonia.org\/wp-content\/uploads\/2021\/07\/3.cartillas.napo_.tena_.proamazonia.biblioteca-300x204.jpg\" alt=\"\" width=\"391\" height=\"258\" \/> \u00a0<img loading=\"lazy\" decoding=\"async\" class=\"alignnone wp-image-5164\" src=\"https:\/\/www.proamazonia.org\/wp-content\/uploads\/2021\/07\/2.cartillas.napo_.tena_.proamazonia.biblioteca-300x170.jpg\" alt=\"\" width=\"452\" height=\"294\" \/><\/p>\n<p style=\"text-align: center;\"><b><span style=\"font-size: 10.0pt; color: windowtext;\">Fotograf\u00edas:<\/span><\/b><span style=\"font-size: 10.0pt; color: windowtext;\"> Fernanda Proa\u00f1o, T\u00e9cnica de Fortalecimiento de Capacidades y Gesti\u00f3n del Conocimiento &#8211; PROAmazon\u00eda<br \/>\n<b><\/b><\/span><b><span style=\"font-size: 10.0pt; color: windowtext;\">Descripci\u00f3n:<\/span><\/b><span style=\"font-size: 10.0pt; color: windowtext;\"> Taller de socializaci\u00f3n e interpretaci\u00f3n de la Gu\u00eda de Capacitaci\u00f3n REDD+<br \/>\na los idiomas amaz\u00f3nicos: Kichwa y Shuar, en la ciudad de Tena provincia de Napo (2020).<\/span><\/p>\n<p><strong>Enlaces relacionados:<\/strong><\/p>\n<p>Plataforma MAAE Educa Virtual:<\/p>\n<ul>\n<li><a href=\"http:\/\/maaeducavirtual.ambiente.gob.ec\/moodle\/login\/index.php\">http:\/\/maaeducavirtual.ambiente.gob.ec\/moodle\/login\/index.php<\/a><\/li>\n<li>Link a la Gu\u00eda de Capacitaci\u00f3n sobre REDD+ y Cambio Clim\u00e1tico: <a href=\"https:\/\/bit.ly\/3xhWtSz\">https:\/\/bit.ly\/3xhWtSz<\/a><\/li>\n<\/ul>\n<p><strong>Aspectos destacados:<\/strong><\/p>\n<ul>\n<li>A trav\u00e9s del Componente de REDD+ y Financiamiento del Programa PROAmazon\u00eda, se capacit\u00f3 a 2.286 personas durante el a\u00f1o 2020.<\/li>\n<li>Como complemento a las cartillas se ha desarrollado el curso E\u2013 learning de REDD+ que se encuentra a disposici\u00f3n del p\u00fablico en la plataforma educativa del Ministerio de Ambiente, Agua y Transici\u00f3n Ecol\u00f3gica del Ecuador<\/li>\n<li>Se han fortalecido las capacidades y conocimientos sobre g\u00e9nero y derechos de las mujeres con perspectiva intercultural, como uno de los componentes de la gesti\u00f3n de REDD+. Estos talleres han estado dirigidos para el personal t\u00e9cnico del MAATE, MAG, GADs, y los socios implementadores.<\/li>\n<\/ul>\n<p><strong>Autores:<\/strong><\/p>\n<ul>\n<li>Claudia Vinueza, Asistente en Fortalecimiento de Capacidades y Gesti\u00f3n del Conocimiento &#8211; PROAmazon\u00eda<\/li>\n<li>Mario Mej\u00eda, UNV-Especialista en Plataformas E-Learning y Procesos de Capacitaci\u00f3n Virtual &#8211; PROAmazon\u00eda<\/li>\n<\/ul>\n<p><\/p>","protected":false},"excerpt":{"rendered":"<p>Seguramente hemos escuchado hablar sobre el cambio clim\u00e1tico, sus causas y consecuencias una \u00a0infinidad de veces y esto nos lleva a preguntarnos, \u00bfes este fen\u00f3meno por el que estamos atravesando grave? y la respuesta es, s\u00ed. Es un problema de tipo ambiental al que debemos ponerle especial atenci\u00f3n en vista de que sus efectos actualmente, se manifiestan cada vez con m\u00e1s fuerza, como el caso de prolongadas sequ\u00edas o graves inundaciones. Podemos citar algunas de las causas que hacen que este problema se presente a nivel mundial; sin embargo, sus efectos se pueden observar de manera m\u00e1s acentuada en lugares donde los ecosistemas, y especies de flora y fauna son m\u00e1s sensibles y poseen una mayor biodiversidad. Este es un indicativo de que algo en el ambiente no est\u00e1 funcionando de manera adecuada, lo que trae consigo consecuencias que en ciertos casos son irreversibles y que nos afectan directamente. Dada la importancia que tienen los bosques de la Amazon\u00eda ecuatoriana, se llevan a cabo acciones para mitigar los efectos del cambio clim\u00e1tico, a trav\u00e9s de un trabajo conjunto con las y los habitantes de las diferentes comunidades que all\u00ed habitan. De esta manera, se han podido rescatar los conocimientos ancestrales [&hellip;]<\/p>\n","protected":false},"author":2,"featured_media":5243,"comment_status":"closed","ping_status":"closed","sticky":false,"template":"","format":"standard","meta":{"_uf_show_specific_survey":0,"_uf_disable_surveys":false,"footnotes":""},"categories":[3,23,27],"tags":[126,125,127],"class_list":["post-5167","post","type-post","status-publish","format-standard","has-post-thumbnail","hentry","category-noticias","category-noticias-home","category-redd","tag-biblioteca","tag-cartillas","tag-educomunicacion"],"aioseo_notices":[],"_links":{"self":[{"href":"https:\/\/www.proamazonia.org\/ppr\/wp-json\/wp\/v2\/posts\/5167","targetHints":{"allow":["GET"]}}],"collection":[{"href":"https:\/\/www.proamazonia.org\/ppr\/wp-json\/wp\/v2\/posts"}],"about":[{"href":"https:\/\/www.proamazonia.org\/ppr\/wp-json\/wp\/v2\/types\/post"}],"author":[{"embeddable":true,"href":"https:\/\/www.proamazonia.org\/ppr\/wp-json\/wp\/v2\/users\/2"}],"replies":[{"embeddable":true,"href":"https:\/\/www.proamazonia.org\/ppr\/wp-json\/wp\/v2\/comments?post=5167"}],"version-history":[{"count":3,"href":"https:\/\/www.proamazonia.org\/ppr\/wp-json\/wp\/v2\/posts\/5167\/revisions"}],"predecessor-version":[{"id":5260,"href":"https:\/\/www.proamazonia.org\/ppr\/wp-json\/wp\/v2\/posts\/5167\/revisions\/5260"}],"wp:featuredmedia":[{"embeddable":true,"href":"https:\/\/www.proamazonia.org\/ppr\/wp-json\/wp\/v2\/media\/5243"}],"wp:attachment":[{"href":"https:\/\/www.proamazonia.org\/ppr\/wp-json\/wp\/v2\/media?parent=5167"}],"wp:term":[{"taxonomy":"category","embeddable":true,"href":"https:\/\/www.proamazonia.org\/ppr\/wp-json\/wp\/v2\/categories?post=5167"},{"taxonomy":"post_tag","embeddable":true,"href":"https:\/\/www.proamazonia.org\/ppr\/wp-json\/wp\/v2\/tags?post=5167"}],"curies":[{"name":"wp","href":"https:\/\/api.w.org\/{rel}","templated":true}]}}