{"id":5169,"date":"2021-07-01T10:09:15","date_gmt":"2021-07-01T15:09:15","guid":{"rendered":"https:\/\/www.proamazonia.org\/?p=5169"},"modified":"2021-07-01T10:12:26","modified_gmt":"2021-07-01T15:12:26","slug":"entrevista-a-roberto-manrique-actor-activista-y-creador-de-la-campana-juntosxlatierra","status":"publish","type":"post","link":"https:\/\/www.proamazonia.org\/ppr\/entrevista-a-roberto-manrique-actor-activista-y-creador-de-la-campana-juntosxlatierra\/","title":{"rendered":"Entrevista a Roberto Manrique, actor, activista y creador de la campa\u00f1a #JuntosXlaTierra"},"content":{"rendered":"<p><img loading=\"lazy\" decoding=\"async\" class=\" wp-image-5172 alignright\" src=\"https:\/\/www.proamazonia.org\/wp-content\/uploads\/2021\/07\/3.roberto.manrique.juntos.tierra.proamazonia.ecuador.bosques.plantar-255x300.jpg\" alt=\"\" width=\"327\" height=\"385\" srcset=\"https:\/\/www.proamazonia.org\/ppr\/wp-content\/uploads\/2021\/07\/3.roberto.manrique.juntos.tierra.proamazonia.ecuador.bosques.plantar-255x300.jpg 255w, https:\/\/www.proamazonia.org\/ppr\/wp-content\/uploads\/2021\/07\/3.roberto.manrique.juntos.tierra.proamazonia.ecuador.bosques.plantar-871x1024.jpg 871w, https:\/\/www.proamazonia.org\/ppr\/wp-content\/uploads\/2021\/07\/3.roberto.manrique.juntos.tierra.proamazonia.ecuador.bosques.plantar-768x903.jpg 768w, https:\/\/www.proamazonia.org\/ppr\/wp-content\/uploads\/2021\/07\/3.roberto.manrique.juntos.tierra.proamazonia.ecuador.bosques.plantar.jpg 1000w\" sizes=\"auto, (max-width: 327px) 100vw, 327px\" \/><\/p>\n<p>Con el objetivo de sensibilizar a la ciudadan\u00eda sobre la importancia de conservar los bosques, por su contribuci\u00f3n al ambiente, a la salud y como una estrategia para mitigar los efectos del cambio clim\u00e1tico, el actor y ambientalista ecuatoriano Roberto Manrique cre\u00f3 en 2019 la campa\u00f1a #JuntosXlaTierra.<\/p>\n<p>Roberto es guayaquile\u00f1o de nacimiento y en los \u00faltimos a\u00f1os, ha colaborado en campa\u00f1as e iniciativas de car\u00e1cter ambiental y social como Premios Latinoam\u00e9rica Verde y una participaci\u00f3n de servicio con ACNUR (Alto Comisionado de las Naciones Unidas para los Refugiados), trabajando con comunidades de refugiados en el norte de Ecuador.<\/p>\n<p>Su inter\u00e9s por defender el medio ambiente es algo que lo ha acompa\u00f1ado desde muy joven y es por ello que, en abril de 2021, PROAmazon\u00eda, programa del Ministerio del Ambiente, Agua y Transici\u00f3n Ecol\u00f3gica y Ministerio de Agricultura y Ganader\u00eda; con apoyo de PNUD se uni\u00f3 a la campa\u00f1a Juntos por la Tierra con el objetivo de plantar 100.000 \u00e1rboles en la Amazon\u00eda ecuatoriana. En el marco de esta iniciativa, Roberto Manrique nos cuenta c\u00f3mo naci\u00f3 esta idea, qu\u00e9 expectativas tiene y qu\u00e9 siente ante la respuesta positiva de miles de personas que ya forman parte de la campa\u00f1a.<\/p>\n<p style=\"text-align: right;\"><b><span style=\"font-size: 10.0pt; color: windowtext;\">Fotograf\u00eda:<\/span><\/b><span style=\"font-size: 10.0pt; color: windowtext;\"> Cortes\u00eda de Mauricio Villahermosa (M\u00e9xico)<\/span><\/p>\n<p><strong>\u00bfQu\u00e9 te motiva la lucha por el ambiente y la conservaci\u00f3n de los bosques?<\/strong><\/p>\n<p>Ha sido un proceso que ha ido creciendo, muy personal que parti\u00f3 de una sensibilidad innata hacia la vida, la naturaleza y la fauna. Recuerdo de peque\u00f1o ser parte de Fundaci\u00f3n Natura, eso para m\u00ed era como ser parte del Sal\u00f3n de la Justicia, como un superh\u00e9roe. Al seguir madurando el proceso sigui\u00f3 cultiv\u00e1ndose y ya como embajador de Premios Latinoam\u00e9rica Verde por ocho a\u00f1os, pude conocer y relacionarme con ambientalistas, activistas y emprendedores; as\u00ed aprend\u00ed mucho m\u00e1s.<\/p>\n<p>Para m\u00ed es muy dolorosa la manera en la que hemos acabado con los bosques, y los efectos graves que esto conlleva. Hay que hacer un trabajo de regeneraci\u00f3n en estos espacios y para ser honesto por eso, lo que me m\u00e1s motiva es la conversaci\u00f3n y el anhelo de cuidar y regenerar estos espacios, a trav\u00e9s de campa\u00f1as como la de Juntos X la Tierra.<\/p>\n<p>&nbsp;<\/p>\n<p><strong>\u00bfC\u00f3mo se relaciona la campa\u00f1a Juntos X la Tierra a esta pasi\u00f3n personal por el \u00a0ambiente y por qu\u00e9 decidiste emprender algo as\u00ed? <\/strong><\/p>\n<p>Ha sido un proceso que en el 2019 lleg\u00f3 a su pico pero que inici\u00f3 cuatro a\u00f1os antes en 2015. En ese a\u00f1o hice un viaje solo y sin dinero por una semana, este no ten\u00eda una perspectiva ambiental, sino m\u00e1s una idea de cuestionar apegos y sentar una premisa de que s\u00ed podemos confiar m\u00e1s en las personas. En ese momento, no ten\u00eda el intercambio de los \u00e1rboles, pero quer\u00eda probar la convicci\u00f3n de la que bondad de las personas era suficiente.<\/p>\n<p>Esta experiencia sent\u00f3 las bases y sab\u00eda que en alg\u00fan momento experimentar\u00eda algo m\u00e1s ambicioso y m\u00e1s retador. Fue as\u00ed que, en el 2019, de pronto la vida hizo que los factores se organicen y no pueda escapar. La segunda temporada de la serie en la que trabajaba se cancel\u00f3 y de repente cont\u00e9 con un poco de tiempo extra. Pens\u00e9, bueno no me puedo hacer el loco llevo muchos a\u00f1os buscando tener el tiempo y ahora era el momento. Adem\u00e1s, estaba muy inspirado con los Premio Latinoam\u00e9rica Verde y la Conferencia de las Naciones Unidas sobre el Cambio Clim\u00e1tico de 2019 (COP- 25) que se iba a realizar en Chile, entonces luego de pensar, la idea se revel\u00f3. Mi nuevo recorrido iba a ser Quito \u2013 Santiago, la meta era llegar a la COP25, y mi forma de intercambiar la bondad recibida por parte de extra\u00f1os iba a ser a trav\u00e9s de \u00e1rboles.<\/p>\n<p>&nbsp;<\/p>\n<p><strong>\u00a0\u00bfCu\u00e1l crees que es la importancia de promover acciones o iniciativas ciudadanas para luchar contra el cambio clim\u00e1tico?<\/strong><strong>\u00a0<\/strong><\/p>\n<p>Estamos en un momento en que como personas debemos soltar esta pasividad que tenemos, esperando que alguien m\u00e1s implemente leyes o genere cambios. Sin duda debemos gestionar y presionar ya sea como consumidores a empresas o ciudadanos a un gobierno por leyes y cambios; pero eso no quita que el primer paso es asumir nuestra responsabilidad y hacernos la pregunta si en verdad estamos\u00a0dando nuestro 100%. Tendemos a quedarnos en la queja, en la cr\u00edtica, en la expectativa que alguien m\u00e1s resuelva y no nos gusta pensar en transformar nuestros h\u00e1bitos y vida.<\/p>\n<p>Yo me hice esa pregunta y lo m\u00edo fue un resultado extremo con un recorrido muy intenso, pero para eso di otros pasos previos. Sue\u00f1o con ser vegano alg\u00fan d\u00eda, pero\u00a0a\u00fan estoy lejos de eso. Sin embargo, celebro que cada d\u00eda como menos carne, antes me echaba m\u00e1s culpa y me juzgaba, pero entend\u00ed que ese proceso es m\u00e1s lento para m\u00ed y que en otros voy m\u00e1s r\u00e1pido. Este es un ejemplo, no significa que todos debemos ser veganos, pero con un cambio individual en h\u00e1bitos y dar ese 100% seguro lograremos cambios importantes.<\/p>\n<p>&nbsp;<\/p>\n<p><img loading=\"lazy\" decoding=\"async\" class=\" wp-image-5171 alignleft\" src=\"https:\/\/www.proamazonia.org\/wp-content\/uploads\/2021\/07\/2.roberto.manrique.juntos.tierra.proamazonia.ecuador.bosques.plantar-200x300.jpg\" alt=\"\" width=\"347\" height=\"521\" srcset=\"https:\/\/www.proamazonia.org\/ppr\/wp-content\/uploads\/2021\/07\/2.roberto.manrique.juntos.tierra.proamazonia.ecuador.bosques.plantar-200x300.jpg 200w, https:\/\/www.proamazonia.org\/ppr\/wp-content\/uploads\/2021\/07\/2.roberto.manrique.juntos.tierra.proamazonia.ecuador.bosques.plantar-400x600.jpg 400w, https:\/\/www.proamazonia.org\/ppr\/wp-content\/uploads\/2021\/07\/2.roberto.manrique.juntos.tierra.proamazonia.ecuador.bosques.plantar.jpg 600w\" sizes=\"auto, (max-width: 347px) 100vw, 347px\" \/><\/p>\n<p><strong>\u00bfC\u00f3mo te sientes al observar el inter\u00e9s que ha despertado la campa\u00f1a Juntos por la Tierra y la integraci\u00f3n de nuevos actores, entre ellos PROAmazon\u00eda?<\/strong><\/p>\n<p>Mucha emoci\u00f3n, gratitud y responsabilidad. No me esperaba tanta respuesta positiva, preguntas y retroalimentaci\u00f3n. Estamos todav\u00eda viendo c\u00f3mo canalizar la ayuda e inter\u00e9s, es fant\u00e1stico recibir este input y por ende sentir que existe una comunidad que est\u00e1 dispuesta a hacer cosas en com\u00fan. Trasciende las expectativas de la campa\u00f1a ya que lo bueno y lo malo es contagioso, y lograr contagiar el gozo por hacer algo positivo por el planeta es muy gratificante.<\/p>\n<p>Me encanta la idea de plantar los 150.000 \u00e1rboles, pero imag\u00ednate llegar al mill\u00f3n. Pero el trabajo m\u00e1s fuerte que podemos hacer es inspirar para que m\u00e1s personas se sumen a procesos personales que permitan bajar su huella de carbono e inspirar a otros.<\/p>\n<p>&nbsp;<\/p>\n<p><strong>Las nuevas generaciones cada vez son m\u00e1s conscientes del cambio clim\u00e1tico, sus efectos y acciones para detenerlo, \u00bfc\u00f3mo podemos llegar a otras generaciones y conservar el inter\u00e9s sobre estos temas?<\/strong><\/p>\n<p>Es cierto que las nuevas generaciones vienen con un chip diferente pero tambi\u00e9n creo que este despertar de la responsabilidad y conciencia ambiental es transversal. Veo respuestas de personas de m\u00faltiples generaciones, por fortuna no tiene que ver con un grupo demogr\u00e1fico o edad. Hay un despertar de conciencia generalizado y hay muchos motivos para eso: m\u00e1s informaci\u00f3n y los riesgos son m\u00e1s evidentes; vivimos una pandemia que nos despert\u00f3 y puso alerta.<\/p>\n<p>&nbsp;<\/p>\n<p><strong>\u00bfQu\u00e9 mensaje les dar\u00edas a les dir\u00edas a las personas que piensan que sus acciones individuales no tienen peso cuando se trata luchar contra algo tan grande como el cambio clim\u00e1tico?<\/strong><\/p>\n<p>En la tierra somos aproximadamente 7.000 millones de personas y eso es lo que necesitamos 7.000 millones de ambientalistas imperfectos. La \u00fanica manera de sentir y ser el cambio que este planeta necesita es empezando por uno mismo y ah\u00ed no hay acciones menores. No existe tal cosa, si con honestidad haces un poquito m\u00e1s de lo que hiciste ayer llegar\u00e1s lejos como individuo y si lo juntamos llegaremos lejos como civilizaci\u00f3n. Adem\u00e1s, si quieres exigir a un gobierno y empresas que cambien, no tiene sentido ni coherencia si no hemos empezado con cambios personales. Para tener cara para exigir cambios, el primero paso es hacerlo puertas adentro.<\/p>\n<p>&nbsp;<\/p>\n<p><strong>\u00bfCu\u00e1les son tus expectativas frente a la meta de plantar 100.000 \u00e1rboles en la Amazon\u00eda ecuatoriana a trav\u00e9s de PROAmazon\u00eda?<\/strong><\/p>\n<p>Es una meta grande, lo primero que siento, no te miento es un poco de susto porque hemos apuntado muy alto, pero ah\u00ed vamos por que el tiempo apremia y con mucha seguridad de lo que estamos construyendo juntos. Estoy en un momento de crear nuevos canales para convocar a m\u00e1s gente ya pasamos m\u00e1s de 20.000 personas y es definitivamente un momento para identificar acciones que est\u00e9n a la altura de esas metas. Estoy pensando en acercarme a colegios, convocar m\u00e1s ni\u00f1os y j\u00f3venes, es una tarea ambiciosa lo cual nos encanta, pero nos exigen un trabajo.<\/p>\n<p>&nbsp;<\/p>\n<p><strong>\u00bfQu\u00e9 mensaje te gustar\u00eda compartir con las personas que quieren formar parte de la campa\u00f1a Juntos por la Tierra, porque plantar un \u00e1rbol marca la diferencia?<\/strong><\/p>\n<p>Voy hablar de dos \u00e1rboles. El primero es que el que plantar\u00e1n con nosotros al dar unos clics y ser parte de la campa\u00f1a. Los invit\u00f3 ese \u201cprimer \u00e1rbol\u201d porque hay un sin fin de motivos para restaurar nuestra Amazon\u00eda: comunidades y biodiversidad se beneficiar\u00e1n por espacios que albergan h\u00e1bitats sanos. Pero ese \u201cprimer\u201d \u00e1rbol, adem\u00e1s, abre un camino a un gran ecosistema digital que te inspirar\u00e1 a hacerte preguntas para que capaz encuentres tu propio camino. Tal vez no termines haciendo muchas cosas, pero puedes convertir en un activista por otro tema o simplemente cambiar algo en tu vida que inspire a otros.<\/p>\n<p>Y luego est\u00e1 el otro \u00e1rbol que invito a plantar. Hay personas que quieren ensuciarse las manos, cavar ese hueco, escoger el lugar y plantar una vida. No es f\u00e1cil, pero lograrlo y poner en ese hoyo un \u00e1rbol y saber que est\u00e1s dando a una vida, la posibilidad de existir es algo \u00fanico. Sin duda esa experiencia de plantar un \u00e1rbol con tus propias manos es especial y puede desembocar en un sinn\u00famero de reflexiones transcendentales, como lo hizo conmigo. Espero dejar la duda en cada una de las personas que lean esto y que se pregunten, \u00bfde qu\u00e9 se trata esto?\u00a0 para que se animen a hacerlo.<\/p>\n<p style=\"text-align: center;\">Para conocer m\u00e1s sobre la campa\u00f1a o sobre la conservaci\u00f3n de bosques y restauraci\u00f3n forestal ingresa a <a href=\"http:\/\/www.proamazonia.org\">www.proamazonia.org<\/a> o <a href=\"https:\/\/www.juntosxlatierra.com\/\">www.juntosxlatierra.com<\/a><\/p>\n<p>&nbsp;<\/p>\n<p style=\"text-align: center;\"><iframe loading=\"lazy\" style=\"border: none; overflow: hidden;\" src=\"https:\/\/www.facebook.com\/plugins\/post.php?href=https%3A%2F%2Fwww.facebook.com%2FPROAmazoniaEC%2Fphotos%2Fa.460305731081686%2F1202515026860749%2F&amp;show_text=true&amp;width=500\" width=\"500\" height=\"696\" frameborder=\"0\" scrolling=\"no\" allowfullscreen=\"allowfullscreen\"><\/iframe><\/p>\n<p>&nbsp;<\/p>","protected":false},"excerpt":{"rendered":"<p>Con el objetivo de sensibilizar a la ciudadan\u00eda sobre la importancia de conservar los bosques, por su contribuci\u00f3n al ambiente, a la salud y como una estrategia para mitigar los efectos del cambio clim\u00e1tico, el actor y ambientalista ecuatoriano Roberto Manrique cre\u00f3 en 2019 la campa\u00f1a #JuntosXlaTierra. Roberto es guayaquile\u00f1o de nacimiento y en los \u00faltimos a\u00f1os, ha colaborado en campa\u00f1as e iniciativas de car\u00e1cter ambiental y social como Premios Latinoam\u00e9rica Verde y una participaci\u00f3n de servicio con ACNUR (Alto Comisionado de las Naciones Unidas para los Refugiados), trabajando con comunidades de refugiados en el norte de Ecuador. Su inter\u00e9s por defender el medio ambiente es algo que lo ha acompa\u00f1ado desde muy joven y es por ello que, en abril de 2021, PROAmazon\u00eda, programa del Ministerio del Ambiente, Agua y Transici\u00f3n Ecol\u00f3gica y Ministerio de Agricultura y Ganader\u00eda; con apoyo de PNUD se uni\u00f3 a la campa\u00f1a Juntos por la Tierra con el objetivo de plantar 100.000 \u00e1rboles en la Amazon\u00eda ecuatoriana. En el marco de esta iniciativa, Roberto Manrique nos cuenta c\u00f3mo naci\u00f3 esta idea, qu\u00e9 expectativas tiene y qu\u00e9 siente ante la respuesta positiva de miles de personas que ya forman parte de la campa\u00f1a. Fotograf\u00eda: Cortes\u00eda [&hellip;]<\/p>\n","protected":false},"author":2,"featured_media":5170,"comment_status":"closed","ping_status":"closed","sticky":false,"template":"","format":"standard","meta":{"_uf_show_specific_survey":0,"_uf_disable_surveys":false,"footnotes":""},"categories":[59,3,23],"tags":[93,58,131,94,44,130],"class_list":["post-5169","post","type-post","status-publish","format-standard","has-post-thumbnail","hentry","category-entrevista","category-noticias","category-noticias-home","tag-juntosxlatierra","tag-conservacion","tag-manrique","tag-plantar","tag-proamazonia","tag-roberto"],"aioseo_notices":[],"_links":{"self":[{"href":"https:\/\/www.proamazonia.org\/ppr\/wp-json\/wp\/v2\/posts\/5169","targetHints":{"allow":["GET"]}}],"collection":[{"href":"https:\/\/www.proamazonia.org\/ppr\/wp-json\/wp\/v2\/posts"}],"about":[{"href":"https:\/\/www.proamazonia.org\/ppr\/wp-json\/wp\/v2\/types\/post"}],"author":[{"embeddable":true,"href":"https:\/\/www.proamazonia.org\/ppr\/wp-json\/wp\/v2\/users\/2"}],"replies":[{"embeddable":true,"href":"https:\/\/www.proamazonia.org\/ppr\/wp-json\/wp\/v2\/comments?post=5169"}],"version-history":[{"count":2,"href":"https:\/\/www.proamazonia.org\/ppr\/wp-json\/wp\/v2\/posts\/5169\/revisions"}],"predecessor-version":[{"id":5175,"href":"https:\/\/www.proamazonia.org\/ppr\/wp-json\/wp\/v2\/posts\/5169\/revisions\/5175"}],"wp:featuredmedia":[{"embeddable":true,"href":"https:\/\/www.proamazonia.org\/ppr\/wp-json\/wp\/v2\/media\/5170"}],"wp:attachment":[{"href":"https:\/\/www.proamazonia.org\/ppr\/wp-json\/wp\/v2\/media?parent=5169"}],"wp:term":[{"taxonomy":"category","embeddable":true,"href":"https:\/\/www.proamazonia.org\/ppr\/wp-json\/wp\/v2\/categories?post=5169"},{"taxonomy":"post_tag","embeddable":true,"href":"https:\/\/www.proamazonia.org\/ppr\/wp-json\/wp\/v2\/tags?post=5169"}],"curies":[{"name":"wp","href":"https:\/\/api.w.org\/{rel}","templated":true}]}}