{"id":5206,"date":"2021-07-01T12:42:12","date_gmt":"2021-07-01T17:42:12","guid":{"rendered":"https:\/\/www.proamazonia.org\/?p=5206"},"modified":"2021-07-07T08:24:02","modified_gmt":"2021-07-07T13:24:02","slug":"visita-interagencial-del-sistema-de-naciones-unidas-a-territorio","status":"publish","type":"post","link":"https:\/\/www.proamazonia.org\/ppr\/visita-interagencial-del-sistema-de-naciones-unidas-a-territorio\/","title":{"rendered":"Visita Interagencial del Sistema de Naciones Unidas a Territorio"},"content":{"rendered":"<p>Entre los d\u00edas 14 y 15 de junio se realiz\u00f3 una visita del <a href=\"https:\/\/ecuador.un.org\/\">Sistema de Naciones Unidas <\/a><a href=\"https:\/\/ecuador.un.org\/\">Ecuador <\/a>a las provincias de Napo y Pastaza en la que se visitaron a lideresas amaz\u00f3nicas, productores y en la que se conocieron bioemprendimientos de productos forestales no maderables que est\u00e1n contribuyendo al desarrollo sostenible de la Amazon\u00eda ecuatoriana.<\/p>\n<p>Por primera vez, y en medio de la pandemia sanitaria del COVID-19, varias autoridades entre ellas:\u00a0 Lena Savelli, Coordinadora Residente de <a href=\"https:\/\/ecuador.un.org\/\">ONU Ecuador<\/a>, Matilde Mordt, Representante Residente de <a href=\"https:\/\/www.ec.undp.org\/\">PNUD Ecuador<\/a>; Ana Elena Badilla, Representante de <a href=\"https:\/\/ecuador.unwomen.org\/es\">ONU Mujeres<\/a>; Patricia Serrano, Gerente de <a href=\"https:\/\/www.proamazonia.org\">PROAmazon\u00eda<\/a><strong>; <\/strong>Agustin Zimmerman, Representante residente de <a href=\"http:\/\/www.fao.org\/ecuador\/fao-en-ecuador\/en\/\">FAO Ecuador<\/a> y Anamar\u00eda Varea, Coordinadora del <a href=\"https:\/\/www.ppd-ecuador.org\/\">Programa de Peque\u00f1as Donaciones de Ecuador<\/a> participaron en varias actividades en las que plasmaron la situaci\u00f3n actual de los habitantes de esta regi\u00f3n del pa\u00eds y a la vez dialogaron sobre sus iniciativas para salir adelante.<\/p>\n<p>Una de las principales actividades fue la visita a la Escuela Antisuyo Warmikuna, una iniciativa que se desarrolla en el marco de actividades de transversalizaci\u00f3n de g\u00e9nero entre ONU Mujeres y PROAmazon\u00eda; programa del <a href=\"https:\/\/www.ambiente.gob.ec\/\">Ministerio del Ambiente, Agua y Transici\u00f3n Ecol\u00f3gica <\/a>\u00a0y el <a href=\"https:\/\/www.agricultura.gob.ec\/\">Ministerio de Agricultura y Ganader\u00eda <\/a>con apoyo del PNUD.<\/p>\n<p>A partir del a\u00f1o 2019, se conform\u00f3 la Escuela de Mujeres Antisuyo Warmikuna, en la que 90 mujeres de m\u00e1s de 10 nacionalidades ind\u00edgenas han recibido capacitaci\u00f3n en temas relacionados a: igualdad de g\u00e9nero, derechos humanos, y sostenibilidad financiera entre otros temas.<\/p>\n<p style=\"text-align: center;\"><img loading=\"lazy\" decoding=\"async\" class=\"alignnone wp-image-5201\" src=\"https:\/\/www.proamazonia.org\/wp-content\/uploads\/2021\/07\/18.visita.onu_.pnud_.proamazonia.napo_.tena_.mujeres.bioemprendimientos.proamazonia-300x200.jpg\" alt=\"\" width=\"401\" height=\"266\" srcset=\"https:\/\/www.proamazonia.org\/ppr\/wp-content\/uploads\/2021\/07\/18.visita.onu_.pnud_.proamazonia.napo_.tena_.mujeres.bioemprendimientos.proamazonia-300x200.jpg 300w, https:\/\/www.proamazonia.org\/ppr\/wp-content\/uploads\/2021\/07\/18.visita.onu_.pnud_.proamazonia.napo_.tena_.mujeres.bioemprendimientos.proamazonia-768x512.jpg 768w, https:\/\/www.proamazonia.org\/ppr\/wp-content\/uploads\/2021\/07\/18.visita.onu_.pnud_.proamazonia.napo_.tena_.mujeres.bioemprendimientos.proamazonia-600x400.jpg 600w, https:\/\/www.proamazonia.org\/ppr\/wp-content\/uploads\/2021\/07\/18.visita.onu_.pnud_.proamazonia.napo_.tena_.mujeres.bioemprendimientos.proamazonia.jpg 900w\" sizes=\"auto, (max-width: 401px) 100vw, 401px\" \/> <img loading=\"lazy\" decoding=\"async\" class=\"alignnone wp-image-5199\" src=\"https:\/\/www.proamazonia.org\/wp-content\/uploads\/2021\/07\/17.visita.onu_.pnud_.proamazonia.napo_.tena_.mujeres.bioemprendimientos.proamazonia-300x200.jpg\" alt=\"\" width=\"399\" height=\"258\" \/><\/p>\n<p style=\"text-align: center;\"><b><span style=\"font-size: 10.0pt; color: windowtext;\">Fotograf\u00edas:<\/span><\/b><span style=\"font-size: 10.0pt; color: windowtext;\"> Giovanny Cevallos &#8211; PROAmazon\u00eda<br \/>\n<b><\/b><\/span><b><span style=\"font-size: 10.0pt; color: windowtext;\">Descripci\u00f3n:<\/span><\/b><span style=\"font-size: 10.0pt; color: windowtext;\"> Participaci\u00f3n en el taller de trabajo con mujeres de la Escuela de Liderazgo Antisuyo Warmicuna \u2013 Puyo<\/span><\/p>\n<p>&nbsp;<\/p>\n<p>El <a href=\"https:\/\/www.facebook.com\/ecuador.pnud\">Programa de Naciones Unidas para el Desarrollo<\/a>, a trav\u00e9s del <a href=\"https:\/\/www.facebook.com\/SGPEcuador\">Programa de Peque\u00f1as Donaciones<\/a> (PPD\/FMAM\/PNUD) ejecuta el <strong>Proyecto de Biocorredor Yaku Samay<\/strong> en el marco de su S\u00e9ptima Fase Operativa (FO7). La misma, se enmarca en el <strong>fortalecimiento de los bioemprendimientos<\/strong> impulsados por las organizaciones comunitarias en 9 paisajes sostenibles en Sierra, Costa y Amazon\u00eda. Esta fase, cuenta con el respaldo del Ministerio del Ambiente, Agua y Transici\u00f3n Ecol\u00f3gica; a trav\u00e9s del <strong>Programa Socio Bosque<\/strong>.<\/p>\n<p>En esta visita, adem\u00e1s de otras, se dieron a conocer dos proyectos respaldados por el PPD. El <strong>Pueblo Kichwa de Rukullakta (PKR)<\/strong> (Chakramamas), Asociaci\u00f3n AWAKKUNA, Asociaci\u00f3n Inti y, la comunidad <strong>Nueve de Junio<\/strong> &#8211; Sacha Waysa.<\/p>\n<p>El Pueblo Kichwa de Rukullakta -PKR impulsa el Proyecto <strong>Bioemprendimientos para la Vida<\/strong> en el Biocorredor Yaku Samay el cual, busca mejorar la calidad de vida de las comunidades priorizadas, a trav\u00e9s del fortalecimiento de sus bioemprendimientos y sus procesos de comercializaci\u00f3n.<\/p>\n<p>Durante la visita al Pueblo Kichwa Rukullakta (PKR) de la provincia de Napo, los representantes de la Asociaci\u00f3n de Guayuseros del PKR presentaron y compartieron sus experiencias sobre su bioemprendimiento de bebidas y derivados de guayusa. Destacaron que por medio de la metodolog\u00eda \u201cIniciando Con Su Negocio\u201d impartida por <strong>PROAmazon\u00eda<\/strong>, programa del gobierno nacional con apoyo del PNUD, han logrado ampliar sus conocimientos en \u00e1reas de comercializaci\u00f3n y mejorar la calidad de su producto.<\/p>\n<p style=\"text-align: center;\">\u00a0 \u00a0 \u00a0<img loading=\"lazy\" decoding=\"async\" class=\"alignnone wp-image-5190\" src=\"https:\/\/www.proamazonia.org\/wp-content\/uploads\/2021\/07\/8.visita.onu_.pnud_.proamazonia.napo_.tena_.mujeres.bioemprendimientos.proamazonia-300x200.jpg\" alt=\"\" width=\"356\" height=\"245\" \/> \u00a0<img loading=\"lazy\" decoding=\"async\" class=\"alignnone wp-image-5192\" src=\"https:\/\/www.proamazonia.org\/wp-content\/uploads\/2021\/07\/10.visita.onu_.pnud_.proamazonia.napo_.tena_.mujeres.bioemprendimientos.proamazonia-300x200.jpg\" alt=\"\" width=\"374\" height=\"249\" srcset=\"https:\/\/www.proamazonia.org\/ppr\/wp-content\/uploads\/2021\/07\/10.visita.onu_.pnud_.proamazonia.napo_.tena_.mujeres.bioemprendimientos.proamazonia-300x200.jpg 300w, https:\/\/www.proamazonia.org\/ppr\/wp-content\/uploads\/2021\/07\/10.visita.onu_.pnud_.proamazonia.napo_.tena_.mujeres.bioemprendimientos.proamazonia-768x512.jpg 768w, https:\/\/www.proamazonia.org\/ppr\/wp-content\/uploads\/2021\/07\/10.visita.onu_.pnud_.proamazonia.napo_.tena_.mujeres.bioemprendimientos.proamazonia-600x400.jpg 600w, https:\/\/www.proamazonia.org\/ppr\/wp-content\/uploads\/2021\/07\/10.visita.onu_.pnud_.proamazonia.napo_.tena_.mujeres.bioemprendimientos.proamazonia.jpg 900w\" sizes=\"auto, (max-width: 374px) 100vw, 374px\" \/><\/p>\n<p style=\"text-align: center;\">\u00a0<img loading=\"lazy\" decoding=\"async\" class=\"alignnone wp-image-5188\" src=\"https:\/\/www.proamazonia.org\/wp-content\/uploads\/2021\/07\/6.visita.onu_.pnud_.proamazonia.napo_.tena_.mujeres.bioemprendimientos.proamazonia-300x200.jpg\" alt=\"\" width=\"364\" height=\"248\" \/> \u00a0<img loading=\"lazy\" decoding=\"async\" class=\"alignnone wp-image-5191\" src=\"https:\/\/www.proamazonia.org\/wp-content\/uploads\/2021\/07\/9.visita.onu_.pnud_.proamazonia.napo_.tena_.mujeres.bioemprendimientos.proamazonia-300x200.jpg\" alt=\"\" width=\"363\" height=\"249\" \/><\/p>\n<p style=\"text-align: center;\"><b><span style=\"font-size: 10.0pt; color: windowtext;\">Fotograf\u00edas:<\/span><\/b><span style=\"font-size: 10.0pt; color: windowtext;\"> Giovanny Cevallos &#8211; PROAmazon\u00eda<br \/>\n<b><\/b><\/span><b><span style=\"font-size: 10.0pt; color: windowtext;\">Descripci\u00f3n:<\/span><\/b><span style=\"font-size: 10.0pt; color: windowtext;\"> Proyecto de bioemprendimientos del Pueblo Kichwa de Rukullakta -PKR<\/span><\/p>\n<p>El Pueblo Kichwa de RuKullakta es una de las tres comunidades que trabajan con la Fundaci\u00f3n Altr\u00f3pico, uno de los socios estrat\u00e9gicos de PROAmazon\u00eda, implementadores de la restauraci\u00f3n de 7.601 h\u00e9ctareas como parte del Programa Nacional de Reforestaci\u00f3n, liderado por el MAATE.<\/p>\n<p>A trav\u00e9s de PROAmazon\u00eda se promueve la restauraci\u00f3n forestal de zonas degradadas, el manejo forestal sostenible y el apoyo a bioemprendimientos productivos para incrementar el ingreso de las familias y promover el uso de productos forestales no maderables. Tambi\u00e9n, se apoya al fortalecimiento de las capacidades de los pobladores y t\u00e9cnicos locales con asesor\u00eda t\u00e9cnica que fortalecen las cadenas de valor y comercializaci\u00f3n y financiamiento de fondos concursables de proyectos; para garantizar la sostenibilidad a largo plazo de los proyectos implementados por el programa y la valoraci\u00f3n del bosque no solo por la madera, sino tambi\u00e9n por sus usos alternativos.<\/p>\n<p>Estas iniciativas promueven el fortalecimiento de medios de vida, la seguridad alimentaria o investigaci\u00f3n aplicada y que se relacionan con el aprovechamiento sostenible de los Productos Forestales No Maderables (PFNM) provenientes de bosques naturales o recreados, incluyendo \u00e1reas agroforestales adyacentes (chakras, ajas, etc.) bajo el enfoque de paisaje de uso m\u00faltiple excluyendo productos agr\u00edcolas, especialmente commodities (caf\u00e9, cacao, palma, ganado y otros), como alternativa para reducir la deforestaci\u00f3n y degradaci\u00f3n forestal, mejorar la capacidad de conservaci\u00f3n y de manejo forestal sostenible.<\/p>\n<p>La visita tambi\u00e9n se extendi\u00f3 hacia la comunidad Nueve de Junio que impulsa el centro comunitario <a href=\"https:\/\/eur03.safelinks.protection.outlook.com\/?url=https%3A%2F%2Fppd-ecuador.us9.list-manage.com%2Ftrack%2Fclick%3Fu%3D66f8761cceeb277dad3cc9623%26id%3Dfd546b9359%26e%3Da4f0882a6a&amp;data=04%7C01%7Cnadya.ochoa%40undp.org%7C55992db9c94848aa947108d932a2c59d%7Cb3e5db5e2944483799f57488ace54319%7C0%7C0%7C637596496947258380%7CUnknown%7CTWFpbGZsb3d8eyJWIjoiMC4wLjAwMDAiLCJQIjoiV2luMzIiLCJBTiI6Ik1haWwiLCJXVCI6Mn0%3D%7C1000&amp;sdata=RNhCpwoNwit8WDtYTKjkWexJtqaxfU55zPdN4rhwfuQ%3D&amp;reserved=0\">Sacha Waysa<\/a> donde busca fortalecer sus capacidades de resiliencia comunitaria frente a crisis y los desaf\u00edos en el contexto de la pandemia COVID-19 y futuros escenarios de emergencia sanitaria. Esta iniciativa es parte de un programa m\u00e1s amplio. Durante el 2021, inici\u00f3 la implementaci\u00f3n del <strong>proyecto Apoyo a las \u00e1reas y territorios conservados por pueblos ind\u00edgenas y comunidades locales<\/strong> en respuesta a la emergencia sanitaria.<\/p>\n<p style=\"text-align: center;\"><img loading=\"lazy\" decoding=\"async\" class=\"alignnone wp-image-5186\" src=\"https:\/\/www.proamazonia.org\/wp-content\/uploads\/2021\/07\/4.visita.onu_.pnud_.proamazonia.napo_.tena_.mujeres.bioemprendimientos.proamazonia-300x200.jpg\" alt=\"\" width=\"371\" height=\"247\" srcset=\"https:\/\/www.proamazonia.org\/ppr\/wp-content\/uploads\/2021\/07\/4.visita.onu_.pnud_.proamazonia.napo_.tena_.mujeres.bioemprendimientos.proamazonia-300x200.jpg 300w, https:\/\/www.proamazonia.org\/ppr\/wp-content\/uploads\/2021\/07\/4.visita.onu_.pnud_.proamazonia.napo_.tena_.mujeres.bioemprendimientos.proamazonia-768x512.jpg 768w, https:\/\/www.proamazonia.org\/ppr\/wp-content\/uploads\/2021\/07\/4.visita.onu_.pnud_.proamazonia.napo_.tena_.mujeres.bioemprendimientos.proamazonia-600x400.jpg 600w, https:\/\/www.proamazonia.org\/ppr\/wp-content\/uploads\/2021\/07\/4.visita.onu_.pnud_.proamazonia.napo_.tena_.mujeres.bioemprendimientos.proamazonia.jpg 1000w\" sizes=\"auto, (max-width: 371px) 100vw, 371px\" \/> <img loading=\"lazy\" decoding=\"async\" class=\"alignnone wp-image-5185\" src=\"https:\/\/www.proamazonia.org\/wp-content\/uploads\/2021\/07\/3.visita.onu_.pnud_.proamazonia.napo_.tena_.mujeres.bioemprendimientos.proamazonia-300x200.jpg\" alt=\"\" width=\"371\" height=\"247\" srcset=\"https:\/\/www.proamazonia.org\/ppr\/wp-content\/uploads\/2021\/07\/3.visita.onu_.pnud_.proamazonia.napo_.tena_.mujeres.bioemprendimientos.proamazonia-300x200.jpg 300w, https:\/\/www.proamazonia.org\/ppr\/wp-content\/uploads\/2021\/07\/3.visita.onu_.pnud_.proamazonia.napo_.tena_.mujeres.bioemprendimientos.proamazonia-768x512.jpg 768w, https:\/\/www.proamazonia.org\/ppr\/wp-content\/uploads\/2021\/07\/3.visita.onu_.pnud_.proamazonia.napo_.tena_.mujeres.bioemprendimientos.proamazonia-600x400.jpg 600w, https:\/\/www.proamazonia.org\/ppr\/wp-content\/uploads\/2021\/07\/3.visita.onu_.pnud_.proamazonia.napo_.tena_.mujeres.bioemprendimientos.proamazonia.jpg 900w\" sizes=\"auto, (max-width: 371px) 100vw, 371px\" \/> <img loading=\"lazy\" decoding=\"async\" class=\"alignnone wp-image-5184\" src=\"https:\/\/www.proamazonia.org\/wp-content\/uploads\/2021\/07\/2.visita.onu_.pnud_.proamazonia.napo_.tena_.mujeres.bioemprendimientos.proamazonia-300x200.jpg\" alt=\"\" width=\"371\" height=\"247\" srcset=\"https:\/\/www.proamazonia.org\/ppr\/wp-content\/uploads\/2021\/07\/2.visita.onu_.pnud_.proamazonia.napo_.tena_.mujeres.bioemprendimientos.proamazonia-300x200.jpg 300w, https:\/\/www.proamazonia.org\/ppr\/wp-content\/uploads\/2021\/07\/2.visita.onu_.pnud_.proamazonia.napo_.tena_.mujeres.bioemprendimientos.proamazonia-768x512.jpg 768w, https:\/\/www.proamazonia.org\/ppr\/wp-content\/uploads\/2021\/07\/2.visita.onu_.pnud_.proamazonia.napo_.tena_.mujeres.bioemprendimientos.proamazonia-600x400.jpg 600w, https:\/\/www.proamazonia.org\/ppr\/wp-content\/uploads\/2021\/07\/2.visita.onu_.pnud_.proamazonia.napo_.tena_.mujeres.bioemprendimientos.proamazonia.jpg 900w\" sizes=\"auto, (max-width: 371px) 100vw, 371px\" \/><\/p>\n<p style=\"text-align: center;\"><b><span style=\"font-size: 10.0pt; color: windowtext;\">Fotograf\u00edas:<\/span><\/b><span style=\"font-size: 10.0pt; color: windowtext;\"> Giovanny Cevallos &#8211; PROAmazon\u00eda<br \/>\n<b><\/b><\/span><b><span style=\"font-size: 10.0pt; color: windowtext;\">Descripci\u00f3n:<\/span><\/b><span style=\"font-size: 10.0pt; color: windowtext;\"> Visita a la comunidad Nueve de Junio que impulsa el centro comunitario Sacha Waysa &#8211; Tena<\/span><\/p>\n<p style=\"text-align: center;\"><strong>Para conocer m\u00e1s detalles de la visita, te invitamos a ver el siguiente video:<\/strong><\/p>\n<p><iframe loading=\"lazy\" title=\"Visita de autoridades del Sistema de Naciones Unidas.\" width=\"1161\" height=\"653\" src=\"https:\/\/www.youtube.com\/embed\/bcAvQKEGD1I?feature=oembed\" frameborder=\"0\" allow=\"accelerometer; autoplay; clipboard-write; encrypted-media; gyroscope; picture-in-picture\" allowfullscreen><\/iframe><\/p>\n<p><strong>Autores:<\/strong><\/p>\n<ul>\n<li>Programa de Peque\u00f1as Donaciones<\/li>\n<li>Unidad de Comunicaci\u00f3n de PROAmazon\u00eda<\/li>\n<\/ul>\n<p><\/p>","protected":false},"excerpt":{"rendered":"<p>Entre los d\u00edas 14 y 15 de junio se realiz\u00f3 una visita del Sistema de Naciones Unidas Ecuador a las provincias de Napo y Pastaza en la que se visitaron a lideresas amaz\u00f3nicas, productores y en la que se conocieron bioemprendimientos de productos forestales no maderables que est\u00e1n contribuyendo al desarrollo sostenible de la Amazon\u00eda ecuatoriana. Por primera vez, y en medio de la pandemia sanitaria del COVID-19, varias autoridades entre ellas:\u00a0 Lena Savelli, Coordinadora Residente de ONU Ecuador, Matilde Mordt, Representante Residente de PNUD Ecuador; Ana Elena Badilla, Representante de ONU Mujeres; Patricia Serrano, Gerente de PROAmazon\u00eda; Agustin Zimmerman, Representante residente de FAO Ecuador y Anamar\u00eda Varea, Coordinadora del Programa de Peque\u00f1as Donaciones de Ecuador participaron en varias actividades en las que plasmaron la situaci\u00f3n actual de los habitantes de esta regi\u00f3n del pa\u00eds y a la vez dialogaron sobre sus iniciativas para salir adelante. Una de las principales actividades fue la visita a la Escuela Antisuyo Warmikuna, una iniciativa que se desarrolla en el marco de actividades de transversalizaci\u00f3n de g\u00e9nero entre ONU Mujeres y PROAmazon\u00eda; programa del Ministerio del Ambiente, Agua y Transici\u00f3n Ecol\u00f3gica \u00a0y el Ministerio de Agricultura y Ganader\u00eda con apoyo del PNUD. A partir [&hellip;]<\/p>\n","protected":false},"author":2,"featured_media":5183,"comment_status":"closed","ping_status":"closed","sticky":false,"template":"","format":"standard","meta":{"_uf_show_specific_survey":0,"_uf_disable_surveys":false,"footnotes":""},"categories":[3,23,27],"tags":[136,137,135,47,44,57],"class_list":["post-5206","post","type-post","status-publish","format-standard","has-post-thumbnail","hentry","category-noticias","category-noticias-home","category-redd","tag-fao","tag-matilde","tag-onu","tag-pnud","tag-proamazonia","tag-redd"],"aioseo_notices":[],"_links":{"self":[{"href":"https:\/\/www.proamazonia.org\/ppr\/wp-json\/wp\/v2\/posts\/5206","targetHints":{"allow":["GET"]}}],"collection":[{"href":"https:\/\/www.proamazonia.org\/ppr\/wp-json\/wp\/v2\/posts"}],"about":[{"href":"https:\/\/www.proamazonia.org\/ppr\/wp-json\/wp\/v2\/types\/post"}],"author":[{"embeddable":true,"href":"https:\/\/www.proamazonia.org\/ppr\/wp-json\/wp\/v2\/users\/2"}],"replies":[{"embeddable":true,"href":"https:\/\/www.proamazonia.org\/ppr\/wp-json\/wp\/v2\/comments?post=5206"}],"version-history":[{"count":8,"href":"https:\/\/www.proamazonia.org\/ppr\/wp-json\/wp\/v2\/posts\/5206\/revisions"}],"predecessor-version":[{"id":5258,"href":"https:\/\/www.proamazonia.org\/ppr\/wp-json\/wp\/v2\/posts\/5206\/revisions\/5258"}],"wp:featuredmedia":[{"embeddable":true,"href":"https:\/\/www.proamazonia.org\/ppr\/wp-json\/wp\/v2\/media\/5183"}],"wp:attachment":[{"href":"https:\/\/www.proamazonia.org\/ppr\/wp-json\/wp\/v2\/media?parent=5206"}],"wp:term":[{"taxonomy":"category","embeddable":true,"href":"https:\/\/www.proamazonia.org\/ppr\/wp-json\/wp\/v2\/categories?post=5206"},{"taxonomy":"post_tag","embeddable":true,"href":"https:\/\/www.proamazonia.org\/ppr\/wp-json\/wp\/v2\/tags?post=5206"}],"curies":[{"name":"wp","href":"https:\/\/api.w.org\/{rel}","templated":true}]}}