{"id":5407,"date":"2021-08-26T12:29:14","date_gmt":"2021-08-26T17:29:14","guid":{"rendered":"https:\/\/www.proamazonia.org\/?p=5407"},"modified":"2021-12-15T21:09:56","modified_gmt":"2021-12-16T02:09:56","slug":"mag-y-maate-entregaron-pdot-impreso-al-gad-provincial-de-morona-santiago","status":"publish","type":"post","link":"https:\/\/www.proamazonia.org\/ppr\/mag-y-maate-entregaron-pdot-impreso-al-gad-provincial-de-morona-santiago\/","title":{"rendered":"MAG Y MAATE ENTREGARON PDOT IMPRESO AL GAD PROVINCIAL DE MORONA SANTIAGO"},"content":{"rendered":"<p><\/p>\n<p style=\"text-align: right;\">Macas, 20 de agosto de 2021<\/p>\n<p>Durante este d\u00eda se realiz\u00f3 la entrega oficial del documento impreso del Plan de Ordenamiento Territorial (PDOT) al Gobierno Aut\u00f3nomo Descentralizado Provincial de Morona Santiago (GADPMS) por parte de las autoridades del Ministerio del Ambiente, Agua y Transici\u00f3n Ecol\u00f3gica y Ministerio de Agricultura y Ganader\u00eda (MAG), en el marco de la implementaci\u00f3n del Programa Integral Amaz\u00f3nico de Conservaci\u00f3n de Bosques y Producci\u00f3n Sostenible (PROAmazon\u00eda), programa liderado por las dos carteras de Estado con el apoyo del Programa de las Naciones Unidas para el Desarrollo (PNUD).<\/p>\n<p>Con el objetivo de contribuir con la difusi\u00f3n y socializaci\u00f3n de esta herramienta de planificaci\u00f3n y articulaci\u00f3n territorial se realiz\u00f3 la impresi\u00f3n de 130 tomos del PDOT completo y 200 memorias externas (flash memories) que contienen el PDOT digital con todos sus anexos. Estos insumos ser\u00e1n distribuidos estrat\u00e9gicamente por parte de la Prefectura a las instituciones del Ejecutivo desconcentrado, a los GAD cantonales y parroquiales, y a otros actores clave, en pro de la conservaci\u00f3n y desarrollo sostenible de la provincia.<\/p>\n<p>Desde el 2019, PROAmazon\u00eda articula acciones con el GAD provincial de Morona Santiago, en el marco de la planificaci\u00f3n territorial, entre las que se encuentran, la actualizaci\u00f3n del PDOT, instrumento elaborado de manera conjunta con el equipo t\u00e9cnico del GAD con el objetivo de promover el desarrollo sostenible de la provincia.<\/p>\n<p>A su vez, se brind\u00f3 apoyo en la elaboraci\u00f3n de insumos para la actualizaci\u00f3n del PDOT, mismos que est\u00e1n relacionados con los componentes biof\u00edsico y econ\u00f3mico productivo en las etapas de Diagn\u00f3stico, Propuesta y Modelo de Gesti\u00f3n, continuando el acompa\u00f1amiento hasta su aprobaci\u00f3n.<\/p>\n<p>\u201c<em>El Gobierno del Encuentro; a trav\u00e9s de esta Cartera de Estado, realiza varios esfuerzos para coordinar acciones con los gobiernos provinciales, cantonales y parroquial con el objetivo de promover en la Amazon\u00eda ecuatoriana, un mayor impacto en la implementaci\u00f3n de la pol\u00edtica p\u00fablica relacionada a la conservaci\u00f3n, producci\u00f3n sostenible libre de deforestaci\u00f3n, g\u00e9nero e interculturalidad, encaminadas a mitigar los efectos del cambio clim\u00e1tico\u201d<\/em>, agreg\u00f3 Karina Barrera, Subsecretaria de Cambio Clim\u00e1tico del MAATE como representante de este ministerio.<\/p>\n<p>El evento cont\u00f3 con la participaci\u00f3n de la Subsecretaria de Cambio Clim\u00e1tico del MAATE, Karina Barrera; el Prefecto de Morona Santiago, Rafael Antuni entre otras autoridades de GAD Cantonales y Parroquiales y representantes del MAG y el GAD Provincial de Morona Santiago.<\/p>\n<p><strong>DATOS IMPORTANTES:<\/strong><\/p>\n<p>PROAmazon\u00eda, programa del Gobierno Nacional con apoyo del PNUD, busca vincular los esfuerzos nacionales de reducci\u00f3n de emisiones de gases de efecto invernadero con las agendas prioritarias del pa\u00eds y las pol\u00edticas de los sectores productivos para reducir las causas y agentes de la deforestaci\u00f3n, as\u00ed como promover un manejo sostenible e integrado de los recursos naturales, en el marco del Plan de Acci\u00f3n REDD+ del Ecuador \u201cBosques para el Buen Vivir\u201d 2016-2025.<\/p>\n<p>&nbsp;<\/p>\n<p style=\"text-align: center;\"><img loading=\"lazy\" decoding=\"async\" class=\"alignnone  wp-image-5412\" src=\"https:\/\/www.proamazonia.org\/wp-content\/uploads\/2021\/08\/4.PDOT_.GAD_.Morona.Santiago.Plan_.amazonia.ecuador.proamazonia-300x200.jpg\" alt=\"\" width=\"541\" height=\"360\" srcset=\"https:\/\/www.proamazonia.org\/ppr\/wp-content\/uploads\/2021\/08\/4.PDOT_.GAD_.Morona.Santiago.Plan_.amazonia.ecuador.proamazonia-300x200.jpg 300w, https:\/\/www.proamazonia.org\/ppr\/wp-content\/uploads\/2021\/08\/4.PDOT_.GAD_.Morona.Santiago.Plan_.amazonia.ecuador.proamazonia-768x512.jpg 768w, https:\/\/www.proamazonia.org\/ppr\/wp-content\/uploads\/2021\/08\/4.PDOT_.GAD_.Morona.Santiago.Plan_.amazonia.ecuador.proamazonia-600x400.jpg 600w, https:\/\/www.proamazonia.org\/ppr\/wp-content\/uploads\/2021\/08\/4.PDOT_.GAD_.Morona.Santiago.Plan_.amazonia.ecuador.proamazonia.jpg 1000w\" sizes=\"auto, (max-width: 541px) 100vw, 541px\" \/> <img loading=\"lazy\" decoding=\"async\" class=\"alignnone  wp-image-5411\" src=\"https:\/\/www.proamazonia.org\/wp-content\/uploads\/2021\/08\/3.PDOT_.GAD_.Morona.Santiago.Plan_.amazonia.ecuador.proamazonia-300x200.jpg\" alt=\"\" width=\"542\" height=\"361\" srcset=\"https:\/\/www.proamazonia.org\/ppr\/wp-content\/uploads\/2021\/08\/3.PDOT_.GAD_.Morona.Santiago.Plan_.amazonia.ecuador.proamazonia-300x200.jpg 300w, https:\/\/www.proamazonia.org\/ppr\/wp-content\/uploads\/2021\/08\/3.PDOT_.GAD_.Morona.Santiago.Plan_.amazonia.ecuador.proamazonia-768x512.jpg 768w, https:\/\/www.proamazonia.org\/ppr\/wp-content\/uploads\/2021\/08\/3.PDOT_.GAD_.Morona.Santiago.Plan_.amazonia.ecuador.proamazonia-600x400.jpg 600w, https:\/\/www.proamazonia.org\/ppr\/wp-content\/uploads\/2021\/08\/3.PDOT_.GAD_.Morona.Santiago.Plan_.amazonia.ecuador.proamazonia.jpg 1000w\" sizes=\"auto, (max-width: 542px) 100vw, 542px\" \/> <img loading=\"lazy\" decoding=\"async\" class=\"alignnone  wp-image-5410\" src=\"https:\/\/www.proamazonia.org\/wp-content\/uploads\/2021\/08\/2.PDOT_.GAD_.Morona.Santiago.Plan_.amazonia.ecuador.proamazonia-300x200.jpg\" alt=\"\" width=\"513\" height=\"343\" srcset=\"https:\/\/www.proamazonia.org\/ppr\/wp-content\/uploads\/2021\/08\/2.PDOT_.GAD_.Morona.Santiago.Plan_.amazonia.ecuador.proamazonia-300x200.jpg 300w, https:\/\/www.proamazonia.org\/ppr\/wp-content\/uploads\/2021\/08\/2.PDOT_.GAD_.Morona.Santiago.Plan_.amazonia.ecuador.proamazonia-1024x682.jpg 1024w, https:\/\/www.proamazonia.org\/ppr\/wp-content\/uploads\/2021\/08\/2.PDOT_.GAD_.Morona.Santiago.Plan_.amazonia.ecuador.proamazonia-768x512.jpg 768w, https:\/\/www.proamazonia.org\/ppr\/wp-content\/uploads\/2021\/08\/2.PDOT_.GAD_.Morona.Santiago.Plan_.amazonia.ecuador.proamazonia-600x400.jpg 600w, https:\/\/www.proamazonia.org\/ppr\/wp-content\/uploads\/2021\/08\/2.PDOT_.GAD_.Morona.Santiago.Plan_.amazonia.ecuador.proamazonia.jpg 1100w\" sizes=\"auto, (max-width: 513px) 100vw, 513px\" \/><\/p>\n<p style=\"text-align: center;\"><b><span style=\"font-size: 10.0pt; color: windowtext;\">Fotograf\u00edas:<\/span><\/b><span style=\"font-size: 10.0pt; color: windowtext;\"> Giovanny Cevallos &#8211; Comunicaci\u00f3n PROAmazon\u00eda<br \/>\n<b><\/b><\/span><b><span style=\"font-size: 10.0pt; color: windowtext;\">Descripci\u00f3n:<\/span><\/b><span style=\"font-size: 10.0pt; color: windowtext;\"> Entrega del Plan de Ordenamiento Territorial (PDOT) al Gobierno Aut\u00f3nomo Descentralizado Provincial de Morona Santiago.<\/span><\/p>\n<p><strong>Autor:<\/strong> Unidad de Comunicaci\u00f3n de PROAmazon\u00eda<\/p>","protected":false},"excerpt":{"rendered":"<p>Macas, 20 de agosto de 2021 Durante este d\u00eda se realiz\u00f3 la entrega oficial del documento impreso del Plan de Ordenamiento Territorial (PDOT) al Gobierno Aut\u00f3nomo Descentralizado Provincial de Morona Santiago (GADPMS) por parte de las autoridades del Ministerio del Ambiente, Agua y Transici\u00f3n Ecol\u00f3gica y Ministerio de Agricultura y Ganader\u00eda (MAG), en el marco de la implementaci\u00f3n del Programa Integral Amaz\u00f3nico de Conservaci\u00f3n de Bosques y Producci\u00f3n Sostenible (PROAmazon\u00eda), programa liderado por las dos carteras de Estado con el apoyo del Programa de las Naciones Unidas para el Desarrollo (PNUD). Con el objetivo de contribuir con la difusi\u00f3n y socializaci\u00f3n de esta herramienta de planificaci\u00f3n y articulaci\u00f3n territorial se realiz\u00f3 la impresi\u00f3n de 130 tomos del PDOT completo y 200 memorias externas (flash memories) que contienen el PDOT digital con todos sus anexos. Estos insumos ser\u00e1n distribuidos estrat\u00e9gicamente por parte de la Prefectura a las instituciones del Ejecutivo desconcentrado, a los GAD cantonales y parroquiales, y a otros actores clave, en pro de la conservaci\u00f3n y desarrollo sostenible de la provincia. Desde el 2019, PROAmazon\u00eda articula acciones con el GAD provincial de Morona Santiago, en el marco de la planificaci\u00f3n territorial, entre las que se encuentran, la actualizaci\u00f3n del [&hellip;]<\/p>\n","protected":false},"author":2,"featured_media":5408,"comment_status":"closed","ping_status":"closed","sticky":false,"template":"","format":"standard","meta":{"_uf_show_specific_survey":0,"_uf_disable_surveys":false,"footnotes":""},"categories":[3,23,24],"tags":[62,73,140,141,72,44],"class_list":["post-5407","post","type-post","status-publish","format-standard","has-post-thumbnail","hentry","category-noticias","category-noticias-home","category-politicas-e-institucionalidad","tag-bosques","tag-gad","tag-morona","tag-oriente","tag-pdot","tag-proamazonia"],"aioseo_notices":[],"_links":{"self":[{"href":"https:\/\/www.proamazonia.org\/ppr\/wp-json\/wp\/v2\/posts\/5407","targetHints":{"allow":["GET"]}}],"collection":[{"href":"https:\/\/www.proamazonia.org\/ppr\/wp-json\/wp\/v2\/posts"}],"about":[{"href":"https:\/\/www.proamazonia.org\/ppr\/wp-json\/wp\/v2\/types\/post"}],"author":[{"embeddable":true,"href":"https:\/\/www.proamazonia.org\/ppr\/wp-json\/wp\/v2\/users\/2"}],"replies":[{"embeddable":true,"href":"https:\/\/www.proamazonia.org\/ppr\/wp-json\/wp\/v2\/comments?post=5407"}],"version-history":[{"count":2,"href":"https:\/\/www.proamazonia.org\/ppr\/wp-json\/wp\/v2\/posts\/5407\/revisions"}],"predecessor-version":[{"id":5792,"href":"https:\/\/www.proamazonia.org\/ppr\/wp-json\/wp\/v2\/posts\/5407\/revisions\/5792"}],"wp:featuredmedia":[{"embeddable":true,"href":"https:\/\/www.proamazonia.org\/ppr\/wp-json\/wp\/v2\/media\/5408"}],"wp:attachment":[{"href":"https:\/\/www.proamazonia.org\/ppr\/wp-json\/wp\/v2\/media?parent=5407"}],"wp:term":[{"taxonomy":"category","embeddable":true,"href":"https:\/\/www.proamazonia.org\/ppr\/wp-json\/wp\/v2\/categories?post=5407"},{"taxonomy":"post_tag","embeddable":true,"href":"https:\/\/www.proamazonia.org\/ppr\/wp-json\/wp\/v2\/tags?post=5407"}],"curies":[{"name":"wp","href":"https:\/\/api.w.org\/{rel}","templated":true}]}}