{"id":5426,"date":"2021-08-26T13:34:12","date_gmt":"2021-08-26T18:34:12","guid":{"rendered":"https:\/\/www.proamazonia.org\/?p=5426"},"modified":"2021-12-15T21:24:16","modified_gmt":"2021-12-16T02:24:16","slug":"plataforma-sostenible-de-cafe-y-cacao-un-espacio-de-dialogo-en-la-amazonia-norte","status":"publish","type":"post","link":"https:\/\/www.proamazonia.org\/ppr\/plataforma-sostenible-de-cafe-y-cacao-un-espacio-de-dialogo-en-la-amazonia-norte\/","title":{"rendered":"Plataforma Sostenible de Caf\u00e9 y Cacao: Un espacio de Di\u00e1logo en la Amazon\u00eda norte"},"content":{"rendered":"<p>Espacios de di\u00e1logo productivo como la mesa provincial, se realizan en el marco de PROAmazon\u00eda, programa de los Ministerios de Agricultura y Ganader\u00eda y Ambiente, Agua y Transici\u00f3n Ecol\u00f3gica, implementado por PNUD; con el objetivo de fomentar el di\u00e1logo y consenso entre los diferentes actores interesados en promover el desarrollo de cadenas de suministro, sostenibles y libre de deforestaci\u00f3n; a trav\u00e9s del establecimiento de Plataformas Regionales de Cadenas de Valor Sostenibles para Caf\u00e9, Cacao, Palma Aceitera y Ganader\u00eda.<\/p>\n<p>El 24 de junio de 2021, se realiz\u00f3 la tercera reuni\u00f3n de mesa provincial en la provincia de Sucumb\u00edos. El objetivo de este espacio de di\u00e1logo fue alcanzar acuerdos con los actores de la provincia de Sucumb\u00edos en torno al dise\u00f1o elaboraci\u00f3n, validaci\u00f3n y ejecuci\u00f3n del Plan de Acci\u00f3n de la Plataforma Regional de Caf\u00e9 y Cacao 2020-2021 con el objetivo de impulsar la producci\u00f3n Amaz\u00f3nica sostenible de caf\u00e9 y cacao entre los actores de Sucumb\u00edos y Orellana.<\/p>\n<p>Durante el encuentro, los participantes identificaron l\u00edneas de acci\u00f3n a partir de los ejes de: desarrollo y producci\u00f3n; postcosecha y calidad; promoci\u00f3n y comercializaci\u00f3n y conformaron sub-mesas de trabajo que les permitir\u00e1 ejecutar y dar seguimiento a las l\u00edneas de acci\u00f3n propuestas.<\/p>\n<p>Las mesas provinciales se realizan en el marco de la implementaci\u00f3n de PROAmazon\u00eda y a trav\u00e9s de estos encuentros, se busca fomentar el di\u00e1logo y el consenso entre los diferentes actores interesados; fomentar el desarrollo de cadenas de suministro, sostenibles y libre de deforestaci\u00f3n mediante el establecimiento de Plataformas Regionales de Cadenas de Valor Sostenibles para Caf\u00e9, Cacao, Palma Aceitera y Ganader\u00eda.<\/p>\n<p>Estos espacios enfocan sus esfuerzos en el acceso a oportunidades en nichos de mercado que valoren el medio ambiente y la producci\u00f3n sostenible. De esta manera, los productores pueden acceder a precios diferenciados, aumentar sus ingresos y adoptar buenas pr\u00e1cticas ambientales y esquemas de certificaci\u00f3n.<\/p>\n<p>En la regi\u00f3n norte, en Orellana y Sucumb\u00edos, se acompa\u00f1a la implementaci\u00f3n de mesas provinciales de di\u00e1logo en torno a los temas de inter\u00e9s de caf\u00e9 y cacao con productores, e instituciones p\u00fablicas y privadas. Desde estos espacios, se promueve la conformaci\u00f3n de una Plataforma Regional Norte, en donde se identifican problem\u00e1ticas comunes y una agenda de trabajo conjunta, orientada a resolver e incidir sobre las brechas en las cadenas de valor de estos dos productos.<\/p>\n<p>Los espacios de di\u00e1logo son\u00a0\u00a0 una importante instancia de participaci\u00f3n de actores involucrados y su orientaci\u00f3n permite resolver problemas comunes. Constituyen tambi\u00e9n oportunidades donde confluyen el gobierno y sociedad civil para la construcci\u00f3n conjunta de una agenda territorial, la implementaci\u00f3n adecuada de pol\u00edticas p\u00fablicas y la convergencia de l\u00edneas de acci\u00f3n similares con el objetivo de evitar duplicidad de esfuerzos y la optimizaci\u00f3n de recursos.<\/p>\n<p>En los \u00faltimos 10 a\u00f1os, el sector primario de las cadenas de caf\u00e9 y cacao de la Amazon\u00eda norte en las provincias de Orellana y Sucumb\u00edos, ha realizado varios esfuerzos para adaptarse a las condiciones de los mercados cada vez m\u00e1s exigentes en un producto de calidad. Esto ha demandado que muchos productores se organicen para solicitar el apoyo de las entidades. Es por ello, que desde PROAmazon\u00eda, continuaremos promoviendo estos espacios y apoyando a la implementaci\u00f3n de medidas y acciones para fomentar una producci\u00f3n sostenible libre de deforestaci\u00f3n.<\/p>\n<p style=\"text-align: center;\"><img loading=\"lazy\" decoding=\"async\" class=\"alignnone  wp-image-5431\" src=\"https:\/\/www.proamazonia.org\/wp-content\/uploads\/2021\/08\/3.plataforma.sostenible.cafe_.cacao_.amazonia.ecuador.proamazonia-300x225.jpg\" alt=\"\" width=\"500\" height=\"375\" srcset=\"https:\/\/www.proamazonia.org\/ppr\/wp-content\/uploads\/2021\/08\/3.plataforma.sostenible.cafe_.cacao_.amazonia.ecuador.proamazonia-300x225.jpg 300w, https:\/\/www.proamazonia.org\/ppr\/wp-content\/uploads\/2021\/08\/3.plataforma.sostenible.cafe_.cacao_.amazonia.ecuador.proamazonia-768x576.jpg 768w, https:\/\/www.proamazonia.org\/ppr\/wp-content\/uploads\/2021\/08\/3.plataforma.sostenible.cafe_.cacao_.amazonia.ecuador.proamazonia-400x300.jpg 400w, https:\/\/www.proamazonia.org\/ppr\/wp-content\/uploads\/2021\/08\/3.plataforma.sostenible.cafe_.cacao_.amazonia.ecuador.proamazonia-800x600.jpg 800w, https:\/\/www.proamazonia.org\/ppr\/wp-content\/uploads\/2021\/08\/3.plataforma.sostenible.cafe_.cacao_.amazonia.ecuador.proamazonia.jpg 1000w\" sizes=\"auto, (max-width: 500px) 100vw, 500px\" \/> <img loading=\"lazy\" decoding=\"async\" class=\"alignnone  wp-image-5432\" src=\"https:\/\/www.proamazonia.org\/wp-content\/uploads\/2021\/08\/4.plataforma.sostenible.cafe_.cacao_.amazonia.ecuador.proamazonia-300x225.jpg\" alt=\"\" width=\"500\" height=\"375\" srcset=\"https:\/\/www.proamazonia.org\/ppr\/wp-content\/uploads\/2021\/08\/4.plataforma.sostenible.cafe_.cacao_.amazonia.ecuador.proamazonia-300x225.jpg 300w, https:\/\/www.proamazonia.org\/ppr\/wp-content\/uploads\/2021\/08\/4.plataforma.sostenible.cafe_.cacao_.amazonia.ecuador.proamazonia-768x576.jpg 768w, https:\/\/www.proamazonia.org\/ppr\/wp-content\/uploads\/2021\/08\/4.plataforma.sostenible.cafe_.cacao_.amazonia.ecuador.proamazonia-400x300.jpg 400w, https:\/\/www.proamazonia.org\/ppr\/wp-content\/uploads\/2021\/08\/4.plataforma.sostenible.cafe_.cacao_.amazonia.ecuador.proamazonia-800x600.jpg 800w, https:\/\/www.proamazonia.org\/ppr\/wp-content\/uploads\/2021\/08\/4.plataforma.sostenible.cafe_.cacao_.amazonia.ecuador.proamazonia.jpg 1000w\" sizes=\"auto, (max-width: 500px) 100vw, 500px\" \/><\/p>\n<p style=\"text-align: center;\"><b><span style=\"font-size: 10.0pt; color: windowtext;\">Fotograf\u00edas:<\/span><\/b><span style=\"font-size: 10.0pt; color: windowtext;\"> Luc\u00eda Valverde<br \/>\n<b><\/b><\/span><b><span style=\"font-size: 10.0pt; color: windowtext;\">Descripci\u00f3n:<\/span><\/b><span style=\"font-size: 10.0pt; color: windowtext;\"> Participantes y expositores en el taller\u00a0 del Plan de Acci\u00f3n de la Plataforma Regional de Caf\u00e9 y Cacao 2020-2021 (24 de junio, Sucumb\u00edos)<\/span><\/p>\n<p><img loading=\"lazy\" decoding=\"async\" class=\"alignnone  wp-image-5430 aligncenter\" src=\"https:\/\/www.proamazonia.org\/wp-content\/uploads\/2021\/08\/2.plataforma.sostenible.cafe_.cacao_.amazonia.ecuador.proamazonia-300x225.jpg\" alt=\"\" width=\"713\" height=\"535\" srcset=\"https:\/\/www.proamazonia.org\/ppr\/wp-content\/uploads\/2021\/08\/2.plataforma.sostenible.cafe_.cacao_.amazonia.ecuador.proamazonia-300x225.jpg 300w, https:\/\/www.proamazonia.org\/ppr\/wp-content\/uploads\/2021\/08\/2.plataforma.sostenible.cafe_.cacao_.amazonia.ecuador.proamazonia-768x576.jpg 768w, https:\/\/www.proamazonia.org\/ppr\/wp-content\/uploads\/2021\/08\/2.plataforma.sostenible.cafe_.cacao_.amazonia.ecuador.proamazonia-400x300.jpg 400w, https:\/\/www.proamazonia.org\/ppr\/wp-content\/uploads\/2021\/08\/2.plataforma.sostenible.cafe_.cacao_.amazonia.ecuador.proamazonia-800x600.jpg 800w, https:\/\/www.proamazonia.org\/ppr\/wp-content\/uploads\/2021\/08\/2.plataforma.sostenible.cafe_.cacao_.amazonia.ecuador.proamazonia.jpg 1000w\" sizes=\"auto, (max-width: 713px) 100vw, 713px\" \/><\/p>\n<p style=\"text-align: center;\"><b><span style=\"font-size: 10.0pt; color: windowtext;\">Fotograf\u00edas:<\/span><\/b><span style=\"font-size: 10.0pt; color: windowtext;\"> Luc\u00eda Valverde<br \/>\n<b><\/b><\/span><b><span style=\"font-size: 10.0pt; color: windowtext;\">Descripci\u00f3n:<\/span><\/b><span style=\"font-size: 10.0pt; color: windowtext;\"> Expositores en el taller sobre el Plan de Acci\u00f3n de la Plataforma Regional de Caf\u00e9 y Cacao 2020-2021 (24 de junio, Sucumb\u00edos)<\/span><\/p>\n<p>&nbsp;<\/p>\n<p><strong>Autora:<\/strong> Luc\u00eda Valverde, Especialista T\u00e9cnica en Asociatividad y Cooperativismo &#8211; PROAmazon\u00eda<\/p>","protected":false},"excerpt":{"rendered":"<p>Espacios de di\u00e1logo productivo como la mesa provincial, se realizan en el marco de PROAmazon\u00eda, programa de los Ministerios de Agricultura y Ganader\u00eda y Ambiente, Agua y Transici\u00f3n Ecol\u00f3gica, implementado por PNUD; con el objetivo de fomentar el di\u00e1logo y consenso entre los diferentes actores interesados en promover el desarrollo de cadenas de suministro, sostenibles y libre de deforestaci\u00f3n; a trav\u00e9s del establecimiento de Plataformas Regionales de Cadenas de Valor Sostenibles para Caf\u00e9, Cacao, Palma Aceitera y Ganader\u00eda. El 24 de junio de 2021, se realiz\u00f3 la tercera reuni\u00f3n de mesa provincial en la provincia de Sucumb\u00edos. El objetivo de este espacio de di\u00e1logo fue alcanzar acuerdos con los actores de la provincia de Sucumb\u00edos en torno al dise\u00f1o elaboraci\u00f3n, validaci\u00f3n y ejecuci\u00f3n del Plan de Acci\u00f3n de la Plataforma Regional de Caf\u00e9 y Cacao 2020-2021 con el objetivo de impulsar la producci\u00f3n Amaz\u00f3nica sostenible de caf\u00e9 y cacao entre los actores de Sucumb\u00edos y Orellana. Durante el encuentro, los participantes identificaron l\u00edneas de acci\u00f3n a partir de los ejes de: desarrollo y producci\u00f3n; postcosecha y calidad; promoci\u00f3n y comercializaci\u00f3n y conformaron sub-mesas de trabajo que les permitir\u00e1 ejecutar y dar seguimiento a las l\u00edneas de acci\u00f3n propuestas. Las mesas [&hellip;]<\/p>\n","protected":false},"author":2,"featured_media":5428,"comment_status":"closed","ping_status":"closed","sticky":false,"template":"","format":"standard","meta":{"_uf_show_specific_survey":0,"_uf_disable_surveys":false,"footnotes":""},"categories":[3,23,25],"tags":[117,144,53,42,66],"class_list":["post-5426","post","type-post","status-publish","format-standard","has-post-thumbnail","hentry","category-noticias","category-noticias-home","category-produccion-sostenible","tag-bosque","tag-cacao","tag-cafe","tag-ecuador","tag-sostenible"],"aioseo_notices":[],"_links":{"self":[{"href":"https:\/\/www.proamazonia.org\/ppr\/wp-json\/wp\/v2\/posts\/5426","targetHints":{"allow":["GET"]}}],"collection":[{"href":"https:\/\/www.proamazonia.org\/ppr\/wp-json\/wp\/v2\/posts"}],"about":[{"href":"https:\/\/www.proamazonia.org\/ppr\/wp-json\/wp\/v2\/types\/post"}],"author":[{"embeddable":true,"href":"https:\/\/www.proamazonia.org\/ppr\/wp-json\/wp\/v2\/users\/2"}],"replies":[{"embeddable":true,"href":"https:\/\/www.proamazonia.org\/ppr\/wp-json\/wp\/v2\/comments?post=5426"}],"version-history":[{"count":3,"href":"https:\/\/www.proamazonia.org\/ppr\/wp-json\/wp\/v2\/posts\/5426\/revisions"}],"predecessor-version":[{"id":5795,"href":"https:\/\/www.proamazonia.org\/ppr\/wp-json\/wp\/v2\/posts\/5426\/revisions\/5795"}],"wp:featuredmedia":[{"embeddable":true,"href":"https:\/\/www.proamazonia.org\/ppr\/wp-json\/wp\/v2\/media\/5428"}],"wp:attachment":[{"href":"https:\/\/www.proamazonia.org\/ppr\/wp-json\/wp\/v2\/media?parent=5426"}],"wp:term":[{"taxonomy":"category","embeddable":true,"href":"https:\/\/www.proamazonia.org\/ppr\/wp-json\/wp\/v2\/categories?post=5426"},{"taxonomy":"post_tag","embeddable":true,"href":"https:\/\/www.proamazonia.org\/ppr\/wp-json\/wp\/v2\/tags?post=5426"}],"curies":[{"name":"wp","href":"https:\/\/api.w.org\/{rel}","templated":true}]}}