{"id":5451,"date":"2021-08-26T15:42:14","date_gmt":"2021-08-26T20:42:14","guid":{"rendered":"https:\/\/www.proamazonia.org\/?p=5451"},"modified":"2021-12-15T21:33:47","modified_gmt":"2021-12-16T02:33:47","slug":"capacitacion-en-monitoreo-comunitario-para-tecnicos-del-maate-y-gobiernos-locales","status":"publish","type":"post","link":"https:\/\/www.proamazonia.org\/ppr\/capacitacion-en-monitoreo-comunitario-para-tecnicos-del-maate-y-gobiernos-locales\/","title":{"rendered":"Capacitaci\u00f3n en Monitoreo Comunitario para T\u00e9cnicos del MAATE y Gobiernos Locales"},"content":{"rendered":"<p>Cuarenta y nueve participantes se capacitaron en diversos temas relacionados con el Monitoreo Comunitario Participativo como parte de un programa de capacitaci\u00f3n organizado por el Ministerio del Ambiente, Agua y Transici\u00f3n Ecol\u00f3gica (MAATE), con la asistencia t\u00e9cnica de la Organizaci\u00f3n de las Naciones Unidas para la Alimentaci\u00f3n y la Agricultura (FAO), en el marco de PROAmazon\u00eda.<\/p>\n<p>El Ministerio del Ambiente, Agua y Transici\u00f3n Ecol\u00f3gica (MAATE), con la asistencia t\u00e9cnica de la Organizaci\u00f3n de las Naciones Unidas para la Alimentaci\u00f3n y la Agricultura (FAO), en el marco del Programa Integral Amaz\u00f3nico para la Conservaci\u00f3n de Bosques y Producci\u00f3n Sostenible (PROAmazon\u00eda), implementa un modelo de Monitoreo Comunitario que promueve la participaci\u00f3n plena y equitativa de mujeres y hombres de las comunidades para la gesti\u00f3n de la informaci\u00f3n y la toma de decisiones sobre el manejo y conservaci\u00f3n de los recursos naturales de sus comunidades. A su vez, contribuye con el Sistema Nacional de Monitoreo de Bosques, interactuando con actores del \u00e1mbito nacional y local, para fortalecer los procesos de gobernanza forestal.<\/p>\n<p>En el marco de esta implementaci\u00f3n del modelo de Monitoreo Comunitario, durante cinco semanas, a partir del 7 de julio, se realiz\u00f3 un proceso de fortalecimiento de capacidades en el que los participantes conocieron las experiencias de nuestra regi\u00f3n, en la que se han implementado distintos mecanismos y propuestas de monitoreo comunitario. Para la FAO, la gobernanza territorial es una herramienta fundamental a favor de la conservaci\u00f3n y el manejo sostenible de los bosques. El taller estuvo dirigido al personal t\u00e9cnico de las Direcciones Zonales del MAATE, Ministerio de Agricultura y Ganader\u00eda, Gobiernos Aut\u00f3nomos Descentralizados (\u00e1mbito parroquial, cantonal y provincial), PROAmazon\u00eda, miembros de la Mesa de Trabajo REDD+ y Confederaci\u00f3n de Nacionalidades Ind\u00edgenas de la Amazon\u00eda (CONFENIAE).<\/p>\n<p>Las experiencias entregadas durante estas jornadas mostraron que en Ecuador y en la regi\u00f3n existen esfuerzos importantes que est\u00e1n encaminados a la conservaci\u00f3n y el manejo sostenible de los recursos forestales. Estas acciones tienen un componente primordial: la participaci\u00f3n comprometida de comunidades, pueblos y nacionalidades que viven del bosque y procuran su sostenibilidad. Para ellos, el intercambio de experiencias es el modo m\u00e1s adecuado de \u201caprender haciendo\u201d, rememorando a Paulo Freire y su educaci\u00f3n liberadora.<\/p>\n<p>El curso, con un total de 24 horas, que fue impartido en cinco m\u00f3dulos, incluidas las tareas y ejercicios pr\u00e1cticos, permitieron a los participantes conocer sobre el monitoreo, la vigilancia comunitaria del bosque, el monitoreo forestal, el proceso de la Evaluaci\u00f3n Nacional Forestal. As\u00ed tambi\u00e9n, se revisaron las generalidades para el aprovechamiento sostenible de Productos Forestales no Maderables (PFNM) y el uso de herramientas, aplicativos e instrumentos que faciliten la recolecci\u00f3n de datos que sean compatibles con las necesidades de informaci\u00f3n del Estado para la mejor apreciaci\u00f3n de la realidad de los bosques.<\/p>\n<p>Para esta capacitaci\u00f3n, se utiliz\u00f3 la plataforma de aprendizaje del MAATE y gracias a ejercicios pr\u00e1cticos se evalu\u00f3 el aprendizaje de los participantes. El plan de capacitaci\u00f3n cont\u00f3 con el aval acad\u00e9mico de la Universidad Nacional de Loja, instituci\u00f3n con la que FAO Ecuador firm\u00f3 el convenio de cooperaci\u00f3n.<\/p>\n<p>FAO ha prestado su asistencia t\u00e9cnica al Ministerio del Ambiente, Agua y Transici\u00f3n Ecol\u00f3gica para la realizaci\u00f3n de este curso. Como parte de las acciones de seguimiento, se implementar\u00e1 una serie de talleres en territorio, en los que se replicar\u00e1 los conocimientos de manera pr\u00e1ctica, a fin de que las comunidades involucradas puedan salvaguardar sus territorios y recoger informaci\u00f3n que permita al MAATE determinar el estado de los bosques y as\u00ed poder tomar mejores decisiones e implementar pol\u00edticas p\u00fablicas que garanticen su manejo sostenible.<\/p>\n<p><img loading=\"lazy\" decoding=\"async\" class=\"alignnone  wp-image-5457 aligncenter\" src=\"https:\/\/www.proamazonia.org\/wp-content\/uploads\/2021\/08\/4.monitoreo.comunitario.capacitacion.amazonia.ecuador.proamazonia-300x150.jpg\" alt=\"\" width=\"932\" height=\"466\" srcset=\"https:\/\/www.proamazonia.org\/ppr\/wp-content\/uploads\/2021\/08\/4.monitoreo.comunitario.capacitacion.amazonia.ecuador.proamazonia-300x150.jpg 300w, https:\/\/www.proamazonia.org\/ppr\/wp-content\/uploads\/2021\/08\/4.monitoreo.comunitario.capacitacion.amazonia.ecuador.proamazonia-768x384.jpg 768w, https:\/\/www.proamazonia.org\/ppr\/wp-content\/uploads\/2021\/08\/4.monitoreo.comunitario.capacitacion.amazonia.ecuador.proamazonia-1000x500.jpg 1000w, https:\/\/www.proamazonia.org\/ppr\/wp-content\/uploads\/2021\/08\/4.monitoreo.comunitario.capacitacion.amazonia.ecuador.proamazonia.jpg 1024w\" sizes=\"auto, (max-width: 932px) 100vw, 932px\" \/><\/p>\n<p style=\"text-align: center;\"><b><span style=\"font-size: 10.0pt; color: windowtext;\">Fotograf\u00eda:<\/span><\/b><span style=\"font-size: 10.0pt; color: windowtext;\"> FAO<br \/>\n<\/span><b><\/b><b><span style=\"font-size: 10.0pt; color: windowtext;\">Descripci\u00f3n:<\/span><\/b><span style=\"font-size: 10.0pt; color: windowtext;\"> Las capacitaciones sobre Monitoreo Comunitario Participativo se realizaron durante cinco semanas a m\u00e1s de cuarenta participantes.<\/span><\/p>\n<p>&nbsp;<\/p>\n<p style=\"text-align: center;\"><img loading=\"lazy\" decoding=\"async\" class=\"alignnone  wp-image-5455\" src=\"https:\/\/www.proamazonia.org\/wp-content\/uploads\/2021\/08\/2.monitoreo.comunitario.capacitacion.amazonia.ecuador.proamazonia-300x150.jpg\" alt=\"\" width=\"530\" height=\"265\" srcset=\"https:\/\/www.proamazonia.org\/ppr\/wp-content\/uploads\/2021\/08\/2.monitoreo.comunitario.capacitacion.amazonia.ecuador.proamazonia-300x150.jpg 300w, https:\/\/www.proamazonia.org\/ppr\/wp-content\/uploads\/2021\/08\/2.monitoreo.comunitario.capacitacion.amazonia.ecuador.proamazonia-768x384.jpg 768w, https:\/\/www.proamazonia.org\/ppr\/wp-content\/uploads\/2021\/08\/2.monitoreo.comunitario.capacitacion.amazonia.ecuador.proamazonia-1000x500.jpg 1000w, https:\/\/www.proamazonia.org\/ppr\/wp-content\/uploads\/2021\/08\/2.monitoreo.comunitario.capacitacion.amazonia.ecuador.proamazonia.jpg 1024w\" sizes=\"auto, (max-width: 530px) 100vw, 530px\" \/> <img loading=\"lazy\" decoding=\"async\" class=\"alignnone  wp-image-5456\" src=\"https:\/\/www.proamazonia.org\/wp-content\/uploads\/2021\/08\/3.monitoreo.comunitario.capacitacion.amazonia.ecuador.proamazonia-300x150.jpg\" alt=\"\" width=\"544\" height=\"272\" srcset=\"https:\/\/www.proamazonia.org\/ppr\/wp-content\/uploads\/2021\/08\/3.monitoreo.comunitario.capacitacion.amazonia.ecuador.proamazonia-300x150.jpg 300w, https:\/\/www.proamazonia.org\/ppr\/wp-content\/uploads\/2021\/08\/3.monitoreo.comunitario.capacitacion.amazonia.ecuador.proamazonia-768x384.jpg 768w, https:\/\/www.proamazonia.org\/ppr\/wp-content\/uploads\/2021\/08\/3.monitoreo.comunitario.capacitacion.amazonia.ecuador.proamazonia-1000x500.jpg 1000w, https:\/\/www.proamazonia.org\/ppr\/wp-content\/uploads\/2021\/08\/3.monitoreo.comunitario.capacitacion.amazonia.ecuador.proamazonia.jpg 1024w\" sizes=\"auto, (max-width: 544px) 100vw, 544px\" \/><\/p>\n<p style=\"text-align: center;\"><b><span style=\"font-size: 10.0pt; color: windowtext;\">Fotograf\u00eda:<\/span><\/b><span style=\"font-size: 10.0pt; color: windowtext;\"> FAO<br \/>\n<\/span><b><\/b><b><span style=\"font-size: 10.0pt; color: windowtext;\">Descripci\u00f3n:<\/span><\/b><span style=\"font-size: 10.0pt; color: windowtext;\"> M\u00f3nica Ortiz &#8211; Especialista en Monitoreo Comunitario- Proyecto FAO &#8211; PROAmazon\u00eda<\/span><\/p>\n<p><strong>Autora:\u00a0<\/strong><\/p>\n<p>Mar\u00eda Clara Eguiguren\u00a0&#8211;\u00a0T\u00e9cnica en Fortalecimiento de capacidades\u00a0y comunicaci\u00f3n &#8211; Proyecto\u00a0FAO-PROAmazon\u00eda<\/p>","protected":false},"excerpt":{"rendered":"<p>Cuarenta y nueve participantes se capacitaron en diversos temas relacionados con el Monitoreo Comunitario Participativo como parte de un programa de capacitaci\u00f3n organizado por el Ministerio del Ambiente, Agua y Transici\u00f3n Ecol\u00f3gica (MAATE), con la asistencia t\u00e9cnica de la Organizaci\u00f3n de las Naciones Unidas para la Alimentaci\u00f3n y la Agricultura (FAO), en el marco de PROAmazon\u00eda. El Ministerio del Ambiente, Agua y Transici\u00f3n Ecol\u00f3gica (MAATE), con la asistencia t\u00e9cnica de la Organizaci\u00f3n de las Naciones Unidas para la Alimentaci\u00f3n y la Agricultura (FAO), en el marco del Programa Integral Amaz\u00f3nico para la Conservaci\u00f3n de Bosques y Producci\u00f3n Sostenible (PROAmazon\u00eda), implementa un modelo de Monitoreo Comunitario que promueve la participaci\u00f3n plena y equitativa de mujeres y hombres de las comunidades para la gesti\u00f3n de la informaci\u00f3n y la toma de decisiones sobre el manejo y conservaci\u00f3n de los recursos naturales de sus comunidades. A su vez, contribuye con el Sistema Nacional de Monitoreo de Bosques, interactuando con actores del \u00e1mbito nacional y local, para fortalecer los procesos de gobernanza forestal. En el marco de esta implementaci\u00f3n del modelo de Monitoreo Comunitario, durante cinco semanas, a partir del 7 de julio, se realiz\u00f3 un proceso de fortalecimiento de capacidades en el que [&hellip;]<\/p>\n","protected":false},"author":2,"featured_media":5453,"comment_status":"closed","ping_status":"closed","sticky":false,"template":"","format":"standard","meta":{"_uf_show_specific_survey":0,"_uf_disable_surveys":false,"footnotes":""},"categories":[3,23,31],"tags":[62,136,47,44,133,148],"class_list":["post-5451","post","type-post","status-publish","format-standard","has-post-thumbnail","hentry","category-noticias","category-noticias-home","category-restauracion","tag-bosques","tag-fao","tag-pnud","tag-proamazonia","tag-restauracion","tag-virtual"],"aioseo_notices":[],"_links":{"self":[{"href":"https:\/\/www.proamazonia.org\/ppr\/wp-json\/wp\/v2\/posts\/5451","targetHints":{"allow":["GET"]}}],"collection":[{"href":"https:\/\/www.proamazonia.org\/ppr\/wp-json\/wp\/v2\/posts"}],"about":[{"href":"https:\/\/www.proamazonia.org\/ppr\/wp-json\/wp\/v2\/types\/post"}],"author":[{"embeddable":true,"href":"https:\/\/www.proamazonia.org\/ppr\/wp-json\/wp\/v2\/users\/2"}],"replies":[{"embeddable":true,"href":"https:\/\/www.proamazonia.org\/ppr\/wp-json\/wp\/v2\/comments?post=5451"}],"version-history":[{"count":2,"href":"https:\/\/www.proamazonia.org\/ppr\/wp-json\/wp\/v2\/posts\/5451\/revisions"}],"predecessor-version":[{"id":5797,"href":"https:\/\/www.proamazonia.org\/ppr\/wp-json\/wp\/v2\/posts\/5451\/revisions\/5797"}],"wp:featuredmedia":[{"embeddable":true,"href":"https:\/\/www.proamazonia.org\/ppr\/wp-json\/wp\/v2\/media\/5453"}],"wp:attachment":[{"href":"https:\/\/www.proamazonia.org\/ppr\/wp-json\/wp\/v2\/media?parent=5451"}],"wp:term":[{"taxonomy":"category","embeddable":true,"href":"https:\/\/www.proamazonia.org\/ppr\/wp-json\/wp\/v2\/categories?post=5451"},{"taxonomy":"post_tag","embeddable":true,"href":"https:\/\/www.proamazonia.org\/ppr\/wp-json\/wp\/v2\/tags?post=5451"}],"curies":[{"name":"wp","href":"https:\/\/api.w.org\/{rel}","templated":true}]}}