{"id":5476,"date":"2021-08-26T19:10:16","date_gmt":"2021-08-27T00:10:16","guid":{"rendered":"https:\/\/www.proamazonia.org\/?p=5476"},"modified":"2021-12-15T22:25:38","modified_gmt":"2021-12-16T03:25:38","slug":"entrevista-a-isabela-ponce","status":"publish","type":"post","link":"https:\/\/www.proamazonia.org\/ppr\/entrevista-a-isabela-ponce\/","title":{"rendered":"ENTREVISTA A ISABELA PONCE"},"content":{"rendered":"<p><img loading=\"lazy\" decoding=\"async\" class=\" wp-image-5480 alignright\" src=\"https:\/\/www.proamazonia.org\/wp-content\/uploads\/2021\/08\/A.entrevista.isabela.ponce_.amazonia.ecuador.proamazonia-300x210.jpg\" alt=\"\" width=\"458\" height=\"321\" srcset=\"https:\/\/www.proamazonia.org\/ppr\/wp-content\/uploads\/2021\/08\/A.entrevista.isabela.ponce_.amazonia.ecuador.proamazonia-300x210.jpg 300w, https:\/\/www.proamazonia.org\/ppr\/wp-content\/uploads\/2021\/08\/A.entrevista.isabela.ponce_.amazonia.ecuador.proamazonia.jpg 572w\" sizes=\"auto, (max-width: 458px) 100vw, 458px\" \/>Isabela Ponce es periodista, cofundadora y directora editorial de GK<a href=\"#_ftn1\" name=\"_ftnref1\">[1]<\/a>. Sus art\u00edculos se especializan en temas relacionados a los derechos de las ni\u00f1as y mujeres, minor\u00edas y medioambiente, enfatiza la situaci\u00f3n de regiones espec\u00edficas del Ecuador.<\/p>\n<p>En el 2019 gan\u00f3 una menci\u00f3n de la Sociedad Interamericana de Prensa (SIP), en la categor\u00eda opini\u00f3n por una columna sobre violencia de g\u00e9nero, y form\u00f3 parte del equipo finalista al \u201cPremio Gabo\u201d<a href=\"#_ftn2\" name=\"_ftnref2\">[2]<\/a> en la categor\u00eda cobertura por el proyecto Frontera Cautiva. En el 2020 qued\u00f3 finalista en los premios de Online News Association por el proyecto \u201cLas mujeres que le ganaron al desierto\u201d<a href=\"#_ftn3\" name=\"_ftnref3\">[3]<\/a>.<\/p>\n<p>En mayo del 2021, Isabela Ponce gan\u00f3 el premio de periodismo Ortega y Gasset en la categor\u00eda de Mejor historia o investigaci\u00f3n period\u00edstica, por el reportaje Las mujeres que le ganaron al desierto.<a href=\"#_ftn4\" name=\"_ftnref4\">[4]<\/a><\/p>\n<p>&nbsp;<\/p>\n<p><strong>PREGUNTAS:<\/strong><\/p>\n<ol>\n<li><strong>\u00bfC\u00f3mo periodista ecuatoriana, cu\u00e1l es tu motivaci\u00f3n para escribir historias con un enfoque de Derechos Humanos que prioricen a las mujeres?<\/strong><\/li>\n<\/ol>\n<p>La motivaci\u00f3n viene un poco por la ausencia de estas historias, por la necesidad de que exista un espacio as\u00ed, no puedo decir que soy la \u00fanica o que GK es el \u00fanico medio que lo cubre, pero si lo hacemos de manera permanente, y porqu\u00e9 es importante desde el periodismo, porque claramente cubre con una funci\u00f3n social de llegar a grandes audiencias, a las que no siempre se puede llegar desde las instituciones o desde la academia, entonces es mejor aprovechar estas caracter\u00edsticas que tienen los medios de comunicaci\u00f3n para poder llevar mensajes que pueden ser complejos y aterrizarlos para que puedan justamente ser un medio y llegar con las ideas, entonces podemos recuperar el rol social que tiene el periodismo al elegir contar otro tipo de historias.<\/p>\n<hr \/>\n<ol start=\"2\">\n<li><strong>\u00bfDesde la perspectiva de g\u00e9nero, qu\u00e9 papel crees que tienen las mujeres en el cuidado del medio ambiente y la conservaci\u00f3n de bosques?<\/strong><\/li>\n<\/ol>\n<p>La perspectiva de g\u00e9nero est\u00e1 relacionada al enfoque de Derechos Humanos, no hay nada divorciado, es una tem\u00e1tica transversal, creo que en materia de conservaci\u00f3n y medio ambiente como en otros espacios, es poder mostrar como las mujeres por su historia, su contexto, el tema socio cultural estamos preocupadas por algo m\u00e1s que el beneficio individual. Creo que es evidente en much\u00edsimos aspectos y en este tema del cuidado del medio ambiente tambi\u00e9n se ve, muchas veces no se manifiesta de manera consciente que las mujeres est\u00e9n cuidando de su familia, de su entorno, es decir realizando muchas tareas de cuidado, que en ocasiones creen que es normal o que es parte de su rol en la sociedad, pero que en realidad el que la mujer se dedique en su mayor\u00eda a tareas, puede ser algo impuesto. Para m\u00ed es importante mostrar en las historias de qu\u00e9 manera se dan las cosas y adem\u00e1s presentar el lado positivo, por ejemplo, si una mujer participa en proceso urban\u00edstico, esa mujer va a pensar que ese espacio sea m\u00e1s inclusivo para los dem\u00e1s. En el caso del ambiente, no solamente se est\u00e1 pensando en el cuidado de un espacio para ellas, sino m\u00e1s bien conservan su entorno pensando en un bien mayor, creo que es importante mostrar esas historias que por s\u00ed mismas revelan estos conceptos que pueden resultar complejos.<\/p>\n<p>A\u00fan es importante trabajar en reducir las brechas de g\u00e9nero en el campo y en la Amazon\u00eda, se debe comprender la relaci\u00f3n que tienen las mujeres amaz\u00f3nicas con su entorno, que es distinta a la que existe en las ciudades, un factor com\u00fan que tienen las mujeres rurales en general es su generosidad y su gratitud hacia quienes visitan sus comunidades, adem\u00e1s de su fortaleza y su capacidad de pensar en comunidad.<\/p>\n<hr \/>\n<ol start=\"3\">\n<li><strong>En tu reportaje ganador del premio Ortega y Gasset, muestras la importancia del acceso y uso del agua. \u00bfQu\u00e9 tan preparadas consideras que est\u00e1n las comunidades rurales, sobre todo en la Amazon\u00eda para hacer frente al Cambio Clim\u00e1tico?<\/strong><\/li>\n<\/ol>\n<p>Las comunidades rurales se han ido adaptando de manera emp\u00edrica a este fen\u00f3meno, y en el caso de la historia hacen grandes esfuerzos por conseguir agua, creo que podr\u00eda haber m\u00e1s apoyo por parte de los Gobiernos Locales, quienes tienen a su cargo solventar las necesidades de acceso a servicios b\u00e1sicos e infraestructura. Es destacable la implementaci\u00f3n de proyectos para mitigar el cambio clim\u00e1tico como el FORECCSA, gracias a este proyecto conocimos a las mujeres de la historia en Jubones. En ese sentido es necesaria una mayor presencia del Estado para garantizar la calidad de vida de los habitantes. Tambi\u00e9n es importante dar continuidad a los programas y proyectos que trabajan para ayudar a las comunidades.<\/p>\n<hr \/>\n<ol start=\"4\">\n<li><strong>El 9 de agosto se celebra el D\u00eda Internacional de los Pueblos Ind\u00edgenas, \u00bfQu\u00e9 desaf\u00edos crees que a\u00fan enfrentan los pueblos y nacionalidades ind\u00edgenas en Ecuador, sobre todo en la Amazon\u00eda ecuatoriana?<\/strong><\/li>\n<\/ol>\n<p>Junto al fen\u00f3meno de cambio clim\u00e1tico que es una problem\u00e1tica muy amplia y que nos afecta a todos, creo que el mayor desaf\u00edo que enfrentan los pueblos y nacionalidades ind\u00edgenas tiene que ver con la deforestaci\u00f3n, sea para la venta de esa madera, como para obras de infraestructura, adem\u00e1s de la presi\u00f3n que sufren a diario las comunidades por la p\u00e9rdida de sus territorios, existe un despojo muy grande a esos grupos.<\/p>\n<hr \/>\n<ol start=\"5\">\n<li><strong>La Amazon\u00eda es un lugar \u00fanico, \u00bfQu\u00e9 logros consideras que han alcanzado las y los l\u00edderes ind\u00edgenas para la conservaci\u00f3n de los bosques y sus territorios?<\/strong><\/li>\n<\/ol>\n<p>El desaf\u00edo es muy grande, existen m\u00e1s de 400 casos de l\u00edderes ind\u00edgenas que han sufrido alg\u00fan de ataque y amenaza por defender sus territorios, frente a los da\u00f1os ambientales, peligra la integridad de los l\u00edderes y lideresas amaz\u00f3nicas, como lo denuncian los informes de las organizaciones de Derechos Humanos.<\/p>\n<p>Frente a esta problem\u00e1tica, en los \u00faltimos a\u00f1os hemos podido ver importantes triunfos por parte de las comunidades y pueblos ind\u00edgenas frente a empresas extractivas, lo cual brinda esperanza de que las cosas pueden ser distintas. Hay que rescatar los casos en defensa de la biodiversidad del pa\u00eds. Desde GK, el medio de comunicaci\u00f3n que tenemos, procuramos contar esas historias, eso es importante.<\/p>\n<hr \/>\n<ol start=\"6\">\n<li><strong>\u00bfCu\u00e1l crees que es el aporte de la comunicaci\u00f3n para conservar nuestros bosques, de la mano de los actores que dependen de ellos? \u00bfPor qu\u00e9 es importante contar estas historias?<\/strong><\/li>\n<\/ol>\n<p>Es importante conocer las voces de la diversidad cultural del pa\u00eds no solamente en fechas emblem\u00e1ticas, sino poder incluir a los grupos en todo tipo de historias para visibilizarlos y lograr que esa minor\u00eda se vuelva parte de la mayor\u00eda.<\/p>\n<p>Presentar historias de conservaci\u00f3n permite que los dem\u00e1s conozcan sobre la importancia de conservar los bosques y tambi\u00e9n conocer de primera mano c\u00f3mo viven las comunidades de la Amazon\u00eda y la relaci\u00f3n que tienen con la Naturaleza.<\/p>\n<p>Es fundamental visibilizar las historias que conecten con la ciudadan\u00eda, pero es importante conectar este concepto que puede resultar amplio de manera amigable con la audiencia, existe a\u00fan un espacio de oportunidad para que las personas puedan comprender este concepto, es necesario visibilizarlo m\u00e1s. Es importante que el enfoque de las historias mencione sobre que ODS inciden y sobre todo romper los estereotipos de g\u00e9nero y sobre los pueblos y nacionalidades dentro de los medios de comunicaci\u00f3n.<\/p>\n<p><img loading=\"lazy\" decoding=\"async\" class=\" wp-image-5481 aligncenter\" src=\"https:\/\/www.proamazonia.org\/wp-content\/uploads\/2021\/08\/2.entrevista.isabela.ponce_.amazonia.ecuador.proamazonia-300x222.jpg\" alt=\"\" width=\"882\" height=\"653\" srcset=\"https:\/\/www.proamazonia.org\/ppr\/wp-content\/uploads\/2021\/08\/2.entrevista.isabela.ponce_.amazonia.ecuador.proamazonia-300x222.jpg 300w, https:\/\/www.proamazonia.org\/ppr\/wp-content\/uploads\/2021\/08\/2.entrevista.isabela.ponce_.amazonia.ecuador.proamazonia.jpg 680w\" sizes=\"auto, (max-width: 882px) 100vw, 882px\" \/><\/p>\n<p style=\"text-align: center;\"><b><span style=\"font-size: 10.0pt; color: windowtext;\">Fotograf\u00eda:<\/span><\/b><span style=\"font-size: 10.0pt; color: windowtext;\"> Cortes\u00eda de Isabela Ponce<br \/>\n<\/span><b><\/b><b><span style=\"font-size: 10.0pt; color: windowtext;\">Descripci\u00f3n:<\/span><\/b><span style=\"font-size: 10.0pt; color: windowtext;\"> Isabela Ponce junto a j\u00f3venes periodistas de la Amazon\u00eda ecuatoriana, junio 2021.<\/span><\/p>\n<p><a href=\"#_ftnref1\" name=\"_ftn1\">[1]<\/a> GK, es un medio de comunicaci\u00f3n independiente, que hace periodismo de profundidad e impacto social con un enfoque de Derechos Humanos en tres ejes: Transparencia, G\u00e9nero y Medioambiente. Actualmente se encuentra entre los 10 medios m\u00e1s le\u00eddos en Ecuador. <a href=\"https:\/\/gk.city\/que-es\/\">https:\/\/gk.city\/que-es\/<\/a><\/p>\n<p><a href=\"#_ftnref2\" name=\"_ftn2\">[2]<\/a> El Premio Gabo, promueve un mejor periodismo, la b\u00fasqueda de la excelencia, la innovaci\u00f3n, el rigor en el tratamiento de los hechos y la coherencia \u00e9tica por parte de los periodistas que trabajan y publican de manera regular en los idiomas espa\u00f1ol y portugu\u00e9s para p\u00fablicos de Am\u00e9rica, Espa\u00f1a y Portugal. Es otorgado por la Fundaci\u00f3n Gabo, la misma que lleva como nombre del pseud\u00f3nimo del narrador y periodista colombiano Gabriel Garc\u00eda M\u00e1rquez. Fuente: <a href=\"https:\/\/premioggm.org\">https:\/\/premioggm.org<\/a><\/p>\n<p><a href=\"#_ftnref3\" name=\"_ftn3\">[3]<\/a> Fuente: <a href=\"https:\/\/gk.city\/2020\/02\/17\/adaptacion-cambio-climatico\/\">https:\/\/gk.city\/2020\/02\/17\/adaptacion-cambio-climatico\/<\/a><\/p>\n<p><a href=\"#_ftnref4\" name=\"_ftn4\">[4]<\/a> Fuente: <a href=\"https:\/\/gk.city\/2021\/05\/25\/premio-ortega-gasset-gk-isabela-ponce\/\">https:\/\/gk.city\/2021\/05\/25\/premio-ortega-gasset-gk-isabela-ponce\/<\/a><\/p>\n<p><strong>Autor: <\/strong>Jos\u00e9 Miguel G\u00e1lvez, Especialista T\u00e9cnico en Comunicaci\u00f3n Estrat\u00e9gica de Proyectos &#8211; PROAmazon\u00eda<\/p>","protected":false},"excerpt":{"rendered":"<p>Isabela Ponce es periodista, cofundadora y directora editorial de GK[1]. Sus art\u00edculos se especializan en temas relacionados a los derechos de las ni\u00f1as y mujeres, minor\u00edas y medioambiente, enfatiza la situaci\u00f3n de regiones espec\u00edficas del Ecuador. En el 2019 gan\u00f3 una menci\u00f3n de la Sociedad Interamericana de Prensa (SIP), en la categor\u00eda opini\u00f3n por una columna sobre violencia de g\u00e9nero, y form\u00f3 parte del equipo finalista al \u201cPremio Gabo\u201d[2] en la categor\u00eda cobertura por el proyecto Frontera Cautiva. En el 2020 qued\u00f3 finalista en los premios de Online News Association por el proyecto \u201cLas mujeres que le ganaron al desierto\u201d[3]. En mayo del 2021, Isabela Ponce gan\u00f3 el premio de periodismo Ortega y Gasset en la categor\u00eda de Mejor historia o investigaci\u00f3n period\u00edstica, por el reportaje Las mujeres que le ganaron al desierto.[4] &nbsp; PREGUNTAS: \u00bfC\u00f3mo periodista ecuatoriana, cu\u00e1l es tu motivaci\u00f3n para escribir historias con un enfoque de Derechos Humanos que prioricen a las mujeres? La motivaci\u00f3n viene un poco por la ausencia de estas historias, por la necesidad de que exista un espacio as\u00ed, no puedo decir que soy la \u00fanica o que GK es el \u00fanico medio que lo cubre, pero si lo hacemos de manera permanente, [&hellip;]<\/p>\n","protected":false},"author":2,"featured_media":5479,"comment_status":"closed","ping_status":"closed","sticky":false,"template":"","format":"standard","meta":{"_uf_show_specific_survey":0,"_uf_disable_surveys":false,"footnotes":""},"categories":[59],"tags":[62,150,58,42,151,44],"class_list":["post-5476","post","type-post","status-publish","format-standard","has-post-thumbnail","hentry","category-entrevista","tag-bosques","tag-confeniae","tag-conservacion","tag-ecuador","tag-entrevista","tag-proamazonia"],"aioseo_notices":[],"_links":{"self":[{"href":"https:\/\/www.proamazonia.org\/ppr\/wp-json\/wp\/v2\/posts\/5476","targetHints":{"allow":["GET"]}}],"collection":[{"href":"https:\/\/www.proamazonia.org\/ppr\/wp-json\/wp\/v2\/posts"}],"about":[{"href":"https:\/\/www.proamazonia.org\/ppr\/wp-json\/wp\/v2\/types\/post"}],"author":[{"embeddable":true,"href":"https:\/\/www.proamazonia.org\/ppr\/wp-json\/wp\/v2\/users\/2"}],"replies":[{"embeddable":true,"href":"https:\/\/www.proamazonia.org\/ppr\/wp-json\/wp\/v2\/comments?post=5476"}],"version-history":[{"count":7,"href":"https:\/\/www.proamazonia.org\/ppr\/wp-json\/wp\/v2\/posts\/5476\/revisions"}],"predecessor-version":[{"id":5807,"href":"https:\/\/www.proamazonia.org\/ppr\/wp-json\/wp\/v2\/posts\/5476\/revisions\/5807"}],"wp:featuredmedia":[{"embeddable":true,"href":"https:\/\/www.proamazonia.org\/ppr\/wp-json\/wp\/v2\/media\/5479"}],"wp:attachment":[{"href":"https:\/\/www.proamazonia.org\/ppr\/wp-json\/wp\/v2\/media?parent=5476"}],"wp:term":[{"taxonomy":"category","embeddable":true,"href":"https:\/\/www.proamazonia.org\/ppr\/wp-json\/wp\/v2\/categories?post=5476"},{"taxonomy":"post_tag","embeddable":true,"href":"https:\/\/www.proamazonia.org\/ppr\/wp-json\/wp\/v2\/tags?post=5476"}],"curies":[{"name":"wp","href":"https:\/\/api.w.org\/{rel}","templated":true}]}}