{"id":5485,"date":"2021-08-26T19:30:49","date_gmt":"2021-08-27T00:30:49","guid":{"rendered":"https:\/\/www.proamazonia.org\/?p=5485"},"modified":"2021-12-15T21:40:01","modified_gmt":"2021-12-16T02:40:01","slug":"ecuador-apoya-la-innovacion-con-el-primer-concurso-de-bioemprendimientos-amazonicos","status":"publish","type":"post","link":"https:\/\/www.proamazonia.org\/ppr\/ecuador-apoya-la-innovacion-con-el-primer-concurso-de-bioemprendimientos-amazonicos\/","title":{"rendered":"Ecuador apoya la innovaci\u00f3n con el primer concurso de Bioemprendimientos Amaz\u00f3nicos"},"content":{"rendered":"<p><\/p>\n<p style=\"text-align: right;\">Quito, 12 de agosto de 2021<\/p>\n<p>Este 12 de agosto, se llev\u00f3 a cabo el lanzamiento del Reto \u201cAmazon\u00eda Innova: Bioemprendimientos sostenibles en la Amazon\u00eda Ecuatoriana\u201d, por parte del Ministerio del Ambiente, Agua y Transici\u00f3n Ecol\u00f3gica (MAATE), en el marco de la implementaci\u00f3n de PROAmazon\u00eda, programa del Gobierno Nacional con el apoyo de PNUD y la C\u00e1mara de Comercio de Quito (CCQ). Este concurso tiene como objetivo identificar bioemprendimientos que se desarrollan con productos de la Amazon\u00eda ecuatoriana, y que promueven de manera creativa el uso sostenible de la biodiversidad.<\/p>\n<p>Esta actividad, tendr\u00e1 una duraci\u00f3n de cinco meses, y busca dar a conocer los bioemprendimientos que incorporan productos nativos de la regi\u00f3n Amaz\u00f3nica, como una alternativa de generaci\u00f3n de ingresos. La convocatoria para participar estar\u00e1 abierta en la p\u00e1gina web de PROAmazon\u00eda <a href=\"https:\/\/www.proamazonia.org\/\">https:\/\/www.proamazonia.org\/<\/a> a partir del 12 hasta el 12 de septiembre, y est\u00e1 dirigida a todos los actores de la Sociedad Civil: academia, pueblos y nacionalidades ind\u00edgenas, empresas privadas, asociaciones productivas y ONGs de las provincias amaz\u00f3nicas, que cuenten con bioemprendimientos en marcha y tengan propuestas de innovaci\u00f3n para sus productos.<\/p>\n<p>Durante el evento de lanzamiento, se destac\u00f3 la importancia que tiene la innovaci\u00f3n en los bioemprendimientos para despertar el inter\u00e9s de nuevos mercados, en este sentido la CCQ jugar\u00e1 un rol importante dada su trayectoria en el desarrollo de negocios en el pa\u00eds, y su experiencia en temas de capacitaci\u00f3n. El objetivo de este proceso es fortalecer las capacidades de los emprendedores y promocionar productos novedosos que cuenten con un valor agregado, al tener un origen sostenible.<\/p>\n<p>Durante el evento participaron el ministro del Ambiente, Agua y Transici\u00f3n Ecol\u00f3gica, la ministra de Agricultura y Ganader\u00eda, la representante residente del PNUD en Ecuador, el presidente de la C\u00e1mara de comercio de Quito y la gerente encargada de PROAmazon\u00eda. As\u00ed tambi\u00e9n, representantes de los pueblos y nacionalidades ind\u00edgenas; organizaciones, empresas y asociaciones productivas de la Amazon\u00eda ecuatoriana.<\/p>\n<p><strong>INFORMACI\u00d3N IMPORTANTE:<\/strong><\/p>\n<p>PROAmazon\u00eda programa liderado por el Ministerio del Ambiente, Agua y Transici\u00f3n Ecol\u00f3gica (MAATE), el Ministerio de Agricultura y Ganader\u00eda (MAG) con apoyo de PNUD, apoya la generaci\u00f3n de bioemprendimientos con el objetivo de fortalecer las capacidades productivas y la generaci\u00f3n de medios de vida relacionados al manejo sostenible de productos del bosque, conocidos como Productos Forestales No Maderables (PFNM), en cumplimiento con las Salvaguardas Sociales y Ambientales, a favor de la protecci\u00f3n de los bosques y la naturaleza. Hasta el momento, PROAmazon\u00eda ha contribuido con el desarrollo de 30 emprendimientos en la Amazon\u00eda ecuatoriana.<\/p>\n<p><img loading=\"lazy\" decoding=\"async\" class=\"alignnone  wp-image-5487 aligncenter\" src=\"https:\/\/www.proamazonia.org\/wp-content\/uploads\/2021\/08\/2.reto_.amazonia.innova.emprendimientos.ecuador.proamazonia-300x136.jpg\" alt=\"\" width=\"962\" height=\"436\" srcset=\"https:\/\/www.proamazonia.org\/ppr\/wp-content\/uploads\/2021\/08\/2.reto_.amazonia.innova.emprendimientos.ecuador.proamazonia-300x136.jpg 300w, https:\/\/www.proamazonia.org\/ppr\/wp-content\/uploads\/2021\/08\/2.reto_.amazonia.innova.emprendimientos.ecuador.proamazonia-768x349.jpg 768w, https:\/\/www.proamazonia.org\/ppr\/wp-content\/uploads\/2021\/08\/2.reto_.amazonia.innova.emprendimientos.ecuador.proamazonia.jpg 1280w\" sizes=\"auto, (max-width: 962px) 100vw, 962px\" \/><\/p>\n<p>&nbsp;<\/p>\n<p style=\"text-align: center;\"><img loading=\"lazy\" decoding=\"async\" class=\"alignnone  wp-image-5492\" src=\"https:\/\/www.proamazonia.org\/wp-content\/uploads\/2021\/08\/6.reto_.amazonia.innova.emprendimientos.ecuador.proamazonia-300x171.jpg\" alt=\"\" width=\"521\" height=\"297\" srcset=\"https:\/\/www.proamazonia.org\/ppr\/wp-content\/uploads\/2021\/08\/6.reto_.amazonia.innova.emprendimientos.ecuador.proamazonia-300x171.jpg 300w, https:\/\/www.proamazonia.org\/ppr\/wp-content\/uploads\/2021\/08\/6.reto_.amazonia.innova.emprendimientos.ecuador.proamazonia.jpg 550w\" sizes=\"auto, (max-width: 521px) 100vw, 521px\" \/> \u00a0<img loading=\"lazy\" decoding=\"async\" class=\"alignnone  wp-image-5491\" src=\"https:\/\/www.proamazonia.org\/wp-content\/uploads\/2021\/08\/5.reto_.amazonia.innova.emprendimientos.ecuador.proamazonia-300x171.jpg\" alt=\"\" width=\"517\" height=\"295\" srcset=\"https:\/\/www.proamazonia.org\/ppr\/wp-content\/uploads\/2021\/08\/5.reto_.amazonia.innova.emprendimientos.ecuador.proamazonia-300x171.jpg 300w, https:\/\/www.proamazonia.org\/ppr\/wp-content\/uploads\/2021\/08\/5.reto_.amazonia.innova.emprendimientos.ecuador.proamazonia.jpg 550w\" sizes=\"auto, (max-width: 517px) 100vw, 517px\" \/><\/p>\n<p style=\"text-align: center;\"><img loading=\"lazy\" decoding=\"async\" class=\"alignnone  wp-image-5490\" src=\"https:\/\/www.proamazonia.org\/wp-content\/uploads\/2021\/08\/4.reto_.amazonia.innova.emprendimientos.ecuador.proamazonia-300x171.jpg\" alt=\"\" width=\"519\" height=\"296\" srcset=\"https:\/\/www.proamazonia.org\/ppr\/wp-content\/uploads\/2021\/08\/4.reto_.amazonia.innova.emprendimientos.ecuador.proamazonia-300x171.jpg 300w, https:\/\/www.proamazonia.org\/ppr\/wp-content\/uploads\/2021\/08\/4.reto_.amazonia.innova.emprendimientos.ecuador.proamazonia.jpg 550w\" sizes=\"auto, (max-width: 519px) 100vw, 519px\" \/> \u00a0<img loading=\"lazy\" decoding=\"async\" class=\"alignnone  wp-image-5489\" src=\"https:\/\/www.proamazonia.org\/wp-content\/uploads\/2021\/08\/3.reto_.amazonia.innova.emprendimientos.ecuador.proamazonia-300x171.jpg\" alt=\"\" width=\"515\" height=\"294\" srcset=\"https:\/\/www.proamazonia.org\/ppr\/wp-content\/uploads\/2021\/08\/3.reto_.amazonia.innova.emprendimientos.ecuador.proamazonia-300x171.jpg 300w, https:\/\/www.proamazonia.org\/ppr\/wp-content\/uploads\/2021\/08\/3.reto_.amazonia.innova.emprendimientos.ecuador.proamazonia.jpg 550w\" sizes=\"auto, (max-width: 515px) 100vw, 515px\" \/><\/p>\n<p style=\"text-align: center;\"><b><span style=\"font-size: 10.0pt; color: windowtext;\">Fotograf\u00eda:<\/span><\/b><span style=\"font-size: 10.0pt; color: windowtext;\"> Unidad de Comunicaci\u00f3n de PROAmazon\u00eda<br \/>\n<\/span><b><\/b><b><span style=\"font-size: 10.0pt; color: windowtext;\">Descripci\u00f3n:<\/span><\/b><span style=\"font-size: 10.0pt; color: windowtext;\"> Evento de lanzamiento del Reto Amazon\u00eda Innova<\/span><\/p>\n<p><strong>Autor:<\/strong> Unidad de Comunicaci\u00f3n de PROAmazon\u00eda<\/p>","protected":false},"excerpt":{"rendered":"<p>Quito, 12 de agosto de 2021 Este 12 de agosto, se llev\u00f3 a cabo el lanzamiento del Reto \u201cAmazon\u00eda Innova: Bioemprendimientos sostenibles en la Amazon\u00eda Ecuatoriana\u201d, por parte del Ministerio del Ambiente, Agua y Transici\u00f3n Ecol\u00f3gica (MAATE), en el marco de la implementaci\u00f3n de PROAmazon\u00eda, programa del Gobierno Nacional con el apoyo de PNUD y la C\u00e1mara de Comercio de Quito (CCQ). Este concurso tiene como objetivo identificar bioemprendimientos que se desarrollan con productos de la Amazon\u00eda ecuatoriana, y que promueven de manera creativa el uso sostenible de la biodiversidad. Esta actividad, tendr\u00e1 una duraci\u00f3n de cinco meses, y busca dar a conocer los bioemprendimientos que incorporan productos nativos de la regi\u00f3n Amaz\u00f3nica, como una alternativa de generaci\u00f3n de ingresos. La convocatoria para participar estar\u00e1 abierta en la p\u00e1gina web de PROAmazon\u00eda https:\/\/www.proamazonia.org\/ a partir del 12 hasta el 12 de septiembre, y est\u00e1 dirigida a todos los actores de la Sociedad Civil: academia, pueblos y nacionalidades ind\u00edgenas, empresas privadas, asociaciones productivas y ONGs de las provincias amaz\u00f3nicas, que cuenten con bioemprendimientos en marcha y tengan propuestas de innovaci\u00f3n para sus productos. Durante el evento de lanzamiento, se destac\u00f3 la importancia que tiene la innovaci\u00f3n en los bioemprendimientos para despertar [&hellip;]<\/p>\n","protected":false},"author":2,"featured_media":5486,"comment_status":"closed","ping_status":"closed","sticky":false,"template":"","format":"standard","meta":{"_uf_show_specific_survey":0,"_uf_disable_surveys":false,"footnotes":""},"categories":[3,23,31],"tags":[96,154,105,153,152],"class_list":["post-5485","post","type-post","status-publish","format-standard","has-post-thumbnail","hentry","category-noticias","category-noticias-home","category-restauracion","tag-bioemprendimientos","tag-concurso","tag-ecuatoriana","tag-innovacion","tag-reto"],"aioseo_notices":[],"_links":{"self":[{"href":"https:\/\/www.proamazonia.org\/ppr\/wp-json\/wp\/v2\/posts\/5485","targetHints":{"allow":["GET"]}}],"collection":[{"href":"https:\/\/www.proamazonia.org\/ppr\/wp-json\/wp\/v2\/posts"}],"about":[{"href":"https:\/\/www.proamazonia.org\/ppr\/wp-json\/wp\/v2\/types\/post"}],"author":[{"embeddable":true,"href":"https:\/\/www.proamazonia.org\/ppr\/wp-json\/wp\/v2\/users\/2"}],"replies":[{"embeddable":true,"href":"https:\/\/www.proamazonia.org\/ppr\/wp-json\/wp\/v2\/comments?post=5485"}],"version-history":[{"count":2,"href":"https:\/\/www.proamazonia.org\/ppr\/wp-json\/wp\/v2\/posts\/5485\/revisions"}],"predecessor-version":[{"id":5798,"href":"https:\/\/www.proamazonia.org\/ppr\/wp-json\/wp\/v2\/posts\/5485\/revisions\/5798"}],"wp:featuredmedia":[{"embeddable":true,"href":"https:\/\/www.proamazonia.org\/ppr\/wp-json\/wp\/v2\/media\/5486"}],"wp:attachment":[{"href":"https:\/\/www.proamazonia.org\/ppr\/wp-json\/wp\/v2\/media?parent=5485"}],"wp:term":[{"taxonomy":"category","embeddable":true,"href":"https:\/\/www.proamazonia.org\/ppr\/wp-json\/wp\/v2\/categories?post=5485"},{"taxonomy":"post_tag","embeddable":true,"href":"https:\/\/www.proamazonia.org\/ppr\/wp-json\/wp\/v2\/tags?post=5485"}],"curies":[{"name":"wp","href":"https:\/\/api.w.org\/{rel}","templated":true}]}}