{"id":5494,"date":"2021-08-26T19:43:35","date_gmt":"2021-08-27T00:43:35","guid":{"rendered":"https:\/\/www.proamazonia.org\/?p=5494"},"modified":"2021-12-15T22:06:08","modified_gmt":"2021-12-16T03:06:08","slug":"redd-en-la-amazonia-se-fortalece-a-traves-del-primer-grupo-de-pueblos-y-nacionalidades-indigenas","status":"publish","type":"post","link":"https:\/\/www.proamazonia.org\/ppr\/redd-en-la-amazonia-se-fortalece-a-traves-del-primer-grupo-de-pueblos-y-nacionalidades-indigenas\/","title":{"rendered":"REDD+ en la Amazon\u00eda se fortalece a trav\u00e9s del primer grupo de pueblos y nacionalidades ind\u00edgenas"},"content":{"rendered":"<p>Los d\u00edas 10 y 11 de julio en Macas, provincia de Morona Santiago, tuvo lugar la primera reuni\u00f3n del grupo de trabajo de la Mesa REDD+ de organizaciones ind\u00edgenas amaz\u00f3nicas, con el objetivo de articular acciones a favor del cuidado de los recursos naturales y el desarrollo sostenible en el marco de la implementaci\u00f3n del Plan de Acci\u00f3n REDD+, y en cumplimiento de los derechos colectivos de los pueblos y nacionalidades ind\u00edgenas.<\/p>\n<p style=\"text-align: center;\"><img loading=\"lazy\" decoding=\"async\" class=\"alignnone  wp-image-5498\" src=\"https:\/\/www.proamazonia.org\/wp-content\/uploads\/2021\/08\/3.pueblos.indigenas.redd_.mesa_.bosques.genero.ecuador.proamazonia-300x201.jpg\" alt=\"\" width=\"535\" height=\"358\" srcset=\"https:\/\/www.proamazonia.org\/ppr\/wp-content\/uploads\/2021\/08\/3.pueblos.indigenas.redd_.mesa_.bosques.genero.ecuador.proamazonia-300x201.jpg 300w, https:\/\/www.proamazonia.org\/ppr\/wp-content\/uploads\/2021\/08\/3.pueblos.indigenas.redd_.mesa_.bosques.genero.ecuador.proamazonia-768x515.jpg 768w, https:\/\/www.proamazonia.org\/ppr\/wp-content\/uploads\/2021\/08\/3.pueblos.indigenas.redd_.mesa_.bosques.genero.ecuador.proamazonia-600x400.jpg 600w, https:\/\/www.proamazonia.org\/ppr\/wp-content\/uploads\/2021\/08\/3.pueblos.indigenas.redd_.mesa_.bosques.genero.ecuador.proamazonia.jpg 1000w\" sizes=\"auto, (max-width: 535px) 100vw, 535px\" \/> <img loading=\"lazy\" decoding=\"async\" class=\"alignnone  wp-image-5497\" src=\"https:\/\/www.proamazonia.org\/wp-content\/uploads\/2021\/08\/2.pueblos.indigenas.redd_.mesa_.bosques.genero.ecuador.proamazonia-300x201.jpg\" alt=\"\" width=\"533\" height=\"357\" srcset=\"https:\/\/www.proamazonia.org\/ppr\/wp-content\/uploads\/2021\/08\/2.pueblos.indigenas.redd_.mesa_.bosques.genero.ecuador.proamazonia-300x201.jpg 300w, https:\/\/www.proamazonia.org\/ppr\/wp-content\/uploads\/2021\/08\/2.pueblos.indigenas.redd_.mesa_.bosques.genero.ecuador.proamazonia-768x515.jpg 768w, https:\/\/www.proamazonia.org\/ppr\/wp-content\/uploads\/2021\/08\/2.pueblos.indigenas.redd_.mesa_.bosques.genero.ecuador.proamazonia.jpg 900w\" sizes=\"auto, (max-width: 533px) 100vw, 533px\" \/><\/p>\n<p style=\"text-align: center;\"><b><span style=\"font-size: 10.0pt; color: windowtext;\">Fotograf\u00eda:<\/span><\/b><span style=\"font-size: 10.0pt; color: windowtext;\"> Jos\u00e9 Miguel Galvez &#8211; PROAmazon\u00eda<br \/>\n<\/span><b><\/b><b><span style=\"font-size: 10.0pt; color: windowtext;\">Descripci\u00f3n:<\/span><\/b><span style=\"font-size: 10.0pt; color: windowtext;\"> Representantes del primer grupo de trabajo de la Mesa REDD+ de organizaciones ind\u00edgenas amaz\u00f3nicas, Macas, provincia de Morona Santiago, julio 2021<\/span><\/p>\n<p>En este encuentro, participaron catorce organizaciones ind\u00edgenas amaz\u00f3nicas, para construir colectivamente un plan de trabajo que responda a su cosmovisi\u00f3n y adem\u00e1s contribuya a las pol\u00edticas nacionales encaminadas a reducir la deforestaci\u00f3n en las provincias amaz\u00f3nicas de nuestro pa\u00eds, de la mano con la autoridad ambiental, en el marco de sus intereses y competencias.<\/p>\n<p>Esta reuni\u00f3n cont\u00f3 con la participaci\u00f3n de Karina Barrera, Subsecretaria de Cambio Clim\u00e1tico del Ministerio del Ambiente, Agua y Transici\u00f3n Ecol\u00f3gica; Patricia Serrano, Gerente del Programa Integral Amaz\u00f3nico de Conservaci\u00f3n de Bosques y Producci\u00f3n Sostenible (PROAmazon\u00eda); as\u00ed como representantes de las catorce organizaciones ind\u00edgenas amaz\u00f3nicas que forman parte de la Mesa de Trabajo REDD+ de Ecuador: AMWAE, AMUKINA, Asociaci\u00f3n de Centros Shuar de Morona Santiago, COICA, CONFENIAE, COKIWA, Corporaci\u00f3n de asociaciones de productores de la Chakra de Napo, Comunidad Shuar Yumisim &#8211; PSB, FEPNASH-ZCH, FOIN, NAOQUI, Red de Comunidades de Socio Bosque de Napo.<\/p>\n<p><img loading=\"lazy\" decoding=\"async\" class=\"alignnone  wp-image-5496 aligncenter\" src=\"https:\/\/www.proamazonia.org\/wp-content\/uploads\/2021\/08\/1.pueblos.indigenas.redd_.mesa_.bosques.genero.ecuador.proamazonia-300x170.jpg\" alt=\"\" width=\"836\" height=\"474\" srcset=\"https:\/\/www.proamazonia.org\/ppr\/wp-content\/uploads\/2021\/08\/1.pueblos.indigenas.redd_.mesa_.bosques.genero.ecuador.proamazonia-300x170.jpg 300w, https:\/\/www.proamazonia.org\/ppr\/wp-content\/uploads\/2021\/08\/1.pueblos.indigenas.redd_.mesa_.bosques.genero.ecuador.proamazonia-768x434.jpg 768w\" sizes=\"auto, (max-width: 836px) 100vw, 836px\" \/><\/p>\n<p style=\"text-align: center;\"><b><span style=\"font-size: 10.0pt; color: windowtext;\">Fotograf\u00eda:<\/span><\/b><span style=\"font-size: 10.0pt; color: windowtext;\"> Jos\u00e9 Miguel Galvez &#8211; PROAmazon\u00eda<br \/>\n<\/span><b><\/b><b><span style=\"font-size: 10.0pt; color: windowtext;\">Descripci\u00f3n:<\/span><\/b><span style=\"font-size: 10.0pt; color: windowtext;\"> Cierre del segundo d\u00eda de trabajo del primer grupo de trabajo de la Mesa REDD+ de organizaciones ind\u00edgenas amaz\u00f3nicas,<br \/>\nMacas, provincia de Morona Santiago, julio 2021<\/span><\/p>\n<p>En este sentido, el involucramiento de los pueblos y nacionalidades ind\u00edgenas amaz\u00f3nicos tiene un rol fundamental en el desarrollo de las acciones que realiza el Ministerio del Ambiente, Agua y Transici\u00f3n Ecol\u00f3gica; en el marco de la implementaci\u00f3n del Plan de Acci\u00f3n REDD+ con su Programa PROAmazon\u00eda, en sus esfuerzos por promover la conservaci\u00f3n de los bosques y una producci\u00f3n sostenible libre de deforestaci\u00f3n en la Amazon\u00eda ecuatoriana.<\/p>\n<p>Desde hace ocho a\u00f1os, la Mesa de Trabajo REDD+, constituye espacio nacional de di\u00e1logo y participaci\u00f3n ciudadana, que representa leg\u00edtimamente a la diversidad de actores sociales con intereses y derechos sobre los bosques.<\/p>\n<p>Autor: Unidad de Comunicaci\u00f3n<\/p>","protected":false},"excerpt":{"rendered":"<p>Los d\u00edas 10 y 11 de julio en Macas, provincia de Morona Santiago, tuvo lugar la primera reuni\u00f3n del grupo de trabajo de la Mesa REDD+ de organizaciones ind\u00edgenas amaz\u00f3nicas, con el objetivo de articular acciones a favor del cuidado de los recursos naturales y el desarrollo sostenible en el marco de la implementaci\u00f3n del Plan de Acci\u00f3n REDD+, y en cumplimiento de los derechos colectivos de los pueblos y nacionalidades ind\u00edgenas. Fotograf\u00eda: Jos\u00e9 Miguel Galvez &#8211; PROAmazon\u00eda Descripci\u00f3n: Representantes del primer grupo de trabajo de la Mesa REDD+ de organizaciones ind\u00edgenas amaz\u00f3nicas, Macas, provincia de Morona Santiago, julio 2021 En este encuentro, participaron catorce organizaciones ind\u00edgenas amaz\u00f3nicas, para construir colectivamente un plan de trabajo que responda a su cosmovisi\u00f3n y adem\u00e1s contribuya a las pol\u00edticas nacionales encaminadas a reducir la deforestaci\u00f3n en las provincias amaz\u00f3nicas de nuestro pa\u00eds, de la mano con la autoridad ambiental, en el marco de sus intereses y competencias. Esta reuni\u00f3n cont\u00f3 con la participaci\u00f3n de Karina Barrera, Subsecretaria de Cambio Clim\u00e1tico del Ministerio del Ambiente, Agua y Transici\u00f3n Ecol\u00f3gica; Patricia Serrano, Gerente del Programa Integral Amaz\u00f3nico de Conservaci\u00f3n de Bosques y Producci\u00f3n Sostenible (PROAmazon\u00eda); as\u00ed como representantes de las catorce organizaciones ind\u00edgenas amaz\u00f3nicas que [&hellip;]<\/p>\n","protected":false},"author":2,"featured_media":5496,"comment_status":"closed","ping_status":"closed","sticky":false,"template":"","format":"standard","meta":{"_uf_show_specific_survey":0,"_uf_disable_surveys":false,"footnotes":""},"categories":[33,3,23],"tags":[77,91,47,44,147,57],"class_list":["post-5494","post","type-post","status-publish","format-standard","has-post-thumbnail","hentry","category-involucramiento-de-actores","category-noticias","category-noticias-home","tag-genero","tag-indigenas","tag-pnud","tag-proamazonia","tag-pueblos","tag-redd"],"aioseo_notices":[],"_links":{"self":[{"href":"https:\/\/www.proamazonia.org\/ppr\/wp-json\/wp\/v2\/posts\/5494","targetHints":{"allow":["GET"]}}],"collection":[{"href":"https:\/\/www.proamazonia.org\/ppr\/wp-json\/wp\/v2\/posts"}],"about":[{"href":"https:\/\/www.proamazonia.org\/ppr\/wp-json\/wp\/v2\/types\/post"}],"author":[{"embeddable":true,"href":"https:\/\/www.proamazonia.org\/ppr\/wp-json\/wp\/v2\/users\/2"}],"replies":[{"embeddable":true,"href":"https:\/\/www.proamazonia.org\/ppr\/wp-json\/wp\/v2\/comments?post=5494"}],"version-history":[{"count":2,"href":"https:\/\/www.proamazonia.org\/ppr\/wp-json\/wp\/v2\/posts\/5494\/revisions"}],"predecessor-version":[{"id":5804,"href":"https:\/\/www.proamazonia.org\/ppr\/wp-json\/wp\/v2\/posts\/5494\/revisions\/5804"}],"wp:featuredmedia":[{"embeddable":true,"href":"https:\/\/www.proamazonia.org\/ppr\/wp-json\/wp\/v2\/media\/5496"}],"wp:attachment":[{"href":"https:\/\/www.proamazonia.org\/ppr\/wp-json\/wp\/v2\/media?parent=5494"}],"wp:term":[{"taxonomy":"category","embeddable":true,"href":"https:\/\/www.proamazonia.org\/ppr\/wp-json\/wp\/v2\/categories?post=5494"},{"taxonomy":"post_tag","embeddable":true,"href":"https:\/\/www.proamazonia.org\/ppr\/wp-json\/wp\/v2\/tags?post=5494"}],"curies":[{"name":"wp","href":"https:\/\/api.w.org\/{rel}","templated":true}]}}