{"id":5641,"date":"2021-11-22T15:28:29","date_gmt":"2021-11-22T20:28:29","guid":{"rendered":"https:\/\/www.proamazonia.org\/?p=5641"},"modified":"2023-03-13T09:58:44","modified_gmt":"2023-03-13T14:58:44","slug":"actualizacion-de-pdot-y-procesos-de-restauracion-forestal-en-la-provincia-de-sucumbios","status":"publish","type":"post","link":"https:\/\/www.proamazonia.org\/ppr\/actualizacion-de-pdot-y-procesos-de-restauracion-forestal-en-la-provincia-de-sucumbios\/","title":{"rendered":"Actualizaci\u00f3n de PDOT y procesos de restauraci\u00f3n forestal en la provincia de Sucumb\u00edos"},"content":{"rendered":"<p><\/p>\n<p style=\"text-align: right;\">23 de septiembre de 2021<\/p>\n<p>En el marco de la celebraci\u00f3n del trig\u00e9simo sexto aniversario de la Reserva Biol\u00f3gica Limoncocha, el Ministerio del Ambiente, Agua y Transici\u00f3n Ecol\u00f3gica (MAATE), el Ministerio de Agricultura y Ganader\u00eda (MAG) con apoyo del PNUD; a trav\u00e9s de PROAmazon\u00eda realiz\u00f3 la entrega de los documentos impresos del Plan de Desarrollo y Ordenamiento Territorial (PDOT) de la parroquia. Adem\u00e1s, se llev\u00f3 a cabo una plantaci\u00f3n simb\u00f3lica en las \u00e1reas en proceso de restauraci\u00f3n forestal en la comunidad Yamanunka, una actividad que se desarrolla en articulaci\u00f3n con el socio HIVOS.<\/p>\n<p>Desde PROAmazon\u00eda, programa del gobierno Nacional se brind\u00f3 apoy\u00f3 al Gobierno Aut\u00f3nomo Descentralizado Parroquial (GADP) de Limoncocha, con el objetivo de actualizar su Plan de Desarrollo y Ordenamiento Territorial incluyendo criterios de conservaci\u00f3n, producci\u00f3n sostenible, cambio clim\u00e1tico y enfoque de g\u00e9nero e interculturalidad.<\/p>\n<p>El presidente del GAD Provincial de Limoncocha, Iv\u00e1n Cerda, manifest\u00f3 que el apoyo de recibido ha sido importante, y recalc\u00f3 que se han incorporado los enfoques de protecci\u00f3n de la naturaleza en este documento. Cerda que pertenece a la nacionalidad kichwa Amaz\u00f3nica mencion\u00f3 tambi\u00e9n <em>\u201cPara nosotros el cambio clim\u00e1tico no es sino m\u00e1s lluvias, con m\u00e1s intensidad y m\u00e1s tiempos sin lluvia y mucho sol, lo que provoca p\u00e9rdidas de cultivos, inundaciones, que ya las vivimos y nos toca hacer frente y encontrar soluciones\u201d.<\/em><\/p>\n<p>A trav\u00e9s de la implementaci\u00f3n del PDOT, se promueve la restauraci\u00f3n forestal, la conservaci\u00f3n de fuentes h\u00eddricas, la recuperaci\u00f3n de la funcionalidad de los ecosistemas, el restablecimiento de condiciones que favorecen los procesos naturales en \u00e1reas degradadas, en el marco de las competencias del gobierno parroquial. Esto a nivel de coordinaciones cantonales y provinciales, promoviendo la optimizaci\u00f3n de recursos; a trav\u00e9s de modelos de gesti\u00f3n asociativos.<\/p>\n<p><em>\u201cNuestro PDOT incluye proyectos de restauraci\u00f3n forestal, capacitaci\u00f3n en riesgos y desastres y de adaptaci\u00f3n y mitigaci\u00f3n al cambio clim\u00e1tico para promover la conservaci\u00f3n y el uso racional de la biodiversidad que nos rodea. Tenemos tambi\u00e9n propuestas para el incentivo sostenible de la piscicultura, y para el mejoramiento de la productividad de caf\u00e9, cacao, ma\u00edz y de otros productos.\u201d<\/em> mencion\u00f3 Cerda.<\/p>\n<p style=\"text-align: center;\"><img loading=\"lazy\" decoding=\"async\" class=\"alignnone wp-image-5642\" src=\"https:\/\/www.proamazonia.org\/wp-content\/uploads\/2021\/11\/2.PDOT_.LIMONCOCHA.Proamazonia.bosques.gads_.produccion.sostenible.ecuador-300x224.jpg\" alt=\"\" width=\"454\" height=\"339\" srcset=\"https:\/\/www.proamazonia.org\/ppr\/wp-content\/uploads\/2021\/11\/2.PDOT_.LIMONCOCHA.Proamazonia.bosques.gads_.produccion.sostenible.ecuador-300x224.jpg 300w, https:\/\/www.proamazonia.org\/ppr\/wp-content\/uploads\/2021\/11\/2.PDOT_.LIMONCOCHA.Proamazonia.bosques.gads_.produccion.sostenible.ecuador-768x574.jpg 768w, https:\/\/www.proamazonia.org\/ppr\/wp-content\/uploads\/2021\/11\/2.PDOT_.LIMONCOCHA.Proamazonia.bosques.gads_.produccion.sostenible.ecuador-400x300.jpg 400w, https:\/\/www.proamazonia.org\/ppr\/wp-content\/uploads\/2021\/11\/2.PDOT_.LIMONCOCHA.Proamazonia.bosques.gads_.produccion.sostenible.ecuador.jpg 1000w\" sizes=\"auto, (max-width: 454px) 100vw, 454px\" \/> <img loading=\"lazy\" decoding=\"async\" class=\"alignnone wp-image-5643\" src=\"https:\/\/www.proamazonia.org\/wp-content\/uploads\/2021\/11\/3.PDOT_.LIMONCOCHA.Proamazonia.bosques.gads_.produccion.sostenible.ecuador-300x224.jpg\" alt=\"\" width=\"455\" height=\"340\" srcset=\"https:\/\/www.proamazonia.org\/ppr\/wp-content\/uploads\/2021\/11\/3.PDOT_.LIMONCOCHA.Proamazonia.bosques.gads_.produccion.sostenible.ecuador-300x224.jpg 300w, https:\/\/www.proamazonia.org\/ppr\/wp-content\/uploads\/2021\/11\/3.PDOT_.LIMONCOCHA.Proamazonia.bosques.gads_.produccion.sostenible.ecuador-768x574.jpg 768w, https:\/\/www.proamazonia.org\/ppr\/wp-content\/uploads\/2021\/11\/3.PDOT_.LIMONCOCHA.Proamazonia.bosques.gads_.produccion.sostenible.ecuador-400x300.jpg 400w, https:\/\/www.proamazonia.org\/ppr\/wp-content\/uploads\/2021\/11\/3.PDOT_.LIMONCOCHA.Proamazonia.bosques.gads_.produccion.sostenible.ecuador-800x600.jpg 800w, https:\/\/www.proamazonia.org\/ppr\/wp-content\/uploads\/2021\/11\/3.PDOT_.LIMONCOCHA.Proamazonia.bosques.gads_.produccion.sostenible.ecuador.jpg 1000w\" sizes=\"auto, (max-width: 455px) 100vw, 455px\" \/><\/p>\n<p style=\"text-align: center;\"><b><span style=\"font-size: 10.0pt; color: windowtext;\">Fotograf\u00eda:<\/span><\/b><span style=\"font-size: 10.0pt; color: windowtext;\"> Unidad de Comunicaci\u00f3n &#8211; PROAmazon\u00eda<br \/>\n<\/span><b><\/b><b><span style=\"font-size: 10.0pt; color: windowtext;\">Descripci\u00f3n:<\/span><\/b><span style=\"font-size: 10.0pt; color: windowtext;\"> Evento de entrega del PDOT<\/span><\/p>\n<p>De igual manera, durante el evento se realiz\u00f3 una plantaci\u00f3n simb\u00f3lica en territorio de la Comuna Yamanunka, donde se conoci\u00f3 las acciones que lleva a cabo la Autoridad Ambiental para la recuperaci\u00f3n y el mantenimiento de los servicios ecosist\u00e9micos. \u00a0Estas acciones responden a los procesos de restauraci\u00f3n liderados por el Programa Nacional de Reforestaci\u00f3n del MAATE, con el apoyo de PROAmazon\u00eda, PNUD y la Organizaci\u00f3n HIVOS, con quienes que se implementa un proyecto para restaurar 4.000 ha degradadas, en las parroquias de Limoncocha (Sucumb\u00edos), y Dayuma (Orellana).<\/p>\n<p>El evento desarrollado en la parroquia de Limoncocha de la provincia Sucumb\u00edos, cont\u00f3 con la participaci\u00f3n de Sergio Torres, gerente del Programa Socio Bosque del MAATE; M\u00f3nica Andrade, coordinadora del \u00c1rea de Ambiente y Energ\u00eda del PNUD; Patricia Serrano, gerente de PROAmazon\u00eda, Iv\u00e1n Cerda, presidente del GAD Provincial de Limoncocha; representantes de la Comuna Shuar Yamanunka y guardaparques de la Reserva Biol\u00f3gica Limoncocha, entre otros asistentes.<\/p>\n<p style=\"text-align: center;\"><img loading=\"lazy\" decoding=\"async\" class=\"alignnone wp-image-5644\" src=\"https:\/\/www.proamazonia.org\/wp-content\/uploads\/2021\/11\/4.PDOT_.LIMONCOCHA.Proamazonia.bosques.gads_.produccion.sostenible.ecuador-300x225.jpg\" alt=\"\" width=\"448\" height=\"336\" srcset=\"https:\/\/www.proamazonia.org\/ppr\/wp-content\/uploads\/2021\/11\/4.PDOT_.LIMONCOCHA.Proamazonia.bosques.gads_.produccion.sostenible.ecuador-300x225.jpg 300w, https:\/\/www.proamazonia.org\/ppr\/wp-content\/uploads\/2021\/11\/4.PDOT_.LIMONCOCHA.Proamazonia.bosques.gads_.produccion.sostenible.ecuador-400x300.jpg 400w, https:\/\/www.proamazonia.org\/ppr\/wp-content\/uploads\/2021\/11\/4.PDOT_.LIMONCOCHA.Proamazonia.bosques.gads_.produccion.sostenible.ecuador.jpg 700w\" sizes=\"auto, (max-width: 448px) 100vw, 448px\" \/> <img loading=\"lazy\" decoding=\"async\" class=\"alignnone wp-image-5645\" src=\"https:\/\/www.proamazonia.org\/wp-content\/uploads\/2021\/11\/5.PDOT_.LIMONCOCHA.Proamazonia.bosques.gads_.produccion.sostenible.ecuador-300x224.jpg\" alt=\"\" width=\"450\" height=\"336\" srcset=\"https:\/\/www.proamazonia.org\/ppr\/wp-content\/uploads\/2021\/11\/5.PDOT_.LIMONCOCHA.Proamazonia.bosques.gads_.produccion.sostenible.ecuador-300x224.jpg 300w, https:\/\/www.proamazonia.org\/ppr\/wp-content\/uploads\/2021\/11\/5.PDOT_.LIMONCOCHA.Proamazonia.bosques.gads_.produccion.sostenible.ecuador-768x574.jpg 768w, https:\/\/www.proamazonia.org\/ppr\/wp-content\/uploads\/2021\/11\/5.PDOT_.LIMONCOCHA.Proamazonia.bosques.gads_.produccion.sostenible.ecuador-400x300.jpg 400w, https:\/\/www.proamazonia.org\/ppr\/wp-content\/uploads\/2021\/11\/5.PDOT_.LIMONCOCHA.Proamazonia.bosques.gads_.produccion.sostenible.ecuador.jpg 1000w\" sizes=\"auto, (max-width: 450px) 100vw, 450px\" \/> <img loading=\"lazy\" decoding=\"async\" class=\"alignnone wp-image-5640\" src=\"https:\/\/www.proamazonia.org\/wp-content\/uploads\/2021\/11\/1.PDOT_.LIMONCOCHA.Proamazonia.bosques.gads_.produccion.sostenible.ecuador-300x225.jpg\" alt=\"\" width=\"452\" height=\"339\" srcset=\"https:\/\/www.proamazonia.org\/ppr\/wp-content\/uploads\/2021\/11\/1.PDOT_.LIMONCOCHA.Proamazonia.bosques.gads_.produccion.sostenible.ecuador-300x225.jpg 300w, https:\/\/www.proamazonia.org\/ppr\/wp-content\/uploads\/2021\/11\/1.PDOT_.LIMONCOCHA.Proamazonia.bosques.gads_.produccion.sostenible.ecuador-400x300.jpg 400w, https:\/\/www.proamazonia.org\/ppr\/wp-content\/uploads\/2021\/11\/1.PDOT_.LIMONCOCHA.Proamazonia.bosques.gads_.produccion.sostenible.ecuador.jpg 700w\" sizes=\"auto, (max-width: 452px) 100vw, 452px\" \/><\/p>\n<p style=\"text-align: center;\"><b><span style=\"font-size: 10.0pt; color: windowtext;\">Fotograf\u00eda:<\/span><\/b><span style=\"font-size: 10.0pt; color: windowtext;\"> Unidad de Comunicaci\u00f3n &#8211; PROAmazon\u00eda<br \/>\n<\/span><b><\/b><b><span style=\"font-size: 10.0pt; color: windowtext;\">Descripci\u00f3n:<\/span><\/b><span style=\"font-size: 10.0pt; color: windowtext;\"> Plantaci\u00f3n simb\u00f3lica<\/span><\/p>\n<p><strong>DATOS IMPORTANTES DE LIMONCOCHA:<\/strong><\/p>\n<p>Limoncocha es un de las parroquias m\u00e1s antiguas de la provincia de Sucumb\u00edos. Se fund\u00f3 el 30 de abril de 1969, como parroquia del cant\u00f3n Orellana, provincia del Napo, mediante acuerdo ministerial No. 169 del Ministerio del Gobierno, publicado en el Registro Oficial No. 169 del 30 de abril de 1969, durante la Presidencia del Dr. Jos\u00e9 Mar\u00eda Velasco Ibarra.<\/p>\n<p>A partir del 07 de agosto de 1984 form\u00f3 parte del cant\u00f3n Shushufindi, de la provincia de Napo, y, desde el 11 de febrero del 1989, de la provincia de Sucumb\u00edos.<\/p>\n<p>La parroquia Limoncocha, obedece su nombre, a las aguas verdes de su laguna, la cual forma parte de la Resera Biol\u00f3gica Limoncocha que tiene una extensi\u00f3n de 3.692,50 ha, cas\u00ed el 80% del territorio parroquial.<\/p>\n<p>Limoncocha tiene la particularidad de estar constituida mayoritariamente por ecuatorianos pertenecientes a las nacionalidades Kichwa y Shuar, siendo la poblaci\u00f3n mestiza un grupo minoritario.<\/p>\n<p>Con el apoyo de PROAmazon\u00eda, el GADP de Limoncocha actualiz\u00f3 el plan de desarrollo y ordenamiento territorial, mediante un proceso participativo, en el que pese a la situaci\u00f3n de emergencia sanitaria que ha vivido el pa\u00eds por la pandemia\u00a0 de COVID \u2013 19, se logr\u00f3 hacer un trabajo conjunto con los presidentes y l\u00edderes de las comunidades\u00a0 y de las organizaciones sociales y de mujeres existentes en la parroquia, a m\u00e1s de la aplicaci\u00f3n de distintos procedimientos metodol\u00f3gicos que permitieron contar con un diagn\u00f3stico desde las comunidades.<\/p>\n<p>PROAmazon\u00eda apoy\u00f3 a la actualizaci\u00f3n del PDOT con insumos t\u00e9cnicos que contemplan enfoques de interculturalidad, g\u00e9nero, conservaci\u00f3n, producci\u00f3n sostenible y cambio clim\u00e1tico. As\u00ed tambi\u00e9n entreg\u00f3 cuatro propuestas de pol\u00edticas p\u00fablicas que servir\u00e1n para fortalecer los objetivos y programas previstos en el PDOT del GAP Limoncocha, en un esfuerzo que se prolongar\u00e1 hasta el 2022.<\/p>\n<p><strong>Autores:<\/strong><\/p>\n<ul>\n<li>Patricio Saravia \u2013 T\u00e9cnico PDOT de la provincia de Sucumb\u00edos de PROAmazon\u00eda<\/li>\n<li>Unidad de Comunicaci\u00f3n de PROAmazon\u00eda<\/li>\n<\/ul>\n<p><\/p>","protected":false},"excerpt":{"rendered":"<p>23 de septiembre de 2021 En el marco de la celebraci\u00f3n del trig\u00e9simo sexto aniversario de la Reserva Biol\u00f3gica Limoncocha, el Ministerio del Ambiente, Agua y Transici\u00f3n Ecol\u00f3gica (MAATE), el Ministerio de Agricultura y Ganader\u00eda (MAG) con apoyo del PNUD; a trav\u00e9s de PROAmazon\u00eda realiz\u00f3 la entrega de los documentos impresos del Plan de Desarrollo y Ordenamiento Territorial (PDOT) de la parroquia. Adem\u00e1s, se llev\u00f3 a cabo una plantaci\u00f3n simb\u00f3lica en las \u00e1reas en proceso de restauraci\u00f3n forestal en la comunidad Yamanunka, una actividad que se desarrolla en articulaci\u00f3n con el socio HIVOS. Desde PROAmazon\u00eda, programa del gobierno Nacional se brind\u00f3 apoy\u00f3 al Gobierno Aut\u00f3nomo Descentralizado Parroquial (GADP) de Limoncocha, con el objetivo de actualizar su Plan de Desarrollo y Ordenamiento Territorial incluyendo criterios de conservaci\u00f3n, producci\u00f3n sostenible, cambio clim\u00e1tico y enfoque de g\u00e9nero e interculturalidad. El presidente del GAD Provincial de Limoncocha, Iv\u00e1n Cerda, manifest\u00f3 que el apoyo de recibido ha sido importante, y recalc\u00f3 que se han incorporado los enfoques de protecci\u00f3n de la naturaleza en este documento. Cerda que pertenece a la nacionalidad kichwa Amaz\u00f3nica mencion\u00f3 tambi\u00e9n \u201cPara nosotros el cambio clim\u00e1tico no es sino m\u00e1s lluvias, con m\u00e1s intensidad y m\u00e1s tiempos sin lluvia y mucho [&hellip;]<\/p>\n","protected":false},"author":2,"featured_media":5647,"comment_status":"closed","ping_status":"closed","sticky":false,"template":"","format":"standard","meta":{"_uf_show_specific_survey":0,"_uf_disable_surveys":false,"footnotes":""},"categories":[3,23,24],"tags":[62,55,42,189,72,44,67,66],"class_list":["post-5641","post","type-post","status-publish","format-standard","has-post-thumbnail","hentry","category-noticias","category-noticias-home","category-politicas-e-institucionalidad","tag-bosques","tag-cafe-sostenible","tag-ecuador","tag-gads","tag-pdot","tag-proamazonia","tag-produccion","tag-sostenible"],"aioseo_notices":[],"_links":{"self":[{"href":"https:\/\/www.proamazonia.org\/ppr\/wp-json\/wp\/v2\/posts\/5641","targetHints":{"allow":["GET"]}}],"collection":[{"href":"https:\/\/www.proamazonia.org\/ppr\/wp-json\/wp\/v2\/posts"}],"about":[{"href":"https:\/\/www.proamazonia.org\/ppr\/wp-json\/wp\/v2\/types\/post"}],"author":[{"embeddable":true,"href":"https:\/\/www.proamazonia.org\/ppr\/wp-json\/wp\/v2\/users\/2"}],"replies":[{"embeddable":true,"href":"https:\/\/www.proamazonia.org\/ppr\/wp-json\/wp\/v2\/comments?post=5641"}],"version-history":[{"count":4,"href":"https:\/\/www.proamazonia.org\/ppr\/wp-json\/wp\/v2\/posts\/5641\/revisions"}],"predecessor-version":[{"id":7245,"href":"https:\/\/www.proamazonia.org\/ppr\/wp-json\/wp\/v2\/posts\/5641\/revisions\/7245"}],"wp:featuredmedia":[{"embeddable":true,"href":"https:\/\/www.proamazonia.org\/ppr\/wp-json\/wp\/v2\/media\/5647"}],"wp:attachment":[{"href":"https:\/\/www.proamazonia.org\/ppr\/wp-json\/wp\/v2\/media?parent=5641"}],"wp:term":[{"taxonomy":"category","embeddable":true,"href":"https:\/\/www.proamazonia.org\/ppr\/wp-json\/wp\/v2\/categories?post=5641"},{"taxonomy":"post_tag","embeddable":true,"href":"https:\/\/www.proamazonia.org\/ppr\/wp-json\/wp\/v2\/tags?post=5641"}],"curies":[{"name":"wp","href":"https:\/\/api.w.org\/{rel}","templated":true}]}}