{"id":5669,"date":"2021-11-23T14:35:14","date_gmt":"2021-11-23T19:35:14","guid":{"rendered":"https:\/\/www.proamazonia.org\/?p=5669"},"modified":"2023-03-13T10:47:01","modified_gmt":"2023-03-13T15:47:01","slug":"zamora-chinchipe-conforma-su-mesa-provicial-por-el-clima-y-los-bosques","status":"publish","type":"post","link":"https:\/\/www.proamazonia.org\/ppr\/zamora-chinchipe-conforma-su-mesa-provicial-por-el-clima-y-los-bosques\/","title":{"rendered":"Zamora Chinchipe conforma su mesa provicial por el Clima y los Bosques"},"content":{"rendered":"<p><\/p>\n<p style=\"text-align: right;\">30 de septiembre del 2021<\/p>\n<p>El 30 de septiembre en la provincia de Zamora Chinchipe, se reunieron varios actores locales para conocer el trabajo que realiza el GAD provincial con el Ministerio de Agricultura y el Ministerio del Ambiente, Agua y Transicci\u00f3n Ecol\u00f3gica dese el 2019 sobre la articulaci\u00f3n interinstitucional.<\/p>\n<p>El GAD Provincial de Zamora Chinchipe junto a los GAD parroquiales y cantonales, organizaciones sociales como la Coordinadora Pol\u00edtica de Mujeres Ecuatorianas de Zamora Chinchipe (CPMEZCH), la Federaci\u00f3n Provincial de Nacionalidad Shuar de Zamora Chinchipe-CH (FEPNASH-CH), la Universidad T\u00e9cnica Particular de Loja (UTPL) y Planifica Ecuador, en coordinaci\u00f3n con el Ministerio del Ambiente, Agua y Transici\u00f3n Ecol\u00f3gica y el Ministerio de Agricultura y Ganader\u00eda; a trav\u00e9s de PROAmazon\u00eda (programa del Gobierno Nacional con apoyo del PNUD) y la Fundaci\u00f3n Naturaleza y Cultura Internacional NCI conformaron la mesa provincial por el clima y los bosques en Zamora Chinchipe.<\/p>\n<p>En este evento, las autoridades locales firmaron el \u201cAcuerdo de Zamora Chinchipe\u201d para construir la Mesa Provincial por el Clima y Bosques, un espacio de articulamiento interinstitucional para contribuir con acciones concretas a la conservaci\u00f3n, restauraci\u00f3n ecol\u00f3gica, manejo forestal sostenible, bioemprendimientos de la provincia.<\/p>\n<p>Como compromiso de este acuerdo, se desarrollar\u00e1 una hoja de ruta para cumplir con los objetivos del plan de acci\u00f3n REDD+ e incorporar pol\u00edticas, acciones y proyectos previstos en los PDOT, en el marco de la conservaci\u00f3n de los bosques y la producci\u00f3n sostenible libre de deforestaci\u00f3n.<\/p>\n<p>La Mesa Provincial por el Clima y los Bosques de Zamora Chinchipe tiene el objetivo de articular la planificaci\u00f3n territorial local de la provincia con enfoque REDD+, para lograr una gesti\u00f3n coordinada del territorio entre los actores involucrados y con la participaci\u00f3n activa de la ciudadan\u00eda.<\/p>\n<p>Esta mesa es liderada por el GAD provincial y funciona a nivel t\u00e9cnico y ejecutivo. Se conforma por delegados t\u00e9cnicos del MAATE, MAG, SENAPLA y representantes de las organizaciones de mujeres, nacionalidades ind\u00edgenas, UTPL y NCI.\u00a0 Adem\u00e1s se enfoca en los componentes de REDD+: 1. Pol\u00edtica y Gesti\u00f3n institucional; 2. Transici\u00f3n a sistemas productivos sostenibles; 3. Manejo forestal sostenible y 4. Conservaci\u00f3n y Restauraci\u00f3n.<\/p>\n<p>En este sentido, el trabajo de articulaci\u00f3n se basa en el Plan de Acci\u00f3n REDD+ Ecuador, la Estrategia de Cambio Clim\u00e1tico Provincial Zamora Chinchipe \u2013 CONGOPE, el Plan de Desarrollo y Ordenamiento Territorial 2019-2023 y el Foro de Gobernadores por el Clima para fortalecer la articulaci\u00f3n interinstitucional, cooperaci\u00f3n internacional, cambio clim\u00e1tico y bosques<\/p>\n<p>Para mayor informaci\u00f3n puede visitar:<\/p>\n<p><a href=\"https:\/\/zamora-chinchipe.gob.ec\/prefectura-lidera-la-mesa-provincial-por-el-clima-y-los-bosques-en-zamora-chinchipe\/\">https:\/\/zamora-chinchipe.gob.ec\/prefectura-lidera-la-mesa-provincial-por-el-clima-y-los-bosques-en-zamora-chinchipe\/<\/a><\/p>\n<p style=\"text-align: center;\"><img loading=\"lazy\" decoding=\"async\" class=\"alignnone wp-image-5665\" src=\"https:\/\/www.proamazonia.org\/wp-content\/uploads\/2021\/11\/2.Proamazonia.Componente.Gad_.Articulo.Mesa_.Provincial.zamora-247x300.jpg\" alt=\"\" width=\"421\" height=\"512\" srcset=\"https:\/\/www.proamazonia.org\/ppr\/wp-content\/uploads\/2021\/11\/2.Proamazonia.Componente.Gad_.Articulo.Mesa_.Provincial.zamora-247x300.jpg 247w, https:\/\/www.proamazonia.org\/ppr\/wp-content\/uploads\/2021\/11\/2.Proamazonia.Componente.Gad_.Articulo.Mesa_.Provincial.zamora-844x1024.jpg 844w, https:\/\/www.proamazonia.org\/ppr\/wp-content\/uploads\/2021\/11\/2.Proamazonia.Componente.Gad_.Articulo.Mesa_.Provincial.zamora-768x932.jpg 768w, https:\/\/www.proamazonia.org\/ppr\/wp-content\/uploads\/2021\/11\/2.Proamazonia.Componente.Gad_.Articulo.Mesa_.Provincial.zamora.jpg 1000w\" sizes=\"auto, (max-width: 421px) 100vw, 421px\" \/><\/p>\n<p style=\"text-align: center;\"><img loading=\"lazy\" decoding=\"async\" class=\"alignnone wp-image-5666\" src=\"https:\/\/www.proamazonia.org\/wp-content\/uploads\/2021\/11\/244203480_1277765029335748_7408627005426774116_n-300x164.jpeg\" alt=\"\" width=\"883\" height=\"483\" srcset=\"https:\/\/www.proamazonia.org\/ppr\/wp-content\/uploads\/2021\/11\/244203480_1277765029335748_7408627005426774116_n-300x164.jpeg 300w, https:\/\/www.proamazonia.org\/ppr\/wp-content\/uploads\/2021\/11\/244203480_1277765029335748_7408627005426774116_n-1024x559.jpeg 1024w, https:\/\/www.proamazonia.org\/ppr\/wp-content\/uploads\/2021\/11\/244203480_1277765029335748_7408627005426774116_n-768x420.jpeg 768w, https:\/\/www.proamazonia.org\/ppr\/wp-content\/uploads\/2021\/11\/244203480_1277765029335748_7408627005426774116_n-1536x839.jpeg 1536w, https:\/\/www.proamazonia.org\/ppr\/wp-content\/uploads\/2021\/11\/244203480_1277765029335748_7408627005426774116_n.jpeg 1543w\" sizes=\"auto, (max-width: 883px) 100vw, 883px\" \/><\/p>\n<p style=\"text-align: center;\"><b><span style=\"font-size: 10.0pt; color: windowtext;\">Fotograf\u00eda:<\/span><\/b><span style=\"font-size: 10.0pt; color: windowtext;\"> Ericka Hidalgo-PROAmazon\u00eda<br \/>\n<\/span><b><\/b><b><span style=\"font-size: 10.0pt; color: windowtext;\">Descripci\u00f3n:<\/span><\/b><span style=\"font-size: 10.0pt; color: windowtext;\"> Autoridades locales y equipo t\u00e9cnico del GAD Paquisha en evento de entrega del PDOT<\/span><\/p>\n<p><strong>Autora:<\/strong><\/p>\n<p>Ericka Hidalgo, T\u00e9cnica de Plataformas de PROAmazon\u00eda<\/p>","protected":false},"excerpt":{"rendered":"<p>30 de septiembre del 2021 El 30 de septiembre en la provincia de Zamora Chinchipe, se reunieron varios actores locales para conocer el trabajo que realiza el GAD provincial con el Ministerio de Agricultura y el Ministerio del Ambiente, Agua y Transicci\u00f3n Ecol\u00f3gica dese el 2019 sobre la articulaci\u00f3n interinstitucional. El GAD Provincial de Zamora Chinchipe junto a los GAD parroquiales y cantonales, organizaciones sociales como la Coordinadora Pol\u00edtica de Mujeres Ecuatorianas de Zamora Chinchipe (CPMEZCH), la Federaci\u00f3n Provincial de Nacionalidad Shuar de Zamora Chinchipe-CH (FEPNASH-CH), la Universidad T\u00e9cnica Particular de Loja (UTPL) y Planifica Ecuador, en coordinaci\u00f3n con el Ministerio del Ambiente, Agua y Transici\u00f3n Ecol\u00f3gica y el Ministerio de Agricultura y Ganader\u00eda; a trav\u00e9s de PROAmazon\u00eda (programa del Gobierno Nacional con apoyo del PNUD) y la Fundaci\u00f3n Naturaleza y Cultura Internacional NCI conformaron la mesa provincial por el clima y los bosques en Zamora Chinchipe. En este evento, las autoridades locales firmaron el \u201cAcuerdo de Zamora Chinchipe\u201d para construir la Mesa Provincial por el Clima y Bosques, un espacio de articulamiento interinstitucional para contribuir con acciones concretas a la conservaci\u00f3n, restauraci\u00f3n ecol\u00f3gica, manejo forestal sostenible, bioemprendimientos de la provincia. Como compromiso de este acuerdo, se desarrollar\u00e1 una hoja [&hellip;]<\/p>\n","protected":false},"author":2,"featured_media":5668,"comment_status":"closed","ping_status":"closed","sticky":false,"template":"","format":"standard","meta":{"_uf_show_specific_survey":0,"_uf_disable_surveys":false,"footnotes":""},"categories":[3,23,24],"tags":[],"class_list":["post-5669","post","type-post","status-publish","format-standard","has-post-thumbnail","hentry","category-noticias","category-noticias-home","category-politicas-e-institucionalidad"],"aioseo_notices":[],"_links":{"self":[{"href":"https:\/\/www.proamazonia.org\/ppr\/wp-json\/wp\/v2\/posts\/5669","targetHints":{"allow":["GET"]}}],"collection":[{"href":"https:\/\/www.proamazonia.org\/ppr\/wp-json\/wp\/v2\/posts"}],"about":[{"href":"https:\/\/www.proamazonia.org\/ppr\/wp-json\/wp\/v2\/types\/post"}],"author":[{"embeddable":true,"href":"https:\/\/www.proamazonia.org\/ppr\/wp-json\/wp\/v2\/users\/2"}],"replies":[{"embeddable":true,"href":"https:\/\/www.proamazonia.org\/ppr\/wp-json\/wp\/v2\/comments?post=5669"}],"version-history":[{"count":4,"href":"https:\/\/www.proamazonia.org\/ppr\/wp-json\/wp\/v2\/posts\/5669\/revisions"}],"predecessor-version":[{"id":7250,"href":"https:\/\/www.proamazonia.org\/ppr\/wp-json\/wp\/v2\/posts\/5669\/revisions\/7250"}],"wp:featuredmedia":[{"embeddable":true,"href":"https:\/\/www.proamazonia.org\/ppr\/wp-json\/wp\/v2\/media\/5668"}],"wp:attachment":[{"href":"https:\/\/www.proamazonia.org\/ppr\/wp-json\/wp\/v2\/media?parent=5669"}],"wp:term":[{"taxonomy":"category","embeddable":true,"href":"https:\/\/www.proamazonia.org\/ppr\/wp-json\/wp\/v2\/categories?post=5669"},{"taxonomy":"post_tag","embeddable":true,"href":"https:\/\/www.proamazonia.org\/ppr\/wp-json\/wp\/v2\/tags?post=5669"}],"curies":[{"name":"wp","href":"https:\/\/api.w.org\/{rel}","templated":true}]}}