{"id":5672,"date":"2021-11-23T15:05:20","date_gmt":"2021-11-23T20:05:20","guid":{"rendered":"https:\/\/www.proamazonia.org\/?p=5672"},"modified":"2021-11-23T15:05:55","modified_gmt":"2021-11-23T20:05:55","slug":"productores-amazonicos-de-cafe-se-capacitan-de-la-mano-con-empresa-italiana-lavazza","status":"publish","type":"post","link":"https:\/\/www.proamazonia.org\/ppr\/productores-amazonicos-de-cafe-se-capacitan-de-la-mano-con-empresa-italiana-lavazza\/","title":{"rendered":"Productores amaz\u00f3nicos de caf\u00e9 se capacitan de la mano con empresa Italiana Lavazza"},"content":{"rendered":"<p><\/p>\n<p style=\"text-align: right;\">22 de septiembre del 2021<\/p>\n<p>El Ministerio de Agricultura y Ganader\u00eda (MAG) y el Ministerio del Ambiente, Agua y Transici\u00f3n Ecol\u00f3gica (MAATE), a trav\u00e9s de PROAmazon\u00eda con apoyo de PNUD, inauguraron el programa de capacitaci\u00f3n, dirigido a productores de caf\u00e9 amaz\u00f3nico, con la empresa italiana Lavazza. Esta actividad forma parte los esfuerzos que se realizan para promover una transici\u00f3n hacia una producci\u00f3n sostenible en la regi\u00f3n amaz\u00f3nica.<\/p>\n<p>Las capacitaciones con Lavazza tienen como objetivo fortalecer los conocimientos de los productores de caf\u00e9 de la Amazon\u00eda, tanto en sus procesos de mejora de calidad, como al momento de promocionar sus productos hacia un mercado internacional de caf\u00e9 de especialidad. Para ello, se brind\u00f3 informaci\u00f3n desde la perspectiva de la industria, en \u00e1reas relacionadas al an\u00e1lisis sensorial, canales de distribuci\u00f3n, log\u00edstica, preferencias del consumidor, entre otros temas de importancia para el caficultor.<\/p>\n<p style=\"text-align: center;\"><img loading=\"lazy\" decoding=\"async\" class=\"alignnone wp-image-5675\" src=\"https:\/\/www.proamazonia.org\/wp-content\/uploads\/2021\/11\/4.Inauguracion.Programa.Capacitacio\u0301n.Lavazza.PROamazonia.bosques.ecuador.produccion.cafe_-300x200.jpg\" alt=\"\" width=\"567\" height=\"378\" srcset=\"https:\/\/www.proamazonia.org\/ppr\/wp-content\/uploads\/2021\/11\/4.Inauguracion.Programa.Capacitacio\u0301n.Lavazza.PROamazonia.bosques.ecuador.produccion.cafe_-300x200.jpg 300w, https:\/\/www.proamazonia.org\/ppr\/wp-content\/uploads\/2021\/11\/4.Inauguracion.Programa.Capacitacio\u0301n.Lavazza.PROamazonia.bosques.ecuador.produccion.cafe_-768x512.jpg 768w, https:\/\/www.proamazonia.org\/ppr\/wp-content\/uploads\/2021\/11\/4.Inauguracion.Programa.Capacitacio\u0301n.Lavazza.PROamazonia.bosques.ecuador.produccion.cafe_-600x400.jpg 600w, https:\/\/www.proamazonia.org\/ppr\/wp-content\/uploads\/2021\/11\/4.Inauguracion.Programa.Capacitacio\u0301n.Lavazza.PROamazonia.bosques.ecuador.produccion.cafe_.jpg 1000w\" sizes=\"auto, (max-width: 567px) 100vw, 567px\" \/> <img loading=\"lazy\" decoding=\"async\" class=\"alignnone wp-image-5674\" src=\"https:\/\/www.proamazonia.org\/wp-content\/uploads\/2021\/11\/3.Inauguracion.Programa.Capacitacio\u0301n.Lavazza.PROamazonia.bosques.ecuador.produccion.cafe_-300x200.jpg\" alt=\"\" width=\"568\" height=\"378\" srcset=\"https:\/\/www.proamazonia.org\/ppr\/wp-content\/uploads\/2021\/11\/3.Inauguracion.Programa.Capacitacio\u0301n.Lavazza.PROamazonia.bosques.ecuador.produccion.cafe_-300x200.jpg 300w, https:\/\/www.proamazonia.org\/ppr\/wp-content\/uploads\/2021\/11\/3.Inauguracion.Programa.Capacitacio\u0301n.Lavazza.PROamazonia.bosques.ecuador.produccion.cafe_-768x512.jpg 768w, https:\/\/www.proamazonia.org\/ppr\/wp-content\/uploads\/2021\/11\/3.Inauguracion.Programa.Capacitacio\u0301n.Lavazza.PROamazonia.bosques.ecuador.produccion.cafe_-600x400.jpg 600w, https:\/\/www.proamazonia.org\/ppr\/wp-content\/uploads\/2021\/11\/3.Inauguracion.Programa.Capacitacio\u0301n.Lavazza.PROamazonia.bosques.ecuador.produccion.cafe_.jpg 1000w\" sizes=\"auto, (max-width: 568px) 100vw, 568px\" \/><\/p>\n<p style=\"text-align: center;\"><b><span style=\"font-size: 10.0pt; color: windowtext;\">Fotograf\u00eda:<\/span><\/b><span style=\"font-size: 10.0pt; color: windowtext;\"> Unidad de Comunicaci\u00f3n de PROAmazon\u00eda<br \/>\n<\/span><b><\/b><b><span style=\"font-size: 10.0pt; color: windowtext;\">Descripci\u00f3n:<\/span><\/b><span style=\"font-size: 10.0pt; color: windowtext;\"> Productores durante el an\u00e1lisis sensorial de las muestras de caf\u00e9 en el taller interactivo con Lavazza Group<\/span><\/p>\n<p>Este programa benefici\u00f3 a m\u00e1s de 50 productores y t\u00e9cnicos del sector de caf\u00e9 de distintas organizaciones de las seis provincias Amaz\u00f3nicas. Esta capacitaci\u00f3n se realiz\u00f3 en tres sesiones, durante el mes de septiembre, en las que se abordaron tem\u00e1ticas como:<\/p>\n<ol>\n<li>An\u00e1lisis sensorial, para entender las diferencias organol\u00e9pticas del caf\u00e9; a trav\u00e9s de una cata t\u00e9cnica simult\u00e1nea en tres laboratorios, ubicados en: Loreto, Loja y Torino-Italia<\/li>\n<li>Mercado internacional del caf\u00e9, sus or\u00edgenes, log\u00edstica, actores de la cadena de distribuci\u00f3n y participaci\u00f3n de mercado.<\/li>\n<li>Marketing internacional del caf\u00e9 y atenci\u00f3n a la problem\u00e1tica ambiental.<\/li>\n<\/ol>\n<p>La iniciativa se realiza en el marco del Memorando de Entendimiento (MOU) suscrito a inicios del 2019, entre PNUD y Lavazza, en el que se seleccion\u00f3 al Ecuador como pa\u00eds piloto, basado en los avances generados en torno a la reducci\u00f3n de la deforestaci\u00f3n en el pa\u00eds y en la Carta de Intenci\u00f3n firmada entre el MAG, MAATE y LAVAZZA para trabajar en la producci\u00f3n de un caf\u00e9 libre de deforestaci\u00f3n. Esta acci\u00f3n se suma al trabajo que est\u00e1n liderando los ministerios en la transici\u00f3n hacia una producci\u00f3n sostenible y libre de deforestaci\u00f3n bajo el Plan de Acci\u00f3n REDD+.<\/p>\n<p>Desde Ecuador, se busca que los peque\u00f1os agricultores participen activamente en procesos de producci\u00f3n sostenible, acompa\u00f1ados de empresas que los orienten a mejorar la calidad, productividad de sus productos, mediante actividades como las propuestas en las sesiones de capacitaci\u00f3n con Lavazza.<\/p>\n<p>En la inauguraci\u00f3n de este curso participaron: Karina Barrera, Subsecretaria de Cambio Clim\u00e1tico del MAATE; M\u00f3nica Andrade, Coordinadora del \u00c1rea de Ambiente y Energ\u00eda de PNUD Ecuador; Giuseppe Lavazza, vicepresidente Ejecutivo Fundaci\u00f3n Giuseppe Lavazza; Patricia Serrano, Gerente de PROAmazon\u00eda; as\u00ed como productoras y productores del sector cafetalero de la Amazon\u00eda ecuatoriana.<\/p>\n<p><img loading=\"lazy\" decoding=\"async\" class=\"alignnone wp-image-5676 aligncenter\" src=\"https:\/\/www.proamazonia.org\/wp-content\/uploads\/2021\/11\/5.Inauguracion.Programa.Capacitacio\u0301n.Lavazza.PROamazonia.bosques.ecuador.produccion.cafe_-300x164.jpg\" alt=\"\" width=\"739\" height=\"404\" srcset=\"https:\/\/www.proamazonia.org\/ppr\/wp-content\/uploads\/2021\/11\/5.Inauguracion.Programa.Capacitacio\u0301n.Lavazza.PROamazonia.bosques.ecuador.produccion.cafe_-300x164.jpg 300w, https:\/\/www.proamazonia.org\/ppr\/wp-content\/uploads\/2021\/11\/5.Inauguracion.Programa.Capacitacio\u0301n.Lavazza.PROamazonia.bosques.ecuador.produccion.cafe_-768x420.jpg 768w, https:\/\/www.proamazonia.org\/ppr\/wp-content\/uploads\/2021\/11\/5.Inauguracion.Programa.Capacitacio\u0301n.Lavazza.PROamazonia.bosques.ecuador.produccion.cafe_.jpg 1000w\" sizes=\"auto, (max-width: 739px) 100vw, 739px\" \/><\/p>\n<p style=\"text-align: center;\"><b><span style=\"font-size: 10.0pt; color: windowtext;\">Fotograf\u00eda:<\/span><\/b><span style=\"font-size: 10.0pt; color: windowtext;\"> Unidad de Comunicaci\u00f3n de PROAmazon\u00eda<br \/>\n<\/span><b><\/b><b><span style=\"font-size: 10.0pt; color: windowtext;\">Descripci\u00f3n:<\/span><\/b><span style=\"font-size: 10.0pt; color: windowtext;\"> Evento de inauguraci\u00f3n de la capacitaci\u00f3n<\/span><\/p>\n<p><img loading=\"lazy\" decoding=\"async\" class=\"alignnone wp-image-5673 aligncenter\" src=\"https:\/\/www.proamazonia.org\/wp-content\/uploads\/2021\/11\/2.Inauguracion.Programa.Capacitacio\u0301n.Lavazza.PROamazonia.bosques.ecuador.produccion.cafe_-300x200.jpg\" alt=\"\" width=\"736\" height=\"490\" srcset=\"https:\/\/www.proamazonia.org\/ppr\/wp-content\/uploads\/2021\/11\/2.Inauguracion.Programa.Capacitacio\u0301n.Lavazza.PROamazonia.bosques.ecuador.produccion.cafe_-300x200.jpg 300w, https:\/\/www.proamazonia.org\/ppr\/wp-content\/uploads\/2021\/11\/2.Inauguracion.Programa.Capacitacio\u0301n.Lavazza.PROamazonia.bosques.ecuador.produccion.cafe_-768x512.jpg 768w, https:\/\/www.proamazonia.org\/ppr\/wp-content\/uploads\/2021\/11\/2.Inauguracion.Programa.Capacitacio\u0301n.Lavazza.PROamazonia.bosques.ecuador.produccion.cafe_-600x400.jpg 600w, https:\/\/www.proamazonia.org\/ppr\/wp-content\/uploads\/2021\/11\/2.Inauguracion.Programa.Capacitacio\u0301n.Lavazza.PROamazonia.bosques.ecuador.produccion.cafe_.jpg 1000w\" sizes=\"auto, (max-width: 736px) 100vw, 736px\" \/><\/p>\n<p style=\"text-align: center;\"><b><span style=\"font-size: 10.0pt; color: windowtext;\">Fotograf\u00eda:<\/span><\/b><span style=\"font-size: 10.0pt; color: windowtext;\"> Unidad de Comunicaci\u00f3n de PROAmazon\u00eda<br \/>\n<\/span><b><\/b><b><span style=\"font-size: 10.0pt; color: windowtext;\">Descripci\u00f3n:<\/span><\/b><span style=\"font-size: 10.0pt; color: windowtext;\"> Capacitaci\u00f3n semipresencial dirigida a productores de caf\u00e9 amaz\u00f3nico<\/span><\/p>\n<h3 class=\"title style-scope ytd-video-primary-info-renderer\" style=\"text-align: center;\"><strong>Saludo Giuseppe Lavazza &#8211; Vicepresidente Lavazza Group<\/strong><\/h3>\n<p><iframe loading=\"lazy\" title=\"Saludo Giuseppe Lavazza - Vicepresidente Lavazza Group, proyecto \u2018Caf\u00e9 Libre de deforestaci\u00f3n\u2019\u2019\" width=\"1161\" height=\"653\" src=\"https:\/\/www.youtube.com\/embed\/VeKpiz0Rk4A?feature=oembed\" frameborder=\"0\" allow=\"accelerometer; autoplay; clipboard-write; encrypted-media; gyroscope; picture-in-picture\" allowfullscreen><\/iframe><\/p>\n<p><strong>Autor: <\/strong>Unidad de Comunicaci\u00f3n de PROAmazon\u00eda.<\/p>","protected":false},"excerpt":{"rendered":"<p>22 de septiembre del 2021 El Ministerio de Agricultura y Ganader\u00eda (MAG) y el Ministerio del Ambiente, Agua y Transici\u00f3n Ecol\u00f3gica (MAATE), a trav\u00e9s de PROAmazon\u00eda con apoyo de PNUD, inauguraron el programa de capacitaci\u00f3n, dirigido a productores de caf\u00e9 amaz\u00f3nico, con la empresa italiana Lavazza. Esta actividad forma parte los esfuerzos que se realizan para promover una transici\u00f3n hacia una producci\u00f3n sostenible en la regi\u00f3n amaz\u00f3nica. Las capacitaciones con Lavazza tienen como objetivo fortalecer los conocimientos de los productores de caf\u00e9 de la Amazon\u00eda, tanto en sus procesos de mejora de calidad, como al momento de promocionar sus productos hacia un mercado internacional de caf\u00e9 de especialidad. Para ello, se brind\u00f3 informaci\u00f3n desde la perspectiva de la industria, en \u00e1reas relacionadas al an\u00e1lisis sensorial, canales de distribuci\u00f3n, log\u00edstica, preferencias del consumidor, entre otros temas de importancia para el caficultor. Fotograf\u00eda: Unidad de Comunicaci\u00f3n de PROAmazon\u00eda Descripci\u00f3n: Productores durante el an\u00e1lisis sensorial de las muestras de caf\u00e9 en el taller interactivo con Lavazza Group Este programa benefici\u00f3 a m\u00e1s de 50 productores y t\u00e9cnicos del sector de caf\u00e9 de distintas organizaciones de las seis provincias Amaz\u00f3nicas. Esta capacitaci\u00f3n se realiz\u00f3 en tres sesiones, durante el mes de septiembre, en las [&hellip;]<\/p>\n","protected":false},"author":2,"featured_media":5676,"comment_status":"closed","ping_status":"closed","sticky":false,"template":"","format":"standard","meta":{"_uf_show_specific_survey":0,"_uf_disable_surveys":false,"footnotes":""},"categories":[3,23,25],"tags":[],"class_list":["post-5672","post","type-post","status-publish","format-standard","has-post-thumbnail","hentry","category-noticias","category-noticias-home","category-produccion-sostenible"],"aioseo_notices":[],"_links":{"self":[{"href":"https:\/\/www.proamazonia.org\/ppr\/wp-json\/wp\/v2\/posts\/5672","targetHints":{"allow":["GET"]}}],"collection":[{"href":"https:\/\/www.proamazonia.org\/ppr\/wp-json\/wp\/v2\/posts"}],"about":[{"href":"https:\/\/www.proamazonia.org\/ppr\/wp-json\/wp\/v2\/types\/post"}],"author":[{"embeddable":true,"href":"https:\/\/www.proamazonia.org\/ppr\/wp-json\/wp\/v2\/users\/2"}],"replies":[{"embeddable":true,"href":"https:\/\/www.proamazonia.org\/ppr\/wp-json\/wp\/v2\/comments?post=5672"}],"version-history":[{"count":2,"href":"https:\/\/www.proamazonia.org\/ppr\/wp-json\/wp\/v2\/posts\/5672\/revisions"}],"predecessor-version":[{"id":5680,"href":"https:\/\/www.proamazonia.org\/ppr\/wp-json\/wp\/v2\/posts\/5672\/revisions\/5680"}],"wp:featuredmedia":[{"embeddable":true,"href":"https:\/\/www.proamazonia.org\/ppr\/wp-json\/wp\/v2\/media\/5676"}],"wp:attachment":[{"href":"https:\/\/www.proamazonia.org\/ppr\/wp-json\/wp\/v2\/media?parent=5672"}],"wp:term":[{"taxonomy":"category","embeddable":true,"href":"https:\/\/www.proamazonia.org\/ppr\/wp-json\/wp\/v2\/categories?post=5672"},{"taxonomy":"post_tag","embeddable":true,"href":"https:\/\/www.proamazonia.org\/ppr\/wp-json\/wp\/v2\/tags?post=5672"}],"curies":[{"name":"wp","href":"https:\/\/api.w.org\/{rel}","templated":true}]}}