{"id":5691,"date":"2021-11-23T18:29:33","date_gmt":"2021-11-23T23:29:33","guid":{"rendered":"https:\/\/www.proamazonia.org\/?p=5691"},"modified":"2021-11-23T18:30:12","modified_gmt":"2021-11-23T23:30:12","slug":"inicio-de-la-construccion-del-centro-de-acopio-de-cafe-en-morona-santiago","status":"publish","type":"post","link":"https:\/\/www.proamazonia.org\/ppr\/inicio-de-la-construccion-del-centro-de-acopio-de-cafe-en-morona-santiago\/","title":{"rendered":"Inicio de la construcci\u00f3n del Centro de Acopio de caf\u00e9 en Morona Santiago"},"content":{"rendered":"<p><\/p>\n<p style=\"text-align: right;\">17 de septiembre de 2021<\/p>\n<p>El Ministerio del Ambiente, Agua y Transici\u00f3n Ecol\u00f3gica (MAATE) y el Ministerio de Agricultura y Ganader\u00eda (MAG), a trav\u00e9s de PROAmazon\u00eda con apoyo de PNUD, participaron en el acto simb\u00f3lico para la construcci\u00f3n del nuevo Centro de Acopio de caf\u00e9 y cacao, en la parroquia Sina\u00ed de Morona Santiago. Este centro de almacenamiento tendr\u00e1 el objetivo de mejorar la productividad y calidad del caf\u00e9 en la provincia y sobre todo garantizar\u00e1 que se produzca de una manera sostenible, libre de deforestaci\u00f3n.<\/p>\n<p>En el 2019, el Programa Integral Amaz\u00f3nico de Conservaci\u00f3n de Bosques y Producci\u00f3n Sostenible PROAmazon\u00eda luego de realizar un estudio de viabilidad econ\u00f3mica determin\u00f3 que era factible la implementaci\u00f3n de un centro de acopio de caf\u00e9 y cacao, el cual pod\u00eda recolectar alrededor del 60% de la producci\u00f3n de la provincia. Esta iniciativa empez\u00f3 a materializarse gracias al Plan de repotenciaci\u00f3n de Centros de Acopio de organizaciones de productores de cacao y caf\u00e9 de la Regi\u00f3n Amaz\u00f3nica, mediante un convenio firmado entre el MAG &#8211; MAATE y el Comit\u00e9 Europeo para la Formaci\u00f3n y la Agricultura (CEFA).<\/p>\n<p>M\u00e1s de 140 caficultores, que poseen plantaciones en la zona, han producido 420 quintales hasta agosto 2021 y se espera que superen la cifra de 830 quintales de caf\u00e9 ar\u00e1bica pergamino al finalizar el a\u00f1o. El Centro de Acopio de caf\u00e9 y cacao cuenta con una capacidad de procesamiento de 88 quintales por d\u00eda, lo que significa 2.640 quintales por mes. Estas caracter\u00edsticas brindan la oportunidad a los caficultores de incrementar su productividad, acceder a mercados diferenciados y fortalecer sus organizaciones sociales, como la Uni\u00f3n Provincial de Asociaciones Agropecuarias de Morona Santiago y sus once organizaciones de base. Adem\u00e1s, brinda a los productores mejores condiciones para almacenar sus productos y velar por su calidad.<\/p>\n<p>Uno de los objetivos del programa PROAmazon\u00eda, programa del gobierno Nacional es lograr que agricultores de la zona adopten procesos de producci\u00f3n sostenible y para ello plantea acciones futuras como la implementaci\u00f3n de un modelo de gesti\u00f3n del Centro de Acopio, certificaciones BPA (Buenas pr\u00e1cticas agropecuarias) y Libre de deforestaci\u00f3n a la Asociaci\u00f3n Cafetalera Sina\u00ed Valle del Sangay y a las organizaciones de la Uni\u00f3n Provincial de Asociaciones Agropecuarias de Morona Santiago.<\/p>\n<p style=\"text-align: center;\"><img loading=\"lazy\" decoding=\"async\" class=\"alignnone wp-image-5693\" src=\"https:\/\/www.proamazonia.org\/wp-content\/uploads\/2021\/11\/4.Colocacio\u0301n.primera.piedra.Centro.Acopio.Cafe_.PRoamazoznia.bosque.produccion.sostenible.ecuador-300x168.jpg\" alt=\"\" width=\"546\" height=\"306\" srcset=\"https:\/\/www.proamazonia.org\/ppr\/wp-content\/uploads\/2021\/11\/4.Colocacio\u0301n.primera.piedra.Centro.Acopio.Cafe_.PRoamazoznia.bosque.produccion.sostenible.ecuador-300x168.jpg 300w, https:\/\/www.proamazonia.org\/ppr\/wp-content\/uploads\/2021\/11\/4.Colocacio\u0301n.primera.piedra.Centro.Acopio.Cafe_.PRoamazoznia.bosque.produccion.sostenible.ecuador-768x430.jpg 768w, https:\/\/www.proamazonia.org\/ppr\/wp-content\/uploads\/2021\/11\/4.Colocacio\u0301n.primera.piedra.Centro.Acopio.Cafe_.PRoamazoznia.bosque.produccion.sostenible.ecuador.jpg 1000w\" sizes=\"auto, (max-width: 546px) 100vw, 546px\" \/>\u00a0 \u00a0<img loading=\"lazy\" decoding=\"async\" class=\"alignnone wp-image-5692\" src=\"https:\/\/www.proamazonia.org\/wp-content\/uploads\/2021\/11\/3.Colocacio\u0301n.primera.piedra.Centro.Acopio.Cafe_.PRoamazoznia.bosque.produccion.sostenible.ecuador-300x168.jpg\" alt=\"\" width=\"546\" height=\"306\" srcset=\"https:\/\/www.proamazonia.org\/ppr\/wp-content\/uploads\/2021\/11\/3.Colocacio\u0301n.primera.piedra.Centro.Acopio.Cafe_.PRoamazoznia.bosque.produccion.sostenible.ecuador-300x168.jpg 300w, https:\/\/www.proamazonia.org\/ppr\/wp-content\/uploads\/2021\/11\/3.Colocacio\u0301n.primera.piedra.Centro.Acopio.Cafe_.PRoamazoznia.bosque.produccion.sostenible.ecuador-768x430.jpg 768w, https:\/\/www.proamazonia.org\/ppr\/wp-content\/uploads\/2021\/11\/3.Colocacio\u0301n.primera.piedra.Centro.Acopio.Cafe_.PRoamazoznia.bosque.produccion.sostenible.ecuador.jpg 1000w\" sizes=\"auto, (max-width: 546px) 100vw, 546px\" \/><\/p>\n<p style=\"text-align: center;\"><img loading=\"lazy\" decoding=\"async\" class=\"alignnone wp-image-5690\" src=\"https:\/\/www.proamazonia.org\/wp-content\/uploads\/2021\/11\/2.Colocacio\u0301n.primera.piedra.Centro.Acopio.Cafe_.PRoamazoznia.bosque.produccion.sostenible.ecuador-300x168.jpg\" alt=\"\" width=\"548\" height=\"307\" srcset=\"https:\/\/www.proamazonia.org\/ppr\/wp-content\/uploads\/2021\/11\/2.Colocacio\u0301n.primera.piedra.Centro.Acopio.Cafe_.PRoamazoznia.bosque.produccion.sostenible.ecuador-300x168.jpg 300w, https:\/\/www.proamazonia.org\/ppr\/wp-content\/uploads\/2021\/11\/2.Colocacio\u0301n.primera.piedra.Centro.Acopio.Cafe_.PRoamazoznia.bosque.produccion.sostenible.ecuador-768x430.jpg 768w, https:\/\/www.proamazonia.org\/ppr\/wp-content\/uploads\/2021\/11\/2.Colocacio\u0301n.primera.piedra.Centro.Acopio.Cafe_.PRoamazoznia.bosque.produccion.sostenible.ecuador.jpg 1000w\" sizes=\"auto, (max-width: 548px) 100vw, 548px\" \/>\u00a0 \u00a0<img loading=\"lazy\" decoding=\"async\" class=\"alignnone wp-image-5689\" src=\"https:\/\/www.proamazonia.org\/wp-content\/uploads\/2021\/11\/1.Colocacio\u0301n.primera.piedra.Centro.Acopio.Cafe_.PRoamazoznia.bosque.produccion.sostenible.ecuador-300x168.jpg\" alt=\"\" width=\"547\" height=\"306\" srcset=\"https:\/\/www.proamazonia.org\/ppr\/wp-content\/uploads\/2021\/11\/1.Colocacio\u0301n.primera.piedra.Centro.Acopio.Cafe_.PRoamazoznia.bosque.produccion.sostenible.ecuador-300x168.jpg 300w, https:\/\/www.proamazonia.org\/ppr\/wp-content\/uploads\/2021\/11\/1.Colocacio\u0301n.primera.piedra.Centro.Acopio.Cafe_.PRoamazoznia.bosque.produccion.sostenible.ecuador-768x430.jpg 768w, https:\/\/www.proamazonia.org\/ppr\/wp-content\/uploads\/2021\/11\/1.Colocacio\u0301n.primera.piedra.Centro.Acopio.Cafe_.PRoamazoznia.bosque.produccion.sostenible.ecuador.jpg 1000w\" sizes=\"auto, (max-width: 547px) 100vw, 547px\" \/><\/p>\n<p style=\"text-align: center;\"><b><span style=\"font-size: 10.0pt; color: windowtext;\">Fotograf\u00eda:<\/span><\/b><span style=\"font-size: 10.0pt; color: windowtext;\"> Giovani Pucha, T\u00e9cnico Provincial de Modelos de Negocios de Caf\u00e9 Sostenible para la Provincia de Morona Santiago<br \/>\n<\/span><b><\/b><b><span style=\"font-size: 10.0pt; color: windowtext;\">Descripci\u00f3n:<\/span><\/b><span style=\"font-size: 10.0pt; color: windowtext;\"> Ceremonia de Construcci\u00f3n del Centro de Acopio de caf\u00e9 en Morona Santiago<\/span><\/p>\n<p><strong>Autor:<\/strong> Unidad de comunicaci\u00f3n de PROAmazon\u00eda<\/p>","protected":false},"excerpt":{"rendered":"<p>17 de septiembre de 2021 El Ministerio del Ambiente, Agua y Transici\u00f3n Ecol\u00f3gica (MAATE) y el Ministerio de Agricultura y Ganader\u00eda (MAG), a trav\u00e9s de PROAmazon\u00eda con apoyo de PNUD, participaron en el acto simb\u00f3lico para la construcci\u00f3n del nuevo Centro de Acopio de caf\u00e9 y cacao, en la parroquia Sina\u00ed de Morona Santiago. Este centro de almacenamiento tendr\u00e1 el objetivo de mejorar la productividad y calidad del caf\u00e9 en la provincia y sobre todo garantizar\u00e1 que se produzca de una manera sostenible, libre de deforestaci\u00f3n. En el 2019, el Programa Integral Amaz\u00f3nico de Conservaci\u00f3n de Bosques y Producci\u00f3n Sostenible PROAmazon\u00eda luego de realizar un estudio de viabilidad econ\u00f3mica determin\u00f3 que era factible la implementaci\u00f3n de un centro de acopio de caf\u00e9 y cacao, el cual pod\u00eda recolectar alrededor del 60% de la producci\u00f3n de la provincia. Esta iniciativa empez\u00f3 a materializarse gracias al Plan de repotenciaci\u00f3n de Centros de Acopio de organizaciones de productores de cacao y caf\u00e9 de la Regi\u00f3n Amaz\u00f3nica, mediante un convenio firmado entre el MAG &#8211; MAATE y el Comit\u00e9 Europeo para la Formaci\u00f3n y la Agricultura (CEFA). M\u00e1s de 140 caficultores, que poseen plantaciones en la zona, han producido 420 quintales hasta agosto 2021 [&hellip;]<\/p>\n","protected":false},"author":2,"featured_media":5695,"comment_status":"closed","ping_status":"closed","sticky":false,"template":"","format":"standard","meta":{"_uf_show_specific_survey":0,"_uf_disable_surveys":false,"footnotes":""},"categories":[3,23,25],"tags":[],"class_list":["post-5691","post","type-post","status-publish","format-standard","has-post-thumbnail","hentry","category-noticias","category-noticias-home","category-produccion-sostenible"],"aioseo_notices":[],"_links":{"self":[{"href":"https:\/\/www.proamazonia.org\/ppr\/wp-json\/wp\/v2\/posts\/5691","targetHints":{"allow":["GET"]}}],"collection":[{"href":"https:\/\/www.proamazonia.org\/ppr\/wp-json\/wp\/v2\/posts"}],"about":[{"href":"https:\/\/www.proamazonia.org\/ppr\/wp-json\/wp\/v2\/types\/post"}],"author":[{"embeddable":true,"href":"https:\/\/www.proamazonia.org\/ppr\/wp-json\/wp\/v2\/users\/2"}],"replies":[{"embeddable":true,"href":"https:\/\/www.proamazonia.org\/ppr\/wp-json\/wp\/v2\/comments?post=5691"}],"version-history":[{"count":2,"href":"https:\/\/www.proamazonia.org\/ppr\/wp-json\/wp\/v2\/posts\/5691\/revisions"}],"predecessor-version":[{"id":5698,"href":"https:\/\/www.proamazonia.org\/ppr\/wp-json\/wp\/v2\/posts\/5691\/revisions\/5698"}],"wp:featuredmedia":[{"embeddable":true,"href":"https:\/\/www.proamazonia.org\/ppr\/wp-json\/wp\/v2\/media\/5695"}],"wp:attachment":[{"href":"https:\/\/www.proamazonia.org\/ppr\/wp-json\/wp\/v2\/media?parent=5691"}],"wp:term":[{"taxonomy":"category","embeddable":true,"href":"https:\/\/www.proamazonia.org\/ppr\/wp-json\/wp\/v2\/categories?post=5691"},{"taxonomy":"post_tag","embeddable":true,"href":"https:\/\/www.proamazonia.org\/ppr\/wp-json\/wp\/v2\/tags?post=5691"}],"curies":[{"name":"wp","href":"https:\/\/api.w.org\/{rel}","templated":true}]}}