{"id":5702,"date":"2021-11-23T18:49:29","date_gmt":"2021-11-23T23:49:29","guid":{"rendered":"https:\/\/www.proamazonia.org\/?p=5702"},"modified":"2021-11-23T18:50:06","modified_gmt":"2021-11-23T23:50:06","slug":"las-escuelas-de-campo-agro-productivas-sostenibles-en-la-amazonia-cuidan-el-bosque-nativo","status":"publish","type":"post","link":"https:\/\/www.proamazonia.org\/ppr\/las-escuelas-de-campo-agro-productivas-sostenibles-en-la-amazonia-cuidan-el-bosque-nativo\/","title":{"rendered":"Las escuelas de campo agro-productivas sostenibles en la Amazon\u00eda cuidan el bosque nativo"},"content":{"rendered":"<p>En la parroquia Sina\u00ed, Comunidad Tres Mar\u00edas a pocos kil\u00f3metros se encuentra la finca de la se\u00f1ora Florita Gallegos, quien con una sonrisa en su rostro recibe a los extensionistas de campo y comparte la experiencia exitosa de la implementaci\u00f3n de cercas el\u00e9ctricas y pastoreo rotacional con los productores compa\u00f1eros de la escuela de campo &#8211; ECA.\u00a0 Cada quince d\u00edas, Florita con otras 16 personas, que conformaron un grupo de aprendizaje, se movilizan a una finca para la fortalecer sus capacidades para la implementaci\u00f3n de ganader\u00edas sostenibles que reduzcan la deforestaci\u00f3n.<\/p>\n<p>PROAmazon\u00eda es la iniciativa que soporta estas actividades y es ejecutada por el Ministerio de Agricultura y Ganader\u00eda y el Ministerio de Ambiente, Agua y Transici\u00f3n Ecol\u00f3gica con el apoyo del Programa de Naciones Unidas para el Desarrollo \u2013 PNUD, buscando facilitar la adopci\u00f3n de pr\u00e1cticas sostenibles en las fincas agro-productivas amaz\u00f3nicas sin expandir la frontera agr\u00edcola y conservando el bosque.<\/p>\n<p>Florita, recibe capacitaci\u00f3n y acompa\u00f1amiento t\u00e9cnico por parte de extensionistas en el marco de la colaboraci\u00f3n que mantiene PROAmazon\u00eda con el Centro Agron\u00f3mico Tropical de Investigaci\u00f3n y Ense\u00f1anza (CATIE). Las Escuelas de Campo comprenden un proceso de capacitaci\u00f3n participativa, caracterizadas por el intercambio de saberes productor-facilitador, con el fin de que los productores repliquen los conocimientos adquiridos en sus fincas.<\/p>\n<p>CATIE ha concentrado esfuerzos en socializar m\u00f3dulos de bancos forrajeros, pastoreo rotacional, sistemas silvopastoriles, y servicios ecosist\u00e9micos. En \u00e9ste \u00faltimo se enfatiza la importancia de la arborizaci\u00f3n de los sistemas ganaderos y la reducci\u00f3n del impacto del cambio clim\u00e1tico. Es as\u00ed que 1.852 productores ganaderos (38% mujeres) participan en 101 escuelas de campo, comprometidos en reducir la presi\u00f3n de los bosques.<\/p>\n<p>De igual manera, con el apoyo del Instituto Interamericano de Cooperaci\u00f3n para la Agricultura IICA, PROAmazon\u00eda imparte Escuelas de Campo para la producci\u00f3n sostenible de caf\u00e9 y cacao, con tem\u00e1ticas como manejo integrado de plagas y enfermedades, fertilidad de suelos, cosecha, postcosecha, entre otros. La malla curricular se complementa con m\u00f3dulos de asociatividad, comercializaci\u00f3n, cambio clim\u00e1tico y REDD+.<\/p>\n<p>Con IICA en las 6 provincias amaz\u00f3nicas se implementan 72 ECAs, con m\u00e1s de 1625 beneficiarios, de los cuales el 52% son mujeres y el 48% pertenecen a pueblos y nacionalidades ind\u00edgenas.<\/p>\n<p><strong><em>Las escuelas de campo promueven la producci\u00f3n sostenible y libre de deforestaci\u00f3n en la Amazon\u00eda<\/em><\/strong>, dado que el productor es m\u00e1s consiente del cuidado de los recursos naturales, mejora la productividad, evita la tala de los \u00e1rboles y se beneficia de los servicios que brinda la biodiversidad.<\/p>\n<p style=\"text-align: center;\"><img loading=\"lazy\" decoding=\"async\" class=\"alignnone wp-image-5700\" src=\"https:\/\/www.proamazonia.org\/wp-content\/uploads\/2021\/11\/2.ECAS_.cafe\u0301.cacao_.ganaderi\u0301a.proamazonia.produccion.sostenible.bosques.ecuador-300x212.jpg\" alt=\"\" width=\"730\" height=\"516\" srcset=\"https:\/\/www.proamazonia.org\/ppr\/wp-content\/uploads\/2021\/11\/2.ECAS_.cafe\u0301.cacao_.ganaderi\u0301a.proamazonia.produccion.sostenible.bosques.ecuador-300x212.jpg 300w, https:\/\/www.proamazonia.org\/ppr\/wp-content\/uploads\/2021\/11\/2.ECAS_.cafe\u0301.cacao_.ganaderi\u0301a.proamazonia.produccion.sostenible.bosques.ecuador-768x543.jpg 768w, https:\/\/www.proamazonia.org\/ppr\/wp-content\/uploads\/2021\/11\/2.ECAS_.cafe\u0301.cacao_.ganaderi\u0301a.proamazonia.produccion.sostenible.bosques.ecuador.jpg 900w\" sizes=\"auto, (max-width: 730px) 100vw, 730px\" \/> \u00a0<img loading=\"lazy\" decoding=\"async\" class=\"alignnone wp-image-5699\" src=\"https:\/\/www.proamazonia.org\/wp-content\/uploads\/2021\/11\/1.ECAS_.cafe\u0301.cacao_.ganaderi\u0301a.proamazonia.produccion.sostenible.bosques.ecuador-300x212.jpg\" alt=\"\" width=\"730\" height=\"516\" srcset=\"https:\/\/www.proamazonia.org\/ppr\/wp-content\/uploads\/2021\/11\/1.ECAS_.cafe\u0301.cacao_.ganaderi\u0301a.proamazonia.produccion.sostenible.bosques.ecuador-300x212.jpg 300w, https:\/\/www.proamazonia.org\/ppr\/wp-content\/uploads\/2021\/11\/1.ECAS_.cafe\u0301.cacao_.ganaderi\u0301a.proamazonia.produccion.sostenible.bosques.ecuador-768x543.jpg 768w, https:\/\/www.proamazonia.org\/ppr\/wp-content\/uploads\/2021\/11\/1.ECAS_.cafe\u0301.cacao_.ganaderi\u0301a.proamazonia.produccion.sostenible.bosques.ecuador.jpg 900w\" sizes=\"auto, (max-width: 730px) 100vw, 730px\" \/><\/p>\n<p style=\"text-align: center;\"><b><span style=\"font-size: 10.0pt; color: windowtext;\">Fotograf\u00eda:<\/span><\/b><span style=\"font-size: 10.0pt; color: windowtext;\"> Marco Guilcapi &#8211; PROAmazon\u00eda<br \/>\n<\/span><b><\/b><b><span style=\"font-size: 10.0pt; color: windowtext;\">Descripci\u00f3n:<\/span><\/b><span style=\"font-size: 10.0pt; color: windowtext;\"> Actividades grupales en las Escuelas de Campo<\/span><\/p>\n<p><strong>Autor:<\/strong> Marco Guilcapi, Especialista T\u00e9cnico en Cacao Sostenible de PROAmazon\u00eda<\/p>","protected":false},"excerpt":{"rendered":"<p>En la parroquia Sina\u00ed, Comunidad Tres Mar\u00edas a pocos kil\u00f3metros se encuentra la finca de la se\u00f1ora Florita Gallegos, quien con una sonrisa en su rostro recibe a los extensionistas de campo y comparte la experiencia exitosa de la implementaci\u00f3n de cercas el\u00e9ctricas y pastoreo rotacional con los productores compa\u00f1eros de la escuela de campo &#8211; ECA.\u00a0 Cada quince d\u00edas, Florita con otras 16 personas, que conformaron un grupo de aprendizaje, se movilizan a una finca para la fortalecer sus capacidades para la implementaci\u00f3n de ganader\u00edas sostenibles que reduzcan la deforestaci\u00f3n. PROAmazon\u00eda es la iniciativa que soporta estas actividades y es ejecutada por el Ministerio de Agricultura y Ganader\u00eda y el Ministerio de Ambiente, Agua y Transici\u00f3n Ecol\u00f3gica con el apoyo del Programa de Naciones Unidas para el Desarrollo \u2013 PNUD, buscando facilitar la adopci\u00f3n de pr\u00e1cticas sostenibles en las fincas agro-productivas amaz\u00f3nicas sin expandir la frontera agr\u00edcola y conservando el bosque. Florita, recibe capacitaci\u00f3n y acompa\u00f1amiento t\u00e9cnico por parte de extensionistas en el marco de la colaboraci\u00f3n que mantiene PROAmazon\u00eda con el Centro Agron\u00f3mico Tropical de Investigaci\u00f3n y Ense\u00f1anza (CATIE). Las Escuelas de Campo comprenden un proceso de capacitaci\u00f3n participativa, caracterizadas por el intercambio de saberes productor-facilitador, con el [&hellip;]<\/p>\n","protected":false},"author":2,"featured_media":5703,"comment_status":"closed","ping_status":"closed","sticky":false,"template":"","format":"standard","meta":{"_uf_show_specific_survey":0,"_uf_disable_surveys":false,"footnotes":""},"categories":[3,23,25],"tags":[62,111,192,190,44,191],"class_list":["post-5702","post","type-post","status-publish","format-standard","has-post-thumbnail","hentry","category-noticias","category-noticias-home","category-produccion-sostenible","tag-bosques","tag-campo","tag-cop","tag-escuelas","tag-proamazonia","tag-sotenible"],"aioseo_notices":[],"_links":{"self":[{"href":"https:\/\/www.proamazonia.org\/ppr\/wp-json\/wp\/v2\/posts\/5702","targetHints":{"allow":["GET"]}}],"collection":[{"href":"https:\/\/www.proamazonia.org\/ppr\/wp-json\/wp\/v2\/posts"}],"about":[{"href":"https:\/\/www.proamazonia.org\/ppr\/wp-json\/wp\/v2\/types\/post"}],"author":[{"embeddable":true,"href":"https:\/\/www.proamazonia.org\/ppr\/wp-json\/wp\/v2\/users\/2"}],"replies":[{"embeddable":true,"href":"https:\/\/www.proamazonia.org\/ppr\/wp-json\/wp\/v2\/comments?post=5702"}],"version-history":[{"count":2,"href":"https:\/\/www.proamazonia.org\/ppr\/wp-json\/wp\/v2\/posts\/5702\/revisions"}],"predecessor-version":[{"id":5705,"href":"https:\/\/www.proamazonia.org\/ppr\/wp-json\/wp\/v2\/posts\/5702\/revisions\/5705"}],"wp:featuredmedia":[{"embeddable":true,"href":"https:\/\/www.proamazonia.org\/ppr\/wp-json\/wp\/v2\/media\/5703"}],"wp:attachment":[{"href":"https:\/\/www.proamazonia.org\/ppr\/wp-json\/wp\/v2\/media?parent=5702"}],"wp:term":[{"taxonomy":"category","embeddable":true,"href":"https:\/\/www.proamazonia.org\/ppr\/wp-json\/wp\/v2\/categories?post=5702"},{"taxonomy":"post_tag","embeddable":true,"href":"https:\/\/www.proamazonia.org\/ppr\/wp-json\/wp\/v2\/tags?post=5702"}],"curies":[{"name":"wp","href":"https:\/\/api.w.org\/{rel}","templated":true}]}}