{"id":5710,"date":"2021-11-23T19:00:36","date_gmt":"2021-11-24T00:00:36","guid":{"rendered":"https:\/\/www.proamazonia.org\/?p=5710"},"modified":"2023-03-13T11:19:33","modified_gmt":"2023-03-13T16:19:33","slug":"un-like-a-favor-de-la-restauracion-forestal-de-la-amazonia-ecuatoriana","status":"publish","type":"post","link":"https:\/\/www.proamazonia.org\/ppr\/un-like-a-favor-de-la-restauracion-forestal-de-la-amazonia-ecuatoriana\/","title":{"rendered":"Un like a favor de la restauraci\u00f3n forestal de la Amazon\u00eda ecuatoriana"},"content":{"rendered":"<p>Un \u00e1rbol plantado por cada like recibido hasta llegar a 100.000 interacciones. Esta fue la premisa con la que PROAmazon\u00eda, programa del Ministerio del Ambiente, Agua y Transici\u00f3n Ecol\u00f3gica y Ministerio de Agricultura y Ganader\u00eda con el apoyo de PNUD; se uni\u00f3 a la campa\u00f1a del actor y ambientalista ecuatoriano Roberto Manrique, \u201cJuntos Por la Tierra\u201d.<\/p>\n<p>La tarea no fue f\u00e1cil pero el inter\u00e9s de la ciudadan\u00eda en formar parte de las tareas de restauraci\u00f3n y mitigaci\u00f3n de los efectos del cambio clim\u00e1tico sorprendi\u00f3 a todos y todas las involucradas en la campa\u00f1a, al obtener 140.000 likes en los seis meses de duraci\u00f3n la misma que inici\u00f3 entre abril hasta septiembre de 2021. Esto represent\u00f3 un 40% m\u00e1s de lo esperado, lo que significa que desde el inicio de la campa\u00f1a hasta el mes de diciembre del 2021, se plantar\u00e1n 140.000 \u00e1rboles nativos como parte de esta iniciativa colaborativa.<\/p>\n<p>Para cumplir con la plantaci\u00f3n de 140.000 \u00e1rboles, los socios implementadores con quienes trabaja PROAmazon\u00eda distribuir\u00e1n este proceso de la siguiente manera:<\/p>\n<p><img loading=\"lazy\" decoding=\"async\" class=\"alignnone wp-image-5712 aligncenter\" src=\"https:\/\/www.proamazonia.org\/wp-content\/uploads\/2021\/11\/3.Juntos.por_.tierra.plantacion.campan\u0303a.proamazonia.hivos_.bosque.sostenible-300x150.jpg\" alt=\"\" width=\"1022\" height=\"511\" srcset=\"https:\/\/www.proamazonia.org\/ppr\/wp-content\/uploads\/2021\/11\/3.Juntos.por_.tierra.plantacion.campan\u0303a.proamazonia.hivos_.bosque.sostenible-300x150.jpg 300w, https:\/\/www.proamazonia.org\/ppr\/wp-content\/uploads\/2021\/11\/3.Juntos.por_.tierra.plantacion.campan\u0303a.proamazonia.hivos_.bosque.sostenible-1024x511.jpg 1024w, https:\/\/www.proamazonia.org\/ppr\/wp-content\/uploads\/2021\/11\/3.Juntos.por_.tierra.plantacion.campan\u0303a.proamazonia.hivos_.bosque.sostenible-768x383.jpg 768w, https:\/\/www.proamazonia.org\/ppr\/wp-content\/uploads\/2021\/11\/3.Juntos.por_.tierra.plantacion.campan\u0303a.proamazonia.hivos_.bosque.sostenible-1000x500.jpg 1000w, https:\/\/www.proamazonia.org\/ppr\/wp-content\/uploads\/2021\/11\/3.Juntos.por_.tierra.plantacion.campan\u0303a.proamazonia.hivos_.bosque.sostenible.jpg 1100w\" sizes=\"auto, (max-width: 1022px) 100vw, 1022px\" \/><\/p>\n<p>Entre las especies nativas que ser\u00e1n plantadas est\u00e1n: el cedro, la caoba, el chuncho, el man\u00ed de \u00e1rbol, chonta, morete, moral, b\u00e1lsamo, cacao de monte, yutzo, balsa, guayusa, ungurahua, entre otras especies que son utilizadas por las comunidades. Estas consituyen una fuente de alimento, reducen la erosi\u00f3n, controlan las plagas y enfermedades, regulan la calidad y cantidad de agua, crean microclimas y constituyen el hogar y alimento de miles de especies de animales de la Amazon\u00eda.<\/p>\n<p>Cabe resaltar que los procesos de restauraci\u00f3n contin\u00faan, esta campa\u00f1a y los \u00e1rboles que est\u00e1n siendo plantados y que se plantar\u00e1n, forman parte de las 15.000 hect\u00e1reas en proceso de restauraci\u00f3n que lidera el Programa Nacional de Reforestaci\u00f3n del MAATE junto con PROAmazon\u00eda (programa del Gobierno Nacional con apoyo del PNUD), en cumplimiento a la Convenci\u00f3n Marco de las Naciones Unidas para el Cambio Clim\u00e1tico y el Fondo Verde para el Clima; y en el marco de la aplicaci\u00f3n del modelo de gesti\u00f3n del Plan Nacional de Restauraci\u00f3n Forestal (PNRF) 2019-2030.<\/p>\n<p>Los proyectos de restauraci\u00f3n brindan m\u00faltiples beneficios a las comunidades locales. Adem\u00e1s, de devolverle al bosque sus servicios ecosist\u00e9micos, genera empleos para bioemprendimientos de productos forestales no maderables, la dinamizaci\u00f3n de la econom\u00eda local,\u00a0 seguridad alimentaria y promueve el fortalecimiento de capacidades, el liderazgo, la participaci\u00f3n e inclusi\u00f3n, as\u00ed como la transversalizaci\u00f3n del enfoque de g\u00e9nero.<\/p>\n<p>Tambi\u00e9n, promueve estrategias de sostenibilidad como, la vinculaci\u00f3n con la planificaci\u00f3n y el ordenamiento territorial, la promulgaci\u00f3n de ordenanzas cantonales para la protecci\u00f3n de las \u00e1reas, y la articulaci\u00f3n intersectorial entre las distintas escalas territoriales.<\/p>\n<p><strong>Enlaces de inter\u00e9s:\u00a0 <\/strong><\/p>\n<ul>\n<li>Link de video: <a href=\"https:\/\/youtu.be\/wbcQpv8vRM4\">https:\/\/youtu.be\/wbcQpv8vRM4<\/a><\/li>\n<li>Campa\u00f1a \u201cjuntos por la tierra\u201d, <a href=\"https:\/\/www.facebook.com\/JuntosXLaTierraOficial\">https:\/\/www.facebook.com\/JuntosXLaTierraOficial<\/a><\/li>\n<\/ul>\n<p><strong>Aspectos destacados<\/strong><\/p>\n<ul>\n<li>Los 140.000 \u00e1rboles plantados ayudar\u00e1n a restaurar aproximadamente 1.000 hect\u00e1reas en la Amazon\u00eda ecuatoriana.<\/li>\n<li>La campa\u00f1a \u201cJuntosXlaTierra\u201d forma parte de la gesti\u00f3n realizada por la autoridad ambiental; a trav\u00e9s del Programa Nacional de Reforestaci\u00f3n y PROAmazon\u00eda para restaurar m\u00e1s de 15.000 hect\u00e1reas.<\/li>\n<li>La restauraci\u00f3n forestal contribuye a recuperar especies en peligro de extinci\u00f3n como el caoba y b\u00e1lsamo (S<em>wietenia macrophylla<\/em> y <em>Myroxylon balsamum<\/em>).<\/li>\n<\/ul>\n<p><img loading=\"lazy\" decoding=\"async\" class=\"alignnone wp-image-5706 aligncenter\" src=\"https:\/\/www.proamazonia.org\/wp-content\/uploads\/2021\/11\/1.Juntos.por_.tierra.plantacion.campan\u0303a.proamazonia.hivos_.bosque.sostenible-300x200.jpg\" alt=\"\" width=\"820\" height=\"546\" srcset=\"https:\/\/www.proamazonia.org\/ppr\/wp-content\/uploads\/2021\/11\/1.Juntos.por_.tierra.plantacion.campan\u0303a.proamazonia.hivos_.bosque.sostenible-300x200.jpg 300w, https:\/\/www.proamazonia.org\/ppr\/wp-content\/uploads\/2021\/11\/1.Juntos.por_.tierra.plantacion.campan\u0303a.proamazonia.hivos_.bosque.sostenible-768x511.jpg 768w, https:\/\/www.proamazonia.org\/ppr\/wp-content\/uploads\/2021\/11\/1.Juntos.por_.tierra.plantacion.campan\u0303a.proamazonia.hivos_.bosque.sostenible-600x400.jpg 600w, https:\/\/www.proamazonia.org\/ppr\/wp-content\/uploads\/2021\/11\/1.Juntos.por_.tierra.plantacion.campan\u0303a.proamazonia.hivos_.bosque.sostenible.jpg 1000w\" sizes=\"auto, (max-width: 820px) 100vw, 820px\" \/><\/p>\n<p style=\"text-align: center;\"><b><span style=\"font-size: 10.0pt; color: windowtext;\">Fotograf\u00eda:<\/span><\/b><span style=\"font-size: 10.0pt; color: windowtext;\"> Mart\u00edn Pastor &#8211; Unidad de Comunicaci\u00f3n<br \/>\n<\/span><b><\/b><b><span style=\"font-size: 10.0pt; color: windowtext;\">Descripci\u00f3n:<\/span><\/b><span style=\"font-size: 10.0pt; color: windowtext;\"> Una de las promotoras forestales de Hivos en Sucumb\u00edos explica el proyecto de restauraci\u00f3n al actor y ambientalista Roberto Manrique.<\/span><\/p>\n<p><img loading=\"lazy\" decoding=\"async\" class=\"alignnone wp-image-5707 aligncenter\" src=\"https:\/\/www.proamazonia.org\/wp-content\/uploads\/2021\/11\/2.Juntos.por_.tierra.plantacion.campan\u0303a.proamazonia.hivos_.bosque.sostenible-300x200.jpg\" alt=\"\" width=\"788\" height=\"526\" srcset=\"https:\/\/www.proamazonia.org\/ppr\/wp-content\/uploads\/2021\/11\/2.Juntos.por_.tierra.plantacion.campan\u0303a.proamazonia.hivos_.bosque.sostenible-300x200.jpg 300w, https:\/\/www.proamazonia.org\/ppr\/wp-content\/uploads\/2021\/11\/2.Juntos.por_.tierra.plantacion.campan\u0303a.proamazonia.hivos_.bosque.sostenible-1024x682.jpg 1024w, https:\/\/www.proamazonia.org\/ppr\/wp-content\/uploads\/2021\/11\/2.Juntos.por_.tierra.plantacion.campan\u0303a.proamazonia.hivos_.bosque.sostenible-768x512.jpg 768w, https:\/\/www.proamazonia.org\/ppr\/wp-content\/uploads\/2021\/11\/2.Juntos.por_.tierra.plantacion.campan\u0303a.proamazonia.hivos_.bosque.sostenible-600x400.jpg 600w, https:\/\/www.proamazonia.org\/ppr\/wp-content\/uploads\/2021\/11\/2.Juntos.por_.tierra.plantacion.campan\u0303a.proamazonia.hivos_.bosque.sostenible.jpg 1100w\" sizes=\"auto, (max-width: 788px) 100vw, 788px\" \/><\/p>\n<p style=\"text-align: center;\"><b><span style=\"font-size: 10.0pt; color: windowtext;\">Fotograf\u00eda:<\/span><\/b><span style=\"font-size: 10.0pt; color: windowtext;\"> Alejandro Alfaro<br \/>\n<\/span><b><\/b><b><span style=\"font-size: 10.0pt; color: windowtext;\">Descripci\u00f3n:<\/span><\/b><span style=\"font-size: 10.0pt; color: windowtext;\"> Producci\u00f3n y cuidado de plantas nativas que ser\u00e1n utilizadas para la plantaci\u00f3n de la campa\u00f1a JuntosXlatierra.<\/span><\/p>\n<blockquote class=\"instagram-media\" style=\"background: #FFF; border: 0; border-radius: 3px; box-shadow: 0 0 1px 0 rgba(0,0,0,0.5),0 1px 10px 0 rgba(0,0,0,0.15); margin: 1px; max-width: 540px; min-width: 326px; padding: 0; width: calc(100% - 2px);\" data-instgrm-captioned=\"\" data-instgrm-permalink=\"https:\/\/www.instagram.com\/p\/CV0jv15roPU\/?utm_source=ig_embed&amp;utm_campaign=loading\" data-instgrm-version=\"14\">\n<div style=\"padding: 16px;\">\n<div style=\"display: flex; flex-direction: row; align-items: center;\">\n<div style=\"background-color: #f4f4f4; border-radius: 50%; flex-grow: 0; height: 40px; margin-right: 14px; width: 40px; text-align: center;\"><\/div>\n<div style=\"display: flex; flex-direction: column; flex-grow: 1; justify-content: center;\">\n<div style=\"background-color: #f4f4f4; border-radius: 4px; flex-grow: 0; height: 14px; margin-bottom: 6px; width: 100px;\"><\/div>\n<div style=\"background-color: #f4f4f4; border-radius: 4px; flex-grow: 0; height: 14px; width: 60px;\"><\/div>\n<\/div>\n<\/div>\n<div style=\"padding: 19% 0;\"><\/div>\n<div style=\"display: block; height: 50px; margin: 0 auto 12px; width: 50px;\"><\/div>\n<div style=\"padding-top: 8px;\">\n<div style=\"color: #3897f0; font-family: Arial,sans-serif; font-size: 14px; font-style: normal; font-weight: 550; line-height: 18px;\">Ver esta publicaci\u00f3n en Instagram<\/div>\n<\/div>\n<div style=\"padding: 12.5% 0;\"><\/div>\n<div style=\"display: flex; flex-direction: row; margin-bottom: 14px; align-items: center;\">\n<div>\n<div style=\"background-color: #f4f4f4; border-radius: 50%; height: 12.5px; width: 12.5px; transform: translateX(0px) translateY(7px);\"><\/div>\n<div style=\"background-color: #f4f4f4; height: 12.5px; transform: rotate(-45deg) translateX(3px) translateY(1px); width: 12.5px; flex-grow: 0; margin-right: 14px; margin-left: 2px;\"><\/div>\n<div style=\"background-color: #f4f4f4; border-radius: 50%; height: 12.5px; width: 12.5px; transform: translateX(9px) translateY(-18px);\"><\/div>\n<\/div>\n<div style=\"margin-left: 8px;\">\n<div style=\"background-color: #f4f4f4; border-radius: 50%; flex-grow: 0; height: 20px; width: 20px;\"><\/div>\n<div style=\"width: 0; height: 0; border-top: 2px solid transparent; border-left: 6px solid #f4f4f4; border-bottom: 2px solid transparent; transform: translateX(16px) translateY(-4px) rotate(30deg);\"><\/div>\n<\/div>\n<div style=\"margin-center: center;\">\n<div style=\"width: 0px; border-top: 8px solid #F4F4F4; border-right: 8px solid transparent; transform: translateY(16px);\"><\/div>\n<div style=\"background-color: #f4f4f4; flex-grow: 0; height: 12px; width: 16px; transform: translateY(-4px);\"><\/div>\n<div style=\"width: 0; height: 0; border-top: 8px solid #F4F4F4; border-left: 8px solid transparent; transform: translateY(-4px) translateX(8px);\"><\/div>\n<\/div>\n<\/div>\n<div style=\"display: flex; flex-direction: column; flex-grow: 1; justify-content: center; margin-bottom: 24px;\">\n<div style=\"background-color: #f4f4f4; border-radius: 4px; flex-grow: 0; height: 14px; margin-bottom: 6px; width: 224px;\"><\/div>\n<div style=\"background-color: #f4f4f4; border-radius: 4px; flex-grow: 0; height: 14px; width: 144px;\"><\/div>\n<\/div>\n<p>&nbsp;<\/p>\n<p style=\"color: #c9c8cd; font-family: Arial,sans-serif; font-size: 14px; line-height: 17px; margin-bottom: 0; margin-top: 8px; overflow: hidden; padding: 8px 0 7px; text-align: center; text-overflow: ellipsis; white-space: nowrap;\"><a style=\"color: #c9c8cd; font-family: Arial,sans-serif; font-size: 14px; font-style: normal; font-weight: normal; line-height: 17px; text-decoration: none;\" href=\"https:\/\/www.instagram.com\/p\/CV0jv15roPU\/?utm_source=ig_embed&amp;utm_campaign=loading\" target=\"_blank\" rel=\"noopener\">Una publicaci\u00f3n compartida de PROAmazonia_Ec (@proamazonia_ec)<\/a><\/p>\n<\/div>\n<\/blockquote>\n<p><script async src=\"\/\/www.instagram.com\/embed.js\"><\/script><\/p>\n<p><strong>Autor:<\/strong> Alejandro Alfaro, T\u00e9cnico en Manejo Forestal Sostenible &#8211; PROAmazon\u00eda<\/p>","protected":false},"excerpt":{"rendered":"<p>Un \u00e1rbol plantado por cada like recibido hasta llegar a 100.000 interacciones. Esta fue la premisa con la que PROAmazon\u00eda, programa del Ministerio del Ambiente, Agua y Transici\u00f3n Ecol\u00f3gica y Ministerio de Agricultura y Ganader\u00eda con el apoyo de PNUD; se uni\u00f3 a la campa\u00f1a del actor y ambientalista ecuatoriano Roberto Manrique, \u201cJuntos Por la Tierra\u201d. La tarea no fue f\u00e1cil pero el inter\u00e9s de la ciudadan\u00eda en formar parte de las tareas de restauraci\u00f3n y mitigaci\u00f3n de los efectos del cambio clim\u00e1tico sorprendi\u00f3 a todos y todas las involucradas en la campa\u00f1a, al obtener 140.000 likes en los seis meses de duraci\u00f3n la misma que inici\u00f3 entre abril hasta septiembre de 2021. Esto represent\u00f3 un 40% m\u00e1s de lo esperado, lo que significa que desde el inicio de la campa\u00f1a hasta el mes de diciembre del 2021, se plantar\u00e1n 140.000 \u00e1rboles nativos como parte de esta iniciativa colaborativa. Para cumplir con la plantaci\u00f3n de 140.000 \u00e1rboles, los socios implementadores con quienes trabaja PROAmazon\u00eda distribuir\u00e1n este proceso de la siguiente manera: Entre las especies nativas que ser\u00e1n plantadas est\u00e1n: el cedro, la caoba, el chuncho, el man\u00ed de \u00e1rbol, chonta, morete, moral, b\u00e1lsamo, cacao de monte, yutzo, balsa, guayusa, ungurahua, [&hellip;]<\/p>\n","protected":false},"author":2,"featured_media":5708,"comment_status":"closed","ping_status":"closed","sticky":false,"template":"","format":"standard","meta":{"_uf_show_specific_survey":0,"_uf_disable_surveys":false,"footnotes":""},"categories":[3,23,31],"tags":[93,193,131,94,130,194],"class_list":["post-5710","post","type-post","status-publish","format-standard","has-post-thumbnail","hentry","category-noticias","category-noticias-home","category-restauracion","tag-juntosxlatierra","tag-juntos","tag-manrique","tag-plantar","tag-roberto","tag-tierra"],"aioseo_notices":[],"_links":{"self":[{"href":"https:\/\/www.proamazonia.org\/ppr\/wp-json\/wp\/v2\/posts\/5710","targetHints":{"allow":["GET"]}}],"collection":[{"href":"https:\/\/www.proamazonia.org\/ppr\/wp-json\/wp\/v2\/posts"}],"about":[{"href":"https:\/\/www.proamazonia.org\/ppr\/wp-json\/wp\/v2\/types\/post"}],"author":[{"embeddable":true,"href":"https:\/\/www.proamazonia.org\/ppr\/wp-json\/wp\/v2\/users\/2"}],"replies":[{"embeddable":true,"href":"https:\/\/www.proamazonia.org\/ppr\/wp-json\/wp\/v2\/comments?post=5710"}],"version-history":[{"count":6,"href":"https:\/\/www.proamazonia.org\/ppr\/wp-json\/wp\/v2\/posts\/5710\/revisions"}],"predecessor-version":[{"id":7253,"href":"https:\/\/www.proamazonia.org\/ppr\/wp-json\/wp\/v2\/posts\/5710\/revisions\/7253"}],"wp:featuredmedia":[{"embeddable":true,"href":"https:\/\/www.proamazonia.org\/ppr\/wp-json\/wp\/v2\/media\/5708"}],"wp:attachment":[{"href":"https:\/\/www.proamazonia.org\/ppr\/wp-json\/wp\/v2\/media?parent=5710"}],"wp:term":[{"taxonomy":"category","embeddable":true,"href":"https:\/\/www.proamazonia.org\/ppr\/wp-json\/wp\/v2\/categories?post=5710"},{"taxonomy":"post_tag","embeddable":true,"href":"https:\/\/www.proamazonia.org\/ppr\/wp-json\/wp\/v2\/tags?post=5710"}],"curies":[{"name":"wp","href":"https:\/\/api.w.org\/{rel}","templated":true}]}}