{"id":5728,"date":"2021-11-23T19:34:28","date_gmt":"2021-11-24T00:34:28","guid":{"rendered":"https:\/\/www.proamazonia.org\/?p=5728"},"modified":"2023-03-13T11:12:27","modified_gmt":"2023-03-13T16:12:27","slug":"comunidades-de-tres-provincias-amazonicas-fortalecen-sus-capacidades-en-monitoreo-forestal-comunitario","status":"publish","type":"post","link":"https:\/\/www.proamazonia.org\/ppr\/comunidades-de-tres-provincias-amazonicas-fortalecen-sus-capacidades-en-monitoreo-forestal-comunitario\/","title":{"rendered":"Comunidades de tres provincias Amaz\u00f3nicas fortalecen sus capacidades en Monitoreo Forestal Comunitario"},"content":{"rendered":"<p><\/p>\n<hr \/>\n<p><strong><em>Guardabosques, dirigentes, l\u00edderes, lideresas, mujeres y hombres de comunas, comunidades, pueblos y nacionalidades del Ecuador, se capacitan en diversos temas de Monitoreo Forestal Comunitario.<\/em><\/strong><\/p>\n<hr \/>\n<p>Como parte de la asistencia t\u00e9cnica que la Organizaci\u00f3n de las Naciones Unidas para la Alimentaci\u00f3n y la Agricultura (FAO) brinda al Ministerio de Ambiente, Agua y Transici\u00f3n Ecol\u00f3gica, en el marco del Programa Integral Amaz\u00f3nico para la Conservaci\u00f3n de Bosques y Producci\u00f3n Sostenible (PROAmazon\u00eda), se desarrolla la fase de fortalecimiento de capacidades de monitoreo comunitario en su modalidad presencial, con participantes de comunidades de tres provincias de la regi\u00f3n amaz\u00f3nica: Sucumb\u00edos, Morona Santiago y Zamora Chinchipe.<\/p>\n<p><em>\u201cLas capacitaciones nos permiten implementar acciones directas en nuestros bosques para monitorear e identificar si existen cambios en la estructura de los mismos\u201d <\/em>coment\u00f3 Humberto Antuash de la Comunidad achuar Wampuik<\/p>\n<p>En este proceso de capacitaci\u00f3n, se ha levantado informaci\u00f3n sobre la importancia, percepci\u00f3n y los intereses que las mujeres y hombres de las comunidades tienen en relaci\u00f3n con las \u00e1reas de bosque de los cuales dependen directa e indirectamente. Daniel Grefa de la Comunidad kichwa Itaya en Sucumb\u00edos agreg\u00f3 que <em>\u201cel monitoreo forestal es interesante<\/em>\u201d ya que a trav\u00e9s de este los habitantes de los bosques Amaz\u00f3nicos pueden <em>\u201cconocer qu\u00e9 \u00e1rboles tenemos y en d\u00f3nde est\u00e1n<\/em>\u201d.<\/p>\n<p>Los talleres han sido espacios de di\u00e1logo abierto, en los que se ha promovido que las y los participantes formen parte integral del dise\u00f1o del sistema de monitoreo. Los asistentes han podido manifestar sus comentarios y perspectivas en cuanto a las metodolog\u00edas propuestas, los formularios para la toma de informaci\u00f3n y la validaci\u00f3n de una nueva cartilla sobre generalidades de Productos Forestales no Maderables (PFNM).<\/p>\n<p>Los talleres de capacitaci\u00f3n han sido abordados a trav\u00e9s de cinco m\u00f3dulos te\u00f3rico-pr\u00e1cticos:<\/p>\n<ol>\n<li>Monitoreo Comunitario<\/li>\n<li>Control y Vigilancia Comunitaria<\/li>\n<li>Monitoreo Forestal Comunitario<\/li>\n<li>Monitoreo Forestal de Productos Forestales no Maderables<\/li>\n<li>Cartograf\u00eda B\u00e1sica y uso de formularios en Open Foris<\/li>\n<\/ol>\n<p>Durante la capacitaci\u00f3n los asistentes han aprendido sobre el uso de varias herramientas, as\u00ed como la toma de informaci\u00f3n \u00fatil para el monitoreo de bosques tanto en lo que se refiere al monitoreo forestal como al monitoreo de vigilancia comunitaria.<\/p>\n<p><img loading=\"lazy\" decoding=\"async\" class=\"alignnone wp-image-5722 aligncenter\" src=\"https:\/\/www.proamazonia.org\/wp-content\/uploads\/2021\/11\/1.Monitoreo.Comunitario.proamazonia.restauracion.gps_.bosques-300x200.jpg\" alt=\"\" width=\"859\" height=\"572\" srcset=\"https:\/\/www.proamazonia.org\/ppr\/wp-content\/uploads\/2021\/11\/1.Monitoreo.Comunitario.proamazonia.restauracion.gps_.bosques-300x200.jpg 300w, https:\/\/www.proamazonia.org\/ppr\/wp-content\/uploads\/2021\/11\/1.Monitoreo.Comunitario.proamazonia.restauracion.gps_.bosques-768x512.jpg 768w, https:\/\/www.proamazonia.org\/ppr\/wp-content\/uploads\/2021\/11\/1.Monitoreo.Comunitario.proamazonia.restauracion.gps_.bosques-600x400.jpg 600w, https:\/\/www.proamazonia.org\/ppr\/wp-content\/uploads\/2021\/11\/1.Monitoreo.Comunitario.proamazonia.restauracion.gps_.bosques.jpg 1000w\" sizes=\"auto, (max-width: 859px) 100vw, 859px\" \/><\/p>\n<p style=\"text-align: center;\"><b><span style=\"font-size: 10.0pt; color: windowtext;\">Fotograf\u00eda:<\/span><\/b><span style=\"font-size: 10.0pt; color: windowtext;\"> Jorge Armijos<br \/>\n<\/span><b><\/b><b><span style=\"font-size: 10.0pt; color: windowtext;\">Descripci\u00f3n:<\/span><\/b><span style=\"font-size: 10.0pt; color: windowtext;\"> Imagen de archivo &#8211; Pr\u00e1cticas de Medici\u00f3n de Di\u00e1metro a la Altura del Pecho (DAP), con ayuda de una cinta diam\u00e9trica. Cant\u00f3n Taisha.<\/span><\/p>\n<p style=\"text-align: center;\"><img loading=\"lazy\" decoding=\"async\" class=\"alignnone wp-image-5723\" src=\"https:\/\/www.proamazonia.org\/wp-content\/uploads\/2021\/11\/2.Monitoreo.Comunitario.proamazonia.restauracion.gps_.bosques-300x200.jpg\" alt=\"\" width=\"856\" height=\"570\" srcset=\"https:\/\/www.proamazonia.org\/ppr\/wp-content\/uploads\/2021\/11\/2.Monitoreo.Comunitario.proamazonia.restauracion.gps_.bosques-300x200.jpg 300w, https:\/\/www.proamazonia.org\/ppr\/wp-content\/uploads\/2021\/11\/2.Monitoreo.Comunitario.proamazonia.restauracion.gps_.bosques-768x512.jpg 768w, https:\/\/www.proamazonia.org\/ppr\/wp-content\/uploads\/2021\/11\/2.Monitoreo.Comunitario.proamazonia.restauracion.gps_.bosques-600x400.jpg 600w, https:\/\/www.proamazonia.org\/ppr\/wp-content\/uploads\/2021\/11\/2.Monitoreo.Comunitario.proamazonia.restauracion.gps_.bosques.jpg 1000w\" sizes=\"auto, (max-width: 856px) 100vw, 856px\" \/><\/p>\n<p style=\"text-align: center;\"><b><span style=\"font-size: 10.0pt; color: windowtext;\">Fotograf\u00eda:<\/span><\/b><span style=\"font-size: 10.0pt; color: windowtext;\"> Jorge Armijos<br \/>\n<\/span><b><\/b><b><span style=\"font-size: 10.0pt; color: windowtext;\">Descripci\u00f3n:<\/span><\/b><span style=\"font-size: 10.0pt; color: windowtext;\"> Imagen de archivo<strong>&#8211;<\/strong>Medici\u00f3n de alturas de \u00e1rboles con ayuda de clin\u00f3metro Sunnto. Comunidad \u201cLas Orqu\u00eddeas\u201d, Parroquia Zurmi, cant\u00f3n Nangaritza.<\/span><\/p>\n<p style=\"text-align: center;\"><img loading=\"lazy\" decoding=\"async\" class=\"alignnone wp-image-5724\" src=\"https:\/\/www.proamazonia.org\/wp-content\/uploads\/2021\/11\/3.Monitoreo.Comunitario.proamazonia.restauracion.gps_.bosques-200x300.jpg\" alt=\"\" width=\"388\" height=\"583\" srcset=\"https:\/\/www.proamazonia.org\/ppr\/wp-content\/uploads\/2021\/11\/3.Monitoreo.Comunitario.proamazonia.restauracion.gps_.bosques-200x300.jpg 200w, https:\/\/www.proamazonia.org\/ppr\/wp-content\/uploads\/2021\/11\/3.Monitoreo.Comunitario.proamazonia.restauracion.gps_.bosques-400x600.jpg 400w, https:\/\/www.proamazonia.org\/ppr\/wp-content\/uploads\/2021\/11\/3.Monitoreo.Comunitario.proamazonia.restauracion.gps_.bosques.jpg 600w\" sizes=\"auto, (max-width: 388px) 100vw, 388px\" \/> <img loading=\"lazy\" decoding=\"async\" class=\"alignnone wp-image-5725\" src=\"https:\/\/www.proamazonia.org\/wp-content\/uploads\/2021\/11\/4.Monitoreo.Comunitario.proamazonia.restauracion.gps_.bosques-200x300.jpg\" alt=\"\" width=\"389\" height=\"584\" srcset=\"https:\/\/www.proamazonia.org\/ppr\/wp-content\/uploads\/2021\/11\/4.Monitoreo.Comunitario.proamazonia.restauracion.gps_.bosques-200x300.jpg 200w, https:\/\/www.proamazonia.org\/ppr\/wp-content\/uploads\/2021\/11\/4.Monitoreo.Comunitario.proamazonia.restauracion.gps_.bosques-400x600.jpg 400w, https:\/\/www.proamazonia.org\/ppr\/wp-content\/uploads\/2021\/11\/4.Monitoreo.Comunitario.proamazonia.restauracion.gps_.bosques.jpg 600w\" sizes=\"auto, (max-width: 389px) 100vw, 389px\" \/><\/p>\n<p style=\"text-align: center;\"><b><span style=\"font-size: 10.0pt; color: windowtext;\">Fotograf\u00eda:<\/span><\/b><span style=\"font-size: 10.0pt; color: windowtext;\"> Jorge Armijos<br \/>\n<\/span><b><\/b><b><span style=\"font-size: 10.0pt; color: windowtext;\">Descripci\u00f3n:<\/span><\/b><span style=\"font-size: 10.0pt; color: windowtext;\"> Imagen de archivo -Medici\u00f3n\u00a0 de \u00e1rboles con ayuda de clin\u00f3metro Sunnto. Comunidad \u201cLas Orqu\u00eddeas\u201d, Parroquia Zurmi, cant\u00f3n Nangaritza<\/span><\/p>\n<p><strong>Autores:<\/strong><\/p>\n<ul>\n<li>M\u00f3nica Ortiz &#8211; Especialista en Monitoreo Comunitario Proyecto\u00a0FAO-PROAmazon\u00eda<\/li>\n<li>Jorge Armijos, T\u00e9cnico Especialista en Nivel de Referencia de Emisiones Forestales de FAO &#8211; PROAmazon\u00eda.<\/li>\n<\/ul>\n<p><\/p>","protected":false},"excerpt":{"rendered":"<p>Guardabosques, dirigentes, l\u00edderes, lideresas, mujeres y hombres de comunas, comunidades, pueblos y nacionalidades del Ecuador, se capacitan en diversos temas de Monitoreo Forestal Comunitario. Como parte de la asistencia t\u00e9cnica que la Organizaci\u00f3n de las Naciones Unidas para la Alimentaci\u00f3n y la Agricultura (FAO) brinda al Ministerio de Ambiente, Agua y Transici\u00f3n Ecol\u00f3gica, en el marco del Programa Integral Amaz\u00f3nico para la Conservaci\u00f3n de Bosques y Producci\u00f3n Sostenible (PROAmazon\u00eda), se desarrolla la fase de fortalecimiento de capacidades de monitoreo comunitario en su modalidad presencial, con participantes de comunidades de tres provincias de la regi\u00f3n amaz\u00f3nica: Sucumb\u00edos, Morona Santiago y Zamora Chinchipe. \u201cLas capacitaciones nos permiten implementar acciones directas en nuestros bosques para monitorear e identificar si existen cambios en la estructura de los mismos\u201d coment\u00f3 Humberto Antuash de la Comunidad achuar Wampuik En este proceso de capacitaci\u00f3n, se ha levantado informaci\u00f3n sobre la importancia, percepci\u00f3n y los intereses que las mujeres y hombres de las comunidades tienen en relaci\u00f3n con las \u00e1reas de bosque de los cuales dependen directa e indirectamente. Daniel Grefa de la Comunidad kichwa Itaya en Sucumb\u00edos agreg\u00f3 que \u201cel monitoreo forestal es interesante\u201d ya que a trav\u00e9s de este los habitantes de los bosques Amaz\u00f3nicos pueden [&hellip;]<\/p>\n","protected":false},"author":2,"featured_media":5726,"comment_status":"closed","ping_status":"closed","sticky":false,"template":"","format":"standard","meta":{"_uf_show_specific_survey":0,"_uf_disable_surveys":false,"footnotes":""},"categories":[3,23,31],"tags":[117,192,44,133,66],"class_list":["post-5728","post","type-post","status-publish","format-standard","has-post-thumbnail","hentry","category-noticias","category-noticias-home","category-restauracion","tag-bosque","tag-cop","tag-proamazonia","tag-restauracion","tag-sostenible"],"aioseo_notices":[],"_links":{"self":[{"href":"https:\/\/www.proamazonia.org\/ppr\/wp-json\/wp\/v2\/posts\/5728","targetHints":{"allow":["GET"]}}],"collection":[{"href":"https:\/\/www.proamazonia.org\/ppr\/wp-json\/wp\/v2\/posts"}],"about":[{"href":"https:\/\/www.proamazonia.org\/ppr\/wp-json\/wp\/v2\/types\/post"}],"author":[{"embeddable":true,"href":"https:\/\/www.proamazonia.org\/ppr\/wp-json\/wp\/v2\/users\/2"}],"replies":[{"embeddable":true,"href":"https:\/\/www.proamazonia.org\/ppr\/wp-json\/wp\/v2\/comments?post=5728"}],"version-history":[{"count":2,"href":"https:\/\/www.proamazonia.org\/ppr\/wp-json\/wp\/v2\/posts\/5728\/revisions"}],"predecessor-version":[{"id":7252,"href":"https:\/\/www.proamazonia.org\/ppr\/wp-json\/wp\/v2\/posts\/5728\/revisions\/7252"}],"wp:featuredmedia":[{"embeddable":true,"href":"https:\/\/www.proamazonia.org\/ppr\/wp-json\/wp\/v2\/media\/5726"}],"wp:attachment":[{"href":"https:\/\/www.proamazonia.org\/ppr\/wp-json\/wp\/v2\/media?parent=5728"}],"wp:term":[{"taxonomy":"category","embeddable":true,"href":"https:\/\/www.proamazonia.org\/ppr\/wp-json\/wp\/v2\/categories?post=5728"},{"taxonomy":"post_tag","embeddable":true,"href":"https:\/\/www.proamazonia.org\/ppr\/wp-json\/wp\/v2\/tags?post=5728"}],"curies":[{"name":"wp","href":"https:\/\/api.w.org\/{rel}","templated":true}]}}