{"id":5910,"date":"2022-02-03T09:51:03","date_gmt":"2022-02-03T14:51:03","guid":{"rendered":"https:\/\/www.proamazonia.org\/?p=5910"},"modified":"2022-02-03T09:54:26","modified_gmt":"2022-02-03T14:54:26","slug":"quito-se-suma-al-consumo-responsable-de-productos-amazonicos","status":"publish","type":"post","link":"https:\/\/www.proamazonia.org\/ppr\/quito-se-suma-al-consumo-responsable-de-productos-amazonicos\/","title":{"rendered":"Quito se suma al consumo responsable de productos amaz\u00f3nicos"},"content":{"rendered":"<p><img loading=\"lazy\" decoding=\"async\" class=\" wp-image-5911 alignleft\" src=\"https:\/\/www.proamazonia.org\/wp-content\/uploads\/2022\/02\/4.chakra.productos.amazonicos.guayusa.proamazonia.bosques.ecuador-225x300.jpg\" alt=\"chakra. amazon\u00eda.proamazonia\" width=\"426\" height=\"568\" srcset=\"https:\/\/www.proamazonia.org\/ppr\/wp-content\/uploads\/2022\/02\/4.chakra.productos.amazonicos.guayusa.proamazonia.bosques.ecuador-225x300.jpg 225w, https:\/\/www.proamazonia.org\/ppr\/wp-content\/uploads\/2022\/02\/4.chakra.productos.amazonicos.guayusa.proamazonia.bosques.ecuador.jpg 600w\" sizes=\"auto, (max-width: 426px) 100vw, 426px\" \/>El 2022 inicia con la apertura de nuevos canales de distribuci\u00f3n de productos sostenibles y libres de deforestaci\u00f3n. El Ministerio de Agricultura y Ganader\u00eda (MAG) y el Ministerio del Ambiente, Agua y Transici\u00f3n Ecol\u00f3gica (MAATE), con el apoyo de PNUD; a trav\u00e9s de PROAmazon\u00eda, pusieron en marcha una estrategia de comercializaci\u00f3n para compradores directos e indirectos de productos que contribuyen a la conservaci\u00f3n de bosques.<\/p>\n<p>Ocho meses atr\u00e1s se conform\u00f3 la iniciativa <em>\u201cChakra Amaz\u00f3nica\u201d,<\/em> un estand en la feria \u201cFarmers Market\u201d que funciona los fines de semana y que recibe alrededor de 150 personas.<\/p>\n<p>De manera participativa, las organizaciones de productores y emprendedores designaron a sus delegados para que se trasladen la ciudad de Quito y formen parte de las exhibiciones de productos, participen en capacitaciones y vivan la experiencia de contactar a nuevos clientes. Desde PROAmazon\u00eda se ha brindado asistencia t\u00e9cnica y econ\u00f3mica para el desarrollo de este proyecto.<\/p>\n<p>Hasta el momento, han participado 58 emprendimientos de las provincias de Napo, Pastaza, Sucumb\u00edos y Zamora Chinchipe. As\u00ed tambi\u00e9n, participaron los beneficiarios de del proyecto ATPA (Agenda de Transformaaci\u00f3n Productiva Amaz\u00f3nica) de la provincia de Orellana del MAG.<\/p>\n<p><b><span style=\"font-size: 10.0pt; color: windowtext;\">Fotograf\u00eda:<\/span><\/b><span style=\"font-size: 10.0pt; color: windowtext;\"> PROAmazon\u00eda<br \/>\n<\/span><b><\/b><b><span style=\"font-size: 10.0pt; color: windowtext;\">Descripci\u00f3n:<\/span><\/b><span style=\"font-size: 10.0pt; color: windowtext;\"> Estand Chakra Amaz\u00f3nica<\/span><\/p>\n<p>M\u00e1s de 315 personas que participan en la producci\u00f3n de estos productos se han beneficiado al ingresar en estos nuevos canales de distribuci\u00f3n.<\/p>\n<p>Durante el mes de febrero productoras y productores de Morona Santiago tendr\u00e1n la oportunidad de compartir sus productos con la ciudadan\u00eda en este espacio.<\/p>\n<p style=\"text-align: center;\"><img loading=\"lazy\" decoding=\"async\" class=\"alignnone wp-image-5909\" src=\"https:\/\/www.proamazonia.org\/wp-content\/uploads\/2022\/02\/1.chakra.productos.amazonicos.guayusa.proamazonia.bosques.ecuador-300x225.jpg\" alt=\"\" width=\"478\" height=\"358\" srcset=\"https:\/\/www.proamazonia.org\/ppr\/wp-content\/uploads\/2022\/02\/1.chakra.productos.amazonicos.guayusa.proamazonia.bosques.ecuador-300x225.jpg 300w, https:\/\/www.proamazonia.org\/ppr\/wp-content\/uploads\/2022\/02\/1.chakra.productos.amazonicos.guayusa.proamazonia.bosques.ecuador-400x300.jpg 400w, https:\/\/www.proamazonia.org\/ppr\/wp-content\/uploads\/2022\/02\/1.chakra.productos.amazonicos.guayusa.proamazonia.bosques.ecuador.jpg 700w\" sizes=\"auto, (max-width: 478px) 100vw, 478px\" \/> <img loading=\"lazy\" decoding=\"async\" class=\"alignnone wp-image-5906\" src=\"https:\/\/www.proamazonia.org\/wp-content\/uploads\/2022\/02\/3.chakra.productos.amazonicos.guayusa.proamazonia.bosques.ecuador-300x225.jpg\" alt=\"\" width=\"478\" height=\"359\" srcset=\"https:\/\/www.proamazonia.org\/ppr\/wp-content\/uploads\/2022\/02\/3.chakra.productos.amazonicos.guayusa.proamazonia.bosques.ecuador-300x225.jpg 300w, https:\/\/www.proamazonia.org\/ppr\/wp-content\/uploads\/2022\/02\/3.chakra.productos.amazonicos.guayusa.proamazonia.bosques.ecuador-400x300.jpg 400w, https:\/\/www.proamazonia.org\/ppr\/wp-content\/uploads\/2022\/02\/3.chakra.productos.amazonicos.guayusa.proamazonia.bosques.ecuador.jpg 700w\" sizes=\"auto, (max-width: 478px) 100vw, 478px\" \/><\/p>\n<p style=\"text-align: center;\"><b><span style=\"font-size: 10.0pt; color: windowtext;\">Fotograf\u00edas:<\/span><\/b><span style=\"font-size: 10.0pt; color: windowtext;\"> PROAmazon\u00eda<br \/>\n<\/span><b><\/b><b><span style=\"font-size: 10.0pt; color: windowtext;\">Descripci\u00f3n:<\/span><\/b><span style=\"font-size: 10.0pt; color: windowtext;\"> Estand Chakra Amaz\u00f3nica<\/span><\/p>\n<p>En el af\u00e1n de conseguir nuevos nichos de mercados y en el marco de la participaci\u00f3n de Farmers Market, la tienda \u201c<em>Abasto Fine Foods\u201d<\/em> del Centro Comercial Paseo San Francisco incorpor\u00f3 una percha de la \u201c<em>Chakra Amaz\u00f3nica\u201d<\/em> con productos de esa regi\u00f3n, bajo el esquema de consignaci\u00f3n. Entre estos productos se encuentran: barras de chocolate, caf\u00e9 tostado y molido, infusiones de t\u00e9 de guayusa, jamaica. Tambi\u00e9n se ofertan alimentos como frutos secos y deshidratados, sacha inchi, snacks de pl\u00e1tano, yuca y productos de cuidado personal (limpieza y belleza).<\/p>\n<p><em><img loading=\"lazy\" decoding=\"async\" class=\" wp-image-5908 alignright\" src=\"https:\/\/www.proamazonia.org\/wp-content\/uploads\/2022\/02\/2.chakra.productos.amazonicos.guayusa.proamazonia.bosques.ecuador-300x225.jpg\" alt=\"\" width=\"608\" height=\"456\" srcset=\"https:\/\/www.proamazonia.org\/ppr\/wp-content\/uploads\/2022\/02\/2.chakra.productos.amazonicos.guayusa.proamazonia.bosques.ecuador-300x225.jpg 300w, https:\/\/www.proamazonia.org\/ppr\/wp-content\/uploads\/2022\/02\/2.chakra.productos.amazonicos.guayusa.proamazonia.bosques.ecuador-400x300.jpg 400w, https:\/\/www.proamazonia.org\/ppr\/wp-content\/uploads\/2022\/02\/2.chakra.productos.amazonicos.guayusa.proamazonia.bosques.ecuador.jpg 700w\" sizes=\"auto, (max-width: 608px) 100vw, 608px\" \/><\/em><\/p>\n<p><em>\u201cEstamos muy interesados en mostrar nuevos productos a nuestros clientes, nos gusta contribuir al cuidado del ambiente y a la econom\u00eda de peque\u00f1os productores y que mejor de la Amazon\u00eda, esperamos crear conciencia y aumentar nuestros pedidos a la Chakra Amaz\u00f3nica\u201d<\/em> sostuvo Thierry Sebasti\u00e1n<em>,<\/em> Gerente de la tienda Abasto Fine Foods.<\/p>\n<p>Como parte de esta iniciativa de promoci\u00f3n y comercializaci\u00f3n en la que se apoya las y los productores amaz\u00f3nicos logren acuerdos y entregas de productos en las tiendas Camari y Madre Tierra. Gracias a este proyecto la poblaci\u00f3n quite\u00f1a podr\u00e1 realizar sus compras de forma sostenible y en espacios de comercializaci\u00f3n especializados en los valles y el norte de Quito.<\/p>\n<p>Las autoridades ambientales y del eje productivo hacen un llamado para que m\u00e1s establecimientos y provincias se sumen al consumo responsable y la producci\u00f3n libre de deforestaci\u00f3n para reactivar la econom\u00eda ecuatoriana de manera sostenible.<\/p>\n<p>&nbsp;<\/p>\n<p><strong>Autor:<\/strong> Unidad de Comunicaci\u00f3n de PROAmazon\u00eda<\/p>","protected":false},"excerpt":{"rendered":"<p>El 2022 inicia con la apertura de nuevos canales de distribuci\u00f3n de productos sostenibles y libres de deforestaci\u00f3n. El Ministerio de Agricultura y Ganader\u00eda (MAG) y el Ministerio del Ambiente, Agua y Transici\u00f3n Ecol\u00f3gica (MAATE), con el apoyo de PNUD; a trav\u00e9s de PROAmazon\u00eda, pusieron en marcha una estrategia de comercializaci\u00f3n para compradores directos e indirectos de productos que contribuyen a la conservaci\u00f3n de bosques. Ocho meses atr\u00e1s se conform\u00f3 la iniciativa \u201cChakra Amaz\u00f3nica\u201d, un estand en la feria \u201cFarmers Market\u201d que funciona los fines de semana y que recibe alrededor de 150 personas. De manera participativa, las organizaciones de productores y emprendedores designaron a sus delegados para que se trasladen la ciudad de Quito y formen parte de las exhibiciones de productos, participen en capacitaciones y vivan la experiencia de contactar a nuevos clientes. Desde PROAmazon\u00eda se ha brindado asistencia t\u00e9cnica y econ\u00f3mica para el desarrollo de este proyecto. Hasta el momento, han participado 58 emprendimientos de las provincias de Napo, Pastaza, Sucumb\u00edos y Zamora Chinchipe. As\u00ed tambi\u00e9n, participaron los beneficiarios de del proyecto ATPA (Agenda de Transformaaci\u00f3n Productiva Amaz\u00f3nica) de la provincia de Orellana del MAG. Fotograf\u00eda: PROAmazon\u00eda Descripci\u00f3n: Estand Chakra Amaz\u00f3nica M\u00e1s de 315 personas que participan [&hellip;]<\/p>\n","protected":false},"author":2,"featured_media":5907,"comment_status":"closed","ping_status":"closed","sticky":false,"template":"","format":"standard","meta":{"_uf_show_specific_survey":0,"_uf_disable_surveys":false,"footnotes":""},"categories":[3,23,25],"tags":[96,53,109,116,44,67,66],"class_list":["post-5910","post","type-post","status-publish","format-standard","has-post-thumbnail","hentry","category-noticias","category-noticias-home","category-produccion-sostenible","tag-bioemprendimientos","tag-cafe","tag-chakra","tag-guayusa","tag-proamazonia","tag-produccion","tag-sostenible"],"aioseo_notices":[],"_links":{"self":[{"href":"https:\/\/www.proamazonia.org\/ppr\/wp-json\/wp\/v2\/posts\/5910","targetHints":{"allow":["GET"]}}],"collection":[{"href":"https:\/\/www.proamazonia.org\/ppr\/wp-json\/wp\/v2\/posts"}],"about":[{"href":"https:\/\/www.proamazonia.org\/ppr\/wp-json\/wp\/v2\/types\/post"}],"author":[{"embeddable":true,"href":"https:\/\/www.proamazonia.org\/ppr\/wp-json\/wp\/v2\/users\/2"}],"replies":[{"embeddable":true,"href":"https:\/\/www.proamazonia.org\/ppr\/wp-json\/wp\/v2\/comments?post=5910"}],"version-history":[{"count":3,"href":"https:\/\/www.proamazonia.org\/ppr\/wp-json\/wp\/v2\/posts\/5910\/revisions"}],"predecessor-version":[{"id":5914,"href":"https:\/\/www.proamazonia.org\/ppr\/wp-json\/wp\/v2\/posts\/5910\/revisions\/5914"}],"wp:featuredmedia":[{"embeddable":true,"href":"https:\/\/www.proamazonia.org\/ppr\/wp-json\/wp\/v2\/media\/5907"}],"wp:attachment":[{"href":"https:\/\/www.proamazonia.org\/ppr\/wp-json\/wp\/v2\/media?parent=5910"}],"wp:term":[{"taxonomy":"category","embeddable":true,"href":"https:\/\/www.proamazonia.org\/ppr\/wp-json\/wp\/v2\/categories?post=5910"},{"taxonomy":"post_tag","embeddable":true,"href":"https:\/\/www.proamazonia.org\/ppr\/wp-json\/wp\/v2\/tags?post=5910"}],"curies":[{"name":"wp","href":"https:\/\/api.w.org\/{rel}","templated":true}]}}