{"id":6155,"date":"2022-03-31T17:23:24","date_gmt":"2022-03-31T22:23:24","guid":{"rendered":"https:\/\/www.proamazonia.org\/?p=6155"},"modified":"2022-03-31T17:27:08","modified_gmt":"2022-03-31T22:27:08","slug":"gobierno-nacional-entrega-centro-de-acopio-repotenciado-a-la-asociacion-de-caficultores-en-zamora-chinchipe","status":"publish","type":"post","link":"https:\/\/www.proamazonia.org\/ppr\/gobierno-nacional-entrega-centro-de-acopio-repotenciado-a-la-asociacion-de-caficultores-en-zamora-chinchipe\/","title":{"rendered":"GOBIERNO NACIONAL ENTREGA CENTRO DE ACOPIO REPOTENCIADO A LA ASOCIACI\u00d3N DE CAFICULTORES EN ZAMORA CHINCHIPE"},"content":{"rendered":"<p>En el marco de las actividades que realiza el Gobierno Nacional por una producci\u00f3n sostenible y libre de deforestaci\u00f3n en la Amazon\u00eda ecuatoriana, este 24 de marzo el Ministerio de Agricultura y Ganader\u00eda y el Ministerio del Ambiente, Agua y Transici\u00f3n Ecol\u00f3gica, a trav\u00e9s de PROAmazon\u00eda, con el apoyo de PNUD, realizaron la entrega oficial del centro de acopio repotenciado para la Asociaci\u00f3n de Productores Ecol\u00f3gicos de Caf\u00e9 Org\u00e1nico Cuencas del Rio Mayo (ACRIM) en la provincia de Zamora Chinchipe.<\/p>\n<p>Este hito importante para la asociaci\u00f3n y la provincia es parte del Plan de repotenciaci\u00f3n de Centros de Acopio de organizaciones de productores de cacao y caf\u00e9 de la Regi\u00f3n Amaz\u00f3nica, mediante el convenio firmado entre el MAG \u2013 MAATE y el Comit\u00e9 Europeo para la Formaci\u00f3n y la Agricultura (CEFA).<\/p>\n<p style=\"text-align: center;\"><img loading=\"lazy\" decoding=\"async\" class=\"alignnone  wp-image-6149\" src=\"https:\/\/www.proamazonia.org\/wp-content\/uploads\/2022\/03\/5.acrim_.cafe_.cacao_.zamora.proamazonia.ambiente.lavazza.productores-300x225.jpg\" alt=\"\" width=\"308\" height=\"232\" srcset=\"https:\/\/www.proamazonia.org\/ppr\/wp-content\/uploads\/2022\/03\/5.acrim_.cafe_.cacao_.zamora.proamazonia.ambiente.lavazza.productores-300x225.jpg 300w, https:\/\/www.proamazonia.org\/ppr\/wp-content\/uploads\/2022\/03\/5.acrim_.cafe_.cacao_.zamora.proamazonia.ambiente.lavazza.productores-768x576.jpg 768w, https:\/\/www.proamazonia.org\/ppr\/wp-content\/uploads\/2022\/03\/5.acrim_.cafe_.cacao_.zamora.proamazonia.ambiente.lavazza.productores-400x300.jpg 400w, https:\/\/www.proamazonia.org\/ppr\/wp-content\/uploads\/2022\/03\/5.acrim_.cafe_.cacao_.zamora.proamazonia.ambiente.lavazza.productores-800x600.jpg 800w, https:\/\/www.proamazonia.org\/ppr\/wp-content\/uploads\/2022\/03\/5.acrim_.cafe_.cacao_.zamora.proamazonia.ambiente.lavazza.productores.jpg 1000w\" sizes=\"auto, (max-width: 308px) 100vw, 308px\" \/> <img loading=\"lazy\" decoding=\"async\" class=\"alignnone  wp-image-6150\" src=\"https:\/\/www.proamazonia.org\/wp-content\/uploads\/2022\/03\/4.acrim_.cafe_.cacao_.zamora.proamazonia.ambiente.lavazza.productores-300x225.jpg\" alt=\"\" width=\"308\" height=\"231\" srcset=\"https:\/\/www.proamazonia.org\/ppr\/wp-content\/uploads\/2022\/03\/4.acrim_.cafe_.cacao_.zamora.proamazonia.ambiente.lavazza.productores-300x225.jpg 300w, https:\/\/www.proamazonia.org\/ppr\/wp-content\/uploads\/2022\/03\/4.acrim_.cafe_.cacao_.zamora.proamazonia.ambiente.lavazza.productores-768x576.jpg 768w, https:\/\/www.proamazonia.org\/ppr\/wp-content\/uploads\/2022\/03\/4.acrim_.cafe_.cacao_.zamora.proamazonia.ambiente.lavazza.productores-400x300.jpg 400w, https:\/\/www.proamazonia.org\/ppr\/wp-content\/uploads\/2022\/03\/4.acrim_.cafe_.cacao_.zamora.proamazonia.ambiente.lavazza.productores-800x600.jpg 800w, https:\/\/www.proamazonia.org\/ppr\/wp-content\/uploads\/2022\/03\/4.acrim_.cafe_.cacao_.zamora.proamazonia.ambiente.lavazza.productores.jpg 1000w\" sizes=\"auto, (max-width: 308px) 100vw, 308px\" \/> <img loading=\"lazy\" decoding=\"async\" class=\"alignnone  wp-image-6151\" src=\"https:\/\/www.proamazonia.org\/wp-content\/uploads\/2022\/03\/3.acrim_.cafe_.cacao_.zamora.proamazonia.ambiente.lavazza.productores-300x225.jpg\" alt=\"\" width=\"308\" height=\"231\" srcset=\"https:\/\/www.proamazonia.org\/ppr\/wp-content\/uploads\/2022\/03\/3.acrim_.cafe_.cacao_.zamora.proamazonia.ambiente.lavazza.productores-300x225.jpg 300w, https:\/\/www.proamazonia.org\/ppr\/wp-content\/uploads\/2022\/03\/3.acrim_.cafe_.cacao_.zamora.proamazonia.ambiente.lavazza.productores-768x576.jpg 768w, https:\/\/www.proamazonia.org\/ppr\/wp-content\/uploads\/2022\/03\/3.acrim_.cafe_.cacao_.zamora.proamazonia.ambiente.lavazza.productores-400x300.jpg 400w, https:\/\/www.proamazonia.org\/ppr\/wp-content\/uploads\/2022\/03\/3.acrim_.cafe_.cacao_.zamora.proamazonia.ambiente.lavazza.productores-800x600.jpg 800w, https:\/\/www.proamazonia.org\/ppr\/wp-content\/uploads\/2022\/03\/3.acrim_.cafe_.cacao_.zamora.proamazonia.ambiente.lavazza.productores.jpg 1000w\" sizes=\"auto, (max-width: 308px) 100vw, 308px\" \/> <img loading=\"lazy\" decoding=\"async\" class=\"alignnone  wp-image-6152\" src=\"https:\/\/www.proamazonia.org\/wp-content\/uploads\/2022\/03\/2.acrim_.cafe_.cacao_.zamora.proamazonia.ambiente.lavazza.productores-300x225.jpg\" alt=\"\" width=\"307\" height=\"230\" srcset=\"https:\/\/www.proamazonia.org\/ppr\/wp-content\/uploads\/2022\/03\/2.acrim_.cafe_.cacao_.zamora.proamazonia.ambiente.lavazza.productores-300x225.jpg 300w, https:\/\/www.proamazonia.org\/ppr\/wp-content\/uploads\/2022\/03\/2.acrim_.cafe_.cacao_.zamora.proamazonia.ambiente.lavazza.productores-768x576.jpg 768w, https:\/\/www.proamazonia.org\/ppr\/wp-content\/uploads\/2022\/03\/2.acrim_.cafe_.cacao_.zamora.proamazonia.ambiente.lavazza.productores-400x300.jpg 400w, https:\/\/www.proamazonia.org\/ppr\/wp-content\/uploads\/2022\/03\/2.acrim_.cafe_.cacao_.zamora.proamazonia.ambiente.lavazza.productores-800x600.jpg 800w, https:\/\/www.proamazonia.org\/ppr\/wp-content\/uploads\/2022\/03\/2.acrim_.cafe_.cacao_.zamora.proamazonia.ambiente.lavazza.productores.jpg 1000w\" sizes=\"auto, (max-width: 307px) 100vw, 307px\" \/> <img loading=\"lazy\" decoding=\"async\" class=\"alignnone  wp-image-6153\" src=\"https:\/\/www.proamazonia.org\/wp-content\/uploads\/2022\/03\/1.acrim_.cafe_.cacao_.zamora.proamazonia.ambiente.lavazza.productores-300x225.jpg\" alt=\"\" width=\"305\" height=\"229\" srcset=\"https:\/\/www.proamazonia.org\/ppr\/wp-content\/uploads\/2022\/03\/1.acrim_.cafe_.cacao_.zamora.proamazonia.ambiente.lavazza.productores-300x225.jpg 300w, https:\/\/www.proamazonia.org\/ppr\/wp-content\/uploads\/2022\/03\/1.acrim_.cafe_.cacao_.zamora.proamazonia.ambiente.lavazza.productores-768x576.jpg 768w, https:\/\/www.proamazonia.org\/ppr\/wp-content\/uploads\/2022\/03\/1.acrim_.cafe_.cacao_.zamora.proamazonia.ambiente.lavazza.productores-400x300.jpg 400w, https:\/\/www.proamazonia.org\/ppr\/wp-content\/uploads\/2022\/03\/1.acrim_.cafe_.cacao_.zamora.proamazonia.ambiente.lavazza.productores-800x600.jpg 800w, https:\/\/www.proamazonia.org\/ppr\/wp-content\/uploads\/2022\/03\/1.acrim_.cafe_.cacao_.zamora.proamazonia.ambiente.lavazza.productores.jpg 1000w\" sizes=\"auto, (max-width: 305px) 100vw, 305px\" \/> <img loading=\"lazy\" decoding=\"async\" class=\"alignnone  wp-image-6148\" src=\"https:\/\/www.proamazonia.org\/wp-content\/uploads\/2022\/03\/6.acrim_.cafe_.cacao_.zamora.proamazonia.ambiente.lavazza.productores-300x225.jpg\" alt=\"\" width=\"305\" height=\"229\" srcset=\"https:\/\/www.proamazonia.org\/ppr\/wp-content\/uploads\/2022\/03\/6.acrim_.cafe_.cacao_.zamora.proamazonia.ambiente.lavazza.productores-300x225.jpg 300w, https:\/\/www.proamazonia.org\/ppr\/wp-content\/uploads\/2022\/03\/6.acrim_.cafe_.cacao_.zamora.proamazonia.ambiente.lavazza.productores-768x576.jpg 768w, https:\/\/www.proamazonia.org\/ppr\/wp-content\/uploads\/2022\/03\/6.acrim_.cafe_.cacao_.zamora.proamazonia.ambiente.lavazza.productores-400x300.jpg 400w, https:\/\/www.proamazonia.org\/ppr\/wp-content\/uploads\/2022\/03\/6.acrim_.cafe_.cacao_.zamora.proamazonia.ambiente.lavazza.productores-800x600.jpg 800w, https:\/\/www.proamazonia.org\/ppr\/wp-content\/uploads\/2022\/03\/6.acrim_.cafe_.cacao_.zamora.proamazonia.ambiente.lavazza.productores.jpg 1000w\" sizes=\"auto, (max-width: 305px) 100vw, 305px\" \/><\/p>\n<p style=\"text-align: center;\"><b><span style=\"font-size: 10.0pt; color: windowtext;\">Fotograf\u00eda:<\/span><\/b><span style=\"font-size: 10.0pt; color: windowtext;\"> Unidad de Comunicaci\u00f3n de PROAmazon\u00eda<br \/>\n<\/span><b><\/b><b><span style=\"font-size: 10.0pt; color: windowtext;\">Lugar:<\/span><\/b><span style=\"font-size: 10.0pt; color: windowtext;\"> Centro de Acopio repotenciado ACRIM &#8211; Zamora Chinchipe<\/span><\/p>\n<p>Con ello se espera impulsar la producci\u00f3n agropecuaria sostenible controlando los efectos causados por el avance de la frontera agr\u00edcola y evitando la deforestaci\u00f3n del bosque nativo, al fomentar el desarrollo de sistemas de certificaci\u00f3n, producci\u00f3n org\u00e1nica, marcas colectivas y de certificaci\u00f3n de origen en zonas de intervenci\u00f3n prioritarias.<\/p>\n<p>Seg\u00fan la Asociaci\u00f3n (conformada por 10 grupos base que re\u00fane a 199 peque\u00f1os y medianos productores) durante el 2019 acopiaron aproximadamente 520 quintales de cacao seco org\u00e1nico y 3.880,74 bultos de caf\u00e9 pergamino ar\u00e1bigo org\u00e1nico seco. Sin embargo, planean aumentar el volumen de acopio durante los siguientes a\u00f1os a 8.000 bultos de caf\u00e9 pergamino seco.<\/p>\n<p><img loading=\"lazy\" decoding=\"async\" class=\"wp-image-6147 alignright\" src=\"https:\/\/www.proamazonia.org\/wp-content\/uploads\/2022\/03\/7.acrim_.cafe_.cacao_.zamora.proamazonia.ambiente.lavazza.productores-300x300.jpg\" alt=\"\" width=\"542\" height=\"542\" srcset=\"https:\/\/www.proamazonia.org\/ppr\/wp-content\/uploads\/2022\/03\/7.acrim_.cafe_.cacao_.zamora.proamazonia.ambiente.lavazza.productores-300x300.jpg 300w, https:\/\/www.proamazonia.org\/ppr\/wp-content\/uploads\/2022\/03\/7.acrim_.cafe_.cacao_.zamora.proamazonia.ambiente.lavazza.productores-1024x1024.jpg 1024w, https:\/\/www.proamazonia.org\/ppr\/wp-content\/uploads\/2022\/03\/7.acrim_.cafe_.cacao_.zamora.proamazonia.ambiente.lavazza.productores-150x150.jpg 150w, https:\/\/www.proamazonia.org\/ppr\/wp-content\/uploads\/2022\/03\/7.acrim_.cafe_.cacao_.zamora.proamazonia.ambiente.lavazza.productores-768x768.jpg 768w, https:\/\/www.proamazonia.org\/ppr\/wp-content\/uploads\/2022\/03\/7.acrim_.cafe_.cacao_.zamora.proamazonia.ambiente.lavazza.productores-80x80.jpg 80w, https:\/\/www.proamazonia.org\/ppr\/wp-content\/uploads\/2022\/03\/7.acrim_.cafe_.cacao_.zamora.proamazonia.ambiente.lavazza.productores-500x500.jpg 500w, https:\/\/www.proamazonia.org\/ppr\/wp-content\/uploads\/2022\/03\/7.acrim_.cafe_.cacao_.zamora.proamazonia.ambiente.lavazza.productores-1000x1000.jpg 1000w, https:\/\/www.proamazonia.org\/ppr\/wp-content\/uploads\/2022\/03\/7.acrim_.cafe_.cacao_.zamora.proamazonia.ambiente.lavazza.productores-75x75.jpg 75w, https:\/\/www.proamazonia.org\/ppr\/wp-content\/uploads\/2022\/03\/7.acrim_.cafe_.cacao_.zamora.proamazonia.ambiente.lavazza.productores.jpg 1080w\" sizes=\"auto, (max-width: 542px) 100vw, 542px\" \/><\/p>\n<p>De esta cantidad, estiman que 6.316 bultos sean de caf\u00e9 pergamino ar\u00e1bigo org\u00e1nico seco y 1.120 bultos de caf\u00e9 pergamino ar\u00e1bigo convencional seco o en proceso de transici\u00f3n a org\u00e1nico. Al momento ya se encuentran comercializando su producto a nivel nacional e internacional con destino a Quijote kaffe y Bruhwercoffee en Alemania y Ethiquable en Francia. El caf\u00e9 tambi\u00e9n es comercializado en la industria nacional a las empresas Caravela Coffee de Quito y Alimentos del Ecuador Alidor.<\/p>\n<p>Para lograr la transici\u00f3n hacia sistemas de producci\u00f3n sostenible, en el marco del Plan de Acci\u00f3n REDD+, se promueve la productividad, competitividad del sector, desarrollo, sostenibilidad y la equidad de los recursos productivos del pa\u00eds. Todos estos procesos con un enfoque de cadena en donde se apunta a mejorar la productividad, tecnificaci\u00f3n, trazabilidad, certificaci\u00f3n, acceso a mercados, incentivos y consumidores. Adem\u00e1s de un enfoque ambiental que sensibiliza al productor sobre la importancia de los bosques y su rol en la mitigaci\u00f3n de los efectos del cambio clim\u00e1tico, adem\u00e1s de ejes transversales como el enfoque de g\u00e9nero e interculturalidad.<\/p>\n<p><strong>Datos importantes:<\/strong><\/p>\n<ul>\n<li>La Asociaci\u00f3n de Productores Ecol\u00f3gicos de Caf\u00e9 Org\u00e1nico Cuencas del R\u00edo Mayo (ACRIM) se encuentra registrada ante la Superintendencia de Econom\u00eda Popular y Solidaria (SEPS), constituida desde 2005 e iniciando sus actividades comerciales en 2008.<\/li>\n<li>En la actualidad est\u00e1 compuesta por 199 socios jur\u00eddicos. Cuenta con una infraestructura de acopio para cacao, caf\u00e9 y otros productos de 10.000 m2.<\/li>\n<li>Para el 2019, los ingresos totales de ACRIM superaron los USD 800.000 anuales, generados a partir de la venta del producto del cacao y del caf\u00e9.<\/li>\n<\/ul>\n<p><strong>Autor:<\/strong> Unidad de Comunicaci\u00f3n de PROAmazon\u00eda<\/p>","protected":false},"excerpt":{"rendered":"<p>En el marco de las actividades que realiza el Gobierno Nacional por una producci\u00f3n sostenible y libre de deforestaci\u00f3n en la Amazon\u00eda ecuatoriana, este 24 de marzo el Ministerio de Agricultura y Ganader\u00eda y el Ministerio del Ambiente, Agua y Transici\u00f3n Ecol\u00f3gica, a trav\u00e9s de PROAmazon\u00eda, con el apoyo de PNUD, realizaron la entrega oficial del centro de acopio repotenciado para la Asociaci\u00f3n de Productores Ecol\u00f3gicos de Caf\u00e9 Org\u00e1nico Cuencas del Rio Mayo (ACRIM) en la provincia de Zamora Chinchipe. Este hito importante para la asociaci\u00f3n y la provincia es parte del Plan de repotenciaci\u00f3n de Centros de Acopio de organizaciones de productores de cacao y caf\u00e9 de la Regi\u00f3n Amaz\u00f3nica, mediante el convenio firmado entre el MAG \u2013 MAATE y el Comit\u00e9 Europeo para la Formaci\u00f3n y la Agricultura (CEFA). Fotograf\u00eda: Unidad de Comunicaci\u00f3n de PROAmazon\u00eda Lugar: Centro de Acopio repotenciado ACRIM &#8211; Zamora Chinchipe Con ello se espera impulsar la producci\u00f3n agropecuaria sostenible controlando los efectos causados por el avance de la frontera agr\u00edcola y evitando la deforestaci\u00f3n del bosque nativo, al fomentar el desarrollo de sistemas de certificaci\u00f3n, producci\u00f3n org\u00e1nica, marcas colectivas y de certificaci\u00f3n de origen en zonas de intervenci\u00f3n prioritarias. Seg\u00fan la Asociaci\u00f3n (conformada por [&hellip;]<\/p>\n","protected":false},"author":2,"featured_media":6154,"comment_status":"closed","ping_status":"closed","sticky":false,"template":"","format":"standard","meta":{"_uf_show_specific_survey":0,"_uf_disable_surveys":false,"footnotes":""},"categories":[3,23,25],"tags":[53,44,67,66],"class_list":["post-6155","post","type-post","status-publish","format-standard","has-post-thumbnail","hentry","category-noticias","category-noticias-home","category-produccion-sostenible","tag-cafe","tag-proamazonia","tag-produccion","tag-sostenible"],"aioseo_notices":[],"_links":{"self":[{"href":"https:\/\/www.proamazonia.org\/ppr\/wp-json\/wp\/v2\/posts\/6155","targetHints":{"allow":["GET"]}}],"collection":[{"href":"https:\/\/www.proamazonia.org\/ppr\/wp-json\/wp\/v2\/posts"}],"about":[{"href":"https:\/\/www.proamazonia.org\/ppr\/wp-json\/wp\/v2\/types\/post"}],"author":[{"embeddable":true,"href":"https:\/\/www.proamazonia.org\/ppr\/wp-json\/wp\/v2\/users\/2"}],"replies":[{"embeddable":true,"href":"https:\/\/www.proamazonia.org\/ppr\/wp-json\/wp\/v2\/comments?post=6155"}],"version-history":[{"count":3,"href":"https:\/\/www.proamazonia.org\/ppr\/wp-json\/wp\/v2\/posts\/6155\/revisions"}],"predecessor-version":[{"id":6158,"href":"https:\/\/www.proamazonia.org\/ppr\/wp-json\/wp\/v2\/posts\/6155\/revisions\/6158"}],"wp:featuredmedia":[{"embeddable":true,"href":"https:\/\/www.proamazonia.org\/ppr\/wp-json\/wp\/v2\/media\/6154"}],"wp:attachment":[{"href":"https:\/\/www.proamazonia.org\/ppr\/wp-json\/wp\/v2\/media?parent=6155"}],"wp:term":[{"taxonomy":"category","embeddable":true,"href":"https:\/\/www.proamazonia.org\/ppr\/wp-json\/wp\/v2\/categories?post=6155"},{"taxonomy":"post_tag","embeddable":true,"href":"https:\/\/www.proamazonia.org\/ppr\/wp-json\/wp\/v2\/tags?post=6155"}],"curies":[{"name":"wp","href":"https:\/\/api.w.org\/{rel}","templated":true}]}}