{"id":6159,"date":"2022-03-31T17:53:02","date_gmt":"2022-03-31T22:53:02","guid":{"rendered":"https:\/\/www.proamazonia.org\/?p=6159"},"modified":"2022-03-31T17:54:57","modified_gmt":"2022-03-31T22:54:57","slug":"mag-y-maate-entregan-centro-de-acopio-repotenciado-a-asociacion-productora-de-cafe-y-cacao-en-zamora-chinchipe","status":"publish","type":"post","link":"https:\/\/www.proamazonia.org\/ppr\/mag-y-maate-entregan-centro-de-acopio-repotenciado-a-asociacion-productora-de-cafe-y-cacao-en-zamora-chinchipe\/","title":{"rendered":"MAG Y MAATE ENTREGAN CENTRO DE ACOPIO REPOTENCIADO A ASOCIACI\u00d3N PRODUCTORA DE CAF\u00c9 Y CACAO EN ZAMORA CHINCHIPE"},"content":{"rendered":"<p>El Ministerio de Agricultura y Ganader\u00eda y Ministerio del Ambiente, Agua y Transici\u00f3n Ecol\u00f3gica, en el marco de PROAmazon\u00eda, programa del Gobierno Nacional con apoyo de PNUD, realizaron este 24 de marzo la entrega de la repotenciaci\u00f3n de un centro de acopio a la Asociaci\u00f3n Agroartesanal de Productores Ecol\u00f3gicos de Palanda y Chinchipe (APECAP) de la provincia de Zamora Chinchipe. El evento, que se llev\u00f3 a cabo en el cant\u00f3n Palanda, cont\u00f3 con la presencia de autoridades del MAG, MAATE, PROAmazon\u00eda y productores locales de caf\u00e9 y cacao.<\/p>\n<p>El centro de almacenamiento tendr\u00e1 el objetivo de mejorar la productividad y calidad del caf\u00e9 y cacao en la provincia y sobre todo garantizar\u00e1 que se produzca de una manera sostenible y libre de deforestaci\u00f3n. El espacio tendr\u00e1 m\u00e1s capacidad de recepci\u00f3n de materia prima y secado artificial del caf\u00e9, con el objetivo de atraer m\u00e1s productores para que se integren a la asociaci\u00f3n. Estas caracter\u00edsticas brindan la oportunidad a los productores para incrementar su productividad, acceder a mercados diferenciados y fortalecer sus organizaciones sociales.<\/p>\n<p style=\"text-align: center;\"><img loading=\"lazy\" decoding=\"async\" class=\"alignnone wp-image-6161\" src=\"https:\/\/www.proamazonia.org\/wp-content\/uploads\/2022\/03\/7.apecap.cafe_.cacao_.zamora.proamazonia.ambiente.lavazza.productores-300x200.jpg\" alt=\"\" width=\"309\" height=\"206\" srcset=\"https:\/\/www.proamazonia.org\/ppr\/wp-content\/uploads\/2022\/03\/7.apecap.cafe_.cacao_.zamora.proamazonia.ambiente.lavazza.productores-300x200.jpg 300w, https:\/\/www.proamazonia.org\/ppr\/wp-content\/uploads\/2022\/03\/7.apecap.cafe_.cacao_.zamora.proamazonia.ambiente.lavazza.productores-1024x683.jpg 1024w, https:\/\/www.proamazonia.org\/ppr\/wp-content\/uploads\/2022\/03\/7.apecap.cafe_.cacao_.zamora.proamazonia.ambiente.lavazza.productores-768x512.jpg 768w, https:\/\/www.proamazonia.org\/ppr\/wp-content\/uploads\/2022\/03\/7.apecap.cafe_.cacao_.zamora.proamazonia.ambiente.lavazza.productores-600x400.jpg 600w, https:\/\/www.proamazonia.org\/ppr\/wp-content\/uploads\/2022\/03\/7.apecap.cafe_.cacao_.zamora.proamazonia.ambiente.lavazza.productores.jpg 1200w\" sizes=\"auto, (max-width: 309px) 100vw, 309px\" \/> <img loading=\"lazy\" decoding=\"async\" class=\"alignnone wp-image-6160\" src=\"https:\/\/www.proamazonia.org\/wp-content\/uploads\/2022\/03\/8.apecap.cafe_.cacao_.zamora.proamazonia.ambiente.lavazza.productores-300x200.jpg\" alt=\"\" width=\"308\" height=\"205\" srcset=\"https:\/\/www.proamazonia.org\/ppr\/wp-content\/uploads\/2022\/03\/8.apecap.cafe_.cacao_.zamora.proamazonia.ambiente.lavazza.productores-300x200.jpg 300w, https:\/\/www.proamazonia.org\/ppr\/wp-content\/uploads\/2022\/03\/8.apecap.cafe_.cacao_.zamora.proamazonia.ambiente.lavazza.productores-1024x683.jpg 1024w, https:\/\/www.proamazonia.org\/ppr\/wp-content\/uploads\/2022\/03\/8.apecap.cafe_.cacao_.zamora.proamazonia.ambiente.lavazza.productores-768x512.jpg 768w, https:\/\/www.proamazonia.org\/ppr\/wp-content\/uploads\/2022\/03\/8.apecap.cafe_.cacao_.zamora.proamazonia.ambiente.lavazza.productores-600x400.jpg 600w, https:\/\/www.proamazonia.org\/ppr\/wp-content\/uploads\/2022\/03\/8.apecap.cafe_.cacao_.zamora.proamazonia.ambiente.lavazza.productores.jpg 1200w\" sizes=\"auto, (max-width: 308px) 100vw, 308px\" \/> <img loading=\"lazy\" decoding=\"async\" class=\"alignnone wp-image-6162\" src=\"https:\/\/www.proamazonia.org\/wp-content\/uploads\/2022\/03\/6.apecap.cafe_.cacao_.zamora.proamazonia.ambiente.lavazza.productores-300x200.jpg\" alt=\"\" width=\"310\" height=\"207\" srcset=\"https:\/\/www.proamazonia.org\/ppr\/wp-content\/uploads\/2022\/03\/6.apecap.cafe_.cacao_.zamora.proamazonia.ambiente.lavazza.productores-300x200.jpg 300w, https:\/\/www.proamazonia.org\/ppr\/wp-content\/uploads\/2022\/03\/6.apecap.cafe_.cacao_.zamora.proamazonia.ambiente.lavazza.productores-1024x683.jpg 1024w, https:\/\/www.proamazonia.org\/ppr\/wp-content\/uploads\/2022\/03\/6.apecap.cafe_.cacao_.zamora.proamazonia.ambiente.lavazza.productores-768x512.jpg 768w, https:\/\/www.proamazonia.org\/ppr\/wp-content\/uploads\/2022\/03\/6.apecap.cafe_.cacao_.zamora.proamazonia.ambiente.lavazza.productores-600x400.jpg 600w, https:\/\/www.proamazonia.org\/ppr\/wp-content\/uploads\/2022\/03\/6.apecap.cafe_.cacao_.zamora.proamazonia.ambiente.lavazza.productores.jpg 1200w\" sizes=\"auto, (max-width: 310px) 100vw, 310px\" \/> <img loading=\"lazy\" decoding=\"async\" class=\"alignnone wp-image-6163\" src=\"https:\/\/www.proamazonia.org\/wp-content\/uploads\/2022\/03\/5.apecap.cafe_.cacao_.zamora.proamazonia.ambiente.lavazza.productores-300x200.jpg\" alt=\"\" width=\"306\" height=\"204\" srcset=\"https:\/\/www.proamazonia.org\/ppr\/wp-content\/uploads\/2022\/03\/5.apecap.cafe_.cacao_.zamora.proamazonia.ambiente.lavazza.productores-300x200.jpg 300w, https:\/\/www.proamazonia.org\/ppr\/wp-content\/uploads\/2022\/03\/5.apecap.cafe_.cacao_.zamora.proamazonia.ambiente.lavazza.productores-1024x683.jpg 1024w, https:\/\/www.proamazonia.org\/ppr\/wp-content\/uploads\/2022\/03\/5.apecap.cafe_.cacao_.zamora.proamazonia.ambiente.lavazza.productores-768x512.jpg 768w, https:\/\/www.proamazonia.org\/ppr\/wp-content\/uploads\/2022\/03\/5.apecap.cafe_.cacao_.zamora.proamazonia.ambiente.lavazza.productores-600x400.jpg 600w, https:\/\/www.proamazonia.org\/ppr\/wp-content\/uploads\/2022\/03\/5.apecap.cafe_.cacao_.zamora.proamazonia.ambiente.lavazza.productores.jpg 1200w\" sizes=\"auto, (max-width: 306px) 100vw, 306px\" \/> <img loading=\"lazy\" decoding=\"async\" class=\"alignnone wp-image-6165\" src=\"https:\/\/www.proamazonia.org\/wp-content\/uploads\/2022\/03\/3.apecap.cafe_.cacao_.zamora.proamazonia.ambiente.lavazza.productores-300x200.jpg\" alt=\"\" width=\"306\" height=\"204\" srcset=\"https:\/\/www.proamazonia.org\/ppr\/wp-content\/uploads\/2022\/03\/3.apecap.cafe_.cacao_.zamora.proamazonia.ambiente.lavazza.productores-300x200.jpg 300w, https:\/\/www.proamazonia.org\/ppr\/wp-content\/uploads\/2022\/03\/3.apecap.cafe_.cacao_.zamora.proamazonia.ambiente.lavazza.productores-1024x683.jpg 1024w, https:\/\/www.proamazonia.org\/ppr\/wp-content\/uploads\/2022\/03\/3.apecap.cafe_.cacao_.zamora.proamazonia.ambiente.lavazza.productores-768x512.jpg 768w, https:\/\/www.proamazonia.org\/ppr\/wp-content\/uploads\/2022\/03\/3.apecap.cafe_.cacao_.zamora.proamazonia.ambiente.lavazza.productores-600x400.jpg 600w, https:\/\/www.proamazonia.org\/ppr\/wp-content\/uploads\/2022\/03\/3.apecap.cafe_.cacao_.zamora.proamazonia.ambiente.lavazza.productores.jpg 1200w\" sizes=\"auto, (max-width: 306px) 100vw, 306px\" \/> <img loading=\"lazy\" decoding=\"async\" class=\"alignnone wp-image-6164\" src=\"https:\/\/www.proamazonia.org\/wp-content\/uploads\/2022\/03\/4.apecap.cafe_.cacao_.zamora.proamazonia.ambiente.lavazza.productores-300x200.jpg\" alt=\"\" width=\"308\" height=\"205\" srcset=\"https:\/\/www.proamazonia.org\/ppr\/wp-content\/uploads\/2022\/03\/4.apecap.cafe_.cacao_.zamora.proamazonia.ambiente.lavazza.productores-300x200.jpg 300w, https:\/\/www.proamazonia.org\/ppr\/wp-content\/uploads\/2022\/03\/4.apecap.cafe_.cacao_.zamora.proamazonia.ambiente.lavazza.productores-768x512.jpg 768w, https:\/\/www.proamazonia.org\/ppr\/wp-content\/uploads\/2022\/03\/4.apecap.cafe_.cacao_.zamora.proamazonia.ambiente.lavazza.productores-600x400.jpg 600w, https:\/\/www.proamazonia.org\/ppr\/wp-content\/uploads\/2022\/03\/4.apecap.cafe_.cacao_.zamora.proamazonia.ambiente.lavazza.productores.jpg 800w\" sizes=\"auto, (max-width: 308px) 100vw, 308px\" \/><\/p>\n<p style=\"text-align: center;\"><b><span style=\"font-size: 10.0pt; color: windowtext;\">Fotograf\u00eda:<\/span><\/b><span style=\"font-size: 10.0pt; color: windowtext;\"> Unidad de Comunicaci\u00f3n de PROAmazon\u00eda<br \/>\n<\/span><b><\/b><b><span style=\"font-size: 10.0pt; color: windowtext;\">Descripci\u00f3n:<\/span><\/b><span style=\"font-size: 10.0pt; color: windowtext;\"> Entrega del Centro de Acopio repotenciado APECAP<\/span><\/p>\n<p>La iniciativa es parte del Plan de repotenciaci\u00f3n de Centros de Acopio de organizaciones de productores de cacao y caf\u00e9 de la Regi\u00f3n Amaz\u00f3nica, mediante el convenio firmado entre el MAG \u2013 MAATE y el Comit\u00e9 Europeo para la Formaci\u00f3n y la Agricultura (CEFA).<\/p>\n<p>Para lograr la transici\u00f3n hacia sistemas de producci\u00f3n sostenible, en el marco del Plan de Acci\u00f3n REDD+, se promueve la productividad, competitividad del sector, desarrollo, sostenibilidad y la equidad de los recursos productivos del pa\u00eds. Todos estos procesos con un enfoque de cadena en donde se apunta a mejorar la productividad, tecnificaci\u00f3n, trazabilidad, certificaci\u00f3n, acceso a mercados, incentivos y consumidores. Adem\u00e1s de un enfoque ambiental que sensibiliza al productor sobre la importancia de los bosques y su rol en la mitigaci\u00f3n de los efectos del cambio clim\u00e1tico; adem\u00e1s de ejes transversales como el enfoque de g\u00e9nero e interculturalidad.<\/p>\n<p><img loading=\"lazy\" decoding=\"async\" class=\" wp-image-6169 alignright\" src=\"https:\/\/www.proamazonia.org\/wp-content\/uploads\/2022\/03\/1.apecap.cafe_.cacao_.zamora.proamazonia.ambiente.lavazza.productores-1-300x300.jpg\" alt=\"\" width=\"503\" height=\"503\" srcset=\"https:\/\/www.proamazonia.org\/ppr\/wp-content\/uploads\/2022\/03\/1.apecap.cafe_.cacao_.zamora.proamazonia.ambiente.lavazza.productores-1-300x300.jpg 300w, https:\/\/www.proamazonia.org\/ppr\/wp-content\/uploads\/2022\/03\/1.apecap.cafe_.cacao_.zamora.proamazonia.ambiente.lavazza.productores-1-1024x1024.jpg 1024w, https:\/\/www.proamazonia.org\/ppr\/wp-content\/uploads\/2022\/03\/1.apecap.cafe_.cacao_.zamora.proamazonia.ambiente.lavazza.productores-1-150x150.jpg 150w, https:\/\/www.proamazonia.org\/ppr\/wp-content\/uploads\/2022\/03\/1.apecap.cafe_.cacao_.zamora.proamazonia.ambiente.lavazza.productores-1-768x768.jpg 768w, https:\/\/www.proamazonia.org\/ppr\/wp-content\/uploads\/2022\/03\/1.apecap.cafe_.cacao_.zamora.proamazonia.ambiente.lavazza.productores-1-80x80.jpg 80w, https:\/\/www.proamazonia.org\/ppr\/wp-content\/uploads\/2022\/03\/1.apecap.cafe_.cacao_.zamora.proamazonia.ambiente.lavazza.productores-1-500x500.jpg 500w, https:\/\/www.proamazonia.org\/ppr\/wp-content\/uploads\/2022\/03\/1.apecap.cafe_.cacao_.zamora.proamazonia.ambiente.lavazza.productores-1-1000x1000.jpg 1000w, https:\/\/www.proamazonia.org\/ppr\/wp-content\/uploads\/2022\/03\/1.apecap.cafe_.cacao_.zamora.proamazonia.ambiente.lavazza.productores-1-75x75.jpg 75w, https:\/\/www.proamazonia.org\/ppr\/wp-content\/uploads\/2022\/03\/1.apecap.cafe_.cacao_.zamora.proamazonia.ambiente.lavazza.productores-1.jpg 1080w\" sizes=\"auto, (max-width: 503px) 100vw, 503px\" \/><\/p>\n<p>Es as\u00ed que la asistencia t\u00e9cnica y la capacitaci\u00f3n permanente son elementos claves para el fortalecimiento de capacidades de los agricultores Amaz\u00f3nicos en cuanto al manejo de las plantaciones de caf\u00e9 y cacao con tecnolog\u00edas amigables con la naturaleza.<\/p>\n<p><strong>Datos:<\/strong><\/p>\n<ul>\n<li>APECAP es una organizaci\u00f3n de peque\u00f1os productores de los cantones de Palanda y Chinchipe en la provincia de Zamora Chinchipe. La organizaci\u00f3n fue constituida legalmente desde el a\u00f1o 2002, y en la actualidad produce caf\u00e9, cacao y miel de abeja. Estos productos son comercializados a escala local, nacional e internacional.<\/li>\n<li>A trav\u00e9s de PROAmazon\u00eda, se est\u00e1n llevando a cabo procesos de capacitaci\u00f3n en los cultivos de caf\u00e9 y cacao con el Instituto Interamericano de Cooperaci\u00f3n para la Agricultura (IICA). Actualmente, se trabaja con 1.625 productores, ubicados en las seis provincias amaz\u00f3nicas (Sucumb\u00edos, Orellana, Napo, Pastaza, Morona Santiago y Zamora Chinchipe).<\/li>\n<\/ul>\n<p><strong>Autor:<\/strong> Unidad de Comunicaci\u00f3n de PROAmazon\u00eda<\/p>","protected":false},"excerpt":{"rendered":"<p>El Ministerio de Agricultura y Ganader\u00eda y Ministerio del Ambiente, Agua y Transici\u00f3n Ecol\u00f3gica, en el marco de PROAmazon\u00eda, programa del Gobierno Nacional con apoyo de PNUD, realizaron este 24 de marzo la entrega de la repotenciaci\u00f3n de un centro de acopio a la Asociaci\u00f3n Agroartesanal de Productores Ecol\u00f3gicos de Palanda y Chinchipe (APECAP) de la provincia de Zamora Chinchipe. El evento, que se llev\u00f3 a cabo en el cant\u00f3n Palanda, cont\u00f3 con la presencia de autoridades del MAG, MAATE, PROAmazon\u00eda y productores locales de caf\u00e9 y cacao. El centro de almacenamiento tendr\u00e1 el objetivo de mejorar la productividad y calidad del caf\u00e9 y cacao en la provincia y sobre todo garantizar\u00e1 que se produzca de una manera sostenible y libre de deforestaci\u00f3n. El espacio tendr\u00e1 m\u00e1s capacidad de recepci\u00f3n de materia prima y secado artificial del caf\u00e9, con el objetivo de atraer m\u00e1s productores para que se integren a la asociaci\u00f3n. Estas caracter\u00edsticas brindan la oportunidad a los productores para incrementar su productividad, acceder a mercados diferenciados y fortalecer sus organizaciones sociales. Fotograf\u00eda: Unidad de Comunicaci\u00f3n de PROAmazon\u00eda Descripci\u00f3n: Entrega del Centro de Acopio repotenciado APECAP La iniciativa es parte del Plan de repotenciaci\u00f3n de Centros de Acopio de [&hellip;]<\/p>\n","protected":false},"author":2,"featured_media":6168,"comment_status":"closed","ping_status":"closed","sticky":false,"template":"","format":"standard","meta":{"_uf_show_specific_survey":0,"_uf_disable_surveys":false,"footnotes":""},"categories":[3,23,25],"tags":[144,53,44,67,204,66],"class_list":["post-6159","post","type-post","status-publish","format-standard","has-post-thumbnail","hentry","category-noticias","category-noticias-home","category-produccion-sostenible","tag-cacao","tag-cafe","tag-proamazonia","tag-produccion","tag-productores","tag-sostenible"],"aioseo_notices":[],"_links":{"self":[{"href":"https:\/\/www.proamazonia.org\/ppr\/wp-json\/wp\/v2\/posts\/6159","targetHints":{"allow":["GET"]}}],"collection":[{"href":"https:\/\/www.proamazonia.org\/ppr\/wp-json\/wp\/v2\/posts"}],"about":[{"href":"https:\/\/www.proamazonia.org\/ppr\/wp-json\/wp\/v2\/types\/post"}],"author":[{"embeddable":true,"href":"https:\/\/www.proamazonia.org\/ppr\/wp-json\/wp\/v2\/users\/2"}],"replies":[{"embeddable":true,"href":"https:\/\/www.proamazonia.org\/ppr\/wp-json\/wp\/v2\/comments?post=6159"}],"version-history":[{"count":2,"href":"https:\/\/www.proamazonia.org\/ppr\/wp-json\/wp\/v2\/posts\/6159\/revisions"}],"predecessor-version":[{"id":6171,"href":"https:\/\/www.proamazonia.org\/ppr\/wp-json\/wp\/v2\/posts\/6159\/revisions\/6171"}],"wp:featuredmedia":[{"embeddable":true,"href":"https:\/\/www.proamazonia.org\/ppr\/wp-json\/wp\/v2\/media\/6168"}],"wp:attachment":[{"href":"https:\/\/www.proamazonia.org\/ppr\/wp-json\/wp\/v2\/media?parent=6159"}],"wp:term":[{"taxonomy":"category","embeddable":true,"href":"https:\/\/www.proamazonia.org\/ppr\/wp-json\/wp\/v2\/categories?post=6159"},{"taxonomy":"post_tag","embeddable":true,"href":"https:\/\/www.proamazonia.org\/ppr\/wp-json\/wp\/v2\/tags?post=6159"}],"curies":[{"name":"wp","href":"https:\/\/api.w.org\/{rel}","templated":true}]}}