{"id":6174,"date":"2022-03-31T18:20:36","date_gmt":"2022-03-31T23:20:36","guid":{"rendered":"https:\/\/www.proamazonia.org\/?p=6174"},"modified":"2022-03-31T18:20:36","modified_gmt":"2022-03-31T23:20:36","slug":"federacion-de-cafetaleros-del-sur-de-ecuador-inician-relacion-comercial-con-multinacional-italiana-lavazza","status":"publish","type":"post","link":"https:\/\/www.proamazonia.org\/ppr\/federacion-de-cafetaleros-del-sur-de-ecuador-inician-relacion-comercial-con-multinacional-italiana-lavazza\/","title":{"rendered":"FEDERACI\u00d3N DE CAFETALEROS DEL SUR DE ECUADOR INICIAN RELACI\u00d3N COMERCIAL CON MULTINACIONAL ITALIANA LAVAZZA"},"content":{"rendered":"<p>El caf\u00e9 ecuatoriano de la regi\u00f3n sur se abre nuevos mercados a nivel internacional. Es as\u00ed que este 25 de marzo en Catamayo, provincia de Loja, el Ministerio de Agricultura y Ganader\u00eda y Ministerio del Ambiente, Agua y Transici\u00f3n Ecol\u00f3gica, a trav\u00e9s de PROAmazon\u00eda con el apoyo de PNUD, anunciaron oficialmente el inicio de la relaci\u00f3n comercial entre la Federaci\u00f3n Regional de Asociaciones de Peque\u00f1os Cafetaleros Ecol\u00f3gicos del Sur (FAPECAFES) y la empresa italiana Lavazza, que contemplar\u00e1 una primera exportaci\u00f3n de caf\u00e9 Amaz\u00f3nico sostenible y libre de deforestaci\u00f3n.<\/p>\n<p>La venta de un contenedor de 250 sacos de 69 kilos de caf\u00e9 ar\u00e1biga se realizar\u00e1 en mayo de 2022. Este lote permitir\u00e1 a los productores acceder a un nuevo nicho de mercado, debido a su alta calidad, sostenibilidad y certificaciones, con alto potencial de crecimiento en el mediano plazo y mejora de ingresos para m\u00e1s de 400 productores de la Amazon\u00eda y sus familias.<\/p>\n<p>El proceso de exportaci\u00f3n se realizar\u00e1 a trav\u00e9s de FAPECAFES, organizaci\u00f3n que est\u00e1 conformada por seis Asociaciones de Peque\u00f1os Cafetaleros de la regi\u00f3n sur del Ecuador ubicados en las provincias de El Oro, Loja y Zamora Chinchipe. El 70% de materia prima provendr\u00e1 de la Asociaci\u00f3n Agroartesanal de Productores Ecol\u00f3gicos de Palanda y Chinchipe (APECAP) y la Asociaci\u00f3n de Productores Ecol\u00f3gicos de Caf\u00e9 Org\u00e1nico Cuencas del Rio Mayo (ACRIM), organizaciones que son parte del piloto de monitoreo de deforestaci\u00f3n y trazabilidad impulsado por PROAmazon\u00eda.<\/p>\n<p style=\"text-align: center;\"><img loading=\"lazy\" decoding=\"async\" class=\"alignnone  wp-image-6173\" src=\"https:\/\/www.proamazonia.org\/wp-content\/uploads\/2022\/03\/7.fapecafes.catamayo.cafe_.cacao_.zamora.proamazonia.ambiente.lavazza.productores-300x203.jpg\" alt=\"\" width=\"307\" height=\"208\" srcset=\"https:\/\/www.proamazonia.org\/ppr\/wp-content\/uploads\/2022\/03\/7.fapecafes.catamayo.cafe_.cacao_.zamora.proamazonia.ambiente.lavazza.productores-300x203.jpg 300w, https:\/\/www.proamazonia.org\/ppr\/wp-content\/uploads\/2022\/03\/7.fapecafes.catamayo.cafe_.cacao_.zamora.proamazonia.ambiente.lavazza.productores-1024x691.jpg 1024w, https:\/\/www.proamazonia.org\/ppr\/wp-content\/uploads\/2022\/03\/7.fapecafes.catamayo.cafe_.cacao_.zamora.proamazonia.ambiente.lavazza.productores-768x518.jpg 768w, https:\/\/www.proamazonia.org\/ppr\/wp-content\/uploads\/2022\/03\/7.fapecafes.catamayo.cafe_.cacao_.zamora.proamazonia.ambiente.lavazza.productores.jpg 1200w\" sizes=\"auto, (max-width: 307px) 100vw, 307px\" \/> <img loading=\"lazy\" decoding=\"async\" class=\"alignnone  wp-image-6172\" src=\"https:\/\/www.proamazonia.org\/wp-content\/uploads\/2022\/03\/5.fapecafes.catamayo.cafe_.cacao_.zamora.proamazonia.ambiente.lavazza.productores-300x203.jpg\" alt=\"\" width=\"307\" height=\"208\" srcset=\"https:\/\/www.proamazonia.org\/ppr\/wp-content\/uploads\/2022\/03\/5.fapecafes.catamayo.cafe_.cacao_.zamora.proamazonia.ambiente.lavazza.productores-300x203.jpg 300w, https:\/\/www.proamazonia.org\/ppr\/wp-content\/uploads\/2022\/03\/5.fapecafes.catamayo.cafe_.cacao_.zamora.proamazonia.ambiente.lavazza.productores-1024x691.jpg 1024w, https:\/\/www.proamazonia.org\/ppr\/wp-content\/uploads\/2022\/03\/5.fapecafes.catamayo.cafe_.cacao_.zamora.proamazonia.ambiente.lavazza.productores-768x518.jpg 768w, https:\/\/www.proamazonia.org\/ppr\/wp-content\/uploads\/2022\/03\/5.fapecafes.catamayo.cafe_.cacao_.zamora.proamazonia.ambiente.lavazza.productores.jpg 1200w\" sizes=\"auto, (max-width: 307px) 100vw, 307px\" \/> <img loading=\"lazy\" decoding=\"async\" class=\"alignnone  wp-image-6178\" src=\"https:\/\/www.proamazonia.org\/wp-content\/uploads\/2022\/03\/2.fapecafes.catamayo.cafe_.cacao_.zamora.proamazonia.ambiente.lavazza.productores-300x203.jpg\" alt=\"\" width=\"307\" height=\"208\" srcset=\"https:\/\/www.proamazonia.org\/ppr\/wp-content\/uploads\/2022\/03\/2.fapecafes.catamayo.cafe_.cacao_.zamora.proamazonia.ambiente.lavazza.productores-300x203.jpg 300w, https:\/\/www.proamazonia.org\/ppr\/wp-content\/uploads\/2022\/03\/2.fapecafes.catamayo.cafe_.cacao_.zamora.proamazonia.ambiente.lavazza.productores-1024x691.jpg 1024w, https:\/\/www.proamazonia.org\/ppr\/wp-content\/uploads\/2022\/03\/2.fapecafes.catamayo.cafe_.cacao_.zamora.proamazonia.ambiente.lavazza.productores-768x518.jpg 768w, https:\/\/www.proamazonia.org\/ppr\/wp-content\/uploads\/2022\/03\/2.fapecafes.catamayo.cafe_.cacao_.zamora.proamazonia.ambiente.lavazza.productores.jpg 1200w\" sizes=\"auto, (max-width: 307px) 100vw, 307px\" \/> <img loading=\"lazy\" decoding=\"async\" class=\"alignnone  wp-image-6175\" src=\"https:\/\/www.proamazonia.org\/wp-content\/uploads\/2022\/03\/6.fapecafes.catamayo.cafe_.cacao_.zamora.proamazonia.ambiente.lavazza.productores-300x203.jpg\" alt=\"\" width=\"306\" height=\"207\" srcset=\"https:\/\/www.proamazonia.org\/ppr\/wp-content\/uploads\/2022\/03\/6.fapecafes.catamayo.cafe_.cacao_.zamora.proamazonia.ambiente.lavazza.productores-300x203.jpg 300w, https:\/\/www.proamazonia.org\/ppr\/wp-content\/uploads\/2022\/03\/6.fapecafes.catamayo.cafe_.cacao_.zamora.proamazonia.ambiente.lavazza.productores-1024x691.jpg 1024w, https:\/\/www.proamazonia.org\/ppr\/wp-content\/uploads\/2022\/03\/6.fapecafes.catamayo.cafe_.cacao_.zamora.proamazonia.ambiente.lavazza.productores-768x518.jpg 768w, https:\/\/www.proamazonia.org\/ppr\/wp-content\/uploads\/2022\/03\/6.fapecafes.catamayo.cafe_.cacao_.zamora.proamazonia.ambiente.lavazza.productores.jpg 1200w\" sizes=\"auto, (max-width: 306px) 100vw, 306px\" \/> <img loading=\"lazy\" decoding=\"async\" class=\"alignnone  wp-image-6176\" src=\"https:\/\/www.proamazonia.org\/wp-content\/uploads\/2022\/03\/4.fapecafes.catamayo.cafe_.cacao_.zamora.proamazonia.ambiente.lavazza.productores-300x203.jpg\" alt=\"\" width=\"306\" height=\"207\" srcset=\"https:\/\/www.proamazonia.org\/ppr\/wp-content\/uploads\/2022\/03\/4.fapecafes.catamayo.cafe_.cacao_.zamora.proamazonia.ambiente.lavazza.productores-300x203.jpg 300w, https:\/\/www.proamazonia.org\/ppr\/wp-content\/uploads\/2022\/03\/4.fapecafes.catamayo.cafe_.cacao_.zamora.proamazonia.ambiente.lavazza.productores-1024x691.jpg 1024w, https:\/\/www.proamazonia.org\/ppr\/wp-content\/uploads\/2022\/03\/4.fapecafes.catamayo.cafe_.cacao_.zamora.proamazonia.ambiente.lavazza.productores-768x518.jpg 768w, https:\/\/www.proamazonia.org\/ppr\/wp-content\/uploads\/2022\/03\/4.fapecafes.catamayo.cafe_.cacao_.zamora.proamazonia.ambiente.lavazza.productores.jpg 1200w\" sizes=\"auto, (max-width: 306px) 100vw, 306px\" \/> <img loading=\"lazy\" decoding=\"async\" class=\"alignnone  wp-image-6177\" src=\"https:\/\/www.proamazonia.org\/wp-content\/uploads\/2022\/03\/3.fapecafes.catamayo.cafe_.cacao_.zamora.proamazonia.ambiente.lavazza.productores-300x203.jpg\" alt=\"\" width=\"309\" height=\"209\" srcset=\"https:\/\/www.proamazonia.org\/ppr\/wp-content\/uploads\/2022\/03\/3.fapecafes.catamayo.cafe_.cacao_.zamora.proamazonia.ambiente.lavazza.productores-300x203.jpg 300w, https:\/\/www.proamazonia.org\/ppr\/wp-content\/uploads\/2022\/03\/3.fapecafes.catamayo.cafe_.cacao_.zamora.proamazonia.ambiente.lavazza.productores-1024x691.jpg 1024w, https:\/\/www.proamazonia.org\/ppr\/wp-content\/uploads\/2022\/03\/3.fapecafes.catamayo.cafe_.cacao_.zamora.proamazonia.ambiente.lavazza.productores-768x518.jpg 768w, https:\/\/www.proamazonia.org\/ppr\/wp-content\/uploads\/2022\/03\/3.fapecafes.catamayo.cafe_.cacao_.zamora.proamazonia.ambiente.lavazza.productores.jpg 1200w\" sizes=\"auto, (max-width: 309px) 100vw, 309px\" \/><\/p>\n<p style=\"text-align: center;\"><b><span style=\"font-size: 10.0pt; color: windowtext;\">Fotograf\u00eda:<\/span><\/b><span style=\"font-size: 10.0pt; color: windowtext;\"> Unidad de Comunicaci\u00f3n de PROAmazon\u00eda<br \/>\n<\/span><b><\/b><b><span style=\"font-size: 10.0pt; color: windowtext;\">Descripci\u00f3n:<\/span><\/b><span style=\"font-size: 10.0pt; color: windowtext;\"> Evento relaci\u00f3n comercial entre FAPECAF\u00c9S Y LAVAZZA<\/span><\/p>\n<p>La iniciativa se realiza en el marco del Memorando de Entendimiento (MOU) suscrito a inicios del 2019, entre PNUD y Lavazza, en el que se seleccion\u00f3 al Ecuador como pa\u00eds piloto, basado en los avances generados en la reducci\u00f3n de la deforestaci\u00f3n en el pa\u00eds y la voluntad para trabajar en la producci\u00f3n de un caf\u00e9 libre de deforestaci\u00f3n. Durante 2021, con el apoyo de PROAmazon\u00eda, se enviaron varias muestras de caf\u00e9 a Italia y en diciembre de ese mismo a\u00f1o, se confirm\u00f3 el inter\u00e9s de iniciar la negociaci\u00f3n para la compra de un contenedor de caf\u00e9 amaz\u00f3nico bajo monitoreo de conservaci\u00f3n de los bosques.<\/p>\n<p>Estas acciones se suman al trabajo que est\u00e1 liderando el MAATE y MAG a trav\u00e9s de la estrategia Premium &amp; Sustainable, mediante la cual se pretende facilitar el acceso de los productores agropecuarios a los mercados internacionales, con la garant\u00eda de que sus productos cumplen con est\u00e1ndares de sostenibilidad entre los que se incluye la producci\u00f3n libre de deforestaci\u00f3n.<\/p>\n<p>La venta a Lavazza marca un hito a nivel internacional, al ser parte de la iniciativa pionera del Ecuador de producci\u00f3n sostenible y libre de deforestaci\u00f3n con enfoque REDD+. Desde Ecuador se busca que los peque\u00f1os agricultores logren participar activamente en procesos de producci\u00f3n sostenible, acompa\u00f1ados de empresas que les orienten a mejorar su calidad, productividad y generar mejor precio. De esta manera, los productores encuentran un est\u00edmulo al participar de un mercado internacional que reconoce sus esfuerzos de conservaci\u00f3n de los bosques, por lo que consolidan su compromiso de una producci\u00f3n sostenible libre de deforestaci\u00f3n.<\/p>\n<p><strong>\u00a0<\/strong><\/p>\n<p><strong>Datos Importantes:<\/strong><\/p>\n<ul>\n<li>FAPECAFES naci\u00f3 en 2002; cuando siete asociaciones de peque\u00f1os productores de caf\u00e9 de diferentes zonas en el sur de Ecuador se unieron con el objetivo de acumular un volumen suficiente para la exportaci\u00f3n y para amplificar su poder de negociaci\u00f3n con los importadores y tostadores internacionales.<\/li>\n<li>La organizaci\u00f3n est\u00e1 compuesta por 1.200 familias de productores y productoras organizados en asociaciones de base como la Asociaci\u00f3n Agroartesanal De Productores Ecol\u00f3gicos De Caf\u00e9 Especial del Cant\u00f3n Loja (APECAEL), Asociaci\u00f3n Agroartesanal de Productores de Caf\u00e9 de Altura Puyango (PROCAP), Asociaci\u00f3n de Peque\u00f1os Exportadores de Caf\u00e9 Especial de Marcabel\u00ed (APECAM), Asociaci\u00f3n Agroartesanal de Productores de Caf\u00e9 de Altura de Esp\u00edndola y Quilanga (PROCAFEQ), Asociaci\u00f3n Agroartesanal de Productores Ecol\u00f3gicos de Palanda y Chinchipe (APECAP), y la Asociaci\u00f3n de Productores Ecol\u00f3gicos de Caf\u00e9 Org\u00e1nico Cuencas del Rio Mayo (ACRIM).<\/li>\n<li>Entre el 22 y 24 de septiembre del 2021, se realiz\u00f3 una serie de capacitaciones virtuales con expertos de Lavazza, en las que se abordaron temas relevantes para el sector de caf\u00e9, como tendencias del mercado global, log\u00edstica, y superando las barreras de la virtualidad, se desarroll\u00f3 un m\u00f3dulo sobre an\u00e1lisis sensorial mediante una cata de caf\u00e9. Se registr\u00f3 m\u00e1s de 50 productores participantes en esta serie de talleres.<\/li>\n<\/ul>\n<p><strong>Autor:<\/strong> Unidad de Comunicaci\u00f3n de PROAmazon\u00eda<\/p>","protected":false},"excerpt":{"rendered":"<p>El caf\u00e9 ecuatoriano de la regi\u00f3n sur se abre nuevos mercados a nivel internacional. Es as\u00ed que este 25 de marzo en Catamayo, provincia de Loja, el Ministerio de Agricultura y Ganader\u00eda y Ministerio del Ambiente, Agua y Transici\u00f3n Ecol\u00f3gica, a trav\u00e9s de PROAmazon\u00eda con el apoyo de PNUD, anunciaron oficialmente el inicio de la relaci\u00f3n comercial entre la Federaci\u00f3n Regional de Asociaciones de Peque\u00f1os Cafetaleros Ecol\u00f3gicos del Sur (FAPECAFES) y la empresa italiana Lavazza, que contemplar\u00e1 una primera exportaci\u00f3n de caf\u00e9 Amaz\u00f3nico sostenible y libre de deforestaci\u00f3n. La venta de un contenedor de 250 sacos de 69 kilos de caf\u00e9 ar\u00e1biga se realizar\u00e1 en mayo de 2022. Este lote permitir\u00e1 a los productores acceder a un nuevo nicho de mercado, debido a su alta calidad, sostenibilidad y certificaciones, con alto potencial de crecimiento en el mediano plazo y mejora de ingresos para m\u00e1s de 400 productores de la Amazon\u00eda y sus familias. El proceso de exportaci\u00f3n se realizar\u00e1 a trav\u00e9s de FAPECAFES, organizaci\u00f3n que est\u00e1 conformada por seis Asociaciones de Peque\u00f1os Cafetaleros de la regi\u00f3n sur del Ecuador ubicados en las provincias de El Oro, Loja y Zamora Chinchipe. El 70% de materia prima provendr\u00e1 de la Asociaci\u00f3n Agroartesanal [&hellip;]<\/p>\n","protected":false},"author":2,"featured_media":6179,"comment_status":"closed","ping_status":"closed","sticky":false,"template":"","format":"standard","meta":{"_uf_show_specific_survey":0,"_uf_disable_surveys":false,"footnotes":""},"categories":[3,23,25],"tags":[144,53,206,157,44,205],"class_list":["post-6174","post","type-post","status-publish","format-standard","has-post-thumbnail","hentry","category-noticias","category-noticias-home","category-produccion-sostenible","tag-cacao","tag-cafe","tag-exportacion","tag-lavazza","tag-proamazonia","tag-venta"],"aioseo_notices":[],"_links":{"self":[{"href":"https:\/\/www.proamazonia.org\/ppr\/wp-json\/wp\/v2\/posts\/6174","targetHints":{"allow":["GET"]}}],"collection":[{"href":"https:\/\/www.proamazonia.org\/ppr\/wp-json\/wp\/v2\/posts"}],"about":[{"href":"https:\/\/www.proamazonia.org\/ppr\/wp-json\/wp\/v2\/types\/post"}],"author":[{"embeddable":true,"href":"https:\/\/www.proamazonia.org\/ppr\/wp-json\/wp\/v2\/users\/2"}],"replies":[{"embeddable":true,"href":"https:\/\/www.proamazonia.org\/ppr\/wp-json\/wp\/v2\/comments?post=6174"}],"version-history":[{"count":1,"href":"https:\/\/www.proamazonia.org\/ppr\/wp-json\/wp\/v2\/posts\/6174\/revisions"}],"predecessor-version":[{"id":6180,"href":"https:\/\/www.proamazonia.org\/ppr\/wp-json\/wp\/v2\/posts\/6174\/revisions\/6180"}],"wp:featuredmedia":[{"embeddable":true,"href":"https:\/\/www.proamazonia.org\/ppr\/wp-json\/wp\/v2\/media\/6179"}],"wp:attachment":[{"href":"https:\/\/www.proamazonia.org\/ppr\/wp-json\/wp\/v2\/media?parent=6174"}],"wp:term":[{"taxonomy":"category","embeddable":true,"href":"https:\/\/www.proamazonia.org\/ppr\/wp-json\/wp\/v2\/categories?post=6174"},{"taxonomy":"post_tag","embeddable":true,"href":"https:\/\/www.proamazonia.org\/ppr\/wp-json\/wp\/v2\/tags?post=6174"}],"curies":[{"name":"wp","href":"https:\/\/api.w.org\/{rel}","templated":true}]}}