{"id":6200,"date":"2022-04-12T17:27:25","date_gmt":"2022-04-12T22:27:25","guid":{"rendered":"https:\/\/www.proamazonia.org\/?p=6200"},"modified":"2023-04-12T17:10:33","modified_gmt":"2023-04-12T22:10:33","slug":"dos-gad-y-una-macomunidad-firman-convenios-para-la-gestion-de-areas-de-conservacion-y-sostenible-en-sus-territorios","status":"publish","type":"post","link":"https:\/\/www.proamazonia.org\/ppr\/dos-gad-y-una-macomunidad-firman-convenios-para-la-gestion-de-areas-de-conservacion-y-sostenible-en-sus-territorios\/","title":{"rendered":"DOS  GAD Y UNA MACOMUNIDAD FIRMAN CONVENIOS PARA LA GESTI\u00d3N DE  \u00c1REAS DE CONSERVACI\u00d3N Y SOSTENIBLE EN SUS TERRITORIOS"},"content":{"rendered":"<p>La conservaci\u00f3n y protecci\u00f3n del medio ambiente en Ecuador cuenta con nuevos aliados a nivel nacional. Este 6 de abril se realiz\u00f3 la firma de convenios de Acuerdo de Pago Basado en Desempe\u00f1o (APBD) entre el Fondo de Inversi\u00f3n Ambiental Sostenible (FIAS) y los Gobiernos Aut\u00f3nomos Descentralizados (GAD) del cant\u00f3n de Zapotillo de la provincia de Loja, el GAD del Distrito Metropolitano de Quito y la Mancomunidad del Pac\u00edfico Norte en representaci\u00f3n de los GAD de Jama y Pedernales de la provincia de Manab\u00ed; para la posterior entrega de incentivos econ\u00f3micos no reembolsables para la gesti\u00f3n de sus \u00c1reas de Conservaci\u00f3n y Uso Sostenible (ACUS).<\/p>\n<p>El financiamiento no reembolsable pertenece al mecanismo de Pago por Resultados REDD+ de USD 18,5 millones que Ecuador recibi\u00f3 en 2019 del Fondo Verde para el Clima (GCF), por haber demostrado de manera t\u00e9cnica la reducci\u00f3n de la deforestaci\u00f3n en 2014; y as\u00ed haber evitado la emisi\u00f3n de alrededor de 3,6 millones de toneladas de carbono.<\/p>\n<p>Para efectivizar el Pago por Resultados REDD+ Ecuador, PNUD desarroll\u00f3 la herramienta denominada Acuerdo de Pago Basado en Desempe\u00f1o, que consistir\u00e1 en la entrega de incentivos econ\u00f3micos a los GAD y Mancomunidades, una vez que hayan cumplido con las metas establecidas para la gesti\u00f3n de sus ACUS. Los indicadores de desempe\u00f1o que los gobiernos locales deber\u00e1n cumplir anualmente son:<\/p>\n<ul>\n<li>Tasa de cambio de cobertura natural en el ACUS.<\/li>\n<li>N\u00famero de hect\u00e1reas restauradas por el GAD en el ACUS.<\/li>\n<li>Presupuesto ejecutado por el GAD para la Gesti\u00f3n del ACUS.<\/li>\n<\/ul>\n<p>Se espera que la implementaci\u00f3n correcta de estas actividades por parte de los gobiernos locales seleccionados, contribuya a sumar los esfuerzos nacionales\u00a0para\u00a0la reducci\u00f3n de la deforestaci\u00f3n y degradaci\u00f3n de los\u00a0bosques\u00a0a trav\u00e9s de la conservaci\u00f3n, manejo forestal sostenible, la optimizaci\u00f3n de otros usos de suelo\u00a0para\u00a0reducir la presi\u00f3n sobre los\u00a0bosques, y la reducci\u00f3n de emisiones de Gases de Efecto Invernadero\u00a0en el marco del Plan de Acci\u00f3n REDD+ (2016-2025).<\/p>\n<p>El proyecto tendr\u00e1 una duraci\u00f3n de tres a\u00f1os hasta 2025 y los gobiernos locales podr\u00e1n recibir hasta USD 1,3 millones, luego de que un Asesor Independiente verifique el cumplimiento de los indicadores de desempe\u00f1o de la \u00faltima evaluaci\u00f3n anual por parte de los GAD y mancomunidad.<\/p>\n<p>La iniciativa es liderada por el Ministerio del Ambiente, Agua y Transici\u00f3n Ecol\u00f3gica y Ministerio de Agricultura y Ganader\u00eda, a trav\u00e9s de PROAmazon\u00eda, y PNUD, como agencia implementadora, como parte de los esfuerzos y compromiso a las acciones nacionales para la mitigaci\u00f3n y adaptaci\u00f3n a los efectos del cambio clim\u00e1tico.<\/p>\n<p style=\"text-align: center;\"><img loading=\"lazy\" decoding=\"async\" class=\"alignnone size-medium wp-image-6201\" src=\"https:\/\/www.proamazonia.org\/wp-content\/uploads\/2022\/04\/6.acuerdo.pago_.desempeno.pnud_.proamazonia.bosques.quito_-300x200.jpg\" alt=\"\" width=\"300\" height=\"200\" srcset=\"https:\/\/www.proamazonia.org\/ppr\/wp-content\/uploads\/2022\/04\/6.acuerdo.pago_.desempeno.pnud_.proamazonia.bosques.quito_-300x200.jpg 300w, https:\/\/www.proamazonia.org\/ppr\/wp-content\/uploads\/2022\/04\/6.acuerdo.pago_.desempeno.pnud_.proamazonia.bosques.quito_-768x512.jpg 768w, https:\/\/www.proamazonia.org\/ppr\/wp-content\/uploads\/2022\/04\/6.acuerdo.pago_.desempeno.pnud_.proamazonia.bosques.quito_-600x400.jpg 600w, https:\/\/www.proamazonia.org\/ppr\/wp-content\/uploads\/2022\/04\/6.acuerdo.pago_.desempeno.pnud_.proamazonia.bosques.quito_.jpg 1000w\" sizes=\"auto, (max-width: 300px) 100vw, 300px\" \/> <img loading=\"lazy\" decoding=\"async\" class=\"alignnone size-medium wp-image-6202\" src=\"https:\/\/www.proamazonia.org\/wp-content\/uploads\/2022\/04\/5.acuerdo.pago_.desempeno.pnud_.proamazonia.bosques.quito_-300x200.jpg\" alt=\"\" width=\"300\" height=\"200\" srcset=\"https:\/\/www.proamazonia.org\/ppr\/wp-content\/uploads\/2022\/04\/5.acuerdo.pago_.desempeno.pnud_.proamazonia.bosques.quito_-300x200.jpg 300w, https:\/\/www.proamazonia.org\/ppr\/wp-content\/uploads\/2022\/04\/5.acuerdo.pago_.desempeno.pnud_.proamazonia.bosques.quito_-768x512.jpg 768w, https:\/\/www.proamazonia.org\/ppr\/wp-content\/uploads\/2022\/04\/5.acuerdo.pago_.desempeno.pnud_.proamazonia.bosques.quito_-600x400.jpg 600w, https:\/\/www.proamazonia.org\/ppr\/wp-content\/uploads\/2022\/04\/5.acuerdo.pago_.desempeno.pnud_.proamazonia.bosques.quito_.jpg 1000w\" sizes=\"auto, (max-width: 300px) 100vw, 300px\" \/> <img loading=\"lazy\" decoding=\"async\" class=\"alignnone size-medium wp-image-6203\" src=\"https:\/\/www.proamazonia.org\/wp-content\/uploads\/2022\/04\/4.acuerdo.pago_.desempeno.pnud_.proamazonia.bosques.quito_-300x200.jpg\" alt=\"\" width=\"300\" height=\"200\" srcset=\"https:\/\/www.proamazonia.org\/ppr\/wp-content\/uploads\/2022\/04\/4.acuerdo.pago_.desempeno.pnud_.proamazonia.bosques.quito_-300x200.jpg 300w, https:\/\/www.proamazonia.org\/ppr\/wp-content\/uploads\/2022\/04\/4.acuerdo.pago_.desempeno.pnud_.proamazonia.bosques.quito_-768x512.jpg 768w, https:\/\/www.proamazonia.org\/ppr\/wp-content\/uploads\/2022\/04\/4.acuerdo.pago_.desempeno.pnud_.proamazonia.bosques.quito_-600x400.jpg 600w, https:\/\/www.proamazonia.org\/ppr\/wp-content\/uploads\/2022\/04\/4.acuerdo.pago_.desempeno.pnud_.proamazonia.bosques.quito_.jpg 1000w\" sizes=\"auto, (max-width: 300px) 100vw, 300px\" \/> <img loading=\"lazy\" decoding=\"async\" class=\"alignnone size-medium wp-image-6204\" src=\"https:\/\/www.proamazonia.org\/wp-content\/uploads\/2022\/04\/3.acuerdo.pago_.desempeno.pnud_.proamazonia.bosques.quito_-300x200.jpg\" alt=\"\" width=\"300\" height=\"200\" srcset=\"https:\/\/www.proamazonia.org\/ppr\/wp-content\/uploads\/2022\/04\/3.acuerdo.pago_.desempeno.pnud_.proamazonia.bosques.quito_-300x200.jpg 300w, https:\/\/www.proamazonia.org\/ppr\/wp-content\/uploads\/2022\/04\/3.acuerdo.pago_.desempeno.pnud_.proamazonia.bosques.quito_-768x512.jpg 768w, https:\/\/www.proamazonia.org\/ppr\/wp-content\/uploads\/2022\/04\/3.acuerdo.pago_.desempeno.pnud_.proamazonia.bosques.quito_-600x400.jpg 600w, https:\/\/www.proamazonia.org\/ppr\/wp-content\/uploads\/2022\/04\/3.acuerdo.pago_.desempeno.pnud_.proamazonia.bosques.quito_.jpg 1000w\" sizes=\"auto, (max-width: 300px) 100vw, 300px\" \/> <img loading=\"lazy\" decoding=\"async\" class=\"alignnone size-medium wp-image-6205\" src=\"https:\/\/www.proamazonia.org\/wp-content\/uploads\/2022\/04\/2.acuerdo.pago_.desempeno.pnud_.proamazonia.bosques.quito_-300x200.jpg\" alt=\"\" width=\"300\" height=\"200\" srcset=\"https:\/\/www.proamazonia.org\/ppr\/wp-content\/uploads\/2022\/04\/2.acuerdo.pago_.desempeno.pnud_.proamazonia.bosques.quito_-300x200.jpg 300w, https:\/\/www.proamazonia.org\/ppr\/wp-content\/uploads\/2022\/04\/2.acuerdo.pago_.desempeno.pnud_.proamazonia.bosques.quito_-768x512.jpg 768w, https:\/\/www.proamazonia.org\/ppr\/wp-content\/uploads\/2022\/04\/2.acuerdo.pago_.desempeno.pnud_.proamazonia.bosques.quito_-600x400.jpg 600w, https:\/\/www.proamazonia.org\/ppr\/wp-content\/uploads\/2022\/04\/2.acuerdo.pago_.desempeno.pnud_.proamazonia.bosques.quito_.jpg 1000w\" sizes=\"auto, (max-width: 300px) 100vw, 300px\" \/> <img loading=\"lazy\" decoding=\"async\" class=\"alignnone size-medium wp-image-6206\" src=\"https:\/\/www.proamazonia.org\/wp-content\/uploads\/2022\/04\/1.acuerdo.pago_.desempeno.pnud_.proamazonia.bosques.quito_-300x200.jpg\" alt=\"\" width=\"300\" height=\"200\" srcset=\"https:\/\/www.proamazonia.org\/ppr\/wp-content\/uploads\/2022\/04\/1.acuerdo.pago_.desempeno.pnud_.proamazonia.bosques.quito_-300x200.jpg 300w, https:\/\/www.proamazonia.org\/ppr\/wp-content\/uploads\/2022\/04\/1.acuerdo.pago_.desempeno.pnud_.proamazonia.bosques.quito_-768x512.jpg 768w, https:\/\/www.proamazonia.org\/ppr\/wp-content\/uploads\/2022\/04\/1.acuerdo.pago_.desempeno.pnud_.proamazonia.bosques.quito_-600x400.jpg 600w, https:\/\/www.proamazonia.org\/ppr\/wp-content\/uploads\/2022\/04\/1.acuerdo.pago_.desempeno.pnud_.proamazonia.bosques.quito_.jpg 1000w\" sizes=\"auto, (max-width: 300px) 100vw, 300px\" \/><\/p>\n<p>&nbsp;<\/p>\n<p><strong>DATOS IMPORTANTES:<\/strong><\/p>\n<ul>\n<li>El proyecto da continuidad y complementa acciones impulsadas anteriormente por otras iniciativas REDD+ que se implementan en el pa\u00eds, como son el programa PROAmazon\u00eda que inici\u00f3 en 2017 y el programa REDD Early Movers (REM) que en 2019 inici\u00f3 su ejecuci\u00f3n.<\/li>\n<li>Pago por Resultados apoya la implementaci\u00f3n de acciones de mitigaci\u00f3n y\/o adaptaci\u00f3n al cambio clim\u00e1tico incorporadas en Planes de Desarrollo y Ordenamiento Territorial (PDOT) y Planes de Uso y Gesti\u00f3n del Suelo (PUGS) por parte de gobiernos locales en sus distintos niveles (provincial, cantonal y\/o parroquial) o mancomunidades o consorcios.<\/li>\n<li>El Acuerdo de Pago Basado en Desempe\u00f1o beneficiar\u00e1 a los GAD\/Mancomunidades seleccionados para la gesti\u00f3n \u00c1reas de Conservaci\u00f3n y Uso Sostenible (ACUS).<\/li>\n<\/ul>\n<p>&nbsp;<\/p>\n<p><strong>GAD del Distrito Metropolitano de Quito postul\u00f3 con las ACUS de: <\/strong><\/p>\n<ul>\n<li>Mashpi Guaycuyacu Saguangal (15.495 hect\u00e1reas).<\/li>\n<li>Sistema H\u00eddrico y patrimonio arqueol\u00f3gico Pachijal (15.881,89 hect\u00e1reas).<\/li>\n<li>Corredor Del Oso Andino (64.554 hect\u00e1reas).<\/li>\n<li>Representa el 21% de la superficie del DMQ, siendo el 69% de su superficie bosque.<\/li>\n<\/ul>\n<p>&nbsp;<\/p>\n<p><strong>Mancomunidad del Pac\u00edfico Norte (GAD Jama y Pedernales) postul\u00f3 con los ACUS de: <\/strong><\/p>\n<ul>\n<li>Jama Verde (42.093 hect\u00e1reas).<\/li>\n<li>R\u00edo Cuaque y zonas de influencia (88.114,89 hect\u00e1reas).<\/li>\n<li>Representa el 73% de cada cant\u00f3n. El 34% de su superficie es bosque<\/li>\n<\/ul>\n<p>&nbsp;<\/p>\n<p><strong>GAD Cantonal de Zapotillo, postul\u00f3 con el ACUS de: <\/strong><\/p>\n<ul>\n<li>\u00c1rea Ecol\u00f3gica de Conservaci\u00f3n Municipal los Guayacanes (13.843,39 hect\u00e1reas).<\/li>\n<li>Representa el 11% del cant\u00f3n Zapotillo. El 93% de su superficie es bosque.<\/li>\n<\/ul>\n<p><iframe loading=\"lazy\" title=\"Video Acuerdo de Pago Basado en Desempe\u00f1o - junio 2022\" width=\"1161\" height=\"653\" src=\"https:\/\/www.youtube.com\/embed\/_ajYkPWtUug?feature=oembed\" frameborder=\"0\" allow=\"accelerometer; autoplay; clipboard-write; encrypted-media; gyroscope; picture-in-picture; web-share\" allowfullscreen><\/iframe><\/p>\n<p>&nbsp;<\/p>","protected":false},"excerpt":{"rendered":"<p>La conservaci\u00f3n y protecci\u00f3n del medio ambiente en Ecuador cuenta con nuevos aliados a nivel nacional. Este 6 de abril se realiz\u00f3 la firma de convenios de Acuerdo de Pago Basado en Desempe\u00f1o (APBD) entre el Fondo de Inversi\u00f3n Ambiental Sostenible (FIAS) y los Gobiernos Aut\u00f3nomos Descentralizados (GAD) del cant\u00f3n de Zapotillo de la provincia de Loja, el GAD del Distrito Metropolitano de Quito y la Mancomunidad del Pac\u00edfico Norte en representaci\u00f3n de los GAD de Jama y Pedernales de la provincia de Manab\u00ed; para la posterior entrega de incentivos econ\u00f3micos no reembolsables para la gesti\u00f3n de sus \u00c1reas de Conservaci\u00f3n y Uso Sostenible (ACUS). El financiamiento no reembolsable pertenece al mecanismo de Pago por Resultados REDD+ de USD 18,5 millones que Ecuador recibi\u00f3 en 2019 del Fondo Verde para el Clima (GCF), por haber demostrado de manera t\u00e9cnica la reducci\u00f3n de la deforestaci\u00f3n en 2014; y as\u00ed haber evitado la emisi\u00f3n de alrededor de 3,6 millones de toneladas de carbono. Para efectivizar el Pago por Resultados REDD+ Ecuador, PNUD desarroll\u00f3 la herramienta denominada Acuerdo de Pago Basado en Desempe\u00f1o, que consistir\u00e1 en la entrega de incentivos econ\u00f3micos a los GAD y Mancomunidades, una vez que hayan cumplido con las [&hellip;]<\/p>\n","protected":false},"author":2,"featured_media":6207,"comment_status":"closed","ping_status":"closed","sticky":false,"template":"","format":"standard","meta":{"_uf_show_specific_survey":0,"_uf_disable_surveys":false,"footnotes":""},"categories":[3,23,24],"tags":[62,209,210,44,57,133],"class_list":["post-6200","post","type-post","status-publish","format-standard","has-post-thumbnail","hentry","category-noticias","category-noticias-home","category-politicas-e-institucionalidad","tag-bosques","tag-fias","tag-pago","tag-proamazonia","tag-redd","tag-restauracion"],"aioseo_notices":[],"_links":{"self":[{"href":"https:\/\/www.proamazonia.org\/ppr\/wp-json\/wp\/v2\/posts\/6200","targetHints":{"allow":["GET"]}}],"collection":[{"href":"https:\/\/www.proamazonia.org\/ppr\/wp-json\/wp\/v2\/posts"}],"about":[{"href":"https:\/\/www.proamazonia.org\/ppr\/wp-json\/wp\/v2\/types\/post"}],"author":[{"embeddable":true,"href":"https:\/\/www.proamazonia.org\/ppr\/wp-json\/wp\/v2\/users\/2"}],"replies":[{"embeddable":true,"href":"https:\/\/www.proamazonia.org\/ppr\/wp-json\/wp\/v2\/comments?post=6200"}],"version-history":[{"count":3,"href":"https:\/\/www.proamazonia.org\/ppr\/wp-json\/wp\/v2\/posts\/6200\/revisions"}],"predecessor-version":[{"id":7298,"href":"https:\/\/www.proamazonia.org\/ppr\/wp-json\/wp\/v2\/posts\/6200\/revisions\/7298"}],"wp:featuredmedia":[{"embeddable":true,"href":"https:\/\/www.proamazonia.org\/ppr\/wp-json\/wp\/v2\/media\/6207"}],"wp:attachment":[{"href":"https:\/\/www.proamazonia.org\/ppr\/wp-json\/wp\/v2\/media?parent=6200"}],"wp:term":[{"taxonomy":"category","embeddable":true,"href":"https:\/\/www.proamazonia.org\/ppr\/wp-json\/wp\/v2\/categories?post=6200"},{"taxonomy":"post_tag","embeddable":true,"href":"https:\/\/www.proamazonia.org\/ppr\/wp-json\/wp\/v2\/tags?post=6200"}],"curies":[{"name":"wp","href":"https:\/\/api.w.org\/{rel}","templated":true}]}}