{"id":6209,"date":"2022-04-14T09:33:54","date_gmt":"2022-04-14T14:33:54","guid":{"rendered":"https:\/\/www.proamazonia.org\/?p=6209"},"modified":"2023-04-12T17:06:06","modified_gmt":"2023-04-12T22:06:06","slug":"el-desarrollo-de-capacidades-y-la-gestion-del-conocimiento-aliados-para-la-conservacion-de-los-bosques-amazonicos-del-pais","status":"publish","type":"post","link":"https:\/\/www.proamazonia.org\/ppr\/el-desarrollo-de-capacidades-y-la-gestion-del-conocimiento-aliados-para-la-conservacion-de-los-bosques-amazonicos-del-pais\/","title":{"rendered":"El desarrollo de capacidades y la gesti\u00f3n del conocimiento aliados para la conservaci\u00f3n de los bosques amaz\u00f3nicos del pa\u00eds"},"content":{"rendered":"<p><\/p>\n<p style=\"text-align: center;\"><strong><em>92 participantes de siete provincias del pa\u00eds fortalecen sus capacidades dentro del programa \u201cFormador de Formadores en herramientas de formaci\u00f3n y facilitaci\u00f3n\u201d con enfoque de REDD+<\/em><\/strong><\/p>\n<hr \/>\n<p>PROAmazon\u00eda, programa del Gobierno Nacional, que cuenta con el apoyo del PNUD, es actualmente un referente de articulaci\u00f3n intersectorial, que maneja estrat\u00e9gicamente las agendas nacionales de conservaci\u00f3n de bosques y de producci\u00f3n sostenible con enfoque de g\u00e9nero e interculturalidad, bajo el liderazgo de los Ministerios del Ambiente, Agua y Transici\u00f3n Ecol\u00f3gica (MAATE), y del Ministerio de Agricultura y Ganader\u00eda (MAG), en calidad de socios implementadores.<\/p>\n<p>La evaluaci\u00f3n de medio t\u00e9rmino realizada a PROAmazon\u00eda, mostr\u00f3 que se han conseguido alentadores resultados respecto al trabajo realizado junto a los gobiernos locales, las asociaciones productivas de cacao, caf\u00e9, palma y ganader\u00eda sostenible, los pueblos y nacionalidades ind\u00edgenas para promover un manejo sostenible e integrado de los recursos naturales en el marco de la implementaci\u00f3n del Plan de Acci\u00f3n REDD+. Y a su vez, dicha evaluaci\u00f3n revel\u00f3 la necesidad de generar procesos de formaci\u00f3n para el equipo t\u00e9cnico del programa y sus socios estrat\u00e9gicos, as\u00ed como herramientas de capacitaci\u00f3n y facilitaci\u00f3n, con el objetivo de asegurar que las acciones implementadas sean sostenibles en el tiempo.<img loading=\"lazy\" decoding=\"async\" class=\" wp-image-6210 alignright\" src=\"https:\/\/www.proamazonia.org\/wp-content\/uploads\/2022\/04\/6.taller.redd_.mas_.formador.bosques.proamazonia.ecuador.gef_.ambiente-186x300.jpg\" alt=\"\" width=\"382\" height=\"617\" srcset=\"https:\/\/www.proamazonia.org\/ppr\/wp-content\/uploads\/2022\/04\/6.taller.redd_.mas_.formador.bosques.proamazonia.ecuador.gef_.ambiente-186x300.jpg 186w, https:\/\/www.proamazonia.org\/ppr\/wp-content\/uploads\/2022\/04\/6.taller.redd_.mas_.formador.bosques.proamazonia.ecuador.gef_.ambiente-635x1024.jpg 635w, https:\/\/www.proamazonia.org\/ppr\/wp-content\/uploads\/2022\/04\/6.taller.redd_.mas_.formador.bosques.proamazonia.ecuador.gef_.ambiente-768x1239.jpg 768w, https:\/\/www.proamazonia.org\/ppr\/wp-content\/uploads\/2022\/04\/6.taller.redd_.mas_.formador.bosques.proamazonia.ecuador.gef_.ambiente.jpg 875w\" sizes=\"auto, (max-width: 382px) 100vw, 382px\" \/><\/p>\n<p>En este sentido, el equipo de Fortalecimiento de Capacidades de PROAmazon\u00eda identific\u00f3 que los procesos de formaci\u00f3n y facilitaci\u00f3n eran una de las actividades en el programa con alta demanda, por lo que se propuso la generaci\u00f3n de un programa que provea de herramientas metodol\u00f3gicas para mejorar las destrezas de los equipos en torno a la facilitaci\u00f3n de capacitaciones, talleres y mesas de di\u00e1logo, junto a los actores locales en espacios de planificaci\u00f3n multinivel, conocidos como plataformas territoriales.<\/p>\n<p>De esta manera, una vez identificada la necesidad, se conform\u00f3 un equipo multidisciplinario de facilitadores de PROAmazon\u00eda compuesto por: Fernanda Proa\u00f1o (fortalecimiento de capacidades con enfoque de REDD+), Claudia Vinueza (facilitaci\u00f3n y educaci\u00f3n ambiental), Mario Mej\u00eda (especialista E- learning), Magdalena Mu\u00f1oz (participaci\u00f3n e involucramiento de actores), Gustavo Jaramillo (plataformas territoriales), Soledad Quintana, Jhoanna Mart\u00ednez y Alexandra Suasnavas (equipo de g\u00e9nero), quienes\u00a0 en coordinaci\u00f3n con la Subsecretar\u00eda de Cambio Clim\u00e1tico y la Direcci\u00f3n de Educaci\u00f3n Ambiental del MAATE, desarrollaron el programa de capacitaci\u00f3n \u201c<em>Formador de Formadores en herramientas de \u00a0formaci\u00f3n y facilitaci\u00f3n\u201d <span class=\"TextRun Highlight SCXW6557748 BCX0\" lang=\"ES-EC\" xml:lang=\"ES-EC\" data-contrast=\"auto\"><span class=\"NormalTextRun SCXW6557748 BCX0\" data-ccp-parastyle=\"No Spacing\">con enfoque de REDD+<\/span><\/span>.<\/em><\/p>\n<p>Esta capacitaci\u00f3n semipresencial, tuvo una duraci\u00f3n de 76 horas, 60 horas distribuidas en cinco m\u00f3dulos tem\u00e1ticos desarrollados del 17 de enero al 20 de febrero de 2022, a trav\u00e9s de la plataforma de aprendizaje <em>MAATEduca Virtual<\/em>, junto a 5 actividades sincr\u00f3nicas (video conferencias), realizadas de la mano de expertos nacionales y extranjeros, m\u00e1s un encuentro presencial de 16 horas.<\/p>\n<p>&nbsp;<\/p>\n<p style=\"text-align: right;\"><span style=\"color: #000000;\"><b><span style=\"font-size: 10pt;\">Descripci\u00f3n:<\/span><\/b><span style=\"font-size: 10pt;\"> Plataforma de aprendizaje virtual <em>\u201cMAATEduca Virtual\u201d.<\/em><\/span><\/span><\/p>\n<p>Este programa de formaci\u00f3n cont\u00f3 con 92 participantes de las provincias de Morona Santiago, Napo, Orellana, Pastaza, Pichincha, Sucumb\u00edos y Zamora Chinchipe.<\/p>\n<p><img loading=\"lazy\" decoding=\"async\" class=\"wp-image-6211 aligncenter\" src=\"https:\/\/www.proamazonia.org\/wp-content\/uploads\/2022\/04\/5.taller.redd_.mas_.formador.bosques.proamazonia.ecuador.gef_.ambiente-300x284.jpg\" alt=\"\" width=\"547\" height=\"519\" srcset=\"https:\/\/www.proamazonia.org\/ppr\/wp-content\/uploads\/2022\/04\/5.taller.redd_.mas_.formador.bosques.proamazonia.ecuador.gef_.ambiente-300x284.jpg 300w, https:\/\/www.proamazonia.org\/ppr\/wp-content\/uploads\/2022\/04\/5.taller.redd_.mas_.formador.bosques.proamazonia.ecuador.gef_.ambiente-768x727.jpg 768w, https:\/\/www.proamazonia.org\/ppr\/wp-content\/uploads\/2022\/04\/5.taller.redd_.mas_.formador.bosques.proamazonia.ecuador.gef_.ambiente.jpg 902w\" sizes=\"auto, (max-width: 547px) 100vw, 547px\" \/><\/p>\n<p style=\"text-align: center;\"><span style=\"color: #000000;\"><b><span style=\"font-size: 10pt;\">Fotograf\u00eda:<\/span><\/b><span style=\"font-size: 10pt;\"> Gustavo Jaramillo. PROAmazon\u00eda<br \/>\n<\/span><b><\/b><b><span style=\"font-size: 10pt;\">Descripci\u00f3n:<\/span><\/b><span style=\"font-size: 10pt;\"> Primer taller presencial en la Amazon\u00eda Sur, ciudad de Macas, provincia de Morona Santiago, febrero 2022<\/span><\/span><\/p>\n<p>El car\u00e1cter pr\u00e1ctico de este programa de formaci\u00f3n ha permitido a sus participantes aplicar las t\u00e9cnicas de facilitaci\u00f3n en sus labores, <em>\u201cl<\/em><em>os contenidos y la tem\u00e1tica del programa contribuyeron a que mi accionar en el \u00e1mbito comunitario sea m\u00e1s efectivo, como funcionario p\u00fablico trabajo junto a los miembros de las Juntas de Agua, y brindo herramientas y acompa\u00f1amiento t\u00e9cnico para su manejo\u201d, <\/em>comenta Marco Merino, Gestor Social de la Oficina T\u00e9cnica del MAATE en Morona Santiago.<\/p>\n<p><img loading=\"lazy\" decoding=\"async\" class=\"wp-image-6213 aligncenter\" src=\"https:\/\/www.proamazonia.org\/wp-content\/uploads\/2022\/04\/3.taller.redd_.mas_.formador.bosques.proamazonia.ecuador.gef_.ambiente-e1649947125271-300x203.jpg\" alt=\"\" width=\"671\" height=\"454\" srcset=\"https:\/\/www.proamazonia.org\/ppr\/wp-content\/uploads\/2022\/04\/3.taller.redd_.mas_.formador.bosques.proamazonia.ecuador.gef_.ambiente-e1649947125271-300x203.jpg 300w, https:\/\/www.proamazonia.org\/ppr\/wp-content\/uploads\/2022\/04\/3.taller.redd_.mas_.formador.bosques.proamazonia.ecuador.gef_.ambiente-e1649947125271-1024x694.jpg 1024w, https:\/\/www.proamazonia.org\/ppr\/wp-content\/uploads\/2022\/04\/3.taller.redd_.mas_.formador.bosques.proamazonia.ecuador.gef_.ambiente-e1649947125271-768x521.jpg 768w, https:\/\/www.proamazonia.org\/ppr\/wp-content\/uploads\/2022\/04\/3.taller.redd_.mas_.formador.bosques.proamazonia.ecuador.gef_.ambiente-e1649947125271.jpg 1260w\" sizes=\"auto, (max-width: 671px) 100vw, 671px\" \/><\/p>\n<p style=\"text-align: center;\"><span style=\"color: #000000;\"><b><span style=\"font-size: 10pt;\">Fotograf\u00eda:<\/span><\/b><span style=\"font-size: 10pt;\"> Marco Merino, Gestor Social del MAATE en Morona Santiago<br \/>\n<\/span><b><\/b><b><span style=\"font-size: 10pt;\">Descripci\u00f3n:<\/span><\/b><span style=\"font-size: 10pt;\"> Implementaci\u00f3n de las t\u00e9cnicas y herramientas aprendidas en el programa de formador de formadores<\/span><\/span><\/p>\n<p>Por otra parte, para las y los integrantes del equipo facilitador tambi\u00e9n la experiencia ha sido enriquecedora, <em>\u201cme siento feliz y agradecida al ver una respuesta tan positiva del grupo, como facilitadora es un aprendizaje de doble v\u00eda, tanto del equipo que conformamos, como de cada persona que integr\u00f3 el programa, en este compartir en torno a la educaci\u00f3n ambiental\u201d, <\/em>indic\u00f3 Claudia Vinueza, parte del equipo facilitador.<\/p>\n<p><img loading=\"lazy\" decoding=\"async\" class=\"alignnone wp-image-6214 aligncenter\" src=\"https:\/\/www.proamazonia.org\/wp-content\/uploads\/2022\/04\/2.taller.redd_.mas_.formador.bosques.proamazonia.ecuador.gef_.ambiente-300x200.jpg\" alt=\"\" width=\"701\" height=\"468\" srcset=\"https:\/\/www.proamazonia.org\/ppr\/wp-content\/uploads\/2022\/04\/2.taller.redd_.mas_.formador.bosques.proamazonia.ecuador.gef_.ambiente-300x200.jpg 300w, https:\/\/www.proamazonia.org\/ppr\/wp-content\/uploads\/2022\/04\/2.taller.redd_.mas_.formador.bosques.proamazonia.ecuador.gef_.ambiente-1024x683.jpg 1024w, https:\/\/www.proamazonia.org\/ppr\/wp-content\/uploads\/2022\/04\/2.taller.redd_.mas_.formador.bosques.proamazonia.ecuador.gef_.ambiente-768x512.jpg 768w, https:\/\/www.proamazonia.org\/ppr\/wp-content\/uploads\/2022\/04\/2.taller.redd_.mas_.formador.bosques.proamazonia.ecuador.gef_.ambiente-600x400.jpg 600w, https:\/\/www.proamazonia.org\/ppr\/wp-content\/uploads\/2022\/04\/2.taller.redd_.mas_.formador.bosques.proamazonia.ecuador.gef_.ambiente.jpg 1280w\" sizes=\"auto, (max-width: 701px) 100vw, 701px\" \/><\/p>\n<p style=\"text-align: center;\"><span style=\"color: #000000;\"><b><span style=\"font-size: 10pt;\">Fotograf\u00eda:<\/span><\/b><span style=\"font-size: 10pt;\"> Jos\u00e9 Miguel Galvez &#8211; PROAmazon\u00eda<br \/>\n<\/span><b><\/b><b><span style=\"font-size: 10pt;\">Descripci\u00f3n:<\/span><\/b><span style=\"font-size: 10pt;\"> Facilitadora Claudia Vinueza durante el encuentro presencial de Quito<\/span><\/span><\/p>\n<p>La acogida en la participaci\u00f3n del programa de Formador de Formadores, tambi\u00e9n se ha visto reflejado en la participaci\u00f3n de pueblos y nacionalidades ind\u00edgenas, como es el caso de Lola Piyahuaje, Dirigente de la CONFENIAE, para Fernanda Proa\u00f1o, responsable de Fortalecimiento de Capacidades y Gesti\u00f3n del Conocimiento de PROAmazon\u00eda \u201cha sido una gran experiencia y un trabajo \u00fatil que entre un equipo multidisciplinario que aport\u00f3 en el desarrollo de este curso, se abordaron diversos temas de \u00a0inter\u00e9s y utilidad para los participantes\u201d.<\/p>\n<p style=\"text-align: center;\"><img loading=\"lazy\" decoding=\"async\" class=\"alignnone wp-image-6212\" src=\"https:\/\/www.proamazonia.org\/wp-content\/uploads\/2022\/04\/4.taller.redd_.mas_.formador.bosques.proamazonia.ecuador.gef_.ambiente-300x200.jpg\" alt=\"\" width=\"430\" height=\"286\" srcset=\"https:\/\/www.proamazonia.org\/ppr\/wp-content\/uploads\/2022\/04\/4.taller.redd_.mas_.formador.bosques.proamazonia.ecuador.gef_.ambiente-300x200.jpg 300w, https:\/\/www.proamazonia.org\/ppr\/wp-content\/uploads\/2022\/04\/4.taller.redd_.mas_.formador.bosques.proamazonia.ecuador.gef_.ambiente-1024x683.jpg 1024w, https:\/\/www.proamazonia.org\/ppr\/wp-content\/uploads\/2022\/04\/4.taller.redd_.mas_.formador.bosques.proamazonia.ecuador.gef_.ambiente-768x512.jpg 768w, https:\/\/www.proamazonia.org\/ppr\/wp-content\/uploads\/2022\/04\/4.taller.redd_.mas_.formador.bosques.proamazonia.ecuador.gef_.ambiente-600x400.jpg 600w, https:\/\/www.proamazonia.org\/ppr\/wp-content\/uploads\/2022\/04\/4.taller.redd_.mas_.formador.bosques.proamazonia.ecuador.gef_.ambiente.jpg 1280w\" sizes=\"auto, (max-width: 430px) 100vw, 430px\" \/> <img loading=\"lazy\" decoding=\"async\" class=\"alignnone wp-image-6216\" src=\"https:\/\/www.proamazonia.org\/wp-content\/uploads\/2022\/04\/taller.redd_.mas_.formador.bosques.proamazonia.ecuador.gef_.ambiente-300x170.jpg\" alt=\"\" width=\"505\" height=\"286\" srcset=\"https:\/\/www.proamazonia.org\/ppr\/wp-content\/uploads\/2022\/04\/taller.redd_.mas_.formador.bosques.proamazonia.ecuador.gef_.ambiente-300x170.jpg 300w, https:\/\/www.proamazonia.org\/ppr\/wp-content\/uploads\/2022\/04\/taller.redd_.mas_.formador.bosques.proamazonia.ecuador.gef_.ambiente-1024x579.jpg 1024w, https:\/\/www.proamazonia.org\/ppr\/wp-content\/uploads\/2022\/04\/taller.redd_.mas_.formador.bosques.proamazonia.ecuador.gef_.ambiente-768x434.jpg 768w, https:\/\/www.proamazonia.org\/ppr\/wp-content\/uploads\/2022\/04\/taller.redd_.mas_.formador.bosques.proamazonia.ecuador.gef_.ambiente.jpg 1300w\" sizes=\"auto, (max-width: 505px) 100vw, 505px\" \/><\/p>\n<p style=\"text-align: center;\"><span style=\"color: #000000;\"><b><span style=\"font-size: 10pt;\">Fotograf\u00eda:<\/span><\/b><span style=\"font-size: 10pt;\"> Gustavo Jaramillo &#8211; PROAmazon\u00eda<br \/>\n<\/span><b><\/b><b><span style=\"font-size: 10pt;\">Descripci\u00f3n:<\/span><\/b><span style=\"font-size: 10pt;\"> Encuentros presenciales en la Amazon\u00eda Norte (Shushufindi \u2013 provincia de Sucumb\u00edos) y Centro (Tena- provincia de Pastaza), febrero 2022.<\/span><\/span><\/p>\n<p>Finalmente, frente a la acogida y participaci\u00f3n durante el desarrollo del programa de capacitaci\u00f3n de \u201c<em>Formador de Formadores en herramientas de formaci\u00f3n y facilitaci\u00f3n\u201d<\/em>, se espera contar con una segunda edici\u00f3n y la posibilidad de establecer una red de facilitadores a nivel nacional con enfoque de REDD+. PROAmazon\u00eda, continuar\u00e1 coordinando acciones de fortalecimiento de capacidades y desarrollando herramientas de capacitaci\u00f3n, para aportar en la gesti\u00f3n del conocimiento sobre la importancia del cuidado y conservaci\u00f3n de los bosques.<\/p>\n<p><img loading=\"lazy\" decoding=\"async\" class=\"alignnone wp-image-6215 aligncenter\" src=\"https:\/\/www.proamazonia.org\/wp-content\/uploads\/2022\/04\/1.taller.redd_.mas_.formador.bosques.proamazonia.ecuador.gef_.ambiente-300x200.jpg\" alt=\"\" width=\"801\" height=\"535\" srcset=\"https:\/\/www.proamazonia.org\/ppr\/wp-content\/uploads\/2022\/04\/1.taller.redd_.mas_.formador.bosques.proamazonia.ecuador.gef_.ambiente-300x200.jpg 300w, https:\/\/www.proamazonia.org\/ppr\/wp-content\/uploads\/2022\/04\/1.taller.redd_.mas_.formador.bosques.proamazonia.ecuador.gef_.ambiente-768x512.jpg 768w, https:\/\/www.proamazonia.org\/ppr\/wp-content\/uploads\/2022\/04\/1.taller.redd_.mas_.formador.bosques.proamazonia.ecuador.gef_.ambiente-600x400.jpg 600w, https:\/\/www.proamazonia.org\/ppr\/wp-content\/uploads\/2022\/04\/1.taller.redd_.mas_.formador.bosques.proamazonia.ecuador.gef_.ambiente.jpg 900w\" sizes=\"auto, (max-width: 801px) 100vw, 801px\" \/><\/p>\n<p style=\"text-align: center;\"><span style=\"color: #000000;\"><b><span style=\"font-size: 10pt;\">Fotograf\u00eda:<\/span><\/b><span style=\"font-size: 10pt;\"> Gustavo Jaramillo &#8211; PROAmazon\u00eda<br \/>\n<\/span><b><\/b><b><span style=\"font-size: 10pt;\">Descripci\u00f3n:<\/span><\/b><span style=\"font-size: 10pt;\"> Encuentro presencial en la ciudad de Quito, marzo 2022<\/span><\/span><\/p>\n<p><strong>Autor:<\/strong> Jos\u00e9 Miguel Galvez, Unidad de Comunicaci\u00f3n- PROAmazon\u00eda<\/p>","protected":false},"excerpt":{"rendered":"<p>92 participantes de siete provincias del pa\u00eds fortalecen sus capacidades dentro del programa \u201cFormador de Formadores en herramientas de formaci\u00f3n y facilitaci\u00f3n\u201d con enfoque de REDD+ PROAmazon\u00eda, programa del Gobierno Nacional, que cuenta con el apoyo del PNUD, es actualmente un referente de articulaci\u00f3n intersectorial, que maneja estrat\u00e9gicamente las agendas nacionales de conservaci\u00f3n de bosques y de producci\u00f3n sostenible con enfoque de g\u00e9nero e interculturalidad, bajo el liderazgo de los Ministerios del Ambiente, Agua y Transici\u00f3n Ecol\u00f3gica (MAATE), y del Ministerio de Agricultura y Ganader\u00eda (MAG), en calidad de socios implementadores. La evaluaci\u00f3n de medio t\u00e9rmino realizada a PROAmazon\u00eda, mostr\u00f3 que se han conseguido alentadores resultados respecto al trabajo realizado junto a los gobiernos locales, las asociaciones productivas de cacao, caf\u00e9, palma y ganader\u00eda sostenible, los pueblos y nacionalidades ind\u00edgenas para promover un manejo sostenible e integrado de los recursos naturales en el marco de la implementaci\u00f3n del Plan de Acci\u00f3n REDD+. Y a su vez, dicha evaluaci\u00f3n revel\u00f3 la necesidad de generar procesos de formaci\u00f3n para el equipo t\u00e9cnico del programa y sus socios estrat\u00e9gicos, as\u00ed como herramientas de capacitaci\u00f3n y facilitaci\u00f3n, con el objetivo de asegurar que las acciones implementadas sean sostenibles en el tiempo. En este sentido, [&hellip;]<\/p>\n","protected":false},"author":2,"featured_media":6216,"comment_status":"closed","ping_status":"closed","sticky":false,"template":"","format":"standard","meta":{"_uf_show_specific_survey":0,"_uf_disable_surveys":false,"footnotes":""},"categories":[3,23,27],"tags":[62,42,44,57],"class_list":["post-6209","post","type-post","status-publish","format-standard","has-post-thumbnail","hentry","category-noticias","category-noticias-home","category-redd","tag-bosques","tag-ecuador","tag-proamazonia","tag-redd"],"aioseo_notices":[],"_links":{"self":[{"href":"https:\/\/www.proamazonia.org\/ppr\/wp-json\/wp\/v2\/posts\/6209","targetHints":{"allow":["GET"]}}],"collection":[{"href":"https:\/\/www.proamazonia.org\/ppr\/wp-json\/wp\/v2\/posts"}],"about":[{"href":"https:\/\/www.proamazonia.org\/ppr\/wp-json\/wp\/v2\/types\/post"}],"author":[{"embeddable":true,"href":"https:\/\/www.proamazonia.org\/ppr\/wp-json\/wp\/v2\/users\/2"}],"replies":[{"embeddable":true,"href":"https:\/\/www.proamazonia.org\/ppr\/wp-json\/wp\/v2\/comments?post=6209"}],"version-history":[{"count":7,"href":"https:\/\/www.proamazonia.org\/ppr\/wp-json\/wp\/v2\/posts\/6209\/revisions"}],"predecessor-version":[{"id":7297,"href":"https:\/\/www.proamazonia.org\/ppr\/wp-json\/wp\/v2\/posts\/6209\/revisions\/7297"}],"wp:featuredmedia":[{"embeddable":true,"href":"https:\/\/www.proamazonia.org\/ppr\/wp-json\/wp\/v2\/media\/6216"}],"wp:attachment":[{"href":"https:\/\/www.proamazonia.org\/ppr\/wp-json\/wp\/v2\/media?parent=6209"}],"wp:term":[{"taxonomy":"category","embeddable":true,"href":"https:\/\/www.proamazonia.org\/ppr\/wp-json\/wp\/v2\/categories?post=6209"},{"taxonomy":"post_tag","embeddable":true,"href":"https:\/\/www.proamazonia.org\/ppr\/wp-json\/wp\/v2\/tags?post=6209"}],"curies":[{"name":"wp","href":"https:\/\/api.w.org\/{rel}","templated":true}]}}