{"id":6547,"date":"2022-06-24T09:22:01","date_gmt":"2022-06-24T14:22:01","guid":{"rendered":"https:\/\/www.proamazonia.org\/?p=6547"},"modified":"2023-10-17T23:00:12","modified_gmt":"2023-10-18T04:00:12","slug":"ecuador-oferto-cacao-sostenible-y-libre-de-deforestacion-en-la-feria-internacional-chocoa-2022","status":"publish","type":"post","link":"https:\/\/www.proamazonia.org\/ppr\/ecuador-oferto-cacao-sostenible-y-libre-de-deforestacion-en-la-feria-internacional-chocoa-2022\/","title":{"rendered":"Ecuador ofert\u00f3  cacao sostenible y libre de deforestaci\u00f3n en la feria internacional \u201cChocoa 2022\u201d"},"content":{"rendered":"<p><\/p>\n<p style=\"text-align: right;\"><span style=\"font-weight: 400;\">Bolet\u00edn N\u00b0 131<br \/>\n<\/span><span style=\"font-weight: 400;\">23 de junio de 2022\u00a0<\/span><\/p>\n<p><span style=\"font-weight: 400;\">Del 23 al 25 de junio en la ciudad de \u00c1msterdam, capital de los Pa\u00edses Bajos, una delegaci\u00f3n de productores de cacao de la Amazon\u00eda ecuatoriana junto a autoridades del Ministerio del Ambiente, Agua y Transici\u00f3n Ecol\u00f3gica, del Ministerio de Agricultura y Ganader\u00eda y del Programa de las Naciones Unidas para el Desarrollo (PNUD) participar\u00e1n en la feria internacional CHOCOA 2022, un espacio de intercambio de conocimientos y experiencias internacional, en el cual se busca promocionar la oferta sostenible de cacao y chocolate ecuatoriano disponible para mercados especializados a nivel mundial.<\/span><\/p>\n<p style=\"text-align: center;\"><img loading=\"lazy\" decoding=\"async\" class=\"alignnone wp-image-6564\" src=\"https:\/\/www.proamazonia.org\/wp-content\/uploads\/2022\/06\/10.chocoa.cafe_.sostenible.cacao_.cafe_.proamazonia.feria_.chocolate.produccion.ambiente-300x169.jpeg\" alt=\"\" width=\"489\" height=\"276\" srcset=\"https:\/\/www.proamazonia.org\/ppr\/wp-content\/uploads\/2022\/06\/10.chocoa.cafe_.sostenible.cacao_.cafe_.proamazonia.feria_.chocolate.produccion.ambiente-300x169.jpeg 300w, https:\/\/www.proamazonia.org\/ppr\/wp-content\/uploads\/2022\/06\/10.chocoa.cafe_.sostenible.cacao_.cafe_.proamazonia.feria_.chocolate.produccion.ambiente-1024x576.jpeg 1024w, https:\/\/www.proamazonia.org\/ppr\/wp-content\/uploads\/2022\/06\/10.chocoa.cafe_.sostenible.cacao_.cafe_.proamazonia.feria_.chocolate.produccion.ambiente-768x432.jpeg 768w, https:\/\/www.proamazonia.org\/ppr\/wp-content\/uploads\/2022\/06\/10.chocoa.cafe_.sostenible.cacao_.cafe_.proamazonia.feria_.chocolate.produccion.ambiente-1536x864.jpeg 1536w, https:\/\/www.proamazonia.org\/ppr\/wp-content\/uploads\/2022\/06\/10.chocoa.cafe_.sostenible.cacao_.cafe_.proamazonia.feria_.chocolate.produccion.ambiente-1000x563.jpeg 1000w, https:\/\/www.proamazonia.org\/ppr\/wp-content\/uploads\/2022\/06\/10.chocoa.cafe_.sostenible.cacao_.cafe_.proamazonia.feria_.chocolate.produccion.ambiente.jpeg 1600w\" sizes=\"auto, (max-width: 489px) 100vw, 489px\" \/> <img loading=\"lazy\" decoding=\"async\" class=\"alignnone wp-image-6562\" src=\"https:\/\/www.proamazonia.org\/wp-content\/uploads\/2022\/06\/12.chocoa.cafe_.sostenible.cacao_.cafe_.proamazonia.feria_.chocolate.produccion.ambiente-300x169.jpeg\" alt=\"\" width=\"493\" height=\"278\" srcset=\"https:\/\/www.proamazonia.org\/ppr\/wp-content\/uploads\/2022\/06\/12.chocoa.cafe_.sostenible.cacao_.cafe_.proamazonia.feria_.chocolate.produccion.ambiente-300x169.jpeg 300w, https:\/\/www.proamazonia.org\/ppr\/wp-content\/uploads\/2022\/06\/12.chocoa.cafe_.sostenible.cacao_.cafe_.proamazonia.feria_.chocolate.produccion.ambiente-1024x576.jpeg 1024w, https:\/\/www.proamazonia.org\/ppr\/wp-content\/uploads\/2022\/06\/12.chocoa.cafe_.sostenible.cacao_.cafe_.proamazonia.feria_.chocolate.produccion.ambiente-768x432.jpeg 768w, https:\/\/www.proamazonia.org\/ppr\/wp-content\/uploads\/2022\/06\/12.chocoa.cafe_.sostenible.cacao_.cafe_.proamazonia.feria_.chocolate.produccion.ambiente-1536x864.jpeg 1536w, https:\/\/www.proamazonia.org\/ppr\/wp-content\/uploads\/2022\/06\/12.chocoa.cafe_.sostenible.cacao_.cafe_.proamazonia.feria_.chocolate.produccion.ambiente-1000x563.jpeg 1000w, https:\/\/www.proamazonia.org\/ppr\/wp-content\/uploads\/2022\/06\/12.chocoa.cafe_.sostenible.cacao_.cafe_.proamazonia.feria_.chocolate.produccion.ambiente.jpeg 1600w\" sizes=\"auto, (max-width: 493px) 100vw, 493px\" \/><\/p>\n<p style=\"text-align: center;\"><b><span style=\"font-size: 10.0pt; color: windowtext;\">Fotograf\u00eda:<\/span><\/b><span style=\"font-size: 10.0pt; color: windowtext;\"> Unidad de comunicaci\u00f3n &#8211; PROAmazon\u00eda<br \/>\n<\/span><b><\/b><b><span style=\"font-size: 10.0pt; color: windowtext;\">Descripci\u00f3n:<\/span><\/b><span style=\"font-size: 10.0pt; color: windowtext;\"> <span style=\"font-weight: 400;\">Feria internacional CHOCOA 2022 &#8211; \u00c1msterdam<\/span><\/span><\/p>\n<p><span style=\"font-weight: 400;\">Durante el encuentro, en el estand del Ecuador, representantes de la Asociaci\u00f3n de Peque\u00f1os Exportadores Agropecuarios Org\u00e1nicos del Sur de la Amazon\u00eda Ecuatoriana (APEOSAE) y PROAmazon\u00eda, presentaron la experiencia de contar con una producci\u00f3n sostenible y de calidad, que incorpora buenas pr\u00e1cticas agr\u00edcolas, libres de deforestaci\u00f3n, y que utiliza adem\u00e1s sistemas de trazabilidad que certifican el origen de los productos que van a ser comercializados. \u00a0<\/span><\/p>\n<p><span style=\"font-weight: 400;\">La oportunidad de participar en este espacio, se da en el marco de la relaci\u00f3n comercial existente entre APEOSAE y Silva Cacao, empresa belga dedicada a obtener granos de cacao de la m\u00e1s alta calidad en el mundo, y el apoyo t\u00e9cnico que brinda PROAmazon\u00eda un programa implementado por las instituciones rectoras de los sectores ambiental y agropecuario del Ecuador, con el apoyo del Programa de las Naciones Unidas para el Desarrollo (PNUD) para fomentar la transici\u00f3n hacia una producci\u00f3n sostenible y libre de deforestaci\u00f3n en la Regi\u00f3n Amaz\u00f3nica, de cuatro cadenas productivas: caf\u00e9, cacao, palma aceitera y ganader\u00eda, consideradas las de mayor extensi\u00f3n en esta regi\u00f3n del pa\u00eds.<\/span><\/p>\n<p style=\"text-align: center;\"><span style=\"font-weight: 400;\"><img loading=\"lazy\" decoding=\"async\" class=\"alignnone wp-image-6566\" src=\"https:\/\/www.proamazonia.org\/wp-content\/uploads\/2022\/06\/9.chocoa.cafe_.sostenible.cacao_.cafe_.proamazonia.feria_.chocolate.produccion.ambiente-225x300.jpeg\" alt=\"\" width=\"340\" height=\"453\" srcset=\"https:\/\/www.proamazonia.org\/ppr\/wp-content\/uploads\/2022\/06\/9.chocoa.cafe_.sostenible.cacao_.cafe_.proamazonia.feria_.chocolate.produccion.ambiente-225x300.jpeg 225w, https:\/\/www.proamazonia.org\/ppr\/wp-content\/uploads\/2022\/06\/9.chocoa.cafe_.sostenible.cacao_.cafe_.proamazonia.feria_.chocolate.produccion.ambiente-768x1024.jpeg 768w, https:\/\/www.proamazonia.org\/ppr\/wp-content\/uploads\/2022\/06\/9.chocoa.cafe_.sostenible.cacao_.cafe_.proamazonia.feria_.chocolate.produccion.ambiente-1152x1536.jpeg 1152w, https:\/\/www.proamazonia.org\/ppr\/wp-content\/uploads\/2022\/06\/9.chocoa.cafe_.sostenible.cacao_.cafe_.proamazonia.feria_.chocolate.produccion.ambiente.jpeg 1200w\" sizes=\"auto, (max-width: 340px) 100vw, 340px\" \/> <img loading=\"lazy\" decoding=\"async\" class=\"alignnone wp-image-6565\" src=\"https:\/\/www.proamazonia.org\/wp-content\/uploads\/2022\/06\/8.chocoa.cafe_.sostenible.cacao_.cafe_.proamazonia.feria_.chocolate.produccion.ambiente-300x225.jpeg\" alt=\"\" width=\"605\" height=\"454\" srcset=\"https:\/\/www.proamazonia.org\/ppr\/wp-content\/uploads\/2022\/06\/8.chocoa.cafe_.sostenible.cacao_.cafe_.proamazonia.feria_.chocolate.produccion.ambiente-300x225.jpeg 300w, https:\/\/www.proamazonia.org\/ppr\/wp-content\/uploads\/2022\/06\/8.chocoa.cafe_.sostenible.cacao_.cafe_.proamazonia.feria_.chocolate.produccion.ambiente-1024x768.jpeg 1024w, https:\/\/www.proamazonia.org\/ppr\/wp-content\/uploads\/2022\/06\/8.chocoa.cafe_.sostenible.cacao_.cafe_.proamazonia.feria_.chocolate.produccion.ambiente-768x576.jpeg 768w, https:\/\/www.proamazonia.org\/ppr\/wp-content\/uploads\/2022\/06\/8.chocoa.cafe_.sostenible.cacao_.cafe_.proamazonia.feria_.chocolate.produccion.ambiente-1536x1152.jpeg 1536w, https:\/\/www.proamazonia.org\/ppr\/wp-content\/uploads\/2022\/06\/8.chocoa.cafe_.sostenible.cacao_.cafe_.proamazonia.feria_.chocolate.produccion.ambiente-400x300.jpeg 400w, https:\/\/www.proamazonia.org\/ppr\/wp-content\/uploads\/2022\/06\/8.chocoa.cafe_.sostenible.cacao_.cafe_.proamazonia.feria_.chocolate.produccion.ambiente-800x600.jpeg 800w, https:\/\/www.proamazonia.org\/ppr\/wp-content\/uploads\/2022\/06\/8.chocoa.cafe_.sostenible.cacao_.cafe_.proamazonia.feria_.chocolate.produccion.ambiente-1200x900.jpeg 1200w, https:\/\/www.proamazonia.org\/ppr\/wp-content\/uploads\/2022\/06\/8.chocoa.cafe_.sostenible.cacao_.cafe_.proamazonia.feria_.chocolate.produccion.ambiente.jpeg 1600w\" sizes=\"auto, (max-width: 605px) 100vw, 605px\" \/><br \/>\n<\/span><\/p>\n<p style=\"text-align: center;\"><b><span style=\"font-size: 10.0pt; color: windowtext;\">Fotograf\u00eda:<\/span><\/b><span style=\"font-size: 10.0pt; color: windowtext;\"> Unidad de comunicaci\u00f3n &#8211; PROAmazon\u00eda<br \/>\n<\/span><b><\/b><b><span style=\"font-size: 10.0pt; color: windowtext;\">Descripci\u00f3n:<\/span><\/b><span style=\"font-size: 10.0pt; color: windowtext;\"> <span style=\"font-weight: 400;\">Feria internacional CHOCOA 2022 &#8211; \u00c1msterdam<\/span><\/span><\/p>\n<p><span style=\"font-weight: 400;\">Ecuador es el mayor productor y exportador de cacao fino de aroma, con una presencia de m\u00e1s del 60% del mercado mundial. En la Amazon\u00eda se produce cacao en un entorno agroforestal, rico en biodiversidad, lo cual permite que se distinguen aromas florales y frutales en las almendras de cacao.\u00a0<\/span><\/p>\n<hr \/>\n<blockquote>\n<h2 style=\"text-align: center;\"><b>Dato :<\/b><span style=\"font-weight: 400;\"> En el 2021, la empresa belga Silva Cacao concret\u00f3 la compra de 3.8 toneladas de cacao sostenible y libre de deforestaci\u00f3n de APEOSAE, organizaci\u00f3n que agrupa a m\u00e1s de 180 familias productoras, de ellas el 39% forman parte de nacionalidades y pueblos ind\u00edgenas amaz\u00f3nicos.<\/span><\/h2>\n<\/blockquote>\n<p style=\"text-align: center;\"><a href=\"https:\/\/youtu.be\/7VuGP3eW2Rc\">https:\/\/youtu.be\/7VuGP3eW2Rc<\/a><\/p>\n<p><\/p>","protected":false},"excerpt":{"rendered":"<p>Bolet\u00edn N\u00b0 131 23 de junio de 2022\u00a0 Del 23 al 25 de junio en la ciudad de \u00c1msterdam, capital de los Pa\u00edses Bajos, una delegaci\u00f3n de productores de cacao de la Amazon\u00eda ecuatoriana junto a autoridades del Ministerio del Ambiente, Agua y Transici\u00f3n Ecol\u00f3gica, del Ministerio de Agricultura y Ganader\u00eda y del Programa de las Naciones Unidas para el Desarrollo (PNUD) participar\u00e1n en la feria internacional CHOCOA 2022, un espacio de intercambio de conocimientos y experiencias internacional, en el cual se busca promocionar la oferta sostenible de cacao y chocolate ecuatoriano disponible para mercados especializados a nivel mundial. Fotograf\u00eda: Unidad de comunicaci\u00f3n &#8211; PROAmazon\u00eda Descripci\u00f3n: Feria internacional CHOCOA 2022 &#8211; \u00c1msterdam Durante el encuentro, en el estand del Ecuador, representantes de la Asociaci\u00f3n de Peque\u00f1os Exportadores Agropecuarios Org\u00e1nicos del Sur de la Amazon\u00eda Ecuatoriana (APEOSAE) y PROAmazon\u00eda, presentaron la experiencia de contar con una producci\u00f3n sostenible y de calidad, que incorpora buenas pr\u00e1cticas agr\u00edcolas, libres de deforestaci\u00f3n, y que utiliza adem\u00e1s sistemas de trazabilidad que certifican el origen de los productos que van a ser comercializados. \u00a0 La oportunidad de participar en este espacio, se da en el marco de la relaci\u00f3n comercial existente entre APEOSAE y Silva Cacao, [&hellip;]<\/p>\n","protected":false},"author":2,"featured_media":6552,"comment_status":"closed","ping_status":"closed","sticky":false,"template":"","format":"standard","meta":{"_uf_show_specific_survey":0,"_uf_disable_surveys":false,"footnotes":""},"categories":[3,23,25],"tags":[117,144,53,212,42],"class_list":["post-6547","post","type-post","status-publish","format-standard","has-post-thumbnail","hentry","category-noticias","category-noticias-home","category-produccion-sostenible","tag-bosque","tag-cacao","tag-cafe","tag-chocoa","tag-ecuador"],"aioseo_notices":[],"_links":{"self":[{"href":"https:\/\/www.proamazonia.org\/ppr\/wp-json\/wp\/v2\/posts\/6547","targetHints":{"allow":["GET"]}}],"collection":[{"href":"https:\/\/www.proamazonia.org\/ppr\/wp-json\/wp\/v2\/posts"}],"about":[{"href":"https:\/\/www.proamazonia.org\/ppr\/wp-json\/wp\/v2\/types\/post"}],"author":[{"embeddable":true,"href":"https:\/\/www.proamazonia.org\/ppr\/wp-json\/wp\/v2\/users\/2"}],"replies":[{"embeddable":true,"href":"https:\/\/www.proamazonia.org\/ppr\/wp-json\/wp\/v2\/comments?post=6547"}],"version-history":[{"count":22,"href":"https:\/\/www.proamazonia.org\/ppr\/wp-json\/wp\/v2\/posts\/6547\/revisions"}],"predecessor-version":[{"id":7858,"href":"https:\/\/www.proamazonia.org\/ppr\/wp-json\/wp\/v2\/posts\/6547\/revisions\/7858"}],"wp:featuredmedia":[{"embeddable":true,"href":"https:\/\/www.proamazonia.org\/ppr\/wp-json\/wp\/v2\/media\/6552"}],"wp:attachment":[{"href":"https:\/\/www.proamazonia.org\/ppr\/wp-json\/wp\/v2\/media?parent=6547"}],"wp:term":[{"taxonomy":"category","embeddable":true,"href":"https:\/\/www.proamazonia.org\/ppr\/wp-json\/wp\/v2\/categories?post=6547"},{"taxonomy":"post_tag","embeddable":true,"href":"https:\/\/www.proamazonia.org\/ppr\/wp-json\/wp\/v2\/tags?post=6547"}],"curies":[{"name":"wp","href":"https:\/\/api.w.org\/{rel}","templated":true}]}}