{"id":6638,"date":"2022-06-27T09:58:32","date_gmt":"2022-06-27T14:58:32","guid":{"rendered":"https:\/\/www.proamazonia.org\/?p=6638"},"modified":"2023-10-17T23:24:59","modified_gmt":"2023-10-18T04:24:59","slug":"ecuador-presenta-en-italia-su-oferta-de-cafe-amazonico-sostenible-y-libre-de-deforestacion","status":"publish","type":"post","link":"https:\/\/www.proamazonia.org\/ppr\/ecuador-presenta-en-italia-su-oferta-de-cafe-amazonico-sostenible-y-libre-de-deforestacion\/","title":{"rendered":"Ecuador presenta en Italia su oferta de caf\u00e9 amaz\u00f3nico sostenible y libre de deforestaci\u00f3n"},"content":{"rendered":"<p><\/p>\n<p style=\"text-align: right;\"><span style=\"font-weight: 400;\">Mil\u00e1n 23 de junio de 2022<\/span><\/p>\n<p><span style=\"font-weight: 400;\">Del 23 al 25 de junio, una delegaci\u00f3n ecuatoriana conformada por autoridades de los Ministerios del Ambiente, Agua y Transici\u00f3n Ecol\u00f3gica, el Ministerio de Agricultura y Ganader\u00eda, el Programa de las Naciones Unidas para el desarrollo (PNUD) y productores de caf\u00e9 amaz\u00f3nico participan de la feria \u201cWorld of Coffee\u201d, un espacio internacional que se realiza cada a\u00f1o de manera itinerante. <\/span><\/p>\n<p><span style=\"font-weight: 400;\">En esta ocasi\u00f3n, la edici\u00f3n 2022 de la feria especializada de la industria de caf\u00e9, se llevar\u00e1 a cabo en la ciudad italiana de Mil\u00e1n, en donde los representantes de las empresas l\u00edderes del sector se encuentran, para dar a conocer las tendencias m\u00e1s novedosas en torno a la producci\u00f3n, manejo y comercializaci\u00f3n del caf\u00e9 de especialidad a nivel mundial.<\/span><\/p>\n<p><span style=\"font-weight: 400;\">La comitiva est\u00e1 conformada por representantes de las organizaciones APECAP, ACRIM y la Federaci\u00f3n de Cafetaleros del Sur del Ecuador (FAPECAFES), la cual agrupa a seis asociaciones productivas que benefician a 400 familias de las provincias de El Oro, Loja y Zamora. Esta participaci\u00f3n representa una oportunidad para que el Ecuador de a conocer en los mercados diferenciados, los esfuerzos que est\u00e1 llevando a cabo para impulsar una producci\u00f3n sostenible y libre de deforestaci\u00f3n y en este caso, el caf\u00e9 amaz\u00f3nico sostenible, el cual cumple con los m\u00e1s altos est\u00e1ndares de calidad, al incorporar buenas pr\u00e1cticas agr\u00edcolas responsables con el ambiente que contribuyen a conservar el bosque y evitar la expansi\u00f3n de la frontera agr\u00edcola.\u00a0<\/span><\/p>\n<p><span style=\"font-weight: 400;\">Estas acciones, forman parte del piloto de monitoreo de deforestaci\u00f3n y trazabilidad impulsado a trav\u00e9s de PROAmazon\u00eda, programa del Gobierno Nacional que cuenta con el apoyo del Programa de las Naciones Unidas para el Desarrollo (PNUD), el cual promueve la conservaci\u00f3n de los bosques y la producci\u00f3n sostenible y libre de deforestaci\u00f3n con enfoque de g\u00e9nero e interculturalidad en la Amazon\u00eda ecuatoriana.<\/span><\/p>\n<p style=\"text-align: center;\">\u00a0<img loading=\"lazy\" decoding=\"async\" class=\"alignnone wp-image-6640\" src=\"https:\/\/www.proamazonia.org\/wp-content\/uploads\/2022\/06\/16.chocoa.cafe_.sostenible.cacao_.cafe_.proamazonia.feria_.chocolate.produccion.ambiente-300x200.jpg\" alt=\"\" width=\"477\" height=\"318\" srcset=\"https:\/\/www.proamazonia.org\/ppr\/wp-content\/uploads\/2022\/06\/16.chocoa.cafe_.sostenible.cacao_.cafe_.proamazonia.feria_.chocolate.produccion.ambiente-300x200.jpg 300w, https:\/\/www.proamazonia.org\/ppr\/wp-content\/uploads\/2022\/06\/16.chocoa.cafe_.sostenible.cacao_.cafe_.proamazonia.feria_.chocolate.produccion.ambiente-768x512.jpg 768w, https:\/\/www.proamazonia.org\/ppr\/wp-content\/uploads\/2022\/06\/16.chocoa.cafe_.sostenible.cacao_.cafe_.proamazonia.feria_.chocolate.produccion.ambiente-600x400.jpg 600w, https:\/\/www.proamazonia.org\/ppr\/wp-content\/uploads\/2022\/06\/16.chocoa.cafe_.sostenible.cacao_.cafe_.proamazonia.feria_.chocolate.produccion.ambiente.jpg 900w\" sizes=\"auto, (max-width: 477px) 100vw, 477px\" \/> \u00a0<img loading=\"lazy\" decoding=\"async\" class=\"alignnone wp-image-6642\" src=\"https:\/\/www.proamazonia.org\/wp-content\/uploads\/2022\/06\/14.chocoa.cafe_.sostenible.cacao_.cafe_.proamazonia.feria_.chocolate.produccion.ambiente-300x200.jpg\" alt=\"\" width=\"475\" height=\"316\" srcset=\"https:\/\/www.proamazonia.org\/ppr\/wp-content\/uploads\/2022\/06\/14.chocoa.cafe_.sostenible.cacao_.cafe_.proamazonia.feria_.chocolate.produccion.ambiente-300x200.jpg 300w, https:\/\/www.proamazonia.org\/ppr\/wp-content\/uploads\/2022\/06\/14.chocoa.cafe_.sostenible.cacao_.cafe_.proamazonia.feria_.chocolate.produccion.ambiente-768x512.jpg 768w, https:\/\/www.proamazonia.org\/ppr\/wp-content\/uploads\/2022\/06\/14.chocoa.cafe_.sostenible.cacao_.cafe_.proamazonia.feria_.chocolate.produccion.ambiente-600x400.jpg 600w, https:\/\/www.proamazonia.org\/ppr\/wp-content\/uploads\/2022\/06\/14.chocoa.cafe_.sostenible.cacao_.cafe_.proamazonia.feria_.chocolate.produccion.ambiente.jpg 900w\" sizes=\"auto, (max-width: 475px) 100vw, 475px\" \/><\/p>\n<p style=\"text-align: center;\"><b><span style=\"font-size: 10.0pt; color: windowtext;\">Fotograf\u00eda:<\/span><\/b><span style=\"font-size: 10.0pt; color: windowtext;\"> Unidad de comunicaci\u00f3n &#8211; PROAmazon\u00eda<br \/>\n<\/span><b><\/b><b><span style=\"font-size: 10.0pt; color: windowtext;\">Descripci\u00f3n:<\/span><\/b><span style=\"font-size: 10.0pt; color: windowtext;\"> <span style=\"font-weight: 400;\">Feria World of Coffee &#8211; Mil\u00e1n<\/span><\/span><\/p>\n<p><b>Datos importantes:<\/b><\/p>\n<ul>\n<li style=\"font-weight: 400;\" aria-level=\"1\"><span style=\"font-weight: 400;\">En diciembre del 2021, se confirm\u00f3 el inter\u00e9s de la empresa italiana LAVAZZA por comprar un contenedor de 250 sacos de 69 kilos de caf\u00e9 ar\u00e1biga amaz\u00f3nico ecuatoriano, que se encuentra bajo un sistema de monitoreo y trazabilidad para impulsar la conservaci\u00f3n de bosques.<\/span><\/li>\n<li style=\"font-weight: 400;\" aria-level=\"1\"><span style=\"font-weight: 400;\">La Asociaci\u00f3n Agro Artesanal de Productores Ecol\u00f3gicos APECAP del cant\u00f3n Palanda<\/span><\/li>\n<li style=\"font-weight: 400;\" aria-level=\"1\"><span style=\"font-weight: 400;\">La Asociaci\u00f3n Agropecuaria Artesanal de Productores Org\u00e1nicos \u201cCuencas del R\u00edo Mayo (ACRIM) est\u00e1 ubicada en la ciudad de Zumba al sur de la provincia de Zamora Chinchipe.<\/span><\/li>\n<li style=\"font-weight: 400;\" aria-level=\"1\"><span style=\"font-weight: 400;\">El 70% del caf\u00e9 comercializado por FAPECAF\u00c9S, proviene de la Asociaci\u00f3n de Cafetaleros Ecol\u00f3gicos de Palanda (APECAP) y de la <\/span><span style=\"font-weight: 400;\">Asociaci\u00f3n Agropecuaria Artesanal de Productores Org\u00e1nicos Cuencas Del R\u00edo Mayo (ACRIM),<\/span><span style=\"font-weight: 400;\"> quienes adem\u00e1s son parte del piloto de monitoreo de deforestaci\u00f3n y trazabilidad impulsado a trav\u00e9s de PROAmazon\u00eda.<\/span><\/li>\n<li style=\"font-weight: 400;\" aria-level=\"1\">La relaci\u00f3n comercial entre FAPECAFES y LAVAZZA, para la primera exportaci\u00f3n de caf\u00e9 sostenible y libre de deforestaci\u00f3n amaz\u00f3nico constituye un hito a nivel internacional, al formar parte de la iniciativa pionera del Ecuador para reducir la deforestaci\u00f3n a trav\u00e9s del enfoque REDD+.<\/li>\n<\/ul>\n<p style=\"text-align: center;\"><span style=\"font-weight: 400;\"><img loading=\"lazy\" decoding=\"async\" class=\"alignnone wp-image-6550\" src=\"https:\/\/www.proamazonia.org\/wp-content\/uploads\/2022\/06\/3.chocoa.cafe_.sostenible.cacao_.cafe_.proamazonia.feria_.chocolate.produccion.ambiente-300x225.jpg\" alt=\"\" width=\"482\" height=\"362\" srcset=\"https:\/\/www.proamazonia.org\/ppr\/wp-content\/uploads\/2022\/06\/3.chocoa.cafe_.sostenible.cacao_.cafe_.proamazonia.feria_.chocolate.produccion.ambiente-300x225.jpg 300w, https:\/\/www.proamazonia.org\/ppr\/wp-content\/uploads\/2022\/06\/3.chocoa.cafe_.sostenible.cacao_.cafe_.proamazonia.feria_.chocolate.produccion.ambiente-768x576.jpg 768w, https:\/\/www.proamazonia.org\/ppr\/wp-content\/uploads\/2022\/06\/3.chocoa.cafe_.sostenible.cacao_.cafe_.proamazonia.feria_.chocolate.produccion.ambiente-400x300.jpg 400w, https:\/\/www.proamazonia.org\/ppr\/wp-content\/uploads\/2022\/06\/3.chocoa.cafe_.sostenible.cacao_.cafe_.proamazonia.feria_.chocolate.produccion.ambiente-800x600.jpg 800w, https:\/\/www.proamazonia.org\/ppr\/wp-content\/uploads\/2022\/06\/3.chocoa.cafe_.sostenible.cacao_.cafe_.proamazonia.feria_.chocolate.produccion.ambiente.jpg 900w\" sizes=\"auto, (max-width: 482px) 100vw, 482px\" \/> <img loading=\"lazy\" decoding=\"async\" class=\"alignnone wp-image-6551\" src=\"https:\/\/www.proamazonia.org\/wp-content\/uploads\/2022\/06\/2.chocoa.cafe_.sostenible.cacao_.cafe_.proamazonia.feria_.chocolate.produccion.ambiente-300x225.jpg\" alt=\"\" width=\"483\" height=\"362\" srcset=\"https:\/\/www.proamazonia.org\/ppr\/wp-content\/uploads\/2022\/06\/2.chocoa.cafe_.sostenible.cacao_.cafe_.proamazonia.feria_.chocolate.produccion.ambiente-300x225.jpg 300w, https:\/\/www.proamazonia.org\/ppr\/wp-content\/uploads\/2022\/06\/2.chocoa.cafe_.sostenible.cacao_.cafe_.proamazonia.feria_.chocolate.produccion.ambiente-768x576.jpg 768w, https:\/\/www.proamazonia.org\/ppr\/wp-content\/uploads\/2022\/06\/2.chocoa.cafe_.sostenible.cacao_.cafe_.proamazonia.feria_.chocolate.produccion.ambiente-400x300.jpg 400w, https:\/\/www.proamazonia.org\/ppr\/wp-content\/uploads\/2022\/06\/2.chocoa.cafe_.sostenible.cacao_.cafe_.proamazonia.feria_.chocolate.produccion.ambiente-800x600.jpg 800w, https:\/\/www.proamazonia.org\/ppr\/wp-content\/uploads\/2022\/06\/2.chocoa.cafe_.sostenible.cacao_.cafe_.proamazonia.feria_.chocolate.produccion.ambiente.jpg 1000w\" sizes=\"auto, (max-width: 483px) 100vw, 483px\" \/><img loading=\"lazy\" decoding=\"async\" class=\"alignnone wp-image-6549\" src=\"https:\/\/www.proamazonia.org\/wp-content\/uploads\/2022\/06\/4.chocoa.cafe_.sostenible.cacao_.cafe_.proamazonia.feria_.chocolate.produccion.ambiente-300x225.jpg\" alt=\"\" width=\"480\" height=\"352\" \/><\/span><\/p>\n<p style=\"text-align: center;\"><b><span style=\"font-size: 10.0pt; color: windowtext;\">Fotograf\u00eda:<\/span><\/b><span style=\"font-size: 10.0pt; color: windowtext;\"> Unidad de comunicaci\u00f3n &#8211; PROAmazon\u00eda<br \/>\n<\/span><b><\/b><b><span style=\"font-size: 10.0pt; color: windowtext;\">Descripci\u00f3n:<\/span><\/b><span style=\"font-size: 10.0pt; color: windowtext;\"> <span style=\"font-weight: 400;\">Feria World of Coffee &#8211; Mil\u00e1n<\/span><\/span><\/p>\n<p style=\"text-align: center;\"><a href=\"https:\/\/youtu.be\/VfBGBzTjtDE\">https:\/\/youtu.be\/VfBGBzTjtDE<\/a><\/p>\n<p><\/p>","protected":false},"excerpt":{"rendered":"<p>Mil\u00e1n 23 de junio de 2022 Del 23 al 25 de junio, una delegaci\u00f3n ecuatoriana conformada por autoridades de los Ministerios del Ambiente, Agua y Transici\u00f3n Ecol\u00f3gica, el Ministerio de Agricultura y Ganader\u00eda, el Programa de las Naciones Unidas para el desarrollo (PNUD) y productores de caf\u00e9 amaz\u00f3nico participan de la feria \u201cWorld of Coffee\u201d, un espacio internacional que se realiza cada a\u00f1o de manera itinerante. En esta ocasi\u00f3n, la edici\u00f3n 2022 de la feria especializada de la industria de caf\u00e9, se llevar\u00e1 a cabo en la ciudad italiana de Mil\u00e1n, en donde los representantes de las empresas l\u00edderes del sector se encuentran, para dar a conocer las tendencias m\u00e1s novedosas en torno a la producci\u00f3n, manejo y comercializaci\u00f3n del caf\u00e9 de especialidad a nivel mundial. La comitiva est\u00e1 conformada por representantes de las organizaciones APECAP, ACRIM y la Federaci\u00f3n de Cafetaleros del Sur del Ecuador (FAPECAFES), la cual agrupa a seis asociaciones productivas que benefician a 400 familias de las provincias de El Oro, Loja y Zamora. Esta participaci\u00f3n representa una oportunidad para que el Ecuador de a conocer en los mercados diferenciados, los esfuerzos que est\u00e1 llevando a cabo para impulsar una producci\u00f3n sostenible y libre de deforestaci\u00f3n [&hellip;]<\/p>\n","protected":false},"author":2,"featured_media":6641,"comment_status":"closed","ping_status":"closed","sticky":false,"template":"","format":"standard","meta":{"_uf_show_specific_survey":0,"_uf_disable_surveys":false,"footnotes":""},"categories":[3,23,25],"tags":[144,53,42,158,157,44,67,204,66],"class_list":["post-6638","post","type-post","status-publish","format-standard","has-post-thumbnail","hentry","category-noticias","category-noticias-home","category-produccion-sostenible","tag-cacao","tag-cafe","tag-ecuador","tag-italia","tag-lavazza","tag-proamazonia","tag-produccion","tag-productores","tag-sostenible"],"aioseo_notices":[],"_links":{"self":[{"href":"https:\/\/www.proamazonia.org\/ppr\/wp-json\/wp\/v2\/posts\/6638","targetHints":{"allow":["GET"]}}],"collection":[{"href":"https:\/\/www.proamazonia.org\/ppr\/wp-json\/wp\/v2\/posts"}],"about":[{"href":"https:\/\/www.proamazonia.org\/ppr\/wp-json\/wp\/v2\/types\/post"}],"author":[{"embeddable":true,"href":"https:\/\/www.proamazonia.org\/ppr\/wp-json\/wp\/v2\/users\/2"}],"replies":[{"embeddable":true,"href":"https:\/\/www.proamazonia.org\/ppr\/wp-json\/wp\/v2\/comments?post=6638"}],"version-history":[{"count":6,"href":"https:\/\/www.proamazonia.org\/ppr\/wp-json\/wp\/v2\/posts\/6638\/revisions"}],"predecessor-version":[{"id":7863,"href":"https:\/\/www.proamazonia.org\/ppr\/wp-json\/wp\/v2\/posts\/6638\/revisions\/7863"}],"wp:featuredmedia":[{"embeddable":true,"href":"https:\/\/www.proamazonia.org\/ppr\/wp-json\/wp\/v2\/media\/6641"}],"wp:attachment":[{"href":"https:\/\/www.proamazonia.org\/ppr\/wp-json\/wp\/v2\/media?parent=6638"}],"wp:term":[{"taxonomy":"category","embeddable":true,"href":"https:\/\/www.proamazonia.org\/ppr\/wp-json\/wp\/v2\/categories?post=6638"},{"taxonomy":"post_tag","embeddable":true,"href":"https:\/\/www.proamazonia.org\/ppr\/wp-json\/wp\/v2\/tags?post=6638"}],"curies":[{"name":"wp","href":"https:\/\/api.w.org\/{rel}","templated":true}]}}