{"id":6669,"date":"2022-06-28T09:58:18","date_gmt":"2022-06-28T14:58:18","guid":{"rendered":"https:\/\/www.proamazonia.org\/?p=6669"},"modified":"2023-10-17T23:11:12","modified_gmt":"2023-10-18T04:11:12","slug":"productores-de-la-amazonia-ecuatoriana-fortalecen-sus-capacidades-en-torno-a-la-comercializacion-de-un-cafe-de-alta-calidad-amigable-con-el-ambiente","status":"publish","type":"post","link":"https:\/\/www.proamazonia.org\/ppr\/productores-de-la-amazonia-ecuatoriana-fortalecen-sus-capacidades-en-torno-a-la-comercializacion-de-un-cafe-de-alta-calidad-amigable-con-el-ambiente\/","title":{"rendered":"Productores de la Amazon\u00eda ecuatoriana fortalecen sus capacidades en torno a la comercializaci\u00f3n de un caf\u00e9 de alta calidad, amigable con el ambiente"},"content":{"rendered":"<p><\/p>\n<p style=\"text-align: right;\"><span style=\"font-weight: 400;\">Tur\u00edn, 27 de junio de 2022\u00a0<\/span><\/p>\n<p><img loading=\"lazy\" decoding=\"async\" class=\" wp-image-6684 alignright\" src=\"https:\/\/www.proamazonia.org\/wp-content\/uploads\/2022\/06\/3.lavazza.ecuador.cafe_.ambiente.proamazonia.bosques.produccion.italia-200x300.jpg\" alt=\"\" width=\"383\" height=\"575\" srcset=\"https:\/\/www.proamazonia.org\/ppr\/wp-content\/uploads\/2022\/06\/3.lavazza.ecuador.cafe_.ambiente.proamazonia.bosques.produccion.italia-200x300.jpg 200w, https:\/\/www.proamazonia.org\/ppr\/wp-content\/uploads\/2022\/06\/3.lavazza.ecuador.cafe_.ambiente.proamazonia.bosques.produccion.italia-683x1024.jpg 683w, https:\/\/www.proamazonia.org\/ppr\/wp-content\/uploads\/2022\/06\/3.lavazza.ecuador.cafe_.ambiente.proamazonia.bosques.produccion.italia-768x1152.jpg 768w, https:\/\/www.proamazonia.org\/ppr\/wp-content\/uploads\/2022\/06\/3.lavazza.ecuador.cafe_.ambiente.proamazonia.bosques.produccion.italia-400x600.jpg 400w, https:\/\/www.proamazonia.org\/ppr\/wp-content\/uploads\/2022\/06\/3.lavazza.ecuador.cafe_.ambiente.proamazonia.bosques.produccion.italia.jpg 800w\" sizes=\"auto, (max-width: 383px) 100vw, 383px\" \/><\/p>\n<p><span style=\"font-weight: 400;\">Del 27 al 29 de junio, un grupo de productores de la Amazon\u00eda ecuatoriana participan en una capacitaci\u00f3n dictada por la empresa italiana LAVAZZA, en la ciudad de Tur\u00edn, con el objetivo de fortalecer sus capacidades y fomentar el desarrollo del caf\u00e9 de especialidad en el Ecuador. Esta invitaci\u00f3n fue extendida por LAVAZZA y se enmarca dentro del programa \u201cA Cup of Learning\u201d, a trav\u00e9s de la cual, durante el 2021, m\u00e1s de 50 productores de la Amazon\u00eda ecuatoriana se capacitaron de manera virtual y ampliaron sus conocimientos en \u00e1reas comerciales, de an\u00e1lisis sensorial, organol\u00e9ptico, cataci\u00f3n de caf\u00e9 de especialidad con muestras seleccionadas de varios pa\u00edses, entre otros temas. En esta ocasi\u00f3n, los productores podr\u00e1n completar su formaci\u00f3n, con una visita presencial a la planta de esta empresa. Durante esta gira, se analizar\u00e1n aspectos relacionados al manejo comercial del producto y los productores se reunir\u00e1n con los m\u00e1ximos representantes de esta multinacional.<\/span><\/p>\n<p><span style=\"font-weight: 400;\">Entre los integrantes de la comitiva, se encuentran delegados de la Federaci\u00f3n de Cafetaleros del Sur del Ecuador (FAPECAFES), organizaci\u00f3n que agrupa a seis asociaciones productivas en la que trabajan 400 familias de las provincias de El Oro, Loja y Zamora. Esta organizaci\u00f3n forma parte del piloto de monitoreo de deforestaci\u00f3n y trazabilidad impulsado a trav\u00e9s de PROAmazon\u00eda, programa de los Ministerios del Ambiente, Agua y Transici\u00f3n Ecol\u00f3gica, y de Agricultura y Ganader\u00eda, que cuenta con el apoyo del Programa de las Naciones Unidas para el Desarrollo (PNUD) en su implementaci\u00f3n. Su objetivo es promover la conservaci\u00f3n de los bosques y una producci\u00f3n sostenible y libre de deforestaci\u00f3n con enfoque de g\u00e9nero e interculturalidad.<\/span><\/p>\n<p><span style=\"font-weight: 400;\">La relaci\u00f3n comercial entre <a href=\"https:\/\/fapecafes.org.ec\/\">FAPECAFES<\/a> y <a href=\"https:\/\/www.lavazza.com\/en.html\">LAVAZZA<\/a>, para la primera exportaci\u00f3n de caf\u00e9 sostenible y libre de deforestaci\u00f3n en la Amazon\u00eda constituye un hito a nivel internacional, al formar parte de la iniciativa pionera del Ecuador en reducir la deforestaci\u00f3n a trav\u00e9s del enfoque REDD+.<\/span><\/p>\n<p><span style=\"font-weight: 400;\">La delegaci\u00f3n ecuatoriana est\u00e1 integrada tambi\u00e9n por t\u00e9cnicos de los Ministerios del Ambiente, Agua y Transici\u00f3n Ecol\u00f3gica, el Ministerio de Agricultura y Ganader\u00eda (MAG) y ser\u00e1 presidida por el viceministro de Desarrollo Agropecuario del MAG.<\/span><\/p>\n<p style=\"text-align: center;\"><b><img loading=\"lazy\" decoding=\"async\" class=\"alignnone wp-image-6670\" src=\"https:\/\/www.proamazonia.org\/wp-content\/uploads\/2022\/06\/17.lavazza.ecuador.cafe_.ambiente.proamazonia.bosques.produccion.italia-300x200.jpg\" alt=\"\" width=\"326\" height=\"217\" srcset=\"https:\/\/www.proamazonia.org\/ppr\/wp-content\/uploads\/2022\/06\/17.lavazza.ecuador.cafe_.ambiente.proamazonia.bosques.produccion.italia-300x200.jpg 300w, https:\/\/www.proamazonia.org\/ppr\/wp-content\/uploads\/2022\/06\/17.lavazza.ecuador.cafe_.ambiente.proamazonia.bosques.produccion.italia-768x512.jpg 768w, https:\/\/www.proamazonia.org\/ppr\/wp-content\/uploads\/2022\/06\/17.lavazza.ecuador.cafe_.ambiente.proamazonia.bosques.produccion.italia-600x400.jpg 600w, https:\/\/www.proamazonia.org\/ppr\/wp-content\/uploads\/2022\/06\/17.lavazza.ecuador.cafe_.ambiente.proamazonia.bosques.produccion.italia.jpg 1000w\" sizes=\"auto, (max-width: 326px) 100vw, 326px\" \/> <img loading=\"lazy\" decoding=\"async\" class=\"alignnone wp-image-6671\" src=\"https:\/\/www.proamazonia.org\/wp-content\/uploads\/2022\/06\/16.lavazza.ecuador.cafe_.ambiente.proamazonia.bosques.produccion.italia-300x200.jpg\" alt=\"\" width=\"329\" height=\"219\" srcset=\"https:\/\/www.proamazonia.org\/ppr\/wp-content\/uploads\/2022\/06\/16.lavazza.ecuador.cafe_.ambiente.proamazonia.bosques.produccion.italia-300x200.jpg 300w, https:\/\/www.proamazonia.org\/ppr\/wp-content\/uploads\/2022\/06\/16.lavazza.ecuador.cafe_.ambiente.proamazonia.bosques.produccion.italia-768x512.jpg 768w, https:\/\/www.proamazonia.org\/ppr\/wp-content\/uploads\/2022\/06\/16.lavazza.ecuador.cafe_.ambiente.proamazonia.bosques.produccion.italia-600x400.jpg 600w, https:\/\/www.proamazonia.org\/ppr\/wp-content\/uploads\/2022\/06\/16.lavazza.ecuador.cafe_.ambiente.proamazonia.bosques.produccion.italia.jpg 1000w\" sizes=\"auto, (max-width: 329px) 100vw, 329px\" \/> <img loading=\"lazy\" decoding=\"async\" class=\"alignnone wp-image-6672\" src=\"https:\/\/www.proamazonia.org\/wp-content\/uploads\/2022\/06\/15.lavazza.ecuador.cafe_.ambiente.proamazonia.bosques.produccion.italia-300x200.jpg\" alt=\"\" width=\"329\" height=\"220\" srcset=\"https:\/\/www.proamazonia.org\/ppr\/wp-content\/uploads\/2022\/06\/15.lavazza.ecuador.cafe_.ambiente.proamazonia.bosques.produccion.italia-300x200.jpg 300w, https:\/\/www.proamazonia.org\/ppr\/wp-content\/uploads\/2022\/06\/15.lavazza.ecuador.cafe_.ambiente.proamazonia.bosques.produccion.italia-768x512.jpg 768w, https:\/\/www.proamazonia.org\/ppr\/wp-content\/uploads\/2022\/06\/15.lavazza.ecuador.cafe_.ambiente.proamazonia.bosques.produccion.italia-600x400.jpg 600w, https:\/\/www.proamazonia.org\/ppr\/wp-content\/uploads\/2022\/06\/15.lavazza.ecuador.cafe_.ambiente.proamazonia.bosques.produccion.italia.jpg 1000w\" sizes=\"auto, (max-width: 329px) 100vw, 329px\" \/> <img loading=\"lazy\" decoding=\"async\" class=\"alignnone wp-image-6673\" src=\"https:\/\/www.proamazonia.org\/wp-content\/uploads\/2022\/06\/14.lavazza.ecuador.cafe_.ambiente.proamazonia.bosques.produccion.italia-300x200.jpg\" alt=\"\" width=\"491\" height=\"328\" srcset=\"https:\/\/www.proamazonia.org\/ppr\/wp-content\/uploads\/2022\/06\/14.lavazza.ecuador.cafe_.ambiente.proamazonia.bosques.produccion.italia-300x200.jpg 300w, https:\/\/www.proamazonia.org\/ppr\/wp-content\/uploads\/2022\/06\/14.lavazza.ecuador.cafe_.ambiente.proamazonia.bosques.produccion.italia-768x512.jpg 768w, https:\/\/www.proamazonia.org\/ppr\/wp-content\/uploads\/2022\/06\/14.lavazza.ecuador.cafe_.ambiente.proamazonia.bosques.produccion.italia-600x400.jpg 600w, https:\/\/www.proamazonia.org\/ppr\/wp-content\/uploads\/2022\/06\/14.lavazza.ecuador.cafe_.ambiente.proamazonia.bosques.produccion.italia.jpg 1000w\" sizes=\"auto, (max-width: 491px) 100vw, 491px\" \/> <img loading=\"lazy\" decoding=\"async\" class=\"alignnone wp-image-6674\" src=\"https:\/\/www.proamazonia.org\/wp-content\/uploads\/2022\/06\/13.lavazza.ecuador.cafe_.ambiente.proamazonia.bosques.produccion.italia-300x200.jpg\" alt=\"\" width=\"488\" height=\"326\" srcset=\"https:\/\/www.proamazonia.org\/ppr\/wp-content\/uploads\/2022\/06\/13.lavazza.ecuador.cafe_.ambiente.proamazonia.bosques.produccion.italia-300x200.jpg 300w, https:\/\/www.proamazonia.org\/ppr\/wp-content\/uploads\/2022\/06\/13.lavazza.ecuador.cafe_.ambiente.proamazonia.bosques.produccion.italia-768x512.jpg 768w, https:\/\/www.proamazonia.org\/ppr\/wp-content\/uploads\/2022\/06\/13.lavazza.ecuador.cafe_.ambiente.proamazonia.bosques.produccion.italia-600x400.jpg 600w, https:\/\/www.proamazonia.org\/ppr\/wp-content\/uploads\/2022\/06\/13.lavazza.ecuador.cafe_.ambiente.proamazonia.bosques.produccion.italia.jpg 1000w\" sizes=\"auto, (max-width: 488px) 100vw, 488px\" \/> <\/b><\/p>\n<p style=\"text-align: center;\"><b><span style=\"font-size: 10.0pt; color: windowtext;\">Fotograf\u00edas:<\/span><\/b><span style=\"font-size: 10.0pt; color: windowtext;\"> Unidad de comunicaci\u00f3n &#8211; PROAmazon\u00eda<br \/>\n<\/span><b><\/b><b><span style=\"font-size: 10.0pt; color: windowtext;\">Descripci\u00f3n:<\/span><\/b><span style=\"font-size: 10.0pt; color: windowtext;\"> <span style=\"font-weight: 400;\">Capacitaci\u00f3n en la empresa Lavazza &#8211; Tur\u00edn<\/span><\/span><\/p>\n<p style=\"text-align: center;\"><span style=\"font-size: 10.0pt; color: windowtext;\"><span style=\"font-weight: 400;\"><a tabindex=\"-1\" href=\"https:\/\/youtu.be\/rvuubdZ2PcE\" target=\"_blank\" rel=\"noopener\">youtu.be\/rvuubdZ2PcE<\/a><\/span><\/span><\/p>\n<p><b>Datos importantes:<\/b><\/p>\n<ul>\n<li style=\"font-weight: 400;\" aria-level=\"1\"><span style=\"font-weight: 400;\">El proceso de exportaci\u00f3n de caf\u00e9 se realizar\u00e1 a trav\u00e9s de FAPECAFES, el 70% de materia prima provendr\u00e1 de la Asociaci\u00f3n Agroartesanal de Productores Ecol\u00f3gicos de Palanda y Chinchipe (APECAP) y la Asociaci\u00f3n de Productores Ecol\u00f3gicos de Caf\u00e9 Org\u00e1nico Cuencas del Rio Mayo (ACRIM), organizaciones que forman parte del piloto de monitoreo de deforestaci\u00f3n y trazabilidad impulsado por PROAmazon\u00eda.<\/span><\/li>\n<li style=\"font-weight: 400;\" aria-level=\"1\"><span style=\"font-weight: 400;\">Esto se venta se realiza en el marco del Memorando de Entendimiento (MOU) suscrito a inicios del 2019, entre PNUD y Lavazza, en el que se seleccion\u00f3 al Ecuador como pa\u00eds piloto, basado en los avances generados en la reducci\u00f3n de la deforestaci\u00f3n en el pa\u00eds y la voluntad para trabajar en la producci\u00f3n de un caf\u00e9 libre de deforestaci\u00f3n.\u00a0\u00a0\u00a0<\/span><\/li>\n<li style=\"font-weight: 400;\" aria-level=\"1\"><span style=\"font-weight: 400;\">Durante 2021, con el apoyo de PROAmazon\u00eda, se enviaron varias muestras de caf\u00e9 a Italia y en diciembre de ese mismo a\u00f1o, se confirm\u00f3 el inter\u00e9s de iniciar la negociaci\u00f3n para la compra de un contenedor de 250 sacos de 69 kilos de caf\u00e9 ar\u00e1biga amaz\u00f3nico amaz\u00f3nico bajo monitoreo de conservaci\u00f3n de los bosques.<\/span><\/li>\n<\/ul>\n<p style=\"text-align: center;\"><img loading=\"lazy\" decoding=\"async\" class=\"alignnone wp-image-6679\" src=\"https:\/\/www.proamazonia.org\/wp-content\/uploads\/2022\/06\/8.lavazza.ecuador.cafe_.ambiente.proamazonia.bosques.produccion.italia-300x200.jpg\" alt=\"\" width=\"491\" height=\"327\" srcset=\"https:\/\/www.proamazonia.org\/ppr\/wp-content\/uploads\/2022\/06\/8.lavazza.ecuador.cafe_.ambiente.proamazonia.bosques.produccion.italia-300x200.jpg 300w, https:\/\/www.proamazonia.org\/ppr\/wp-content\/uploads\/2022\/06\/8.lavazza.ecuador.cafe_.ambiente.proamazonia.bosques.produccion.italia-768x512.jpg 768w, https:\/\/www.proamazonia.org\/ppr\/wp-content\/uploads\/2022\/06\/8.lavazza.ecuador.cafe_.ambiente.proamazonia.bosques.produccion.italia-600x400.jpg 600w, https:\/\/www.proamazonia.org\/ppr\/wp-content\/uploads\/2022\/06\/8.lavazza.ecuador.cafe_.ambiente.proamazonia.bosques.produccion.italia.jpg 1000w\" sizes=\"auto, (max-width: 491px) 100vw, 491px\" \/> <img loading=\"lazy\" decoding=\"async\" class=\"alignnone wp-image-6675\" src=\"https:\/\/www.proamazonia.org\/wp-content\/uploads\/2022\/06\/12.lavazza.ecuador.cafe_.ambiente.proamazonia.bosques.produccion.italia-300x200.jpg\" alt=\"\" width=\"493\" height=\"328\" srcset=\"https:\/\/www.proamazonia.org\/ppr\/wp-content\/uploads\/2022\/06\/12.lavazza.ecuador.cafe_.ambiente.proamazonia.bosques.produccion.italia-300x200.jpg 300w, https:\/\/www.proamazonia.org\/ppr\/wp-content\/uploads\/2022\/06\/12.lavazza.ecuador.cafe_.ambiente.proamazonia.bosques.produccion.italia-768x512.jpg 768w, https:\/\/www.proamazonia.org\/ppr\/wp-content\/uploads\/2022\/06\/12.lavazza.ecuador.cafe_.ambiente.proamazonia.bosques.produccion.italia-600x400.jpg 600w, https:\/\/www.proamazonia.org\/ppr\/wp-content\/uploads\/2022\/06\/12.lavazza.ecuador.cafe_.ambiente.proamazonia.bosques.produccion.italia.jpg 1000w\" sizes=\"auto, (max-width: 493px) 100vw, 493px\" \/> <img loading=\"lazy\" decoding=\"async\" class=\"alignnone wp-image-6672\" src=\"https:\/\/www.proamazonia.org\/wp-content\/uploads\/2022\/06\/15.lavazza.ecuador.cafe_.ambiente.proamazonia.bosques.produccion.italia-300x200.jpg\" alt=\"\" width=\"494\" height=\"329\" srcset=\"https:\/\/www.proamazonia.org\/ppr\/wp-content\/uploads\/2022\/06\/15.lavazza.ecuador.cafe_.ambiente.proamazonia.bosques.produccion.italia-300x200.jpg 300w, https:\/\/www.proamazonia.org\/ppr\/wp-content\/uploads\/2022\/06\/15.lavazza.ecuador.cafe_.ambiente.proamazonia.bosques.produccion.italia-768x512.jpg 768w, https:\/\/www.proamazonia.org\/ppr\/wp-content\/uploads\/2022\/06\/15.lavazza.ecuador.cafe_.ambiente.proamazonia.bosques.produccion.italia-600x400.jpg 600w, https:\/\/www.proamazonia.org\/ppr\/wp-content\/uploads\/2022\/06\/15.lavazza.ecuador.cafe_.ambiente.proamazonia.bosques.produccion.italia.jpg 1000w\" sizes=\"auto, (max-width: 494px) 100vw, 494px\" \/> <img loading=\"lazy\" decoding=\"async\" class=\"alignnone wp-image-6683\" src=\"https:\/\/www.proamazonia.org\/wp-content\/uploads\/2022\/06\/4.lavazza.ecuador.cafe_.ambiente.proamazonia.bosques.produccion.italia-300x200.jpg\" alt=\"\" width=\"495\" height=\"330\" srcset=\"https:\/\/www.proamazonia.org\/ppr\/wp-content\/uploads\/2022\/06\/4.lavazza.ecuador.cafe_.ambiente.proamazonia.bosques.produccion.italia-300x200.jpg 300w, https:\/\/www.proamazonia.org\/ppr\/wp-content\/uploads\/2022\/06\/4.lavazza.ecuador.cafe_.ambiente.proamazonia.bosques.produccion.italia-768x512.jpg 768w, https:\/\/www.proamazonia.org\/ppr\/wp-content\/uploads\/2022\/06\/4.lavazza.ecuador.cafe_.ambiente.proamazonia.bosques.produccion.italia-600x400.jpg 600w, https:\/\/www.proamazonia.org\/ppr\/wp-content\/uploads\/2022\/06\/4.lavazza.ecuador.cafe_.ambiente.proamazonia.bosques.produccion.italia.jpg 1000w\" sizes=\"auto, (max-width: 495px) 100vw, 495px\" \/><\/p>\n<p style=\"text-align: center;\"><b><span style=\"font-size: 10.0pt; color: windowtext;\">Fotograf\u00edas:<\/span><\/b><span style=\"font-size: 10.0pt; color: windowtext;\"> Unidad de comunicaci\u00f3n &#8211; PROAmazon\u00eda<br \/>\n<\/span><b><\/b><b><span style=\"font-size: 10.0pt; color: windowtext;\">Descripci\u00f3n:<\/span><\/b><span style=\"font-size: 10.0pt; color: windowtext;\"> <span style=\"font-weight: 400;\">Capacitaci\u00f3n en la empresa Lavazza &#8211; Tur\u00edn<\/span><\/span><\/p>\n<p>&nbsp;<\/p>\n<p style=\"text-align: center;\"><a href=\"https:\/\/youtu.be\/rvuubdZ2PcE\">https:\/\/youtu.be\/rvuubdZ2PcE<\/a><\/p>\n<p><\/p>","protected":false},"excerpt":{"rendered":"<p>Tur\u00edn, 27 de junio de 2022\u00a0 Del 27 al 29 de junio, un grupo de productores de la Amazon\u00eda ecuatoriana participan en una capacitaci\u00f3n dictada por la empresa italiana LAVAZZA, en la ciudad de Tur\u00edn, con el objetivo de fortalecer sus capacidades y fomentar el desarrollo del caf\u00e9 de especialidad en el Ecuador. Esta invitaci\u00f3n fue extendida por LAVAZZA y se enmarca dentro del programa \u201cA Cup of Learning\u201d, a trav\u00e9s de la cual, durante el 2021, m\u00e1s de 50 productores de la Amazon\u00eda ecuatoriana se capacitaron de manera virtual y ampliaron sus conocimientos en \u00e1reas comerciales, de an\u00e1lisis sensorial, organol\u00e9ptico, cataci\u00f3n de caf\u00e9 de especialidad con muestras seleccionadas de varios pa\u00edses, entre otros temas. En esta ocasi\u00f3n, los productores podr\u00e1n completar su formaci\u00f3n, con una visita presencial a la planta de esta empresa. Durante esta gira, se analizar\u00e1n aspectos relacionados al manejo comercial del producto y los productores se reunir\u00e1n con los m\u00e1ximos representantes de esta multinacional. Entre los integrantes de la comitiva, se encuentran delegados de la Federaci\u00f3n de Cafetaleros del Sur del Ecuador (FAPECAFES), organizaci\u00f3n que agrupa a seis asociaciones productivas en la que trabajan 400 familias de las provincias de El Oro, Loja y Zamora. Esta [&hellip;]<\/p>\n","protected":false},"author":2,"featured_media":6682,"comment_status":"closed","ping_status":"closed","sticky":false,"template":"","format":"standard","meta":{"_uf_show_specific_survey":0,"_uf_disable_surveys":false,"footnotes":""},"categories":[3,23,25],"tags":[144,53,42,157,44,67,66],"class_list":["post-6669","post","type-post","status-publish","format-standard","has-post-thumbnail","hentry","category-noticias","category-noticias-home","category-produccion-sostenible","tag-cacao","tag-cafe","tag-ecuador","tag-lavazza","tag-proamazonia","tag-produccion","tag-sostenible"],"aioseo_notices":[],"_links":{"self":[{"href":"https:\/\/www.proamazonia.org\/ppr\/wp-json\/wp\/v2\/posts\/6669","targetHints":{"allow":["GET"]}}],"collection":[{"href":"https:\/\/www.proamazonia.org\/ppr\/wp-json\/wp\/v2\/posts"}],"about":[{"href":"https:\/\/www.proamazonia.org\/ppr\/wp-json\/wp\/v2\/types\/post"}],"author":[{"embeddable":true,"href":"https:\/\/www.proamazonia.org\/ppr\/wp-json\/wp\/v2\/users\/2"}],"replies":[{"embeddable":true,"href":"https:\/\/www.proamazonia.org\/ppr\/wp-json\/wp\/v2\/comments?post=6669"}],"version-history":[{"count":7,"href":"https:\/\/www.proamazonia.org\/ppr\/wp-json\/wp\/v2\/posts\/6669\/revisions"}],"predecessor-version":[{"id":7860,"href":"https:\/\/www.proamazonia.org\/ppr\/wp-json\/wp\/v2\/posts\/6669\/revisions\/7860"}],"wp:featuredmedia":[{"embeddable":true,"href":"https:\/\/www.proamazonia.org\/ppr\/wp-json\/wp\/v2\/media\/6682"}],"wp:attachment":[{"href":"https:\/\/www.proamazonia.org\/ppr\/wp-json\/wp\/v2\/media?parent=6669"}],"wp:term":[{"taxonomy":"category","embeddable":true,"href":"https:\/\/www.proamazonia.org\/ppr\/wp-json\/wp\/v2\/categories?post=6669"},{"taxonomy":"post_tag","embeddable":true,"href":"https:\/\/www.proamazonia.org\/ppr\/wp-json\/wp\/v2\/tags?post=6669"}],"curies":[{"name":"wp","href":"https:\/\/api.w.org\/{rel}","templated":true}]}}