{"id":6763,"date":"2022-08-01T14:57:36","date_gmt":"2022-08-01T19:57:36","guid":{"rendered":"https:\/\/www.proamazonia.org\/?p=6763"},"modified":"2023-04-12T16:14:48","modified_gmt":"2023-04-12T21:14:48","slug":"ecuador-exporta-el-primer-contenedor-de-cafe-amazonico-sostenible-con-mencion-de-libre-de-deforestacion-a-italia","status":"publish","type":"post","link":"https:\/\/www.proamazonia.org\/ppr\/ecuador-exporta-el-primer-contenedor-de-cafe-amazonico-sostenible-con-mencion-de-libre-de-deforestacion-a-italia\/","title":{"rendered":"ECUADOR EXPORTA EL PRIMER CONTENEDOR DE CAF\u00c9 AMAZ\u00d3NICO SOSTENIBLE CON MENCI\u00d3N DE LIBRE DE DEFORESTACI\u00d3N A ITALIA"},"content":{"rendered":"<p>El 29 de julio, en el Puerto de Guayaquil en las instalaciones de CONTECON se llev\u00f3 a cabo la primera exportaci\u00f3n de caf\u00e9 Amaz\u00f3nico sostenible con menci\u00f3n de libre de deforestaci\u00f3n entre la Federaci\u00f3n Regional de Asociaciones de Peque\u00f1os Cafetaleros Ecol\u00f3gicos del Sur (FAPECAFES) y la empresa italiana Lavazza. El hito para los cafetaleros nacionales fue logrado gracias al liderazgo del <a href=\"https:\/\/www.ambiente.gob.ec\/\" target=\"_blank\" rel=\"noopener\">Ministerio del Ambiente, Agua y Transici\u00f3n Ecol\u00f3gica<\/a> (MAATE), el Ministerio de Agricultura y Ganader\u00eda (MAG), a trav\u00e9s de PROAmazon\u00eda; con apoyo del Programa de las Naciones Unidas para el Desarrollo (PNUD).<\/p>\n<p style=\"text-align: center;\"><img loading=\"lazy\" decoding=\"async\" class=\"alignnone wp-image-6768\" src=\"https:\/\/www.proamazonia.org\/wp-content\/uploads\/2022\/08\/1.contenedor.cacao_.cafe_.lavazza.ecuador.proamazonia.ambiente.bosque-300x169.jpg\" alt=\"\" width=\"1077\" height=\"607\" srcset=\"https:\/\/www.proamazonia.org\/ppr\/wp-content\/uploads\/2022\/08\/1.contenedor.cacao_.cafe_.lavazza.ecuador.proamazonia.ambiente.bosque-300x169.jpg 300w, https:\/\/www.proamazonia.org\/ppr\/wp-content\/uploads\/2022\/08\/1.contenedor.cacao_.cafe_.lavazza.ecuador.proamazonia.ambiente.bosque-1024x576.jpg 1024w, https:\/\/www.proamazonia.org\/ppr\/wp-content\/uploads\/2022\/08\/1.contenedor.cacao_.cafe_.lavazza.ecuador.proamazonia.ambiente.bosque-768x432.jpg 768w, https:\/\/www.proamazonia.org\/ppr\/wp-content\/uploads\/2022\/08\/1.contenedor.cacao_.cafe_.lavazza.ecuador.proamazonia.ambiente.bosque-1000x563.jpg 1000w\" sizes=\"auto, (max-width: 1077px) 100vw, 1077px\" \/><\/p>\n<p style=\"text-align: center;\"><b><span style=\"font-size: 10.0pt; color: windowtext;\">Fotograf\u00edas:<\/span><\/b><span style=\"font-size: 10.0pt; color: windowtext;\"> Unidad de comunicaci\u00f3n &#8211; PROAmazon\u00eda<br \/>\n<\/span><b><\/b><b><span style=\"font-size: 10.0pt; color: windowtext;\">Descripci\u00f3n:<\/span><\/b><span style=\"font-size: 10.0pt; color: windowtext;\"> <span style=\"font-weight: 400;\">Evento de exportaci\u00f3n de caf\u00e9 Amaz\u00f3nico sostenible libre de deforestaci\u00f3n<\/span><\/span><\/p>\n<p>La venta del contenedor de 250 sacos de 69 kilos de caf\u00e9 mixto (ar\u00e1biga y robusta) con certificaci\u00f3n org\u00e1nica y de especialidad se realiz\u00f3 en febrero de 2022 y en julio se concret\u00f3 su env\u00edo a Italia. Este lote permitir\u00e1 a los productores acceder a un nuevo nicho de mercado, debido a su alta calidad, sostenibilidad y compromiso con la no-deforestaci\u00f3n. Adem\u00e1s de representar un alto potencial de crecimiento y la mejora de ingresos en el mediano plazo para m\u00e1s de 400 productores de la Amazon\u00eda ecuatoriana y sus familias.<\/p>\n<p>Durante la jornada, la Subsecretaria de cambio clim\u00e1tico, Karina Barrera resalt\u00f3 que este hito forma parte de la estrategia REDD+, una estrategia que tiene el pa\u00eds para la lucha contra la deforestaci\u00f3n. \u201cHoy estamos demostrando al mundo que es posible la producci\u00f3n sostenible y libre de deforestaci\u00f3n\u201d Indic\u00f3 Barrera.<\/p>\n<p>El proceso de exportaci\u00f3n se realiz\u00f3 a trav\u00e9s de FAPECAFES, organizaci\u00f3n que est\u00e1 conformada por seis Asociaciones de Peque\u00f1os Cafetaleros de la regi\u00f3n sur del Ecuador que est\u00e1n ubicados en las provincias de El Oro, Loja y Zamora Chinchipe.\u00a0 Precisamente, para esta venta el 100% de materia prima fue recolectada por la Asociaci\u00f3n Agroartesanal de Productores Ecol\u00f3gicos de Palanda y Chinchipe (APECAP) y la Asociaci\u00f3n de Productores Ecol\u00f3gicos de Caf\u00e9 Org\u00e1nico Cuencas del R\u00edo Mayo (ACRIM), organizaciones que forman parte del piloto de levantamiento de per\u00edmetros de finca que identifican los bosques a conservar y de trazabilidad, que se ha venido impulsando a trav\u00e9s de PROAmazon\u00eda.<\/p>\n<p style=\"text-align: center;\"><img loading=\"lazy\" decoding=\"async\" class=\"alignnone wp-image-6762\" src=\"https:\/\/www.proamazonia.org\/wp-content\/uploads\/2022\/08\/6.contenedor.cacao_.cafe_.lavazza.ecuador.proamazonia.ambiente.bosque-300x169.jpg\" alt=\"\" width=\"522\" height=\"294\" srcset=\"https:\/\/www.proamazonia.org\/ppr\/wp-content\/uploads\/2022\/08\/6.contenedor.cacao_.cafe_.lavazza.ecuador.proamazonia.ambiente.bosque-300x169.jpg 300w, https:\/\/www.proamazonia.org\/ppr\/wp-content\/uploads\/2022\/08\/6.contenedor.cacao_.cafe_.lavazza.ecuador.proamazonia.ambiente.bosque-1024x576.jpg 1024w, https:\/\/www.proamazonia.org\/ppr\/wp-content\/uploads\/2022\/08\/6.contenedor.cacao_.cafe_.lavazza.ecuador.proamazonia.ambiente.bosque-768x432.jpg 768w, https:\/\/www.proamazonia.org\/ppr\/wp-content\/uploads\/2022\/08\/6.contenedor.cacao_.cafe_.lavazza.ecuador.proamazonia.ambiente.bosque-1000x563.jpg 1000w, https:\/\/www.proamazonia.org\/ppr\/wp-content\/uploads\/2022\/08\/6.contenedor.cacao_.cafe_.lavazza.ecuador.proamazonia.ambiente.bosque.jpg 1200w\" sizes=\"auto, (max-width: 522px) 100vw, 522px\" \/> <img loading=\"lazy\" decoding=\"async\" class=\"alignnone wp-image-6764\" src=\"https:\/\/www.proamazonia.org\/wp-content\/uploads\/2022\/08\/5.contenedor.cacao_.cafe_.lavazza.ecuador.proamazonia.ambiente.bosque-300x169.jpg\" alt=\"\" width=\"522\" height=\"294\" srcset=\"https:\/\/www.proamazonia.org\/ppr\/wp-content\/uploads\/2022\/08\/5.contenedor.cacao_.cafe_.lavazza.ecuador.proamazonia.ambiente.bosque-300x169.jpg 300w, https:\/\/www.proamazonia.org\/ppr\/wp-content\/uploads\/2022\/08\/5.contenedor.cacao_.cafe_.lavazza.ecuador.proamazonia.ambiente.bosque-1024x576.jpg 1024w, https:\/\/www.proamazonia.org\/ppr\/wp-content\/uploads\/2022\/08\/5.contenedor.cacao_.cafe_.lavazza.ecuador.proamazonia.ambiente.bosque-768x432.jpg 768w, https:\/\/www.proamazonia.org\/ppr\/wp-content\/uploads\/2022\/08\/5.contenedor.cacao_.cafe_.lavazza.ecuador.proamazonia.ambiente.bosque-1000x563.jpg 1000w, https:\/\/www.proamazonia.org\/ppr\/wp-content\/uploads\/2022\/08\/5.contenedor.cacao_.cafe_.lavazza.ecuador.proamazonia.ambiente.bosque.jpg 1200w\" sizes=\"auto, (max-width: 522px) 100vw, 522px\" \/><\/p>\n<p style=\"text-align: center;\"><b><span style=\"font-size: 10.0pt; color: windowtext;\">Fotograf\u00edas:<\/span><\/b><span style=\"font-size: 10.0pt; color: windowtext;\"> Unidad de comunicaci\u00f3n &#8211; PROAmazon\u00eda<br \/>\n<\/span><b><\/b><b><span style=\"font-size: 10.0pt; color: windowtext;\">Descripci\u00f3n:<\/span><\/b><span style=\"font-size: 10.0pt; color: windowtext;\"> <span style=\"font-weight: 400;\">Evento de exportaci\u00f3n de caf\u00e9 Amaz\u00f3nico sostenible libre de deforestaci\u00f3n<\/span><\/span><\/p>\n<p>Las asociaciones de APECAP y ACRIM son parte del piloto de trazabilidad de producci\u00f3n libre de deforestaci\u00f3n, el cual incluye el uso de una herramienta tecnol\u00f3gica con c\u00f3digo abierto y que utiliza tel\u00e9fonos celulares para mapear los per\u00edmetros de finca de cada productor e identificar las \u00e1reas de bosque que se propone conservar.<\/p>\n<p>El se\u00f1or Harvey Merino, representante de FAPECAF\u00c9S indic\u00f3 a nombre de sus compa\u00f1eros que est\u00e1n comprometidos con una producci\u00f3n libre de deforestaci\u00f3n. \u201cDesde la cuna del cacao, caf\u00e9 y miel de abeja, Zamora, tierra de gente valiente, representamos a los productores que luchan en el campo. Traigo este mensaje de compromiso para mantenernos en la producci\u00f3n sostenible y libre de deforestaci\u00f3n. Esto es un reflejo del trabajo conjunto, el gobierno y sus carteras de estado y nosotros como productores que nos hemos organizado y hemos demostrado que podemos hacer cambios en el sistema agr\u00edcola productivo\u201d.<\/p>\n<p>A su vez, la iniciativa se realiza en el marco del Memorando de Entendimiento (MOU) suscrito a inicios del 2019, entre PNUD y Lavazza, donde Ecuador seleccionado como pa\u00eds piloto, debido a los avances generados en la reducci\u00f3n de la deforestaci\u00f3n y en la voluntad para trabajar en la producci\u00f3n de un caf\u00e9 libre de deforestaci\u00f3n. Durante el 2021, con el apoyo de PROAmazon\u00eda, se enviaron varias muestras de caf\u00e9 a Italia y en diciembre de ese mismo a\u00f1o, se confirm\u00f3 el inter\u00e9s de iniciar la negociaci\u00f3n para la compra de un contenedor de caf\u00e9 amaz\u00f3nico bajo monitoreo de conservaci\u00f3n de los bosques.<\/p>\n<p>La venta a Lavazza marca un hito a nivel nacional e internacional, al constituir una iniciativa pionera del Ecuador de producci\u00f3n sostenible y libre de deforestaci\u00f3n con enfoque en la reducci\u00f3n de emisiones de gases de efecto invernadero causadas por la deforestaci\u00f3n y la degradaci\u00f3n forestal (REDD+).<\/p>\n<p style=\"text-align: center;\"><img loading=\"lazy\" decoding=\"async\" class=\"alignnone wp-image-6774\" src=\"https:\/\/www.proamazonia.org\/wp-content\/uploads\/2022\/08\/7.contenedor.cacao_.cafe_.lavazza.ecuador.proamazonia.ambiente.bosque-300x200.jpg\" alt=\"\" width=\"483\" height=\"322\" srcset=\"https:\/\/www.proamazonia.org\/ppr\/wp-content\/uploads\/2022\/08\/7.contenedor.cacao_.cafe_.lavazza.ecuador.proamazonia.ambiente.bosque-300x200.jpg 300w, https:\/\/www.proamazonia.org\/ppr\/wp-content\/uploads\/2022\/08\/7.contenedor.cacao_.cafe_.lavazza.ecuador.proamazonia.ambiente.bosque-1024x683.jpg 1024w, https:\/\/www.proamazonia.org\/ppr\/wp-content\/uploads\/2022\/08\/7.contenedor.cacao_.cafe_.lavazza.ecuador.proamazonia.ambiente.bosque-768x512.jpg 768w, https:\/\/www.proamazonia.org\/ppr\/wp-content\/uploads\/2022\/08\/7.contenedor.cacao_.cafe_.lavazza.ecuador.proamazonia.ambiente.bosque-600x400.jpg 600w, https:\/\/www.proamazonia.org\/ppr\/wp-content\/uploads\/2022\/08\/7.contenedor.cacao_.cafe_.lavazza.ecuador.proamazonia.ambiente.bosque.jpg 1200w\" sizes=\"auto, (max-width: 483px) 100vw, 483px\" \/> <img loading=\"lazy\" decoding=\"async\" class=\"alignnone wp-image-6767\" src=\"https:\/\/www.proamazonia.org\/wp-content\/uploads\/2022\/08\/2.contenedor.cacao_.cafe_.lavazza.ecuador.proamazonia.ambiente.bosque-300x169.jpg\" alt=\"\" width=\"555\" height=\"313\" srcset=\"https:\/\/www.proamazonia.org\/ppr\/wp-content\/uploads\/2022\/08\/2.contenedor.cacao_.cafe_.lavazza.ecuador.proamazonia.ambiente.bosque-300x169.jpg 300w, https:\/\/www.proamazonia.org\/ppr\/wp-content\/uploads\/2022\/08\/2.contenedor.cacao_.cafe_.lavazza.ecuador.proamazonia.ambiente.bosque-768x432.jpg 768w, https:\/\/www.proamazonia.org\/ppr\/wp-content\/uploads\/2022\/08\/2.contenedor.cacao_.cafe_.lavazza.ecuador.proamazonia.ambiente.bosque.jpg 1000w\" sizes=\"auto, (max-width: 555px) 100vw, 555px\" \/><\/p>\n<p style=\"text-align: center;\"><b><span style=\"font-size: 10.0pt; color: windowtext;\">Fotograf\u00edas:<\/span><\/b><span style=\"font-size: 10.0pt; color: windowtext;\"> Unidad de comunicaci\u00f3n &#8211; PROAmazon\u00eda<br \/>\n<\/span><b><\/b><b><span style=\"font-size: 10.0pt; color: windowtext;\">Descripci\u00f3n:<\/span><\/b><span style=\"font-size: 10.0pt; color: windowtext;\"> <span style=\"font-weight: 400;\">Evento de exportaci\u00f3n de caf\u00e9 Amaz\u00f3nico sostenible libre de deforestaci\u00f3n<\/span><\/span><\/p>\n<p>\u201cExportar caf\u00e9 al mundo no es nada f\u00e1cil, involucra una log\u00edstica enorme y es nuestro esfuerzo como Ministerio de Agricultura y Ganader\u00eda, que estos productores puedan asociarse, puedan acceder a cr\u00e9ditos a mediano y largo plazo y que sean rentables. Este es un hito en la agricultura del Ecuador. Hoy estamos exportando caf\u00e9 y en dos a\u00f1os tendremos que tener a todos nuestros productos certificados de que no afectan al medio ambiente ni talan nuestros bosques, manifest\u00f3 el se\u00f1or Juan Pablo Trujillo Director Comercial de MAG.<\/p>\n<p>El Viceministro de Ambiente, el se\u00f1or Jos\u00e9 Antonio D\u00e1valos Hern\u00e1ndez concluy\u00f3 el evento resaltando que la estrategia REDD+ es una pol\u00edtica p\u00fablica que adem\u00e1s de conservar y restaurar los bosques, genera una oportunidad econ\u00f3mica, social e incluso cultural para las poblaciones que viven en los bosques. \u201cHoy es un d\u00eda memorable, es la primera exportaci\u00f3n de caf\u00e9 amaz\u00f3nico ecuatoriano sostenible y que tiene una menci\u00f3n en libre de deforestaci\u00f3n. Es realmente un d\u00eda especial, que manda un mensaje claro al mundo, Ecuador es un pa\u00eds productivo, agr\u00edcola y comprometido con la conservaci\u00f3n\u201d.<\/p>\n<p>Desde Ecuador se busca que los peque\u00f1os agricultores logren participar activamente en procesos de producci\u00f3n sostenible, acompa\u00f1ados de empresas que les orienten a mejorar su calidad, productividad y generar un mejor precio. De esta manera, los productores encuentran un est\u00edmulo al participar en el mercado internacional que reconoce sus esfuerzos de conservaci\u00f3n de los bosques, por lo que consolidan su compromiso de una producci\u00f3n sostenible y libre de deforestaci\u00f3n.<\/p>\n<p style=\"text-align: center;\"><img loading=\"lazy\" decoding=\"async\" class=\"alignnone wp-image-6769\" src=\"https:\/\/www.proamazonia.org\/wp-content\/uploads\/2022\/08\/contenedor.cacao_.cafe_.lavazza.ecuador.proamazonia.ambiente.bosque-300x169.jpg\" alt=\"\" width=\"513\" height=\"289\" srcset=\"https:\/\/www.proamazonia.org\/ppr\/wp-content\/uploads\/2022\/08\/contenedor.cacao_.cafe_.lavazza.ecuador.proamazonia.ambiente.bosque-300x169.jpg 300w, https:\/\/www.proamazonia.org\/ppr\/wp-content\/uploads\/2022\/08\/contenedor.cacao_.cafe_.lavazza.ecuador.proamazonia.ambiente.bosque-1024x576.jpg 1024w, https:\/\/www.proamazonia.org\/ppr\/wp-content\/uploads\/2022\/08\/contenedor.cacao_.cafe_.lavazza.ecuador.proamazonia.ambiente.bosque-768x432.jpg 768w, https:\/\/www.proamazonia.org\/ppr\/wp-content\/uploads\/2022\/08\/contenedor.cacao_.cafe_.lavazza.ecuador.proamazonia.ambiente.bosque-1000x563.jpg 1000w, https:\/\/www.proamazonia.org\/ppr\/wp-content\/uploads\/2022\/08\/contenedor.cacao_.cafe_.lavazza.ecuador.proamazonia.ambiente.bosque.jpg 1400w\" sizes=\"auto, (max-width: 513px) 100vw, 513px\" \/> <img loading=\"lazy\" decoding=\"async\" class=\"alignnone wp-image-6766\" src=\"https:\/\/www.proamazonia.org\/wp-content\/uploads\/2022\/08\/3.contenedor.cacao_.cafe_.lavazza.ecuador.proamazonia.ambiente.bosque-300x169.jpg\" alt=\"\" width=\"508\" height=\"286\" srcset=\"https:\/\/www.proamazonia.org\/ppr\/wp-content\/uploads\/2022\/08\/3.contenedor.cacao_.cafe_.lavazza.ecuador.proamazonia.ambiente.bosque-300x169.jpg 300w, https:\/\/www.proamazonia.org\/ppr\/wp-content\/uploads\/2022\/08\/3.contenedor.cacao_.cafe_.lavazza.ecuador.proamazonia.ambiente.bosque-768x432.jpg 768w, https:\/\/www.proamazonia.org\/ppr\/wp-content\/uploads\/2022\/08\/3.contenedor.cacao_.cafe_.lavazza.ecuador.proamazonia.ambiente.bosque.jpg 1000w\" sizes=\"auto, (max-width: 508px) 100vw, 508px\" \/><\/p>\n<p style=\"text-align: center;\"><b><span style=\"font-size: 10.0pt; color: windowtext;\">Fotograf\u00edas:<\/span><\/b><span style=\"font-size: 10.0pt; color: windowtext;\"> Unidad de comunicaci\u00f3n &#8211; PROAmazon\u00eda<br \/>\n<\/span><b><\/b><b><span style=\"font-size: 10.0pt; color: windowtext;\">Descripci\u00f3n:<\/span><\/b><span style=\"font-size: 10.0pt; color: windowtext;\"> <span style=\"font-weight: 400;\">Evento de exportaci\u00f3n de caf\u00e9 Amaz\u00f3nico sostenible libre de deforestaci\u00f3n<\/span><\/span><\/p>\n<p>Al evento acudieron: Jos\u00e9 Antonio D\u00e1valos Hern\u00e1ndez, Viceministro (e) Ministerio del Ambiente, Agua y Transici\u00f3n Ecol\u00f3gica, Oscar Torre, Subsecretario de Comercializaci\u00f3n del Ministerio de Agricultura y Ganader\u00eda, Pablo Rizzo, Presidente del Directorio de Autoridad Portuaria de Guayaquil, Karina Barrera, Subsecretaria de Cambio Clim\u00e1tico del Ministerio del Ambiente, Agua y Transici\u00f3n Ecol\u00f3gica, Mario Rodas, Responsable (e) del \u00c1rea de Ambiente y Energ\u00eda del PNUD, Patricia Serrano, Gerente de PROAmazon\u00eda, Juan Pablo Trujillo Director Comercial de CONTECON y Harvey Merino, Presidente de APECAP y Miembro de la Junta Directiva de FAPECAF\u00c9S.<\/p>\n<p><strong>Datos Importantes:<\/strong><\/p>\n<ul>\n<li>FAPECAFES naci\u00f3 en el 2002, cuando siete asociaciones de peque\u00f1os productores de caf\u00e9 de diferentes zonas en el sur de Ecuador se unieron con el objetivo de acumular un volumen suficiente para la exportaci\u00f3n y para amplificar su poder de negociaci\u00f3n con los importadores y tostadores internacionales.<br \/>\nLa organizaci\u00f3n est\u00e1 compuesta por 1.200 familias de productores y productoras organizados en asociaciones de base como:<\/li>\n<\/ul>\n<ul>\n<li style=\"list-style-type: none;\">\n<ul>\n<li>Asociaci\u00f3n Agroartesanal De Productores Ecol\u00f3gicos De Caf\u00e9 Especial del Cant\u00f3n Loja (APECAEL)<\/li>\n<li>Asociaci\u00f3n Agroartesanal de Productores de Caf\u00e9 de Altura Puyango (PROCAP)<\/li>\n<li>Asociaci\u00f3n de Peque\u00f1os Exportadores de Caf\u00e9 Especial de Marcabel\u00ed (APECAM) Asociaci\u00f3n Agroartesanal de Productores de Caf\u00e9 de Altura de Esp\u00edndola y Quilanga (PROCAFEQ)<\/li>\n<li>Asociaci\u00f3n Agroartesanal de Productores Ecol\u00f3gicos de Palanda y Chinchipe (APECAP)<\/li>\n<li>Asociaci\u00f3n de Productores Ecol\u00f3gicos de Caf\u00e9 Org\u00e1nico Cuencas del Rio Mayo (ACRIM)<\/li>\n<\/ul>\n<\/li>\n<li>Entre el 22 y 24 de septiembre del 2021, se dictaron una serie de capacitaciones virtuales dirigidas a m\u00e1s de 50 productores de caf\u00e9 amaz\u00f3nico, con expertos de Lavazza, en las que se abordaron temas relevantes para el sector de caf\u00e9, como tendencias del mercado global, log\u00edstica. Esto superando las barreras de la virtualidad, adem\u00e1s se desarroll\u00f3 un m\u00f3dulo sobre an\u00e1lisis sensorial mediante una cata de caf\u00e9.<br \/>\nAs\u00ed tambi\u00e9n, del 27 al 29 de junio e 2022, en el Centro de Innovaci\u00f3n de Lavazza (Torino- Italia), una delegaci\u00f3n conformada por productores de caf\u00e9, el Ministerio del Ambiente, Agua y Transici\u00f3n Ecol\u00f3gica y PROAmazon\u00eda participaron en un taller presencial en el que se capacit\u00f3 en \u00e1reas de cataci\u00f3n, selecci\u00f3n de caf\u00e9 y preparaci\u00f3n de las mismas.<\/li>\n<li>PROAmazon\u00eda ha apoyado en la implementaci\u00f3n de 12 Escuelas de Campo con un grupo de 223 productores de APECAP y ACRIM, quienes recibieron capacitaci\u00f3n en tem\u00e1ticas productivas, ambientales, comerciales y de cooperativismo. As\u00ed tambi\u00e9n; 2 Centros de Acopio han sido repotenciados (Centros para APECAP y ACRIM &#8211; infraestructura de post cosecha) con el objetivo de mantener la calidad del caf\u00e9 producido y mejorar su procesamiento.<\/li>\n<\/ul>\n<p style=\"text-align: center;\"><img loading=\"lazy\" decoding=\"async\" class=\"alignnone wp-image-6773\" src=\"https:\/\/www.proamazonia.org\/wp-content\/uploads\/2022\/08\/8.contenedor.cacao_.cafe_.lavazza.ecuador.proamazonia.ambiente.bosque-300x200.jpg\" alt=\"\" width=\"504\" height=\"336\" srcset=\"https:\/\/www.proamazonia.org\/ppr\/wp-content\/uploads\/2022\/08\/8.contenedor.cacao_.cafe_.lavazza.ecuador.proamazonia.ambiente.bosque-300x200.jpg 300w, https:\/\/www.proamazonia.org\/ppr\/wp-content\/uploads\/2022\/08\/8.contenedor.cacao_.cafe_.lavazza.ecuador.proamazonia.ambiente.bosque-768x512.jpg 768w, https:\/\/www.proamazonia.org\/ppr\/wp-content\/uploads\/2022\/08\/8.contenedor.cacao_.cafe_.lavazza.ecuador.proamazonia.ambiente.bosque-600x400.jpg 600w, https:\/\/www.proamazonia.org\/ppr\/wp-content\/uploads\/2022\/08\/8.contenedor.cacao_.cafe_.lavazza.ecuador.proamazonia.ambiente.bosque.jpg 1000w\" sizes=\"auto, (max-width: 504px) 100vw, 504px\" \/> <img loading=\"lazy\" decoding=\"async\" class=\"alignnone wp-image-6772\" src=\"https:\/\/www.proamazonia.org\/wp-content\/uploads\/2022\/08\/9.contenedor.cacao_.cafe_.lavazza.ecuador.proamazonia.ambiente.bosque-300x200.jpg\" alt=\"\" width=\"512\" height=\"341\" srcset=\"https:\/\/www.proamazonia.org\/ppr\/wp-content\/uploads\/2022\/08\/9.contenedor.cacao_.cafe_.lavazza.ecuador.proamazonia.ambiente.bosque-300x200.jpg 300w, https:\/\/www.proamazonia.org\/ppr\/wp-content\/uploads\/2022\/08\/9.contenedor.cacao_.cafe_.lavazza.ecuador.proamazonia.ambiente.bosque-768x512.jpg 768w, https:\/\/www.proamazonia.org\/ppr\/wp-content\/uploads\/2022\/08\/9.contenedor.cacao_.cafe_.lavazza.ecuador.proamazonia.ambiente.bosque-600x400.jpg 600w, https:\/\/www.proamazonia.org\/ppr\/wp-content\/uploads\/2022\/08\/9.contenedor.cacao_.cafe_.lavazza.ecuador.proamazonia.ambiente.bosque.jpg 1000w\" sizes=\"auto, (max-width: 512px) 100vw, 512px\" \/><br \/>\n<img loading=\"lazy\" decoding=\"async\" class=\"alignnone wp-image-6771\" src=\"https:\/\/www.proamazonia.org\/wp-content\/uploads\/2022\/08\/10.contenedor.cacao_.cafe_.lavazza.ecuador.proamazonia.ambiente.bosque-300x200.jpg\" alt=\"\" width=\"499\" height=\"332\" srcset=\"https:\/\/www.proamazonia.org\/ppr\/wp-content\/uploads\/2022\/08\/10.contenedor.cacao_.cafe_.lavazza.ecuador.proamazonia.ambiente.bosque-300x200.jpg 300w, https:\/\/www.proamazonia.org\/ppr\/wp-content\/uploads\/2022\/08\/10.contenedor.cacao_.cafe_.lavazza.ecuador.proamazonia.ambiente.bosque-768x512.jpg 768w, https:\/\/www.proamazonia.org\/ppr\/wp-content\/uploads\/2022\/08\/10.contenedor.cacao_.cafe_.lavazza.ecuador.proamazonia.ambiente.bosque-600x400.jpg 600w, https:\/\/www.proamazonia.org\/ppr\/wp-content\/uploads\/2022\/08\/10.contenedor.cacao_.cafe_.lavazza.ecuador.proamazonia.ambiente.bosque.jpg 1000w\" sizes=\"auto, (max-width: 499px) 100vw, 499px\" \/> <img loading=\"lazy\" decoding=\"async\" class=\"alignnone wp-image-6770\" src=\"https:\/\/www.proamazonia.org\/wp-content\/uploads\/2022\/08\/11.contenedor.cacao_.cafe_.lavazza.ecuador.proamazonia.ambiente.bosque-300x200.jpg\" alt=\"\" width=\"505\" height=\"336\" srcset=\"https:\/\/www.proamazonia.org\/ppr\/wp-content\/uploads\/2022\/08\/11.contenedor.cacao_.cafe_.lavazza.ecuador.proamazonia.ambiente.bosque-300x200.jpg 300w, https:\/\/www.proamazonia.org\/ppr\/wp-content\/uploads\/2022\/08\/11.contenedor.cacao_.cafe_.lavazza.ecuador.proamazonia.ambiente.bosque-1024x683.jpg 1024w, https:\/\/www.proamazonia.org\/ppr\/wp-content\/uploads\/2022\/08\/11.contenedor.cacao_.cafe_.lavazza.ecuador.proamazonia.ambiente.bosque-768x512.jpg 768w, https:\/\/www.proamazonia.org\/ppr\/wp-content\/uploads\/2022\/08\/11.contenedor.cacao_.cafe_.lavazza.ecuador.proamazonia.ambiente.bosque-600x400.jpg 600w, https:\/\/www.proamazonia.org\/ppr\/wp-content\/uploads\/2022\/08\/11.contenedor.cacao_.cafe_.lavazza.ecuador.proamazonia.ambiente.bosque.jpg 1200w\" sizes=\"auto, (max-width: 505px) 100vw, 505px\" \/><\/p>\n<p style=\"text-align: center;\"><b><span style=\"font-size: 10.0pt; color: windowtext;\">Fotograf\u00edas:<\/span><\/b><span style=\"font-size: 10.0pt; color: windowtext;\"> Unidad de comunicaci\u00f3n &#8211; PROAmazon\u00eda<br \/>\n<\/span><b><\/b><b><span style=\"font-size: 10.0pt; color: windowtext;\">Descripci\u00f3n:<\/span><\/b><span style=\"font-size: 10.0pt; color: windowtext;\"> <span style=\"font-weight: 400;\">Productores de caf\u00e9<\/span><\/span><\/p>\n<p><\/p>","protected":false},"excerpt":{"rendered":"<p>El 29 de julio, en el Puerto de Guayaquil en las instalaciones de CONTECON se llev\u00f3 a cabo la primera exportaci\u00f3n de caf\u00e9 Amaz\u00f3nico sostenible con menci\u00f3n de libre de deforestaci\u00f3n entre la Federaci\u00f3n Regional de Asociaciones de Peque\u00f1os Cafetaleros Ecol\u00f3gicos del Sur (FAPECAFES) y la empresa italiana Lavazza. El hito para los cafetaleros nacionales fue logrado gracias al liderazgo del Ministerio del Ambiente, Agua y Transici\u00f3n Ecol\u00f3gica (MAATE), el Ministerio de Agricultura y Ganader\u00eda (MAG), a trav\u00e9s de PROAmazon\u00eda; con apoyo del Programa de las Naciones Unidas para el Desarrollo (PNUD). Fotograf\u00edas: Unidad de comunicaci\u00f3n &#8211; PROAmazon\u00eda Descripci\u00f3n: Evento de exportaci\u00f3n de caf\u00e9 Amaz\u00f3nico sostenible libre de deforestaci\u00f3n La venta del contenedor de 250 sacos de 69 kilos de caf\u00e9 mixto (ar\u00e1biga y robusta) con certificaci\u00f3n org\u00e1nica y de especialidad se realiz\u00f3 en febrero de 2022 y en julio se concret\u00f3 su env\u00edo a Italia. Este lote permitir\u00e1 a los productores acceder a un nuevo nicho de mercado, debido a su alta calidad, sostenibilidad y compromiso con la no-deforestaci\u00f3n. Adem\u00e1s de representar un alto potencial de crecimiento y la mejora de ingresos en el mediano plazo para m\u00e1s de 400 productores de la Amazon\u00eda ecuatoriana y sus familias. Durante [&hellip;]<\/p>\n","protected":false},"author":2,"featured_media":6765,"comment_status":"open","ping_status":"open","sticky":false,"template":"","format":"standard","meta":{"_uf_show_specific_survey":0,"_uf_disable_surveys":false,"footnotes":""},"categories":[3,23,25],"tags":[144,53,107,42,206,157,214,44],"class_list":["post-6763","post","type-post","status-publish","format-standard","has-post-thumbnail","hentry","category-noticias","category-noticias-home","category-produccion-sostenible","tag-cacao","tag-cafe","tag-deforestacion","tag-ecuador","tag-exportacion","tag-lavazza","tag-linbre","tag-proamazonia"],"aioseo_notices":[],"_links":{"self":[{"href":"https:\/\/www.proamazonia.org\/ppr\/wp-json\/wp\/v2\/posts\/6763","targetHints":{"allow":["GET"]}}],"collection":[{"href":"https:\/\/www.proamazonia.org\/ppr\/wp-json\/wp\/v2\/posts"}],"about":[{"href":"https:\/\/www.proamazonia.org\/ppr\/wp-json\/wp\/v2\/types\/post"}],"author":[{"embeddable":true,"href":"https:\/\/www.proamazonia.org\/ppr\/wp-json\/wp\/v2\/users\/2"}],"replies":[{"embeddable":true,"href":"https:\/\/www.proamazonia.org\/ppr\/wp-json\/wp\/v2\/comments?post=6763"}],"version-history":[{"count":6,"href":"https:\/\/www.proamazonia.org\/ppr\/wp-json\/wp\/v2\/posts\/6763\/revisions"}],"predecessor-version":[{"id":7290,"href":"https:\/\/www.proamazonia.org\/ppr\/wp-json\/wp\/v2\/posts\/6763\/revisions\/7290"}],"wp:featuredmedia":[{"embeddable":true,"href":"https:\/\/www.proamazonia.org\/ppr\/wp-json\/wp\/v2\/media\/6765"}],"wp:attachment":[{"href":"https:\/\/www.proamazonia.org\/ppr\/wp-json\/wp\/v2\/media?parent=6763"}],"wp:term":[{"taxonomy":"category","embeddable":true,"href":"https:\/\/www.proamazonia.org\/ppr\/wp-json\/wp\/v2\/categories?post=6763"},{"taxonomy":"post_tag","embeddable":true,"href":"https:\/\/www.proamazonia.org\/ppr\/wp-json\/wp\/v2\/tags?post=6763"}],"curies":[{"name":"wp","href":"https:\/\/api.w.org\/{rel}","templated":true}]}}