{"id":6909,"date":"2022-10-26T16:18:31","date_gmt":"2022-10-26T21:18:31","guid":{"rendered":"https:\/\/www.proamazonia.org\/?p=6909"},"modified":"2023-04-12T16:52:44","modified_gmt":"2023-04-12T21:52:44","slug":"la-amazonia-recibio-al-grupo-lavazza","status":"publish","type":"post","link":"https:\/\/www.proamazonia.org\/ppr\/la-amazonia-recibio-al-grupo-lavazza\/","title":{"rendered":"La Amazon\u00eda recibi\u00f3 al Grupo Lavazza"},"content":{"rendered":"<p>La semana del 17 al 21 de octubre representantes del Grupo Lavazza visitaron Ecuador. Durante estos d\u00edas, Ver\u00f3nica Rossi, Gerente de Sostenibilidad y Relaciones Institucionales; Carolina Guercio, Especialista de Proyectos y Relaciones Institucionales y Michele Pulcher, Entrenador y Barista de Lavazza junto a autoridades del Ministerio del Ambiente, Agua y Transici\u00f3n Ecol\u00f3gica (MAATE), el Ministerio de Agricultura y Ganader\u00eda (MAG), la Gerencia, el equipo t\u00e9cnico de PROAmazon\u00eda y representantes de PNUD Ecuador y regional mantuvieron reuniones en \u00a0Quito y realizaron un recorrido por los cafetales de Zamora Chinchipe.<\/p>\n<p style=\"text-align: center;\"><img loading=\"lazy\" decoding=\"async\" class=\"alignnone wp-image-6917\" src=\"https:\/\/www.proamazonia.org\/wp-content\/uploads\/2022\/10\/2.Lavazza.ecuador.bosques.deforestacion.libre_.proamazonia.conservacion-300x200.jpg\" alt=\"\" width=\"521\" height=\"347\" srcset=\"https:\/\/www.proamazonia.org\/ppr\/wp-content\/uploads\/2022\/10\/2.Lavazza.ecuador.bosques.deforestacion.libre_.proamazonia.conservacion-300x200.jpg 300w, https:\/\/www.proamazonia.org\/ppr\/wp-content\/uploads\/2022\/10\/2.Lavazza.ecuador.bosques.deforestacion.libre_.proamazonia.conservacion-1024x684.jpg 1024w, https:\/\/www.proamazonia.org\/ppr\/wp-content\/uploads\/2022\/10\/2.Lavazza.ecuador.bosques.deforestacion.libre_.proamazonia.conservacion-768x513.jpg 768w, https:\/\/www.proamazonia.org\/ppr\/wp-content\/uploads\/2022\/10\/2.Lavazza.ecuador.bosques.deforestacion.libre_.proamazonia.conservacion-600x400.jpg 600w, https:\/\/www.proamazonia.org\/ppr\/wp-content\/uploads\/2022\/10\/2.Lavazza.ecuador.bosques.deforestacion.libre_.proamazonia.conservacion.jpg 1200w\" sizes=\"auto, (max-width: 521px) 100vw, 521px\" \/> \u00a0<img loading=\"lazy\" decoding=\"async\" class=\"alignnone wp-image-6915\" src=\"https:\/\/www.proamazonia.org\/wp-content\/uploads\/2022\/10\/4.Lavazza.ecuador.bosques.deforestacion.libre_.proamazonia.conservacion-300x200.jpg\" alt=\"\" width=\"520\" height=\"346\" srcset=\"https:\/\/www.proamazonia.org\/ppr\/wp-content\/uploads\/2022\/10\/4.Lavazza.ecuador.bosques.deforestacion.libre_.proamazonia.conservacion-300x200.jpg 300w, https:\/\/www.proamazonia.org\/ppr\/wp-content\/uploads\/2022\/10\/4.Lavazza.ecuador.bosques.deforestacion.libre_.proamazonia.conservacion-1024x683.jpg 1024w, https:\/\/www.proamazonia.org\/ppr\/wp-content\/uploads\/2022\/10\/4.Lavazza.ecuador.bosques.deforestacion.libre_.proamazonia.conservacion-768x512.jpg 768w, https:\/\/www.proamazonia.org\/ppr\/wp-content\/uploads\/2022\/10\/4.Lavazza.ecuador.bosques.deforestacion.libre_.proamazonia.conservacion-600x400.jpg 600w, https:\/\/www.proamazonia.org\/ppr\/wp-content\/uploads\/2022\/10\/4.Lavazza.ecuador.bosques.deforestacion.libre_.proamazonia.conservacion.jpg 1100w\" sizes=\"auto, (max-width: 520px) 100vw, 520px\" \/><\/p>\n<p style=\"text-align: center;\"><b><span style=\"font-size: 10.0pt; color: windowtext;\">Fotograf\u00edas:<\/span><\/b><span style=\"font-size: 10.0pt; color: windowtext;\"> Unidad de comunicaci\u00f3n &#8211; PROAmazon\u00eda<br \/>\n<\/span><b><\/b><b><span style=\"font-size: 10.0pt; color: windowtext;\">Descripci\u00f3n:<\/span><\/b><span style=\"font-size: 10.0pt; color: windowtext;\"> Visita Grupo Lavazza.<\/span><\/p>\n<p>En esta oportunidad, las carteras de estado de Ambiente y Agricultura generaron una agenda de trabajo para tratar temas relacionados a la producci\u00f3n sostenible y libre de deforestaci\u00f3n.<\/p>\n<p>A lo largo de tres a\u00f1os, en una alianza \u00fanica entre el sector empresarial y el Gobierno Nacional con el apoyo de la cooperaci\u00f3n internacional, Lavazza ha contribuido de manera significativa a la consolidaci\u00f3n de la pol\u00edtica REDD+ en Ecuador, una estrategia para combatir el cambio clim\u00e1tico y conservar los bosques. Esta empresa italiana ha participado en la definici\u00f3n y est\u00e1ndar nacional de producci\u00f3n sostenible y libre de deforestaci\u00f3n, con su activa colaboraci\u00f3n en las consultas p\u00fablicas lideradas por el MAATE y el MAG.<\/p>\n<p>Tambi\u00e9n, ha contribuido junto con PNUD en un plan de intercambio de experiencias y capacitaciones a nivel de t\u00e9cnicos de los Ministerios, PROAmazon\u00eda y de los productores de caf\u00e9 de la Amazon\u00eda ecuatoriana. Adicionalmente, en julio de 2022 se realiz\u00f3 la exportaci\u00f3n del primer contenedor de 17 toneladas de caf\u00e9 ar\u00e1biga con menci\u00f3n en producci\u00f3n sostenible y libre de deforestaci\u00f3n del Ecuador a LAVAZZA, proveniente de dos organizaciones zamoranas: APECAP y ACRIM.<\/p>\n<p>\u201cEstamos felices de tener esta visita en Ecuador\u201d, sostuvo Karina Barrera, Subsecretaria de Cambio Clim\u00e1tico, quien resalt\u00f3 la importancia de estas alianzas comerciales, como incentivo para promover la producci\u00f3n sostenible y libre de deforestaci\u00f3n \u201cEsto tiene gran impacto en la conservaci\u00f3n de bosques de nuestro pa\u00eds\u201d enfatiz\u00f3.<\/p>\n<p><img loading=\"lazy\" decoding=\"async\" class=\"alignnone wp-image-6912 aligncenter\" src=\"https:\/\/www.proamazonia.org\/wp-content\/uploads\/2022\/10\/7.Lavazza.ecuador.bosques.deforestacion.libre_.proamazonia.conservacion-300x131.jpg\" alt=\"\" width=\"639\" height=\"279\" srcset=\"https:\/\/www.proamazonia.org\/ppr\/wp-content\/uploads\/2022\/10\/7.Lavazza.ecuador.bosques.deforestacion.libre_.proamazonia.conservacion-300x131.jpg 300w, https:\/\/www.proamazonia.org\/ppr\/wp-content\/uploads\/2022\/10\/7.Lavazza.ecuador.bosques.deforestacion.libre_.proamazonia.conservacion-1024x446.jpg 1024w, https:\/\/www.proamazonia.org\/ppr\/wp-content\/uploads\/2022\/10\/7.Lavazza.ecuador.bosques.deforestacion.libre_.proamazonia.conservacion-768x335.jpg 768w, https:\/\/www.proamazonia.org\/ppr\/wp-content\/uploads\/2022\/10\/7.Lavazza.ecuador.bosques.deforestacion.libre_.proamazonia.conservacion.jpg 1280w\" sizes=\"auto, (max-width: 639px) 100vw, 639px\" \/><\/p>\n<p><img loading=\"lazy\" decoding=\"async\" class=\"alignnone wp-image-6911 aligncenter\" src=\"https:\/\/www.proamazonia.org\/wp-content\/uploads\/2022\/10\/8.Lavazza.ecuador.bosques.deforestacion.libre_.proamazonia.conservacion-300x131.jpg\" alt=\"\" width=\"637\" height=\"278\" srcset=\"https:\/\/www.proamazonia.org\/ppr\/wp-content\/uploads\/2022\/10\/8.Lavazza.ecuador.bosques.deforestacion.libre_.proamazonia.conservacion-300x131.jpg 300w, https:\/\/www.proamazonia.org\/ppr\/wp-content\/uploads\/2022\/10\/8.Lavazza.ecuador.bosques.deforestacion.libre_.proamazonia.conservacion-1024x446.jpg 1024w, https:\/\/www.proamazonia.org\/ppr\/wp-content\/uploads\/2022\/10\/8.Lavazza.ecuador.bosques.deforestacion.libre_.proamazonia.conservacion-768x335.jpg 768w, https:\/\/www.proamazonia.org\/ppr\/wp-content\/uploads\/2022\/10\/8.Lavazza.ecuador.bosques.deforestacion.libre_.proamazonia.conservacion.jpg 1280w\" sizes=\"auto, (max-width: 637px) 100vw, 637px\" \/><\/p>\n<p><img loading=\"lazy\" decoding=\"async\" class=\"alignnone wp-image-6910 aligncenter\" src=\"https:\/\/www.proamazonia.org\/wp-content\/uploads\/2022\/10\/9.Lavazza.ecuador.bosques.deforestacion.libre_.proamazonia.conservacion-300x131.jpg\" alt=\"\" width=\"639\" height=\"279\" srcset=\"https:\/\/www.proamazonia.org\/ppr\/wp-content\/uploads\/2022\/10\/9.Lavazza.ecuador.bosques.deforestacion.libre_.proamazonia.conservacion-300x131.jpg 300w, https:\/\/www.proamazonia.org\/ppr\/wp-content\/uploads\/2022\/10\/9.Lavazza.ecuador.bosques.deforestacion.libre_.proamazonia.conservacion-1024x446.jpg 1024w, https:\/\/www.proamazonia.org\/ppr\/wp-content\/uploads\/2022\/10\/9.Lavazza.ecuador.bosques.deforestacion.libre_.proamazonia.conservacion-768x335.jpg 768w, https:\/\/www.proamazonia.org\/ppr\/wp-content\/uploads\/2022\/10\/9.Lavazza.ecuador.bosques.deforestacion.libre_.proamazonia.conservacion.jpg 1280w\" sizes=\"auto, (max-width: 639px) 100vw, 639px\" \/><\/p>\n<p style=\"text-align: center;\"><b><span style=\"font-size: 10.0pt; color: windowtext;\">Fotograf\u00edas:<\/span><\/b><span style=\"font-size: 10.0pt; color: windowtext;\"> Unidad de comunicaci\u00f3n &#8211; PROAmazon\u00eda<br \/>\n<\/span><b><\/b><b><span style=\"font-size: 10.0pt; color: windowtext;\">Descripci\u00f3n:<\/span><\/b><span style=\"font-size: 10.0pt; color: windowtext;\"> Visita Grupo Lavazza.<\/span><\/p>\n<p>La Asociaci\u00f3n Agroartesanal de productores ecol\u00f3gicos de caf\u00e9 de altura del cant\u00f3n Palanda \u2013 APECAP, en la provincia de Zamora Chinchipe con mucho entusiasmo prepar\u00f3 sus fincas y centro de acopio para recibir a los representantes de Lavazza y la delegaci\u00f3n de PNUD-PROAmazon\u00eda. De igual forma, se realiz\u00f3 un recorrido por las instalaciones de Fapecaf\u00e9s en Catamayo y se mantuvo un encuentro con las seis organizaciones de base de esta Federaci\u00f3n de productores cafetaleros del Sur.<\/p>\n<p>\u201cTenemos 32 proyectos de sostenibilidad en 20 pa\u00edses productores de caf\u00e9, porque pensamos que nuestra empresa debe trabajar sobre sostenibilidad social y ambiental \u00a1Es la vida de la empresa! Ecuador es un pa\u00eds interesante porque es un pa\u00eds mega diverso, se est\u00e1 enfocando en el caf\u00e9 de especialidad y eso nos gusta mucho. Puede ser un ejemplo para todo el mundo del caf\u00e9\u201d. Indic\u00f3 Ver\u00f3nica Rossi al recorrer la finca de Gonzalo, productor de APECAP.<\/p>\n<p>A futuro se espera potencializar la comercializaci\u00f3n de caf\u00e9 entre Ecuador e Italia, generar una l\u00ednea de Caf\u00e9 de Ecuador bajo la marca de Lavazza y participar en las Flagships Stores de Lavazza en pa\u00edses como Inglaterra, Estados Unidos, China e Italia.<\/p>\n<p style=\"text-align: center;\"><img loading=\"lazy\" decoding=\"async\" class=\"alignnone wp-image-6914\" src=\"https:\/\/www.proamazonia.org\/wp-content\/uploads\/2022\/10\/5.Lavazza.ecuador.bosques.deforestacion.libre_.proamazonia.conservacion-225x300.jpg\" alt=\"\" width=\"368\" height=\"491\" srcset=\"https:\/\/www.proamazonia.org\/ppr\/wp-content\/uploads\/2022\/10\/5.Lavazza.ecuador.bosques.deforestacion.libre_.proamazonia.conservacion-225x300.jpg 225w, https:\/\/www.proamazonia.org\/ppr\/wp-content\/uploads\/2022\/10\/5.Lavazza.ecuador.bosques.deforestacion.libre_.proamazonia.conservacion.jpg 750w\" sizes=\"auto, (max-width: 368px) 100vw, 368px\" \/> <img loading=\"lazy\" decoding=\"async\" class=\"alignnone wp-image-6913\" src=\"https:\/\/www.proamazonia.org\/wp-content\/uploads\/2022\/10\/6.Lavazza.ecuador.bosques.deforestacion.libre_.proamazonia.conservacion-300x225.jpg\" alt=\"\" width=\"652\" height=\"489\" srcset=\"https:\/\/www.proamazonia.org\/ppr\/wp-content\/uploads\/2022\/10\/6.Lavazza.ecuador.bosques.deforestacion.libre_.proamazonia.conservacion-300x225.jpg 300w, https:\/\/www.proamazonia.org\/ppr\/wp-content\/uploads\/2022\/10\/6.Lavazza.ecuador.bosques.deforestacion.libre_.proamazonia.conservacion-1024x766.jpg 1024w, https:\/\/www.proamazonia.org\/ppr\/wp-content\/uploads\/2022\/10\/6.Lavazza.ecuador.bosques.deforestacion.libre_.proamazonia.conservacion-768x575.jpg 768w, https:\/\/www.proamazonia.org\/ppr\/wp-content\/uploads\/2022\/10\/6.Lavazza.ecuador.bosques.deforestacion.libre_.proamazonia.conservacion-400x300.jpg 400w, https:\/\/www.proamazonia.org\/ppr\/wp-content\/uploads\/2022\/10\/6.Lavazza.ecuador.bosques.deforestacion.libre_.proamazonia.conservacion-800x600.jpg 800w, https:\/\/www.proamazonia.org\/ppr\/wp-content\/uploads\/2022\/10\/6.Lavazza.ecuador.bosques.deforestacion.libre_.proamazonia.conservacion-1200x900.jpg 1200w, https:\/\/www.proamazonia.org\/ppr\/wp-content\/uploads\/2022\/10\/6.Lavazza.ecuador.bosques.deforestacion.libre_.proamazonia.conservacion.jpg 1280w\" sizes=\"auto, (max-width: 652px) 100vw, 652px\" \/><\/p>\n<p style=\"text-align: center;\"><b><span style=\"font-size: 10.0pt; color: windowtext;\">Fotograf\u00edas:<\/span><\/b><span style=\"font-size: 10.0pt; color: windowtext;\"> Unidad de comunicaci\u00f3n &#8211; PROAmazon\u00eda<br \/>\n<\/span><b><\/b><b><span style=\"font-size: 10.0pt; color: windowtext;\">Descripci\u00f3n:<\/span><\/b><span style=\"font-size: 10.0pt; color: windowtext;\"> Visita Grupo Lavazza.<\/span><\/p>\n<p><\/p>","protected":false},"excerpt":{"rendered":"<p>La semana del 17 al 21 de octubre representantes del Grupo Lavazza visitaron Ecuador. Durante estos d\u00edas, Ver\u00f3nica Rossi, Gerente de Sostenibilidad y Relaciones Institucionales; Carolina Guercio, Especialista de Proyectos y Relaciones Institucionales y Michele Pulcher, Entrenador y Barista de Lavazza junto a autoridades del Ministerio del Ambiente, Agua y Transici\u00f3n Ecol\u00f3gica (MAATE), el Ministerio de Agricultura y Ganader\u00eda (MAG), la Gerencia, el equipo t\u00e9cnico de PROAmazon\u00eda y representantes de PNUD Ecuador y regional mantuvieron reuniones en \u00a0Quito y realizaron un recorrido por los cafetales de Zamora Chinchipe. \u00a0 Fotograf\u00edas: Unidad de comunicaci\u00f3n &#8211; PROAmazon\u00eda Descripci\u00f3n: Visita Grupo Lavazza. En esta oportunidad, las carteras de estado de Ambiente y Agricultura generaron una agenda de trabajo para tratar temas relacionados a la producci\u00f3n sostenible y libre de deforestaci\u00f3n. A lo largo de tres a\u00f1os, en una alianza \u00fanica entre el sector empresarial y el Gobierno Nacional con el apoyo de la cooperaci\u00f3n internacional, Lavazza ha contribuido de manera significativa a la consolidaci\u00f3n de la pol\u00edtica REDD+ en Ecuador, una estrategia para combatir el cambio clim\u00e1tico y conservar los bosques. Esta empresa italiana ha participado en la definici\u00f3n y est\u00e1ndar nacional de producci\u00f3n sostenible y libre de deforestaci\u00f3n, con su activa colaboraci\u00f3n [&hellip;]<\/p>\n","protected":false},"author":2,"featured_media":6918,"comment_status":"closed","ping_status":"closed","sticky":false,"template":"","format":"standard","meta":{"_uf_show_specific_survey":0,"_uf_disable_surveys":false,"footnotes":""},"categories":[3,23,25],"tags":[],"class_list":["post-6909","post","type-post","status-publish","format-standard","has-post-thumbnail","hentry","category-noticias","category-noticias-home","category-produccion-sostenible"],"aioseo_notices":[],"_links":{"self":[{"href":"https:\/\/www.proamazonia.org\/ppr\/wp-json\/wp\/v2\/posts\/6909","targetHints":{"allow":["GET"]}}],"collection":[{"href":"https:\/\/www.proamazonia.org\/ppr\/wp-json\/wp\/v2\/posts"}],"about":[{"href":"https:\/\/www.proamazonia.org\/ppr\/wp-json\/wp\/v2\/types\/post"}],"author":[{"embeddable":true,"href":"https:\/\/www.proamazonia.org\/ppr\/wp-json\/wp\/v2\/users\/2"}],"replies":[{"embeddable":true,"href":"https:\/\/www.proamazonia.org\/ppr\/wp-json\/wp\/v2\/comments?post=6909"}],"version-history":[{"count":2,"href":"https:\/\/www.proamazonia.org\/ppr\/wp-json\/wp\/v2\/posts\/6909\/revisions"}],"predecessor-version":[{"id":7295,"href":"https:\/\/www.proamazonia.org\/ppr\/wp-json\/wp\/v2\/posts\/6909\/revisions\/7295"}],"wp:featuredmedia":[{"embeddable":true,"href":"https:\/\/www.proamazonia.org\/ppr\/wp-json\/wp\/v2\/media\/6918"}],"wp:attachment":[{"href":"https:\/\/www.proamazonia.org\/ppr\/wp-json\/wp\/v2\/media?parent=6909"}],"wp:term":[{"taxonomy":"category","embeddable":true,"href":"https:\/\/www.proamazonia.org\/ppr\/wp-json\/wp\/v2\/categories?post=6909"},{"taxonomy":"post_tag","embeddable":true,"href":"https:\/\/www.proamazonia.org\/ppr\/wp-json\/wp\/v2\/tags?post=6909"}],"curies":[{"name":"wp","href":"https:\/\/api.w.org\/{rel}","templated":true}]}}