{"id":7101,"date":"2023-02-01T08:43:22","date_gmt":"2023-02-01T13:43:22","guid":{"rendered":"https:\/\/www.proamazonia.org\/?p=7101"},"modified":"2023-02-01T08:45:43","modified_gmt":"2023-02-01T13:45:43","slug":"la-educacion-ambiental-elemento-fundamental-para-proteger-nuestros-bosques","status":"publish","type":"post","link":"https:\/\/www.proamazonia.org\/ppr\/la-educacion-ambiental-elemento-fundamental-para-proteger-nuestros-bosques\/","title":{"rendered":"La Educaci\u00f3n Ambiental, elemento fundamental para proteger nuestros bosques"},"content":{"rendered":"<p>En el transcurso del a\u00f1o 2022 PROAmazon\u00eda, programa liderado por los Ministerios del Ambiente, Agua y Transici\u00f3n Ecol\u00f3gica y de Agricultura y Ganader\u00eda con el apoyo del PNUD, ha llevado a cabo varios procesos de formaci\u00f3n con sus beneficiarios y socios estrat\u00e9gicos, llegando a m\u00e1s de 4000 personas con el objetivo de fortalecer las capacidades de funcionarios y funcionarias de instituciones p\u00fablicas y privadas, comunidades, asociaciones y representantes de la sociedad civil en diversas tem\u00e1ticas relacionadas con: la conservaci\u00f3n, facilitaci\u00f3n, producci\u00f3n sostenible, restauraci\u00f3n, entre otras.<\/p>\n<p>Los procesos de fortalecimiento de capacidades y gesti\u00f3n del conocimiento es un eje transversal para PROAmazon\u00eda que se implementa como parte del Plan de Acci\u00f3n REDD+: Bosques para el Buen Vivir.<\/p>\n<p><img loading=\"lazy\" decoding=\"async\" class=\"alignnone wp-image-7098 aligncenter\" src=\"https:\/\/www.proamazonia.org\/wp-content\/uploads\/2023\/02\/2.bosques.ambiente.proamazonia.ecuador.redd_.bosques-300x210.jpg\" alt=\"\" width=\"749\" height=\"524\" srcset=\"https:\/\/www.proamazonia.org\/ppr\/wp-content\/uploads\/2023\/02\/2.bosques.ambiente.proamazonia.ecuador.redd_.bosques-300x210.jpg 300w, https:\/\/www.proamazonia.org\/ppr\/wp-content\/uploads\/2023\/02\/2.bosques.ambiente.proamazonia.ecuador.redd_.bosques-1024x717.jpg 1024w, https:\/\/www.proamazonia.org\/ppr\/wp-content\/uploads\/2023\/02\/2.bosques.ambiente.proamazonia.ecuador.redd_.bosques-768x538.jpg 768w, https:\/\/www.proamazonia.org\/ppr\/wp-content\/uploads\/2023\/02\/2.bosques.ambiente.proamazonia.ecuador.redd_.bosques.jpg 1280w\" sizes=\"auto, (max-width: 749px) 100vw, 749px\" \/><\/p>\n<p style=\"text-align: center;\"><b><span style=\"font-size: 10.0pt; color: windowtext;\">Fotograf\u00eda:<\/span><\/b><span style=\"font-size: 10.0pt; color: windowtext;\"> Claudia Vinueza \u2013 PROAmazon\u00eda<br \/>\n<\/span><b><\/b><b><span style=\"font-size: 10.0pt; color: windowtext;\">Descripci\u00f3n:<\/span><\/b><span style=\"font-size: 10.0pt; color: windowtext;\"> Curso de Conocimientos tradicionales y protocolo de Nagoya en la comunidad de Shandia, provincia de Napo.<\/span><\/p>\n<p>Tambi\u00e9n se han desarrollado acciones que contribuyen con la gesti\u00f3n del conocimiento como la preparaci\u00f3n de material educativo, publicaciones y talleres de intercambio de experiencias entre otros, promoviendo as\u00ed procesos de innovaci\u00f3n, generaci\u00f3n y capitalizaci\u00f3n del conocimiento en torno al cuidado de los bosques bajo un enfoque de g\u00e9nero e interculturalidad.<\/p>\n<p>La experiencia de fortalecimiento de capacidades y gesti\u00f3n del conocimiento de PROAmazon\u00eda ha sido enriquecedora tambi\u00e9n, para quienes integran el equipo facilitador, <em>\u201c<\/em><em>como educadora ambiental, para m\u00ed es muy importante saber que los cursos que hemos dise\u00f1ado con mucho esmero, cuidado y cari\u00f1o, han dado resultados positivos en las personas con las que hemos trabajado. Ver el inter\u00e9s y las ganas de aprender, es lo que m\u00e1s nos motiva para seguir creando procesos de formaci\u00f3n que ayuden a fortalecer las capacidades y conocimientos de las personas sobre diversas tem\u00e1ticas, esto a la final detona en la protecci\u00f3n y conservaci\u00f3n de nuestro ambiente, la casa en la que todos y todas vivimos\u201d<\/em>, resalta Claudia Vinueza, especialista en fortalecimiento de capacidades, PROAmazon\u00eda.<\/p>\n<p style=\"text-align: center;\"><img loading=\"lazy\" decoding=\"async\" class=\"alignnone wp-image-7100\" src=\"https:\/\/www.proamazonia.org\/wp-content\/uploads\/2023\/02\/bosques.ambiente.proamazonia.ecuador.redd_.bosques-300x210.jpg\" alt=\"\" width=\"516\" height=\"361\" srcset=\"https:\/\/www.proamazonia.org\/ppr\/wp-content\/uploads\/2023\/02\/bosques.ambiente.proamazonia.ecuador.redd_.bosques-300x210.jpg 300w, https:\/\/www.proamazonia.org\/ppr\/wp-content\/uploads\/2023\/02\/bosques.ambiente.proamazonia.ecuador.redd_.bosques-1024x717.jpg 1024w, https:\/\/www.proamazonia.org\/ppr\/wp-content\/uploads\/2023\/02\/bosques.ambiente.proamazonia.ecuador.redd_.bosques-768x538.jpg 768w, https:\/\/www.proamazonia.org\/ppr\/wp-content\/uploads\/2023\/02\/bosques.ambiente.proamazonia.ecuador.redd_.bosques.jpg 1280w\" sizes=\"auto, (max-width: 516px) 100vw, 516px\" \/> <img loading=\"lazy\" decoding=\"async\" class=\"alignnone wp-image-7099\" src=\"https:\/\/www.proamazonia.org\/wp-content\/uploads\/2023\/02\/1.bosques.ambiente.proamazonia.ecuador.redd_.bosques-300x210.jpg\" alt=\"\" width=\"516\" height=\"361\" srcset=\"https:\/\/www.proamazonia.org\/ppr\/wp-content\/uploads\/2023\/02\/1.bosques.ambiente.proamazonia.ecuador.redd_.bosques-300x210.jpg 300w, https:\/\/www.proamazonia.org\/ppr\/wp-content\/uploads\/2023\/02\/1.bosques.ambiente.proamazonia.ecuador.redd_.bosques-1024x717.jpg 1024w, https:\/\/www.proamazonia.org\/ppr\/wp-content\/uploads\/2023\/02\/1.bosques.ambiente.proamazonia.ecuador.redd_.bosques-768x538.jpg 768w, https:\/\/www.proamazonia.org\/ppr\/wp-content\/uploads\/2023\/02\/1.bosques.ambiente.proamazonia.ecuador.redd_.bosques.jpg 1280w\" sizes=\"auto, (max-width: 516px) 100vw, 516px\" \/><\/p>\n<p style=\"text-align: center;\"><b><span style=\"font-size: 10.0pt; color: windowtext;\">Fotograf\u00eda:<\/span><\/b><span style=\"font-size: 10.0pt; color: windowtext;\"> Gustavo Jaramillo y Claudia Vinueza \u2013 PROAmazon\u00eda<br \/>\n<\/span><b><\/b><b><span style=\"font-size: 10.0pt; color: windowtext;\">Descripci\u00f3n:<\/span><\/b><span style=\"font-size: 10.0pt; color: windowtext;\"> Curso de Cambio Clim\u00e1tico, Bosques y REDD+ en las provincias de Orellana y Zamora Chinchipe<\/span><\/p>\n<p>En el 2023, iniciamos el a\u00f1o fortaleciendo capacidades con el lanzamiento de dos cursos, con alrededor de 140 personas que se encuentran participando en los procesos de formaci\u00f3n en \u201cConocimientos Tradicionales y Protocolo de Nagoya\u201d, y en \u201cMetodolog\u00edas y herramientas de formaci\u00f3n y facilitaci\u00f3n\u201d.<\/p>\n<p>Para Mario Mej\u00eda, Especialista en Plataformas E-Learning del equipo de PROAmazon\u00eda es importante fomentar espacios de reflexi\u00f3n en torno al aprendizaje, <em>\u201cprecisamente las actividades de formaci\u00f3n continua y capacitaci\u00f3n presencial, semipresencial y virtual que se desarrollan, nos permiten conocer y reflexionar sobre la realidad que vivimos, por lo que sentimos que nuestro deber es promover, sensibilizar y actuar para generar verdaderas soluciones a corto, mediano y largo plazo, siempre teniendo conciencia de ser parte de la soluci\u00f3n en torno al cuidado de los bosques\u201d.<\/em><\/p>\n<p><img loading=\"lazy\" decoding=\"async\" class=\"alignnone wp-image-7102 aligncenter\" src=\"https:\/\/www.proamazonia.org\/wp-content\/uploads\/2023\/02\/Foto-4-300x133.png\" alt=\"\" width=\"756\" height=\"335\" srcset=\"https:\/\/www.proamazonia.org\/ppr\/wp-content\/uploads\/2023\/02\/Foto-4-300x133.png 300w, https:\/\/www.proamazonia.org\/ppr\/wp-content\/uploads\/2023\/02\/Foto-4-768x341.png 768w, https:\/\/www.proamazonia.org\/ppr\/wp-content\/uploads\/2023\/02\/Foto-4.png 900w\" sizes=\"auto, (max-width: 756px) 100vw, 756px\" \/><\/p>\n<p style=\"text-align: center;\"><b><span style=\"font-size: 10.0pt; color: windowtext;\">Fotograf\u00eda:<\/span><\/b><span style=\"font-size: 10.0pt; color: windowtext;\"> Jos\u00e9 Miguel Galvez \u2013 PROAmazon\u00eda<br \/>\n<\/span><b><\/b><b><span style=\"font-size: 10.0pt; color: windowtext;\">Descripci\u00f3n:<\/span><\/b><span style=\"font-size: 10.0pt; color: windowtext;\"> Facilitador Mario Mej\u00eda durante el lanzamiento del curso en \u201cConocimientos Tradicionales y Protocolo de Nagoya\u201d, enero 2023<\/span><\/p>\n<p>Con base a la demanda de temas de capacitaci\u00f3n, en torno al cuidado de los bosques y su biodiversidad, se crear\u00e1n nuevos cursos relacionados con el enfoque de g\u00e9nero y las Salvaguardas Sociales y Ambientales enmarcadas en la pol\u00edtica p\u00fablica de mitigaci\u00f3n del cambio clim\u00e1tico que contempla el Plan de Acci\u00f3n REDD+.<\/p>\n<p>Es por ello que, dentro de las acciones emprendidas, la educaci\u00f3n ambiental guarda un espacio muy importante, porque permite trabajar de la mano con las personas y las comunidades locales en territorio, y apoyar al desarrollo de capacidades que motivan a tener una mejor relaci\u00f3n con el ambiente.<\/p>\n<p><strong>Los cursos que estar\u00e1n disponibles para el 2023 son:<\/strong><\/p>\n<ul>\n<li>Curso en Conocimientos Tradicionales y Protocolo de Nagoya<\/li>\n<li>Curso Formador de Formadores en metodolog\u00edas y herramientas de facilitaci\u00f3n y formaci\u00f3n<\/li>\n<li>Curso de Cambio Clim\u00e1tico, Bosques y REDD+<\/li>\n<li>Curso de G\u00e9nero y REDD+<\/li>\n<li>Curso de Salvaguardas Ambientales y Sociales REDD+<\/li>\n<li>Curso de Monitoreo Comunitario.<\/li>\n<\/ul>\n<p><\/p>","protected":false},"excerpt":{"rendered":"<p>En el transcurso del a\u00f1o 2022 PROAmazon\u00eda, programa liderado por los Ministerios del Ambiente, Agua y Transici\u00f3n Ecol\u00f3gica y de Agricultura y Ganader\u00eda con el apoyo del PNUD, ha llevado a cabo varios procesos de formaci\u00f3n con sus beneficiarios y socios estrat\u00e9gicos, llegando a m\u00e1s de 4000 personas con el objetivo de fortalecer las capacidades de funcionarios y funcionarias de instituciones p\u00fablicas y privadas, comunidades, asociaciones y representantes de la sociedad civil en diversas tem\u00e1ticas relacionadas con: la conservaci\u00f3n, facilitaci\u00f3n, producci\u00f3n sostenible, restauraci\u00f3n, entre otras. Los procesos de fortalecimiento de capacidades y gesti\u00f3n del conocimiento es un eje transversal para PROAmazon\u00eda que se implementa como parte del Plan de Acci\u00f3n REDD+: Bosques para el Buen Vivir. Fotograf\u00eda: Claudia Vinueza \u2013 PROAmazon\u00eda Descripci\u00f3n: Curso de Conocimientos tradicionales y protocolo de Nagoya en la comunidad de Shandia, provincia de Napo. Tambi\u00e9n se han desarrollado acciones que contribuyen con la gesti\u00f3n del conocimiento como la preparaci\u00f3n de material educativo, publicaciones y talleres de intercambio de experiencias entre otros, promoviendo as\u00ed procesos de innovaci\u00f3n, generaci\u00f3n y capitalizaci\u00f3n del conocimiento en torno al cuidado de los bosques bajo un enfoque de g\u00e9nero e interculturalidad. La experiencia de fortalecimiento de capacidades y gesti\u00f3n del conocimiento de [&hellip;]<\/p>\n","protected":false},"author":2,"featured_media":7099,"comment_status":"closed","ping_status":"closed","sticky":false,"template":"","format":"standard","meta":{"_uf_show_specific_survey":0,"_uf_disable_surveys":false,"footnotes":""},"categories":[27],"tags":[62,58,42,44,57],"class_list":["post-7101","post","type-post","status-publish","format-standard","has-post-thumbnail","hentry","category-redd","tag-bosques","tag-conservacion","tag-ecuador","tag-proamazonia","tag-redd"],"aioseo_notices":[],"_links":{"self":[{"href":"https:\/\/www.proamazonia.org\/ppr\/wp-json\/wp\/v2\/posts\/7101","targetHints":{"allow":["GET"]}}],"collection":[{"href":"https:\/\/www.proamazonia.org\/ppr\/wp-json\/wp\/v2\/posts"}],"about":[{"href":"https:\/\/www.proamazonia.org\/ppr\/wp-json\/wp\/v2\/types\/post"}],"author":[{"embeddable":true,"href":"https:\/\/www.proamazonia.org\/ppr\/wp-json\/wp\/v2\/users\/2"}],"replies":[{"embeddable":true,"href":"https:\/\/www.proamazonia.org\/ppr\/wp-json\/wp\/v2\/comments?post=7101"}],"version-history":[{"count":2,"href":"https:\/\/www.proamazonia.org\/ppr\/wp-json\/wp\/v2\/posts\/7101\/revisions"}],"predecessor-version":[{"id":7104,"href":"https:\/\/www.proamazonia.org\/ppr\/wp-json\/wp\/v2\/posts\/7101\/revisions\/7104"}],"wp:featuredmedia":[{"embeddable":true,"href":"https:\/\/www.proamazonia.org\/ppr\/wp-json\/wp\/v2\/media\/7099"}],"wp:attachment":[{"href":"https:\/\/www.proamazonia.org\/ppr\/wp-json\/wp\/v2\/media?parent=7101"}],"wp:term":[{"taxonomy":"category","embeddable":true,"href":"https:\/\/www.proamazonia.org\/ppr\/wp-json\/wp\/v2\/categories?post=7101"},{"taxonomy":"post_tag","embeddable":true,"href":"https:\/\/www.proamazonia.org\/ppr\/wp-json\/wp\/v2\/tags?post=7101"}],"curies":[{"name":"wp","href":"https:\/\/api.w.org\/{rel}","templated":true}]}}