{"id":7174,"date":"2023-02-27T14:54:11","date_gmt":"2023-02-27T19:54:11","guid":{"rendered":"https:\/\/www.proamazonia.org\/?p=7174"},"modified":"2023-02-28T09:10:31","modified_gmt":"2023-02-28T14:10:31","slug":"entrega-de-235-mil-dolares-a-proyectos-de-pueblos-y-nacionalidades-indigenas-y-comunidades-locales-del-ecuador","status":"publish","type":"post","link":"https:\/\/www.proamazonia.org\/ppr\/entrega-de-235-mil-dolares-a-proyectos-de-pueblos-y-nacionalidades-indigenas-y-comunidades-locales-del-ecuador\/","title":{"rendered":"Entrega de 235 mil d\u00f3lares a proyectos de pueblos y nacionalidades Ind\u00edgenas y Comunidades Locales del Ecuador"},"content":{"rendered":"<p><\/p>\n<ul>\n<li><em>Ecuador accede a financiamiento internacional en el marco de la <\/em><em>Promesa Clim\u00e1tica del Programa de las Naciones Unidas para el Desarrollo (PNUD).<\/em><\/li>\n<li><em>Este financiamiento se formaliz\u00f3 en la Conferencia de las Partes COP 27 celebrada en Egipto. <\/em><\/li>\n<li><em>El financiamiento total dirigido a pueb<\/em><em>los y nacionalidades ind\u00edgenas alcanza un valor de 235.000, de los cuales $13000 corresponde al aporte del Gobierno del Reino Unido, y $105,000 contribuci\u00f3n del MAATE a trav\u00e9s de su programa PROAmazon\u00eda, con el apoyo del PNUD.<\/em><\/li>\n<\/ul>\n<p>El 24 de febrero de 2023 en Archidona, provincia de Napo, se llev\u00f3 a cabo la entrega de financiamiento para la ejecuci\u00f3n de proyectos de desarrollo, conservaci\u00f3n y producci\u00f3n sostenible que ser\u00e1 dirigido a pueblos y comunidades locales. Esta contribuci\u00f3n econ\u00f3mica es otorgada <img loading=\"lazy\" decoding=\"async\" class=\" wp-image-7179 alignright\" src=\"https:\/\/www.proamazonia.org\/wp-content\/uploads\/2023\/02\/7.fondo_.plan_.vida_.proamazonia.ambiente.redd_.pueblos.confeniae-300x169.jpg\" alt=\"\" width=\"651\" height=\"367\" srcset=\"https:\/\/www.proamazonia.org\/ppr\/wp-content\/uploads\/2023\/02\/7.fondo_.plan_.vida_.proamazonia.ambiente.redd_.pueblos.confeniae-300x169.jpg 300w, https:\/\/www.proamazonia.org\/ppr\/wp-content\/uploads\/2023\/02\/7.fondo_.plan_.vida_.proamazonia.ambiente.redd_.pueblos.confeniae-768x432.jpg 768w, https:\/\/www.proamazonia.org\/ppr\/wp-content\/uploads\/2023\/02\/7.fondo_.plan_.vida_.proamazonia.ambiente.redd_.pueblos.confeniae.jpg 800w\" sizes=\"auto, (max-width: 651px) 100vw, 651px\" \/>gracias al Gobierno de Reino Unido; a trav\u00e9s de su Departamento de Medio Ambiente, Alimentaci\u00f3n y Asuntos Rurales (UK\/DEFRA por sus siglas en ingl\u00e9s).<\/p>\n<p>El objetivo de estos fondos es fortalecer la gesti\u00f3n y participaci\u00f3n de organizaciones de Pueblos Ind\u00edgenas y Comunidades Locales del Ecuador, que han mostrado su compromiso en la implementaci\u00f3n de REDD+, as\u00ed como contribuir a la ejecuci\u00f3n de iniciativas territoriales asociadas con temas de pol\u00edticas e institucionalidad, producci\u00f3n sostenible, Manejo Forestal Sostenible, Conservaci\u00f3n y Restauraci\u00f3n.<\/p>\n<p>Parte de este financiamiento fue otorgado a trav\u00e9s de un mecanismo de fondo concursable dirigido a miembros de la Mesa de Trabajo REDD+, de los cuales 2 organizaciones fueron seleccionadas:\u00a0 El Centro Kichwa R\u00edo Guacamayos y la Federaci\u00f3n de Centros AW\u00c1 del Ecuador.<\/p>\n<p>Este fondo tambi\u00e9n beneficiar\u00e1 a 5 organizaciones ind\u00edgenas que actualmente cuentan con Planes de Vida entre los que se encuentran: Comuna Shuar Yamanunka; Comunidad Kichwa San Francisco de Chicta; Asociaci\u00f3n Shuar Sevilla Don Bosco; Asociaci\u00f3n Shuar Santiak; y Asociaci\u00f3n Shuar El Pangui.<\/p>\n<p>Este proceso ha sido liderado por el Ministerio del Ambiente, Agua y Transici\u00f3n Ecol\u00f3gica (MAATE) como autoridad ambiental en coordinaci\u00f3n con PROAmazon\u00eda, programa del Gobierno Nacional que recibe el apoyo del Programa de las Naciones Unidas para el Desarrollo (PNUD), en el marco de la iniciativa de la Promesa Clim\u00e1tica, la cual permite cumplir los objetivos vinculados con el Plan de Acci\u00f3n REDD+ del Ecuador.<\/p>\n<p>&nbsp;<\/p>\n<p style=\"text-align: center;\"><img loading=\"lazy\" decoding=\"async\" class=\"alignnone wp-image-7176\" src=\"https:\/\/www.proamazonia.org\/wp-content\/uploads\/2023\/02\/10.fondo_.plan_.vida_.proamazonia.ambiente.redd_.pueblos.confeniae-300x169.jpg\" alt=\"\" width=\"533\" height=\"300\" srcset=\"https:\/\/www.proamazonia.org\/ppr\/wp-content\/uploads\/2023\/02\/10.fondo_.plan_.vida_.proamazonia.ambiente.redd_.pueblos.confeniae-300x169.jpg 300w, https:\/\/www.proamazonia.org\/ppr\/wp-content\/uploads\/2023\/02\/10.fondo_.plan_.vida_.proamazonia.ambiente.redd_.pueblos.confeniae-768x432.jpg 768w, https:\/\/www.proamazonia.org\/ppr\/wp-content\/uploads\/2023\/02\/10.fondo_.plan_.vida_.proamazonia.ambiente.redd_.pueblos.confeniae.jpg 800w\" sizes=\"auto, (max-width: 533px) 100vw, 533px\" \/>\u00a0 \u00a0<img loading=\"lazy\" decoding=\"async\" class=\"alignnone wp-image-7177\" src=\"https:\/\/www.proamazonia.org\/wp-content\/uploads\/2023\/02\/9.fondo_.plan_.vida_.proamazonia.ambiente.redd_.pueblos.confeniae-300x169.jpg\" alt=\"\" width=\"536\" height=\"302\" srcset=\"https:\/\/www.proamazonia.org\/ppr\/wp-content\/uploads\/2023\/02\/9.fondo_.plan_.vida_.proamazonia.ambiente.redd_.pueblos.confeniae-300x169.jpg 300w, https:\/\/www.proamazonia.org\/ppr\/wp-content\/uploads\/2023\/02\/9.fondo_.plan_.vida_.proamazonia.ambiente.redd_.pueblos.confeniae-768x432.jpg 768w, https:\/\/www.proamazonia.org\/ppr\/wp-content\/uploads\/2023\/02\/9.fondo_.plan_.vida_.proamazonia.ambiente.redd_.pueblos.confeniae.jpg 800w\" sizes=\"auto, (max-width: 536px) 100vw, 536px\" \/><\/p>\n<p style=\"text-align: center;\"><img loading=\"lazy\" decoding=\"async\" class=\"alignnone wp-image-7188\" src=\"https:\/\/www.proamazonia.org\/wp-content\/uploads\/2023\/02\/12.fondo_.plan_.vida_.proamazonia.ambiente.redd_.pueblos.confeniae-300x169.jpg\" alt=\"\" width=\"535\" height=\"301\" srcset=\"https:\/\/www.proamazonia.org\/ppr\/wp-content\/uploads\/2023\/02\/12.fondo_.plan_.vida_.proamazonia.ambiente.redd_.pueblos.confeniae-300x169.jpg 300w, https:\/\/www.proamazonia.org\/ppr\/wp-content\/uploads\/2023\/02\/12.fondo_.plan_.vida_.proamazonia.ambiente.redd_.pueblos.confeniae-768x432.jpg 768w, https:\/\/www.proamazonia.org\/ppr\/wp-content\/uploads\/2023\/02\/12.fondo_.plan_.vida_.proamazonia.ambiente.redd_.pueblos.confeniae.jpg 800w\" sizes=\"auto, (max-width: 535px) 100vw, 535px\" \/>\u00a0 \u00a0<img loading=\"lazy\" decoding=\"async\" class=\"alignnone wp-image-7178\" src=\"https:\/\/www.proamazonia.org\/wp-content\/uploads\/2023\/02\/8.fondo_.plan_.vida_.proamazonia.ambiente.redd_.pueblos.confeniae-300x169.jpg\" alt=\"\" width=\"535\" height=\"301\" srcset=\"https:\/\/www.proamazonia.org\/ppr\/wp-content\/uploads\/2023\/02\/8.fondo_.plan_.vida_.proamazonia.ambiente.redd_.pueblos.confeniae-300x169.jpg 300w, https:\/\/www.proamazonia.org\/ppr\/wp-content\/uploads\/2023\/02\/8.fondo_.plan_.vida_.proamazonia.ambiente.redd_.pueblos.confeniae-768x432.jpg 768w, https:\/\/www.proamazonia.org\/ppr\/wp-content\/uploads\/2023\/02\/8.fondo_.plan_.vida_.proamazonia.ambiente.redd_.pueblos.confeniae.jpg 800w\" sizes=\"auto, (max-width: 535px) 100vw, 535px\" \/><\/p>\n<p>Durante este encuentro, Gustavo Manrique, Ministro del Ambiente, Agua y Transici\u00f3n Ecol\u00f3gica resalt\u00f3 la importancia del trabajo de las comunidades y nacionalidades ind\u00edgenas para promover la conservaci\u00f3n y uso sostenible de los bosques. As\u00ed tambi\u00e9n ratific\u00f3 el compromiso del gobierno nacional para continuar un trabajo conjunto con la sociedad civil, la cooperaci\u00f3n internacional, y todos los actores relacionados con el prop\u00f3sito de mitigar el cambio clim\u00e1tico.<\/p>\n<p style=\"text-align: center;\"><img loading=\"lazy\" decoding=\"async\" class=\"alignnone wp-image-7186\" src=\"https:\/\/www.proamazonia.org\/wp-content\/uploads\/2023\/02\/fondo.plan_.vida_.proamazonia.ambiente.redd_.pueblos.confeniae-300x169.jpg\" alt=\"\" width=\"379\" height=\"214\" srcset=\"https:\/\/www.proamazonia.org\/ppr\/wp-content\/uploads\/2023\/02\/fondo.plan_.vida_.proamazonia.ambiente.redd_.pueblos.confeniae-300x169.jpg 300w, https:\/\/www.proamazonia.org\/ppr\/wp-content\/uploads\/2023\/02\/fondo.plan_.vida_.proamazonia.ambiente.redd_.pueblos.confeniae-768x432.jpg 768w, https:\/\/www.proamazonia.org\/ppr\/wp-content\/uploads\/2023\/02\/fondo.plan_.vida_.proamazonia.ambiente.redd_.pueblos.confeniae.jpg 800w\" sizes=\"auto, (max-width: 379px) 100vw, 379px\" \/> <img loading=\"lazy\" decoding=\"async\" class=\"alignnone wp-image-7185\" src=\"https:\/\/www.proamazonia.org\/wp-content\/uploads\/2023\/02\/1.fondo_.plan_.vida_.proamazonia.ambiente.redd_.pueblos.confeniae-300x169.jpg\" alt=\"\" width=\"382\" height=\"215\" srcset=\"https:\/\/www.proamazonia.org\/ppr\/wp-content\/uploads\/2023\/02\/1.fondo_.plan_.vida_.proamazonia.ambiente.redd_.pueblos.confeniae-300x169.jpg 300w, https:\/\/www.proamazonia.org\/ppr\/wp-content\/uploads\/2023\/02\/1.fondo_.plan_.vida_.proamazonia.ambiente.redd_.pueblos.confeniae-768x432.jpg 768w, https:\/\/www.proamazonia.org\/ppr\/wp-content\/uploads\/2023\/02\/1.fondo_.plan_.vida_.proamazonia.ambiente.redd_.pueblos.confeniae.jpg 800w\" sizes=\"auto, (max-width: 382px) 100vw, 382px\" \/> <img loading=\"lazy\" decoding=\"async\" class=\"alignnone wp-image-7184\" src=\"https:\/\/www.proamazonia.org\/wp-content\/uploads\/2023\/02\/2.fondo_.plan_.vida_.proamazonia.ambiente.redd_.pueblos.confeniae-300x169.jpg\" alt=\"\" width=\"379\" height=\"213\" srcset=\"https:\/\/www.proamazonia.org\/ppr\/wp-content\/uploads\/2023\/02\/2.fondo_.plan_.vida_.proamazonia.ambiente.redd_.pueblos.confeniae-300x169.jpg 300w, https:\/\/www.proamazonia.org\/ppr\/wp-content\/uploads\/2023\/02\/2.fondo_.plan_.vida_.proamazonia.ambiente.redd_.pueblos.confeniae-768x432.jpg 768w, https:\/\/www.proamazonia.org\/ppr\/wp-content\/uploads\/2023\/02\/2.fondo_.plan_.vida_.proamazonia.ambiente.redd_.pueblos.confeniae.jpg 800w\" sizes=\"auto, (max-width: 379px) 100vw, 379px\" \/> <img loading=\"lazy\" decoding=\"async\" class=\"alignnone wp-image-7183\" src=\"https:\/\/www.proamazonia.org\/wp-content\/uploads\/2023\/02\/3.fondo_.plan_.vida_.proamazonia.ambiente.redd_.pueblos.confeniae-300x169.jpg\" alt=\"\" width=\"516\" height=\"291\" srcset=\"https:\/\/www.proamazonia.org\/ppr\/wp-content\/uploads\/2023\/02\/3.fondo_.plan_.vida_.proamazonia.ambiente.redd_.pueblos.confeniae-300x169.jpg 300w, https:\/\/www.proamazonia.org\/ppr\/wp-content\/uploads\/2023\/02\/3.fondo_.plan_.vida_.proamazonia.ambiente.redd_.pueblos.confeniae-768x432.jpg 768w, https:\/\/www.proamazonia.org\/ppr\/wp-content\/uploads\/2023\/02\/3.fondo_.plan_.vida_.proamazonia.ambiente.redd_.pueblos.confeniae.jpg 800w\" sizes=\"auto, (max-width: 516px) 100vw, 516px\" \/> <img loading=\"lazy\" decoding=\"async\" class=\"alignnone wp-image-7182\" src=\"https:\/\/www.proamazonia.org\/wp-content\/uploads\/2023\/02\/4.fondo_.plan_.vida_.proamazonia.ambiente.redd_.pueblos.confeniae-300x169.jpg\" alt=\"\" width=\"517\" height=\"291\" srcset=\"https:\/\/www.proamazonia.org\/ppr\/wp-content\/uploads\/2023\/02\/4.fondo_.plan_.vida_.proamazonia.ambiente.redd_.pueblos.confeniae-300x169.jpg 300w, https:\/\/www.proamazonia.org\/ppr\/wp-content\/uploads\/2023\/02\/4.fondo_.plan_.vida_.proamazonia.ambiente.redd_.pueblos.confeniae-768x432.jpg 768w, https:\/\/www.proamazonia.org\/ppr\/wp-content\/uploads\/2023\/02\/4.fondo_.plan_.vida_.proamazonia.ambiente.redd_.pueblos.confeniae.jpg 800w\" sizes=\"auto, (max-width: 517px) 100vw, 517px\" \/><\/p>\n<p style=\"text-align: center;\"><b><span style=\"font-size: 10.0pt; color: windowtext;\">Fotograf\u00eda:<\/span><\/b><span style=\"font-size: 10.0pt; color: windowtext;\"> Unidad de comunicaci\u00f3n \u2013 PROAmazon\u00eda<br \/>\n<\/span><b><\/b><b><span style=\"font-size: 10.0pt; color: windowtext;\">Descripci\u00f3n:<\/span><\/b><span style=\"font-size: 10.0pt; color: windowtext;\"> Pueblos y nacionalidades ind\u00edgenas que cuentan con Planes de Vida\u00a0<\/span><\/p>\n<p>&nbsp;<\/p>\n<p style=\"text-align: center;\"><img loading=\"lazy\" decoding=\"async\" class=\"alignnone wp-image-7181\" src=\"https:\/\/www.proamazonia.org\/wp-content\/uploads\/2023\/02\/5.fondo_.plan_.vida_.proamazonia.ambiente.redd_.pueblos.confeniae-300x169.jpg\" alt=\"\" width=\"495\" height=\"279\" srcset=\"https:\/\/www.proamazonia.org\/ppr\/wp-content\/uploads\/2023\/02\/5.fondo_.plan_.vida_.proamazonia.ambiente.redd_.pueblos.confeniae-300x169.jpg 300w, https:\/\/www.proamazonia.org\/ppr\/wp-content\/uploads\/2023\/02\/5.fondo_.plan_.vida_.proamazonia.ambiente.redd_.pueblos.confeniae-768x432.jpg 768w, https:\/\/www.proamazonia.org\/ppr\/wp-content\/uploads\/2023\/02\/5.fondo_.plan_.vida_.proamazonia.ambiente.redd_.pueblos.confeniae.jpg 800w\" sizes=\"auto, (max-width: 495px) 100vw, 495px\" \/> <img loading=\"lazy\" decoding=\"async\" class=\"alignnone wp-image-7180\" src=\"https:\/\/www.proamazonia.org\/wp-content\/uploads\/2023\/02\/6.fondo_.plan_.vida_.proamazonia.ambiente.redd_.pueblos.confeniae-300x169.jpg\" alt=\"\" width=\"497\" height=\"280\" srcset=\"https:\/\/www.proamazonia.org\/ppr\/wp-content\/uploads\/2023\/02\/6.fondo_.plan_.vida_.proamazonia.ambiente.redd_.pueblos.confeniae-300x169.jpg 300w, https:\/\/www.proamazonia.org\/ppr\/wp-content\/uploads\/2023\/02\/6.fondo_.plan_.vida_.proamazonia.ambiente.redd_.pueblos.confeniae-768x432.jpg 768w, https:\/\/www.proamazonia.org\/ppr\/wp-content\/uploads\/2023\/02\/6.fondo_.plan_.vida_.proamazonia.ambiente.redd_.pueblos.confeniae.jpg 800w\" sizes=\"auto, (max-width: 497px) 100vw, 497px\" \/><\/p>\n<p style=\"text-align: center;\"><b><span style=\"font-size: 10.0pt; color: windowtext;\">Fotograf\u00eda:<\/span><\/b><span style=\"font-size: 10.0pt; color: windowtext;\"> Unidad de comunicaci\u00f3n \u2013 PROAmazon\u00eda<br \/>\n<\/span><b><\/b><b><span style=\"font-size: 10.0pt; color: windowtext;\">Descripci\u00f3n:<\/span><\/b><span style=\"font-size: 10.0pt; color: windowtext;\"> Organizaciones de la Mesa REDD+<\/span><\/p>\n<p><\/p>","protected":false},"excerpt":{"rendered":"<p>Ecuador accede a financiamiento internacional en el marco de la Promesa Clim\u00e1tica del Programa de las Naciones Unidas para el Desarrollo (PNUD). Este financiamiento se formaliz\u00f3 en la Conferencia de las Partes COP 27 celebrada en Egipto. El financiamiento total dirigido a pueblos y nacionalidades ind\u00edgenas alcanza un valor de 235.000, de los cuales $13000 corresponde al aporte del Gobierno del Reino Unido, y $105,000 contribuci\u00f3n del MAATE a trav\u00e9s de su programa PROAmazon\u00eda, con el apoyo del PNUD. El 24 de febrero de 2023 en Archidona, provincia de Napo, se llev\u00f3 a cabo la entrega de financiamiento para la ejecuci\u00f3n de proyectos de desarrollo, conservaci\u00f3n y producci\u00f3n sostenible que ser\u00e1 dirigido a pueblos y comunidades locales. Esta contribuci\u00f3n econ\u00f3mica es otorgada gracias al Gobierno de Reino Unido; a trav\u00e9s de su Departamento de Medio Ambiente, Alimentaci\u00f3n y Asuntos Rurales (UK\/DEFRA por sus siglas en ingl\u00e9s). El objetivo de estos fondos es fortalecer la gesti\u00f3n y participaci\u00f3n de organizaciones de Pueblos Ind\u00edgenas y Comunidades Locales del Ecuador, que han mostrado su compromiso en la implementaci\u00f3n de REDD+, as\u00ed como contribuir a la ejecuci\u00f3n de iniciativas territoriales asociadas con temas de pol\u00edticas e institucionalidad, producci\u00f3n sostenible, Manejo Forestal Sostenible, Conservaci\u00f3n y [&hellip;]<\/p>\n","protected":false},"author":2,"featured_media":7175,"comment_status":"closed","ping_status":"closed","sticky":false,"template":"","format":"standard","meta":{"_uf_show_specific_survey":0,"_uf_disable_surveys":false,"footnotes":""},"categories":[3,23],"tags":[62,230,91,232,231,44,147,229],"class_list":["post-7174","post","type-post","status-publish","format-standard","has-post-thumbnail","hentry","category-noticias","category-noticias-home","tag-bosques","tag-fondos","tag-indigenas","tag-kichwa","tag-planes-de-vida","tag-proamazonia","tag-pueblos","tag-uk"],"aioseo_notices":[],"_links":{"self":[{"href":"https:\/\/www.proamazonia.org\/ppr\/wp-json\/wp\/v2\/posts\/7174","targetHints":{"allow":["GET"]}}],"collection":[{"href":"https:\/\/www.proamazonia.org\/ppr\/wp-json\/wp\/v2\/posts"}],"about":[{"href":"https:\/\/www.proamazonia.org\/ppr\/wp-json\/wp\/v2\/types\/post"}],"author":[{"embeddable":true,"href":"https:\/\/www.proamazonia.org\/ppr\/wp-json\/wp\/v2\/users\/2"}],"replies":[{"embeddable":true,"href":"https:\/\/www.proamazonia.org\/ppr\/wp-json\/wp\/v2\/comments?post=7174"}],"version-history":[{"count":3,"href":"https:\/\/www.proamazonia.org\/ppr\/wp-json\/wp\/v2\/posts\/7174\/revisions"}],"predecessor-version":[{"id":7190,"href":"https:\/\/www.proamazonia.org\/ppr\/wp-json\/wp\/v2\/posts\/7174\/revisions\/7190"}],"wp:featuredmedia":[{"embeddable":true,"href":"https:\/\/www.proamazonia.org\/ppr\/wp-json\/wp\/v2\/media\/7175"}],"wp:attachment":[{"href":"https:\/\/www.proamazonia.org\/ppr\/wp-json\/wp\/v2\/media?parent=7174"}],"wp:term":[{"taxonomy":"category","embeddable":true,"href":"https:\/\/www.proamazonia.org\/ppr\/wp-json\/wp\/v2\/categories?post=7174"},{"taxonomy":"post_tag","embeddable":true,"href":"https:\/\/www.proamazonia.org\/ppr\/wp-json\/wp\/v2\/tags?post=7174"}],"curies":[{"name":"wp","href":"https:\/\/api.w.org\/{rel}","templated":true}]}}