{"id":7519,"date":"2023-07-06T09:39:28","date_gmt":"2023-07-06T14:39:28","guid":{"rendered":"https:\/\/www.proamazonia.org\/?p=7519"},"modified":"2023-07-06T09:47:10","modified_gmt":"2023-07-06T14:47:10","slug":"ecuador-fomenta-el-bioemprendimiento-y-la-produccion-libre-de-deforestacion-durante-el-i-encuentro-internacional-sobre-uso-sostenible-de-la-biodiversidad-y-los-recursos-geneticos-asociados-a","status":"publish","type":"post","link":"https:\/\/www.proamazonia.org\/ppr\/ecuador-fomenta-el-bioemprendimiento-y-la-produccion-libre-de-deforestacion-durante-el-i-encuentro-internacional-sobre-uso-sostenible-de-la-biodiversidad-y-los-recursos-geneticos-asociados-a\/","title":{"rendered":"ECUADOR FOMENTA EL BIOEMPRENDIMIENTO Y LA PRODUCCI\u00d3N LIBRE DE DEFORESTACI\u00d3N DURANTE EL \u201cI ENCUENTRO INTERNACIONAL SOBRE USO SOSTENIBLE DE LA BIODIVERSIDAD Y LOS RECURSOS GEN\u00c9TICOS ASOCIADOS A CONOCIMIENTOS TRADICIONALES\u201d"},"content":{"rendered":"<p>El Ministerio del Ambiente, Agua y Transici\u00f3n Ecol\u00f3gica (MAATE) desarroll\u00f3 este 17 y 19 de mayo de 2023 el \u201cI Encuentro Internacional sobre uso sostenible de la Biodiversidad y los recursos gen\u00e9ticos asociados a conocimientos tradicionales\u201d en el Sal\u00f3n Azul de la Universidad San Francisco, en Cumbay\u00e1, Quito.<\/p>\n<p>El objetivo de este encuentro fue visibilizar e impulsar la producci\u00f3n sostenible y libre de deforestaci\u00f3n, la conservaci\u00f3n, restauraci\u00f3n y manejo forestal sostenible de los bosques de la Amazon\u00eda ecuatoriana y el \u00a0bosque seco del sur del pa\u00eds, as\u00ed como rescatar y potenciar los conocimientos tradicionales de pueblos y nacionalidades ind\u00edgenas del Ecuador.<\/p>\n<p>Durante el desarrollo de esta actividad participaron dos ponentes: Karina Barrera, Subsecretaria de Cambio Clim\u00e1tico de Ministerio del Ambiente, Agua y Transici\u00f3n Ecol\u00f3gica, con la ponencia titulada <em>\u201cEl abordaje de los conocimientos tradicionales en el marco de la pol\u00edtica nacional ecuatoriana REDD+: experiencia de implementaci\u00f3n de medidas y acciones con pueblos y nacionalidades ind\u00edgenas\u201d;<\/em> y Dolores de Jes\u00fas Cabnal, lidereza Maya Q\u02bceqch\u00ed de Guatemala, directora del \u00c1rea de Incidencia en Pol\u00edticas P\u00fablicas en la Asociaci\u00f3n AK Tenamit, \u00a0representante en el Foro internacional de Pueblos Ind\u00edgenas de Am\u00e9rica Latina y el Caribe en el Comit\u00e9 Global de Coordinaci\u00f3n sobre el Cambio Clim\u00e1tico \u00a0con la ponencia <em>\u201cREDD+: como mecanismo de mitigaci\u00f3n al cambio clim\u00e1tico desde una perspectiva de pueblos ind\u00edgenas, g\u00e9nero y protecci\u00f3n de conocimientos tradicionales\u201d.<\/em><\/p>\n<p>Karina Barrera, se\u00f1al\u00f3 que el Plan de Acci\u00f3n REDD+ en Ecuador, tiene como objetivo cuidar del ambiente y fue construido bajo un proceso inclusivo, en el que participaron diferentes pueblos y comunidades, por lo que tiene una visi\u00f3n intercultural, en la que se respeta la cosmovisi\u00f3n de los pueblos ind\u00edgenas. Karina resalt\u00f3 tambi\u00e9n el ejemplo positivo de PROAmazon\u00eda (programa del Gobierno Nacional que se implementa a trav\u00e9s del PNUD), mediante el cual se ha trabajado de cerca con las comunidades gracias a la implementaci\u00f3n de procesos de capacitaci\u00f3n en temas productivos; a trav\u00e9s de las Escuelas de Campo de Agricultores (ECAs), en \u00e1reas de fortalecimiento de capacidades, enfoque de g\u00e9nero; as\u00ed como en el apoyo a bioemprendimientos.<\/p>\n<p style=\"text-align: center;\"><img loading=\"lazy\" decoding=\"async\" class=\"alignnone  wp-image-7518\" src=\"https:\/\/www.proamazonia.org\/wp-content\/uploads\/2023\/07\/2.mujeresancestrales.proamaznia.ecuador.bosques.restauracion-212x300.jpg\" alt=\"\" width=\"354\" height=\"501\" srcset=\"https:\/\/www.proamazonia.org\/ppr\/wp-content\/uploads\/2023\/07\/2.mujeresancestrales.proamaznia.ecuador.bosques.restauracion-212x300.jpg 212w, https:\/\/www.proamazonia.org\/ppr\/wp-content\/uploads\/2023\/07\/2.mujeresancestrales.proamaznia.ecuador.bosques.restauracion.jpg 722w\" sizes=\"auto, (max-width: 354px) 100vw, 354px\" \/> <img loading=\"lazy\" decoding=\"async\" class=\"alignnone  wp-image-7516\" src=\"https:\/\/www.proamazonia.org\/wp-content\/uploads\/2023\/07\/4.mujeresancestrales.proamaznia.ecuador.bosques.restauracion-225x300.jpg\" alt=\"\" width=\"378\" height=\"504\" srcset=\"https:\/\/www.proamazonia.org\/ppr\/wp-content\/uploads\/2023\/07\/4.mujeresancestrales.proamaznia.ecuador.bosques.restauracion-225x300.jpg 225w, https:\/\/www.proamazonia.org\/ppr\/wp-content\/uploads\/2023\/07\/4.mujeresancestrales.proamaznia.ecuador.bosques.restauracion.jpg 768w\" sizes=\"auto, (max-width: 378px) 100vw, 378px\" \/><\/p>\n<p>&nbsp;<\/p>\n<p>Dolores de Jes\u00fas Cabnal, resalt\u00f3 la importancia de promover e impulsar la educaci\u00f3n como una herramienta participativa para alcanzar el desarrollo; y a la vez, destac\u00f3 el valioso aporte de los saberes ancestrales como un mecanismo para comprender a la naturaleza y sus variaciones. Dolores manifest\u00f3 que el cambio clim\u00e1tico involucra cambios culturales, espirituales y de convivencia a los que necesitamos prestarles atenci\u00f3n.<\/p>\n<p>Patricia Serrano, Gerente de PROAmazon\u00eda moder\u00f3 el foro de este encuentro, en cual se analizaron temas relacionados con: la valoraci\u00f3n de los conocimientos de los pueblos y comunidades, la importancia de preparar a las nuevas generaciones para preservar sus lenguas saberes ancestrales, los cuales tambi\u00e9n est\u00e1n vinculados con el cuidado de los bosques.<\/p>\n<p>Durante el debate, se abri\u00f3 la reflexi\u00f3n sobre diversas tem\u00e1ticas de importancia en el marco del evento:<\/p>\n<ul>\n<li>La importancia del involucramiento y la participaci\u00f3n de las comunidades, pueblos y nacionalidades ind\u00edgenas en procesos de construcci\u00f3n de REDD+.<\/li>\n<li>La importancia de buscar relevos generacionales y liderazgos j\u00f3venes en las comunidades, pueblos y nacionalidades ind\u00edgenas.<\/li>\n<li>La necesidad de fomentar principios y valores en temas relacionados al cuidado del ambiente desde las generaciones m\u00e1s j\u00f3venes.<\/li>\n<li>La trascendencia de la reflexi\u00f3n sobre temas de desarrollo sostenible en articulaci\u00f3n con las comunidades, pueblos y nacionalidades ind\u00edgenas y saberes ancestrales.<\/li>\n<\/ul>\n<p>Para el cierre de este evento se program\u00f3 una Feria de Bioemprendimientos en el Parque de Cumbay\u00e1, , al Oriente de la ciudad de Quito. Esta feria se realiz\u00f3 el viernes 19 y s\u00e1bado 20 de mayo entre las 10:00 y las 18:00, con 25 stands de bioemprendimientos a nivel nacional, con la participaci\u00f3n de una gran diversidad de productos y culturas, reflejo de la biodiversidad del Ecuador.<\/p>\n<p style=\"text-align: center;\"><img loading=\"lazy\" decoding=\"async\" class=\"alignnone  wp-image-7515\" src=\"https:\/\/www.proamazonia.org\/wp-content\/uploads\/2023\/07\/1.mujeresancestrales.proamaznia.ecuador.bosques.restauracion-300x173.jpg\" alt=\"\" width=\"578\" height=\"333\" srcset=\"https:\/\/www.proamazonia.org\/ppr\/wp-content\/uploads\/2023\/07\/1.mujeresancestrales.proamaznia.ecuador.bosques.restauracion-300x173.jpg 300w, https:\/\/www.proamazonia.org\/ppr\/wp-content\/uploads\/2023\/07\/1.mujeresancestrales.proamaznia.ecuador.bosques.restauracion-768x444.jpg 768w, https:\/\/www.proamazonia.org\/ppr\/wp-content\/uploads\/2023\/07\/1.mujeresancestrales.proamaznia.ecuador.bosques.restauracion.jpg 1024w\" sizes=\"auto, (max-width: 578px) 100vw, 578px\" \/> <img loading=\"lazy\" decoding=\"async\" class=\"alignnone  wp-image-7514\" src=\"https:\/\/www.proamazonia.org\/wp-content\/uploads\/2023\/07\/mujeresancestrales.proamaznia.ecuador.bosques.restauracion-300x225.jpg\" alt=\"\" width=\"448\" height=\"336\" srcset=\"https:\/\/www.proamazonia.org\/ppr\/wp-content\/uploads\/2023\/07\/mujeresancestrales.proamaznia.ecuador.bosques.restauracion-300x225.jpg 300w, https:\/\/www.proamazonia.org\/ppr\/wp-content\/uploads\/2023\/07\/mujeresancestrales.proamaznia.ecuador.bosques.restauracion-768x576.jpg 768w, https:\/\/www.proamazonia.org\/ppr\/wp-content\/uploads\/2023\/07\/mujeresancestrales.proamaznia.ecuador.bosques.restauracion-400x300.jpg 400w, https:\/\/www.proamazonia.org\/ppr\/wp-content\/uploads\/2023\/07\/mujeresancestrales.proamaznia.ecuador.bosques.restauracion-800x600.jpg 800w, https:\/\/www.proamazonia.org\/ppr\/wp-content\/uploads\/2023\/07\/mujeresancestrales.proamaznia.ecuador.bosques.restauracion.jpg 1024w\" sizes=\"auto, (max-width: 448px) 100vw, 448px\" \/><\/p>\n<p><\/p>","protected":false},"excerpt":{"rendered":"<p>El Ministerio del Ambiente, Agua y Transici\u00f3n Ecol\u00f3gica (MAATE) desarroll\u00f3 este 17 y 19 de mayo de 2023 el \u201cI Encuentro Internacional sobre uso sostenible de la Biodiversidad y los recursos gen\u00e9ticos asociados a conocimientos tradicionales\u201d en el Sal\u00f3n Azul de la Universidad San Francisco, en Cumbay\u00e1, Quito. El objetivo de este encuentro fue visibilizar e impulsar la producci\u00f3n sostenible y libre de deforestaci\u00f3n, la conservaci\u00f3n, restauraci\u00f3n y manejo forestal sostenible de los bosques de la Amazon\u00eda ecuatoriana y el \u00a0bosque seco del sur del pa\u00eds, as\u00ed como rescatar y potenciar los conocimientos tradicionales de pueblos y nacionalidades ind\u00edgenas del Ecuador. Durante el desarrollo de esta actividad participaron dos ponentes: Karina Barrera, Subsecretaria de Cambio Clim\u00e1tico de Ministerio del Ambiente, Agua y Transici\u00f3n Ecol\u00f3gica, con la ponencia titulada \u201cEl abordaje de los conocimientos tradicionales en el marco de la pol\u00edtica nacional ecuatoriana REDD+: experiencia de implementaci\u00f3n de medidas y acciones con pueblos y nacionalidades ind\u00edgenas\u201d; y Dolores de Jes\u00fas Cabnal, lidereza Maya Q\u02bceqch\u00ed de Guatemala, directora del \u00c1rea de Incidencia en Pol\u00edticas P\u00fablicas en la Asociaci\u00f3n AK Tenamit, \u00a0representante en el Foro internacional de Pueblos Ind\u00edgenas de Am\u00e9rica Latina y el Caribe en el Comit\u00e9 Global de Coordinaci\u00f3n sobre el [&hellip;]<\/p>\n","protected":false},"author":2,"featured_media":7517,"comment_status":"closed","ping_status":"closed","sticky":false,"template":"","format":"standard","meta":{"_uf_show_specific_survey":0,"_uf_disable_surveys":false,"footnotes":""},"categories":[3,23,31],"tags":[117,144,42,75],"class_list":["post-7519","post","type-post","status-publish","format-standard","has-post-thumbnail","hentry","category-noticias","category-noticias-home","category-restauracion","tag-bosque","tag-cacao","tag-ecuador","tag-mujeres"],"aioseo_notices":[],"_links":{"self":[{"href":"https:\/\/www.proamazonia.org\/ppr\/wp-json\/wp\/v2\/posts\/7519","targetHints":{"allow":["GET"]}}],"collection":[{"href":"https:\/\/www.proamazonia.org\/ppr\/wp-json\/wp\/v2\/posts"}],"about":[{"href":"https:\/\/www.proamazonia.org\/ppr\/wp-json\/wp\/v2\/types\/post"}],"author":[{"embeddable":true,"href":"https:\/\/www.proamazonia.org\/ppr\/wp-json\/wp\/v2\/users\/2"}],"replies":[{"embeddable":true,"href":"https:\/\/www.proamazonia.org\/ppr\/wp-json\/wp\/v2\/comments?post=7519"}],"version-history":[{"count":2,"href":"https:\/\/www.proamazonia.org\/ppr\/wp-json\/wp\/v2\/posts\/7519\/revisions"}],"predecessor-version":[{"id":7521,"href":"https:\/\/www.proamazonia.org\/ppr\/wp-json\/wp\/v2\/posts\/7519\/revisions\/7521"}],"wp:featuredmedia":[{"embeddable":true,"href":"https:\/\/www.proamazonia.org\/ppr\/wp-json\/wp\/v2\/media\/7517"}],"wp:attachment":[{"href":"https:\/\/www.proamazonia.org\/ppr\/wp-json\/wp\/v2\/media?parent=7519"}],"wp:term":[{"taxonomy":"category","embeddable":true,"href":"https:\/\/www.proamazonia.org\/ppr\/wp-json\/wp\/v2\/categories?post=7519"},{"taxonomy":"post_tag","embeddable":true,"href":"https:\/\/www.proamazonia.org\/ppr\/wp-json\/wp\/v2\/tags?post=7519"}],"curies":[{"name":"wp","href":"https:\/\/api.w.org\/{rel}","templated":true}]}}