{"id":7522,"date":"2023-07-06T10:19:57","date_gmt":"2023-07-06T15:19:57","guid":{"rendered":"https:\/\/www.proamazonia.org\/?p=7522"},"modified":"2023-07-06T10:55:18","modified_gmt":"2023-07-06T15:55:18","slug":"la-gestion-del-gobierno-y-la-academia-permiten-la-investigacion-y-el-desarrollo-sostenible-en-las-comunidades-amazonicas","status":"publish","type":"post","link":"https:\/\/www.proamazonia.org\/ppr\/la-gestion-del-gobierno-y-la-academia-permiten-la-investigacion-y-el-desarrollo-sostenible-en-las-comunidades-amazonicas\/","title":{"rendered":"LA GESTI\u00d3N DEL GOBIERNO Y LA ACADEMIA PERMITEN LA INVESTIGACI\u00d3N Y EL DESARROLLO SOSTENIBLE EN LAS COMUNIDADES AMAZ\u00d3NICAS"},"content":{"rendered":"<p><\/p>\n<ul>\n<li style=\"font-weight: 400;\" aria-level=\"1\"><i><span style=\"font-weight: 400;\">En marzo de 2019 el Ministerio del Ambiente, Agua y Transici\u00f3n Ecol\u00f3gica, el Ministerio de Agricultura y Ganader\u00eda y la Universidad T\u00e9cnica Particular de Loja (UTPL) suscribieron un convenio para generar opciones de desarrollo sostenible a partir de Productos Forestales No Maderables (PFNM) en el marco de PROAmazon\u00eda. <\/span><\/i><\/li>\n<li style=\"font-weight: 400;\" aria-level=\"1\"><i>El evento de cierre fue el escenario para presentar, a trav\u00e9s del conversatorio <\/i><b><i>\u201cEl Potencial de la Biodiversidad en la Investigaci\u00f3n\u201d,<\/i><\/b><i> los aportes y logros del convenio a varios actores clave como: Gobierno, academia, representantes de instituciones en el sector de productos forestales no maderables, autoridades de los Gobiernos Aut\u00f3nomos Descentralizados, organismos de investigaci\u00f3n cient\u00edfica y organismos internacionales.<\/i><\/li>\n<\/ul>\n<ul>\n<li style=\"font-weight: 400;\" aria-level=\"1\"><i><span style=\"font-weight: 400;\">Entre los resultados del proyecto se generaron varios documentos, entre los cuales est\u00e1n: libros de productos forestales no maderables, manuales de buena pr\u00e1ctica sostenible y cosecha y una gu\u00eda para conocer e implementar corredores de conectividad en Ecuador.<\/span><\/i><\/li>\n<\/ul>\n<hr \/>\n<p><span style=\"font-weight: 400;\">En la Universidad T\u00e9cnica Particular de Loja, sede Quito, este 5 de abril, se realiz\u00f3\u00a0 el<\/span> <b>\u201c<\/b><b>Conversatorio del Potencial de la Biodiversidad en la Investigaci\u00f3n<\/b><b>\u201d<\/b><span style=\"font-weight: 400;\"> con el objetivo de presentar los resultados de la implementaci\u00f3n del proyecto <\/span><i><span style=\"font-weight: 400;\">\u00ab<\/span><\/i><i><span style=\"font-weight: 400;\">Asistencia t\u00e9cnica para la identificaci\u00f3n de oportunidades de negocio a partir de Productos Forestales No Maderables (PFNM), productos de la biodiversidad, Manejo Sostenible del Territorio (MST), Manejo Forestal Sustentable (MFS) y factibilidad de planta para aprovechamiento sustentable en la Amazon\u00eda Centro y Sur\u201d.<\/span><\/i><\/p>\n<p style=\"text-align: center;\">\u00a0<img loading=\"lazy\" decoding=\"async\" class=\"alignnone wp-image-7524\" src=\"https:\/\/www.proamazonia.org\/wp-content\/uploads\/2023\/07\/2.utpl_.bosque.bioemprendimiento.ecuador.proamazonia.ambiente-300x157.jpg\" alt=\"\" width=\"516\" height=\"270\" srcset=\"https:\/\/www.proamazonia.org\/ppr\/wp-content\/uploads\/2023\/07\/2.utpl_.bosque.bioemprendimiento.ecuador.proamazonia.ambiente-300x157.jpg 300w, https:\/\/www.proamazonia.org\/ppr\/wp-content\/uploads\/2023\/07\/2.utpl_.bosque.bioemprendimiento.ecuador.proamazonia.ambiente-768x403.jpg 768w, https:\/\/www.proamazonia.org\/ppr\/wp-content\/uploads\/2023\/07\/2.utpl_.bosque.bioemprendimiento.ecuador.proamazonia.ambiente.jpg 900w\" sizes=\"auto, (max-width: 516px) 100vw, 516px\" \/> <img loading=\"lazy\" decoding=\"async\" class=\"alignnone wp-image-7523\" src=\"https:\/\/www.proamazonia.org\/wp-content\/uploads\/2023\/07\/3.utpl_.bosque.bioemprendimiento.ecuador.proamazonia.ambiente-300x157.jpg\" alt=\"\" width=\"501\" height=\"262\" srcset=\"https:\/\/www.proamazonia.org\/ppr\/wp-content\/uploads\/2023\/07\/3.utpl_.bosque.bioemprendimiento.ecuador.proamazonia.ambiente-300x157.jpg 300w, https:\/\/www.proamazonia.org\/ppr\/wp-content\/uploads\/2023\/07\/3.utpl_.bosque.bioemprendimiento.ecuador.proamazonia.ambiente-768x403.jpg 768w, https:\/\/www.proamazonia.org\/ppr\/wp-content\/uploads\/2023\/07\/3.utpl_.bosque.bioemprendimiento.ecuador.proamazonia.ambiente.jpg 900w\" sizes=\"auto, (max-width: 501px) 100vw, 501px\" \/><\/p>\n<p><span style=\"font-weight: 400;\">La implementaci\u00f3n del convenio, en las provincias amaz\u00f3nicas, Loja y El Oro, fue liderada <\/span><span style=\"font-weight: 400;\">por los Ministerios del Ambiente, Agua y Transici\u00f3n Ecol\u00f3gica (MAATE), el Ministerio de Agricultura y Ganader\u00eda (GAD) en conjunto con docentes de la Universidad T\u00e9cnica Particular de Loja (UTPL) <\/span><b>en el marco de PROAmazon\u00eda, programa del Gobierno Nacional que cuenta con apoyo del PNUD.\u00a0<\/b><\/p>\n<p><span style=\"font-weight: 400;\">El convenio de asistencia t\u00e9cnica <\/span><span style=\"font-weight: 400;\">para la identificaci\u00f3n de oportunidades de negocio a partir de los PFNM<\/span><span style=\"font-weight: 400;\"> y tuvo como objetivo la producci\u00f3n forestal no maderable que permita a las comunidades amaz\u00f3nicas aprovechar su biodiversidad e impulsar modos de producci\u00f3n de econom\u00eda sustentable de bionegocios.\u00a0<\/span><\/p>\n<p><span style=\"font-weight: 400;\">De esta forma, el convenio gener\u00f3 opciones de aprovechamiento sostenible para productos forestales no maderables como: morete, ungurahua, ishpingo, kumbia, man\u00ed de \u00e1rbol, palo santo y cacao de monte, a trav\u00e9s de la investigaci\u00f3n aplicada y la transferencia de capacidades a los actores locales.\u00a0\u00a0<\/span><\/p>\n<p><span style=\"font-weight: 400;\">A partir de la fecha de implementaci\u00f3n de este convenio de asistencia t\u00e9cnica, marzo de 2019 a noviembre de 2023, se lograron varios aportes entre los que se encuentran:<\/span><\/p>\n<ul>\n<li style=\"font-weight: 400;\" aria-level=\"1\"><span style=\"font-weight: 400;\">Investigaci\u00f3n compilatoria de las especies \u00fatiles de la Regi\u00f3n Amaz\u00f3nica y el Bosque Seco de la Provincia de Loja y provincia de El Oro.<\/span><\/li>\n<li style=\"font-weight: 400;\" aria-level=\"1\"><span style=\"font-weight: 400;\">Mapeo exhaustivo de actores involucrados en el aprovechamiento de Productos Forestales No Maderables (PFNM).<\/span><\/li>\n<li style=\"font-weight: 400;\" aria-level=\"1\"><span style=\"font-weight: 400;\">Evaluaci\u00f3n del potencial comercial del listado de las especies \u00fatiles identificadas.<\/span><\/li>\n<li style=\"font-weight: 400;\" aria-level=\"1\"><span style=\"font-weight: 400;\">Mapeo exhaustivo de actores involucrados para el aprovechamiento de PFNM de la Amazon\u00eda.\u00a0<\/span><\/li>\n<li style=\"font-weight: 400;\" aria-level=\"1\"><span style=\"font-weight: 400;\">Estudio socioecon\u00f3mico de las comunidades que ser\u00e1n beneficiarias de la transferencia de resultados en la investigaci\u00f3n aplicada del proyecto.\u00a0\u00a0<\/span><\/li>\n<li style=\"font-weight: 400;\" aria-level=\"1\"><span style=\"font-weight: 400;\">Establecimiento de parcelas para la observaci\u00f3n de tres especies (Morete, Ishpingo, Ungurahua) con la finalidad de establecer planes de manejo sostenible de las mismas.<\/span><\/li>\n<li style=\"font-weight: 400;\" aria-level=\"1\"><span style=\"font-weight: 400;\">Prototipos a partir de ingredientes naturales de la Amazon\u00eda.<\/span><\/li>\n<li style=\"font-weight: 400;\" aria-level=\"1\"><span style=\"font-weight: 400;\">Mapeo de las cadenas de valor de los productos mencionados y el an\u00e1lisis de sus puntos cr\u00edticos.<\/span><\/li>\n<li style=\"font-weight: 400;\" aria-level=\"1\"><span style=\"font-weight: 400;\">Ingenier\u00eda de un repositorio electr\u00f3nico de conocimiento sobre Productos Forestales no Maderables anclado en el Instituto Nacional de la Biodiversidad.\u00a0<\/span><\/li>\n<\/ul>\n<p><span style=\"font-weight: 400;\">Estos resultados beneficiaron directamente a 945 personas y 204 familias de las comunidades amaz\u00f3nicas: Mashumarentza, Kaank Grande, Setuch, Antuash, Shakai y Malvas.\u00a0<\/span><\/p>\n<p><span style=\"font-weight: 400;\">Finalmente, durante el conversatorio se promovieron espacios de di\u00e1logo y reflexi\u00f3n para afianzar la importancia del manejo y conservaci\u00f3n de la biodiversidad, especialmente de los Productos Forestales No Maderables; la importancia de la gesti\u00f3n de conocimiento de cara a los retos que el entorno exige; y la participaci\u00f3n de actores locales, como son los pueblos y nacionalidades ind\u00edgenas, quienes mediante el cuidado del ecosistema y su empoderamiento fortalecen los procesos de gobernanza local.<\/span><\/p>\n<p><img loading=\"lazy\" decoding=\"async\" class=\" wp-image-7526 aligncenter\" src=\"https:\/\/www.proamazonia.org\/wp-content\/uploads\/2023\/07\/utpl.bosque.bioemprendimiento.ecuador.proamazonia.ambiente-300x157.jpg\" alt=\"\" width=\"898\" height=\"470\" srcset=\"https:\/\/www.proamazonia.org\/ppr\/wp-content\/uploads\/2023\/07\/utpl.bosque.bioemprendimiento.ecuador.proamazonia.ambiente-300x157.jpg 300w, https:\/\/www.proamazonia.org\/ppr\/wp-content\/uploads\/2023\/07\/utpl.bosque.bioemprendimiento.ecuador.proamazonia.ambiente-768x402.jpg 768w, https:\/\/www.proamazonia.org\/ppr\/wp-content\/uploads\/2023\/07\/utpl.bosque.bioemprendimiento.ecuador.proamazonia.ambiente.jpg 1000w\" sizes=\"auto, (max-width: 898px) 100vw, 898px\" \/><\/p>","protected":false},"excerpt":{"rendered":"<p>En marzo de 2019 el Ministerio del Ambiente, Agua y Transici\u00f3n Ecol\u00f3gica, el Ministerio de Agricultura y Ganader\u00eda y la Universidad T\u00e9cnica Particular de Loja (UTPL) suscribieron un convenio para generar opciones de desarrollo sostenible a partir de Productos Forestales No Maderables (PFNM) en el marco de PROAmazon\u00eda. El evento de cierre fue el escenario para presentar, a trav\u00e9s del conversatorio \u201cEl Potencial de la Biodiversidad en la Investigaci\u00f3n\u201d, los aportes y logros del convenio a varios actores clave como: Gobierno, academia, representantes de instituciones en el sector de productos forestales no maderables, autoridades de los Gobiernos Aut\u00f3nomos Descentralizados, organismos de investigaci\u00f3n cient\u00edfica y organismos internacionales. Entre los resultados del proyecto se generaron varios documentos, entre los cuales est\u00e1n: libros de productos forestales no maderables, manuales de buena pr\u00e1ctica sostenible y cosecha y una gu\u00eda para conocer e implementar corredores de conectividad en Ecuador. En la Universidad T\u00e9cnica Particular de Loja, sede Quito, este 5 de abril, se realiz\u00f3\u00a0 el \u201cConversatorio del Potencial de la Biodiversidad en la Investigaci\u00f3n\u201d con el objetivo de presentar los resultados de la implementaci\u00f3n del proyecto \u00abAsistencia t\u00e9cnica para la identificaci\u00f3n de oportunidades de negocio a partir de Productos Forestales No Maderables (PFNM), productos de [&hellip;]<\/p>\n","protected":false},"author":2,"featured_media":7525,"comment_status":"closed","ping_status":"closed","sticky":false,"template":"","format":"standard","meta":{"_uf_show_specific_survey":0,"_uf_disable_surveys":false,"footnotes":""},"categories":[3,23,31],"tags":[246,117,42,245,244],"class_list":["post-7522","post","type-post","status-publish","format-standard","has-post-thumbnail","hentry","category-noticias","category-noticias-home","category-restauracion","tag-bioemprendimiento","tag-bosque","tag-ecuador","tag-loja","tag-utpl"],"aioseo_notices":[],"_links":{"self":[{"href":"https:\/\/www.proamazonia.org\/ppr\/wp-json\/wp\/v2\/posts\/7522","targetHints":{"allow":["GET"]}}],"collection":[{"href":"https:\/\/www.proamazonia.org\/ppr\/wp-json\/wp\/v2\/posts"}],"about":[{"href":"https:\/\/www.proamazonia.org\/ppr\/wp-json\/wp\/v2\/types\/post"}],"author":[{"embeddable":true,"href":"https:\/\/www.proamazonia.org\/ppr\/wp-json\/wp\/v2\/users\/2"}],"replies":[{"embeddable":true,"href":"https:\/\/www.proamazonia.org\/ppr\/wp-json\/wp\/v2\/comments?post=7522"}],"version-history":[{"count":2,"href":"https:\/\/www.proamazonia.org\/ppr\/wp-json\/wp\/v2\/posts\/7522\/revisions"}],"predecessor-version":[{"id":7542,"href":"https:\/\/www.proamazonia.org\/ppr\/wp-json\/wp\/v2\/posts\/7522\/revisions\/7542"}],"wp:featuredmedia":[{"embeddable":true,"href":"https:\/\/www.proamazonia.org\/ppr\/wp-json\/wp\/v2\/media\/7525"}],"wp:attachment":[{"href":"https:\/\/www.proamazonia.org\/ppr\/wp-json\/wp\/v2\/media?parent=7522"}],"wp:term":[{"taxonomy":"category","embeddable":true,"href":"https:\/\/www.proamazonia.org\/ppr\/wp-json\/wp\/v2\/categories?post=7522"},{"taxonomy":"post_tag","embeddable":true,"href":"https:\/\/www.proamazonia.org\/ppr\/wp-json\/wp\/v2\/tags?post=7522"}],"curies":[{"name":"wp","href":"https:\/\/api.w.org\/{rel}","templated":true}]}}