{"id":7528,"date":"2023-07-06T10:30:07","date_gmt":"2023-07-06T15:30:07","guid":{"rendered":"https:\/\/www.proamazonia.org\/?p=7528"},"modified":"2023-07-06T10:54:19","modified_gmt":"2023-07-06T15:54:19","slug":"ministerio-del-ambiente-agua-y-transicion-ecologica-realiza-lanzamiento-de-marca-bioecuador-para-apoyar-bioemprendimientos-nacionales","status":"publish","type":"post","link":"https:\/\/www.proamazonia.org\/ppr\/ministerio-del-ambiente-agua-y-transicion-ecologica-realiza-lanzamiento-de-marca-bioecuador-para-apoyar-bioemprendimientos-nacionales\/","title":{"rendered":"MINISTERIO DEL AMBIENTE, AGUA Y TRANSICI\u00d3N ECOL\u00d3GICA REALIZA LANZAMIENTO DE MARCA BIOECUADOR PARA APOYAR BIOEMPRENDIMIENTOS NACIONALES"},"content":{"rendered":"<p><span style=\"font-weight: 400;\">Los bioemprendimientos ecuatorianos cuentan con una marca pa\u00eds para incentivar el consumo responsable. Este 16 de diciembre en Quito, el Ministerio del Ambiente, Agua y Transici\u00f3n Ecol\u00f3gica\u00a0 realizar\u00e1 el lanzamiento de la marca BioEcuador con el objetivo de promocionar y visibilizar a los bioemprendimientos del pa\u00eds como una estrategia para el uso y aprovechamiento sostenible de la biodiversidad.\u00a0<\/span><\/p>\n<p style=\"text-align: center;\"><img loading=\"lazy\" decoding=\"async\" class=\"alignnone wp-image-7534\" src=\"https:\/\/www.proamazonia.org\/wp-content\/uploads\/2023\/07\/BIOECUADOR-2-300x300.jpeg\" alt=\"\" width=\"340\" height=\"340\" srcset=\"https:\/\/www.proamazonia.org\/ppr\/wp-content\/uploads\/2023\/07\/BIOECUADOR-2-300x300.jpeg 300w, https:\/\/www.proamazonia.org\/ppr\/wp-content\/uploads\/2023\/07\/BIOECUADOR-2-1024x1024.jpeg 1024w, https:\/\/www.proamazonia.org\/ppr\/wp-content\/uploads\/2023\/07\/BIOECUADOR-2-150x150.jpeg 150w, https:\/\/www.proamazonia.org\/ppr\/wp-content\/uploads\/2023\/07\/BIOECUADOR-2-768x768.jpeg 768w, https:\/\/www.proamazonia.org\/ppr\/wp-content\/uploads\/2023\/07\/BIOECUADOR-2-80x80.jpeg 80w, https:\/\/www.proamazonia.org\/ppr\/wp-content\/uploads\/2023\/07\/BIOECUADOR-2-500x500.jpeg 500w, https:\/\/www.proamazonia.org\/ppr\/wp-content\/uploads\/2023\/07\/BIOECUADOR-2-1000x1000.jpeg 1000w, https:\/\/www.proamazonia.org\/ppr\/wp-content\/uploads\/2023\/07\/BIOECUADOR-2-75x75.jpeg 75w, https:\/\/www.proamazonia.org\/ppr\/wp-content\/uploads\/2023\/07\/BIOECUADOR-2.jpeg 1440w\" sizes=\"auto, (max-width: 340px) 100vw, 340px\" \/> <img loading=\"lazy\" decoding=\"async\" class=\"alignnone wp-image-7532\" src=\"https:\/\/www.proamazonia.org\/wp-content\/uploads\/2023\/07\/BIOECUADOR-300x300.jpeg\" alt=\"\" width=\"338\" height=\"338\" srcset=\"https:\/\/www.proamazonia.org\/ppr\/wp-content\/uploads\/2023\/07\/BIOECUADOR-300x300.jpeg 300w, https:\/\/www.proamazonia.org\/ppr\/wp-content\/uploads\/2023\/07\/BIOECUADOR-1024x1024.jpeg 1024w, https:\/\/www.proamazonia.org\/ppr\/wp-content\/uploads\/2023\/07\/BIOECUADOR-150x150.jpeg 150w, https:\/\/www.proamazonia.org\/ppr\/wp-content\/uploads\/2023\/07\/BIOECUADOR-768x768.jpeg 768w, https:\/\/www.proamazonia.org\/ppr\/wp-content\/uploads\/2023\/07\/BIOECUADOR-80x80.jpeg 80w, https:\/\/www.proamazonia.org\/ppr\/wp-content\/uploads\/2023\/07\/BIOECUADOR-500x500.jpeg 500w, https:\/\/www.proamazonia.org\/ppr\/wp-content\/uploads\/2023\/07\/BIOECUADOR-1000x1000.jpeg 1000w, https:\/\/www.proamazonia.org\/ppr\/wp-content\/uploads\/2023\/07\/BIOECUADOR-75x75.jpeg 75w, https:\/\/www.proamazonia.org\/ppr\/wp-content\/uploads\/2023\/07\/BIOECUADOR.jpeg 1440w\" sizes=\"auto, (max-width: 338px) 100vw, 338px\" \/> <img loading=\"lazy\" decoding=\"async\" class=\"alignnone wp-image-7533\" src=\"https:\/\/www.proamazonia.org\/wp-content\/uploads\/2023\/07\/BIOECUADOR-3-300x300.jpeg\" alt=\"\" width=\"337\" height=\"337\" srcset=\"https:\/\/www.proamazonia.org\/ppr\/wp-content\/uploads\/2023\/07\/BIOECUADOR-3-300x300.jpeg 300w, https:\/\/www.proamazonia.org\/ppr\/wp-content\/uploads\/2023\/07\/BIOECUADOR-3-1024x1024.jpeg 1024w, https:\/\/www.proamazonia.org\/ppr\/wp-content\/uploads\/2023\/07\/BIOECUADOR-3-150x150.jpeg 150w, https:\/\/www.proamazonia.org\/ppr\/wp-content\/uploads\/2023\/07\/BIOECUADOR-3-768x768.jpeg 768w, https:\/\/www.proamazonia.org\/ppr\/wp-content\/uploads\/2023\/07\/BIOECUADOR-3-80x80.jpeg 80w, https:\/\/www.proamazonia.org\/ppr\/wp-content\/uploads\/2023\/07\/BIOECUADOR-3-500x500.jpeg 500w, https:\/\/www.proamazonia.org\/ppr\/wp-content\/uploads\/2023\/07\/BIOECUADOR-3-1000x1000.jpeg 1000w, https:\/\/www.proamazonia.org\/ppr\/wp-content\/uploads\/2023\/07\/BIOECUADOR-3-75x75.jpeg 75w, https:\/\/www.proamazonia.org\/ppr\/wp-content\/uploads\/2023\/07\/BIOECUADOR-3.jpeg 1440w\" sizes=\"auto, (max-width: 337px) 100vw, 337px\" \/><\/p>\n<p><span style=\"font-weight: 400;\">Aproximadamente 20 bioemprendimientos de las diferentes regiones del Ecuador, entre los cuales se destacan bebidas de wayusa amaz\u00f3nica, tejidos de chambira, productos pertenecientes al manglar, al aja shuar o de las chakras kichwa que son usados como ingredientes para cosm\u00e9ticos y alimentos, entre otros, participar\u00e1n en una feria especializada en el Centro Comercial I\u00f1aquito (CCI) (\u00e1rea Happy Wall).<\/span><\/p>\n<p><span style=\"font-weight: 400;\">Este evento, que se realizar\u00e1 los d\u00edas 16 y 17 de diciembre, impulsa una <\/span><span style=\"font-weight: 400;\">producci\u00f3n agroecol\u00f3gica a peque\u00f1a y mediana escala que promueve buenas pr\u00e1cticas en el manejo del bosque e impulsa el sistema chakra. Los bioemprendedores est\u00e1n comprometidos con la conservaci\u00f3n de los bosques, as\u00ed como a la recuperaci\u00f3n de pr\u00e1cticas y conocimientos ancestrales.\u00a0<\/span><\/p>\n<p><span style=\"font-weight: 400;\">Adem\u00e1s, la Autoridad Ambiental realizar\u00e1 el lanzamiento del portal NotThatStore.com, una plataforma de comercio electr\u00f3nico enfocada en productos ambiental, social y econ\u00f3micamente sustentables. En este portal se encuentran algunos bioemprendimientos nacionales para facilitar y promocionar su comercializaci\u00f3n, y se ir\u00e1n integrando m\u00e1s productos a lo largo del tiempo.\u00a0<\/span><\/p>\n<p><span style=\"font-weight: 400;\">La presentaci\u00f3n de la marca y plataforma la realizar\u00e1 el ministro del Ambiente, Agua y Transici\u00f3n Ecol\u00f3gica, Gustavo Manrique, quien destac\u00f3 la importancia de los bioemprendimientos como una estrategia para lograr la transici\u00f3n ecol\u00f3gica, a trav\u00e9s de la diversificaci\u00f3n de los medios de vida comunitarios. De esta manera, se busca dar un valor agregado a los productos del bosque distintos de la madera y\u00a0 de la chakra, mejorando as\u00ed las condiciones econ\u00f3micas y socioculturales de las poblaciones.\u00a0\u00a0<\/span><\/p>\n<p style=\"text-align: center;\"><img loading=\"lazy\" decoding=\"async\" class=\"alignnone wp-image-7530\" src=\"https:\/\/www.proamazonia.org\/wp-content\/uploads\/2023\/07\/1.bioecuador.ambiente.ecu_-300x200.jpg\" alt=\"\" width=\"507\" height=\"338\" srcset=\"https:\/\/www.proamazonia.org\/ppr\/wp-content\/uploads\/2023\/07\/1.bioecuador.ambiente.ecu_-300x200.jpg 300w, https:\/\/www.proamazonia.org\/ppr\/wp-content\/uploads\/2023\/07\/1.bioecuador.ambiente.ecu_-1024x684.jpg 1024w, https:\/\/www.proamazonia.org\/ppr\/wp-content\/uploads\/2023\/07\/1.bioecuador.ambiente.ecu_-768x513.jpg 768w, https:\/\/www.proamazonia.org\/ppr\/wp-content\/uploads\/2023\/07\/1.bioecuador.ambiente.ecu_-1536x1025.jpg 1536w, https:\/\/www.proamazonia.org\/ppr\/wp-content\/uploads\/2023\/07\/1.bioecuador.ambiente.ecu_-600x400.jpg 600w, https:\/\/www.proamazonia.org\/ppr\/wp-content\/uploads\/2023\/07\/1.bioecuador.ambiente.ecu_.jpg 2048w\" sizes=\"auto, (max-width: 507px) 100vw, 507px\" \/> <img loading=\"lazy\" decoding=\"async\" class=\"alignnone wp-image-7529\" src=\"https:\/\/www.proamazonia.org\/wp-content\/uploads\/2023\/07\/2.bioecuador.ambiente.ecu_-300x200.jpg\" alt=\"\" width=\"513\" height=\"342\" srcset=\"https:\/\/www.proamazonia.org\/ppr\/wp-content\/uploads\/2023\/07\/2.bioecuador.ambiente.ecu_-300x200.jpg 300w, https:\/\/www.proamazonia.org\/ppr\/wp-content\/uploads\/2023\/07\/2.bioecuador.ambiente.ecu_-1024x684.jpg 1024w, https:\/\/www.proamazonia.org\/ppr\/wp-content\/uploads\/2023\/07\/2.bioecuador.ambiente.ecu_-768x513.jpg 768w, https:\/\/www.proamazonia.org\/ppr\/wp-content\/uploads\/2023\/07\/2.bioecuador.ambiente.ecu_-1536x1025.jpg 1536w, https:\/\/www.proamazonia.org\/ppr\/wp-content\/uploads\/2023\/07\/2.bioecuador.ambiente.ecu_-600x400.jpg 600w, https:\/\/www.proamazonia.org\/ppr\/wp-content\/uploads\/2023\/07\/2.bioecuador.ambiente.ecu_.jpg 2048w\" sizes=\"auto, (max-width: 513px) 100vw, 513px\" \/><\/p>\n<p><span style=\"font-weight: 400;\">As\u00ed tambi\u00e9n se llevar\u00e1 a cabo un evento promocional gastron\u00f3mico de la biodiversidad, denominado BioEcuador Fusi\u00f3n. Esta iniciativa contar\u00e1 con la participaci\u00f3n del chef Enrique Sempere, quien preparar\u00e1 un plato fusi\u00f3n utilizando productos de bioemprendimientos. Esta actividad demostr\u00f3 el potencial culinario del Ecuador al incluir una combinaci\u00f3n de ingredientes como ali\u00f1os y macerados naturales, palmito org\u00e1nico, frutas y verduras deshidratadas, wayusa,\u00a0 aceite de sacha inchi, panela org\u00e1nica, entre otros, brindando una experiencia de sabores \u00fanicos y tradicionales.\u00a0<\/span><\/p>\n<p><span style=\"font-weight: 400;\">El evento cont\u00f3 con la participaci\u00f3n y apoyo de varias instituciones y proyectos del MAATE como REM Ecuador, Proyecto Socio Bosque, Proyecto Nacional de Restauraci\u00f3n del Paisaje, Programa de Peque\u00f1as Donaciones del PNUD, Bionegocios de Fundaci\u00f3n Heifer, BioValor de GIZ, PROAmazon\u00eda, programa liderado por el MAATE y MAG que recibe apoyo de PNUD.<\/span><\/p>\n<p><span style=\"font-weight: 400;\">Invitamos a la ciudadan\u00eda a participar en la feria de bioemprendimientos durante los d\u00edas 16 y 17 de diciembre en el CCI de Quito, en donde podr\u00e1 apoyar en la comercializaci\u00f3n de los bioemprendimientos ofertados.\u00a0<\/span><\/p>\n<p><b>Datos:<\/b><\/p>\n<ul>\n<li style=\"font-weight: 400;\" aria-level=\"1\"><span style=\"font-weight: 400;\">En el 2019, el MAATE expidi\u00f3 el Acuerdo Ministerial N\u00ba034 que presenta los lineamientos para el fomento de los bioemprendimientos como estrategia de conservaci\u00f3n del patrimonio natural, mediante el uso sostenible de la biodiversidad en todo el territorio nacional, conforme a la normativa ambiental vigente.<\/span><\/li>\n<li style=\"font-weight: 400;\" aria-level=\"1\"><span style=\"font-weight: 400;\">Los bioemprendimientos incorporan la multiplicidad de conocimientos y saberes ancestrales, que forman parte de un patrimonio intangible e invaluable que es transmitido de generaci\u00f3n a generaci\u00f3n. Un factor muy importante ya que se fortalecen los v\u00ednculos comunitarios y potencia el liderazgo y desarrollo comunitario.\u00a0<\/span><\/li>\n<\/ul>\n<p><\/p>","protected":false},"excerpt":{"rendered":"<p>Los bioemprendimientos ecuatorianos cuentan con una marca pa\u00eds para incentivar el consumo responsable. Este 16 de diciembre en Quito, el Ministerio del Ambiente, Agua y Transici\u00f3n Ecol\u00f3gica\u00a0 realizar\u00e1 el lanzamiento de la marca BioEcuador con el objetivo de promocionar y visibilizar a los bioemprendimientos del pa\u00eds como una estrategia para el uso y aprovechamiento sostenible de la biodiversidad.\u00a0 Aproximadamente 20 bioemprendimientos de las diferentes regiones del Ecuador, entre los cuales se destacan bebidas de wayusa amaz\u00f3nica, tejidos de chambira, productos pertenecientes al manglar, al aja shuar o de las chakras kichwa que son usados como ingredientes para cosm\u00e9ticos y alimentos, entre otros, participar\u00e1n en una feria especializada en el Centro Comercial I\u00f1aquito (CCI) (\u00e1rea Happy Wall). Este evento, que se realizar\u00e1 los d\u00edas 16 y 17 de diciembre, impulsa una producci\u00f3n agroecol\u00f3gica a peque\u00f1a y mediana escala que promueve buenas pr\u00e1cticas en el manejo del bosque e impulsa el sistema chakra. Los bioemprendedores est\u00e1n comprometidos con la conservaci\u00f3n de los bosques, as\u00ed como a la recuperaci\u00f3n de pr\u00e1cticas y conocimientos ancestrales.\u00a0 Adem\u00e1s, la Autoridad Ambiental realizar\u00e1 el lanzamiento del portal NotThatStore.com, una plataforma de comercio electr\u00f3nico enfocada en productos ambiental, social y econ\u00f3micamente sustentables. En este portal se encuentran algunos [&hellip;]<\/p>\n","protected":false},"author":2,"featured_media":7531,"comment_status":"closed","ping_status":"closed","sticky":false,"template":"","format":"standard","meta":{"_uf_show_specific_survey":0,"_uf_disable_surveys":false,"footnotes":""},"categories":[3,23,31],"tags":[247,246,117,44],"class_list":["post-7528","post","type-post","status-publish","format-standard","has-post-thumbnail","hentry","category-noticias","category-noticias-home","category-restauracion","tag-bioecuador","tag-bioemprendimiento","tag-bosque","tag-proamazonia"],"aioseo_notices":[],"_links":{"self":[{"href":"https:\/\/www.proamazonia.org\/ppr\/wp-json\/wp\/v2\/posts\/7528","targetHints":{"allow":["GET"]}}],"collection":[{"href":"https:\/\/www.proamazonia.org\/ppr\/wp-json\/wp\/v2\/posts"}],"about":[{"href":"https:\/\/www.proamazonia.org\/ppr\/wp-json\/wp\/v2\/types\/post"}],"author":[{"embeddable":true,"href":"https:\/\/www.proamazonia.org\/ppr\/wp-json\/wp\/v2\/users\/2"}],"replies":[{"embeddable":true,"href":"https:\/\/www.proamazonia.org\/ppr\/wp-json\/wp\/v2\/comments?post=7528"}],"version-history":[{"count":1,"href":"https:\/\/www.proamazonia.org\/ppr\/wp-json\/wp\/v2\/posts\/7528\/revisions"}],"predecessor-version":[{"id":7535,"href":"https:\/\/www.proamazonia.org\/ppr\/wp-json\/wp\/v2\/posts\/7528\/revisions\/7535"}],"wp:featuredmedia":[{"embeddable":true,"href":"https:\/\/www.proamazonia.org\/ppr\/wp-json\/wp\/v2\/media\/7531"}],"wp:attachment":[{"href":"https:\/\/www.proamazonia.org\/ppr\/wp-json\/wp\/v2\/media?parent=7528"}],"wp:term":[{"taxonomy":"category","embeddable":true,"href":"https:\/\/www.proamazonia.org\/ppr\/wp-json\/wp\/v2\/categories?post=7528"},{"taxonomy":"post_tag","embeddable":true,"href":"https:\/\/www.proamazonia.org\/ppr\/wp-json\/wp\/v2\/tags?post=7528"}],"curies":[{"name":"wp","href":"https:\/\/api.w.org\/{rel}","templated":true}]}}