{"id":7536,"date":"2023-07-06T10:53:04","date_gmt":"2023-07-06T15:53:04","guid":{"rendered":"https:\/\/www.proamazonia.org\/?p=7536"},"modified":"2023-07-06T10:53:43","modified_gmt":"2023-07-06T15:53:43","slug":"ecuador-protege-el-recurso-hidrico-para-mitigar-el-cambio-climatico","status":"publish","type":"post","link":"https:\/\/www.proamazonia.org\/ppr\/ecuador-protege-el-recurso-hidrico-para-mitigar-el-cambio-climatico\/","title":{"rendered":"ECUADOR PROTEGE EL RECURSO H\u00cdDRICO PARA MITIGAR EL CAMBIO CLIM\u00c1TICO"},"content":{"rendered":"<p><\/p>\n<ul>\n<li style=\"font-weight: 400;\" aria-level=\"1\"><i><span style=\"font-weight: 400;\">En el marco de Presentaci\u00f3n de Resultados de los convenios con los Fondos de Agua FONAG, FONAPA Y FORAGUA se realiz\u00f3 un conversatorio\u00a0con entidades p\u00fablicas y privadas para compartir hitos alcanzados y\u00a0las experiencias adquiridas en el marco del cuidado del agua y el ambiente.\u00a0<\/span><\/i><\/li>\n<li style=\"font-weight: 400;\" aria-level=\"1\"><i><span style=\"font-weight: 400;\">Ecuador es pionero en la propuesta de mecanismos de Fondos Agua que integra diversos esfuerzos p\u00fablicos, privados y de la sociedad en general, que permiten la gesti\u00f3n integrada y efectiva del recurso h\u00eddrico desde la fuente, mediante una estructura financiera s\u00f3lida, transparente, con visi\u00f3n de largo plazo, en continuo aprendizaje y generando alianzas clave.\u00a0\u00a0<\/span><\/i><\/li>\n<\/ul>\n<hr \/>\n<p><span style=\"font-weight: 400;\">El Ministerio del Ambiente, Agua y Transici\u00f3n Ecol\u00f3gica (MAATE), a trav\u00e9s de Proamazon\u00eda (programa del Gobierno Nacional que recibe el apoyo del PNUD), suscribi\u00f3 tres convenios con los Fondos de Agua FONAG, FONAPA Y FORAGUA cuyo objetivo fue ejecutar Planes de Implementaci\u00f3n de acciones y medidas REDD+ para proteger el recurso h\u00eddrico y la conservaci\u00f3n de ecosistemas, que contribuyen a la reducci\u00f3n de emisiones de gases de efecto invernadero en la cuenca de zonas prioritarias de Ecuador, en las provincias de Pichincha, Napo, Azuay, Ca\u00f1ar, Morona Santiago, Loja y Zamora Chinchipe.\u00a0<\/span><\/p>\n<p><span style=\"font-weight: 400;\">Los convenios se ejecutaron desde el 2017 hasta el 2022. Entre las principales acciones implementadas por los convenios de Fondos de Agua se destacan: la declaratoria de \u00e1reas de conservaci\u00f3n mediante ordenanzas municipales y acuerdos comunitarios para su control y vigilancia; el fortalecimiento de capacidades y educaci\u00f3n ambiental; la investigaci\u00f3n y monitoreo de servicios ecosist\u00e9micos; la restauraci\u00f3n de \u00e1reas degradadas y el fomento de actividades productivas sostenibles.<\/span><\/p>\n<p style=\"text-align: center;\"><span style=\"font-weight: 400;\"><img loading=\"lazy\" decoding=\"async\" class=\"alignnone wp-image-7538\" src=\"https:\/\/www.proamazonia.org\/wp-content\/uploads\/2023\/07\/imagen-autoridades-300x200.jpeg\" alt=\"\" width=\"509\" height=\"340\" srcset=\"https:\/\/www.proamazonia.org\/ppr\/wp-content\/uploads\/2023\/07\/imagen-autoridades-300x200.jpeg 300w, https:\/\/www.proamazonia.org\/ppr\/wp-content\/uploads\/2023\/07\/imagen-autoridades-768x512.jpeg 768w, https:\/\/www.proamazonia.org\/ppr\/wp-content\/uploads\/2023\/07\/imagen-autoridades-600x400.jpeg 600w, https:\/\/www.proamazonia.org\/ppr\/wp-content\/uploads\/2023\/07\/imagen-autoridades.jpeg 1000w\" sizes=\"auto, (max-width: 509px) 100vw, 509px\" \/> \u00a0<img loading=\"lazy\" decoding=\"async\" class=\"alignnone wp-image-7540\" src=\"https:\/\/www.proamazonia.org\/wp-content\/uploads\/2023\/07\/Fondos-de-agua-300x200.jpeg\" alt=\"\" width=\"511\" height=\"341\" srcset=\"https:\/\/www.proamazonia.org\/ppr\/wp-content\/uploads\/2023\/07\/Fondos-de-agua-300x200.jpeg 300w, https:\/\/www.proamazonia.org\/ppr\/wp-content\/uploads\/2023\/07\/Fondos-de-agua-768x512.jpeg 768w, https:\/\/www.proamazonia.org\/ppr\/wp-content\/uploads\/2023\/07\/Fondos-de-agua-600x400.jpeg 600w, https:\/\/www.proamazonia.org\/ppr\/wp-content\/uploads\/2023\/07\/Fondos-de-agua.jpeg 1000w\" sizes=\"auto, (max-width: 511px) 100vw, 511px\" \/><\/span><\/p>\n<p><span style=\"font-weight: 400;\">Los Fondos de Agua desde su creaci\u00f3n han permitido la protecci\u00f3n, recuperaci\u00f3n y restauraci\u00f3n de los servicios ambientales y la biodiversidad de ecosistemas fr\u00e1giles y, a trav\u00e9s de esta ejecuci\u00f3n, se ha generado desde la autoridad ambiental instrumentos legales y financieros y establecimientos de \u00c1reas de Conservaci\u00f3n Municipales y Uso Sostenible (ACMUS) para garantizar la sostenibilidad a largo plazo.<\/span><\/p>\n<p><b>Entre los resultados obtenidos en el marco de estos convenios se encuentran:<\/b><\/p>\n<p><b>FONAG:<\/b> <span style=\"font-weight: 400;\">El convenio naci\u00f3 en el a\u00f1o 2000 como fideicomiso mercantil y fue el primer Fondo de Agua establecido a nivel mundial con un enfoque t\u00e9cnico, de equidad social y de sostenibilidad.<\/span><\/p>\n<ul>\n<li style=\"font-weight: 400;\" aria-level=\"1\"><b>Logros:<\/b><span style=\"font-weight: 400;\"> restauraci\u00f3n y protecci\u00f3n de las cuencas h\u00eddricas que abastecen el agua al Distrito Metropolitano de Quito con 6.298 ha de conservaci\u00f3n mediante acuerdos comunitarios y propietarios individuales. 4.460 ha de \u00e1reas en restauraci\u00f3n. Capacitaci\u00f3n a 1.010 personas en temas de protecci\u00f3n y restauraci\u00f3n de la cuenca del DMQ.\u00a0<\/span><\/li>\n<\/ul>\n<p>&nbsp;<\/p>\n<p><b>FONAPA<\/b><span style=\"font-weight: 400;\">: <\/span><span style=\"font-weight: 400;\">Es un fideicomiso mercantil que se especializa en captar, canalizar y generar recursos para coadyuvar a la protecci\u00f3n del recurso h\u00eddrico y el entorno ecol\u00f3gico de la cuenca del r\u00edo Paute, una de las m\u00e1s importantes del pa\u00eds.<\/span><\/p>\n<ul>\n<li style=\"font-weight: 400;\" aria-level=\"1\"><b>Logros:<\/b><span style=\"font-weight: 400;\"> comprometer 230.774,36 hect\u00e1reas de bosques para la conservaci\u00f3n y la restauraci\u00f3n del recurso h\u00eddrico y entorno ecol\u00f3gico; a trav\u00e9s de la emisi\u00f3n ordenanzas y acuerdos. Capacitaci\u00f3n en temas de monitoreo de los recursos h\u00eddricos a 540 personas.<\/span><\/li>\n<\/ul>\n<p>&nbsp;<\/p>\n<p><b>FORAGUA:<\/b> <span style=\"font-weight: 400;\">Es un fondo ambiental y del agua que permite la gesti\u00f3n integrada de las fuentes de agua y cuya finalidad es la conservaci\u00f3n, protecci\u00f3n, restauraci\u00f3n y recuperaci\u00f3n de los servicios ecosist\u00e9micos y biodiversidad de los ecosistemas fr\u00e1giles y amenazados de la regi\u00f3n 7 al sur de Ecuador.<\/span><\/p>\n<ul>\n<li style=\"font-weight: 400;\" aria-level=\"1\"><b>Logros:<\/b><span style=\"font-weight: 400;\"> establecer 110 acuerdos de restauraci\u00f3n de las fuentes de agua. Consolidaci\u00f3n de 72 acuerdos de conservaci\u00f3n de agua con propietarios individuales y el desarrollo de un Atlas clim\u00e1tico que contiene proyecciones de eventos clim\u00e1ticos en las provincias de Loja y Zamora Chinchipe.<\/span><\/li>\n<\/ul>\n<p><span style=\"font-weight: 400;\"><img loading=\"lazy\" decoding=\"async\" class=\"alignnone wp-image-7538 aligncenter\" src=\"https:\/\/www.proamazonia.org\/wp-content\/uploads\/2023\/07\/imagen-autoridades-300x200.jpeg\" alt=\"\" width=\"833\" height=\"556\" srcset=\"https:\/\/www.proamazonia.org\/ppr\/wp-content\/uploads\/2023\/07\/imagen-autoridades-300x200.jpeg 300w, https:\/\/www.proamazonia.org\/ppr\/wp-content\/uploads\/2023\/07\/imagen-autoridades-768x512.jpeg 768w, https:\/\/www.proamazonia.org\/ppr\/wp-content\/uploads\/2023\/07\/imagen-autoridades-600x400.jpeg 600w, https:\/\/www.proamazonia.org\/ppr\/wp-content\/uploads\/2023\/07\/imagen-autoridades.jpeg 1000w\" sizes=\"auto, (max-width: 833px) 100vw, 833px\" \/><\/span><\/p>","protected":false},"excerpt":{"rendered":"<p>En el marco de Presentaci\u00f3n de Resultados de los convenios con los Fondos de Agua FONAG, FONAPA Y FORAGUA se realiz\u00f3 un conversatorio\u00a0con entidades p\u00fablicas y privadas para compartir hitos alcanzados y\u00a0las experiencias adquiridas en el marco del cuidado del agua y el ambiente.\u00a0 Ecuador es pionero en la propuesta de mecanismos de Fondos Agua que integra diversos esfuerzos p\u00fablicos, privados y de la sociedad en general, que permiten la gesti\u00f3n integrada y efectiva del recurso h\u00eddrico desde la fuente, mediante una estructura financiera s\u00f3lida, transparente, con visi\u00f3n de largo plazo, en continuo aprendizaje y generando alianzas clave.\u00a0\u00a0 El Ministerio del Ambiente, Agua y Transici\u00f3n Ecol\u00f3gica (MAATE), a trav\u00e9s de Proamazon\u00eda (programa del Gobierno Nacional que recibe el apoyo del PNUD), suscribi\u00f3 tres convenios con los Fondos de Agua FONAG, FONAPA Y FORAGUA cuyo objetivo fue ejecutar Planes de Implementaci\u00f3n de acciones y medidas REDD+ para proteger el recurso h\u00eddrico y la conservaci\u00f3n de ecosistemas, que contribuyen a la reducci\u00f3n de emisiones de gases de efecto invernadero en la cuenca de zonas prioritarias de Ecuador, en las provincias de Pichincha, Napo, Azuay, Ca\u00f1ar, Morona Santiago, Loja y Zamora Chinchipe.\u00a0 Los convenios se ejecutaron desde el 2017 hasta el 2022. Entre [&hellip;]<\/p>\n","protected":false},"author":2,"featured_media":7539,"comment_status":"closed","ping_status":"closed","sticky":false,"template":"","format":"standard","meta":{"_uf_show_specific_survey":0,"_uf_disable_surveys":false,"footnotes":""},"categories":[3,23,31],"tags":[],"class_list":["post-7536","post","type-post","status-publish","format-standard","has-post-thumbnail","hentry","category-noticias","category-noticias-home","category-restauracion"],"aioseo_notices":[],"_links":{"self":[{"href":"https:\/\/www.proamazonia.org\/ppr\/wp-json\/wp\/v2\/posts\/7536","targetHints":{"allow":["GET"]}}],"collection":[{"href":"https:\/\/www.proamazonia.org\/ppr\/wp-json\/wp\/v2\/posts"}],"about":[{"href":"https:\/\/www.proamazonia.org\/ppr\/wp-json\/wp\/v2\/types\/post"}],"author":[{"embeddable":true,"href":"https:\/\/www.proamazonia.org\/ppr\/wp-json\/wp\/v2\/users\/2"}],"replies":[{"embeddable":true,"href":"https:\/\/www.proamazonia.org\/ppr\/wp-json\/wp\/v2\/comments?post=7536"}],"version-history":[{"count":1,"href":"https:\/\/www.proamazonia.org\/ppr\/wp-json\/wp\/v2\/posts\/7536\/revisions"}],"predecessor-version":[{"id":7541,"href":"https:\/\/www.proamazonia.org\/ppr\/wp-json\/wp\/v2\/posts\/7536\/revisions\/7541"}],"wp:featuredmedia":[{"embeddable":true,"href":"https:\/\/www.proamazonia.org\/ppr\/wp-json\/wp\/v2\/media\/7539"}],"wp:attachment":[{"href":"https:\/\/www.proamazonia.org\/ppr\/wp-json\/wp\/v2\/media?parent=7536"}],"wp:term":[{"taxonomy":"category","embeddable":true,"href":"https:\/\/www.proamazonia.org\/ppr\/wp-json\/wp\/v2\/categories?post=7536"},{"taxonomy":"post_tag","embeddable":true,"href":"https:\/\/www.proamazonia.org\/ppr\/wp-json\/wp\/v2\/tags?post=7536"}],"curies":[{"name":"wp","href":"https:\/\/api.w.org\/{rel}","templated":true}]}}