{"id":7543,"date":"2023-07-06T11:28:03","date_gmt":"2023-07-06T16:28:03","guid":{"rendered":"https:\/\/www.proamazonia.org\/?p=7543"},"modified":"2023-07-06T11:28:03","modified_gmt":"2023-07-06T16:28:03","slug":"convenio-de-restauracion-forestal-un-camino-hacia-la-sostenibilidad-en-la-reserva-de-la-biosfera-bosque-seco","status":"publish","type":"post","link":"https:\/\/www.proamazonia.org\/ppr\/convenio-de-restauracion-forestal-un-camino-hacia-la-sostenibilidad-en-la-reserva-de-la-biosfera-bosque-seco\/","title":{"rendered":"CONVENIO DE RESTAURACI\u00d3N FORESTAL: UN CAMINO HACIA LA SOSTENIBILIDAD EN LA RESERVA DE LA BIOSFERA, BOSQUE SECO\u00a0"},"content":{"rendered":"<p><i><span style=\"font-weight: 400;\">El Ministerio del Ambiente, Agua y Transici\u00f3n Ecol\u00f3gica (MAATE) desde el 2016 implementa el Plan de Acci\u00f3n REDD+ Bosques para el Buen Vivir como pol\u00edtica nacional con el objetivo de reducir las causas de deforestaci\u00f3n y degradaci\u00f3n de bosques, mediante la conservaci\u00f3n, restauraci\u00f3n y el manejo forestal sostenible cuyas acciones minimizan el impacto negativo frente al cambio clim\u00e1tico.<\/span><\/i><\/p>\n<p><span style=\"font-weight: 400;\">El 31 de marzo, en la provincia de Loja, se realiz\u00f3 el evento de cierre del convenio marco de cooperaci\u00f3n interinstitucional <\/span><b><i>\u201cManejo de la Restauraci\u00f3n Ecosist\u00e9mica como Mecanismo de Adaptaci\u00f3n, Mitigaci\u00f3n y Resiliencia Local frente a los cambios clim\u00e1ticos globales en la Reserva de Biosfera Bosque Seco\u201d<\/i><\/b> <span style=\"font-weight: 400;\">suscrito entre el Ministerio del Ambiente, Agua y Transici\u00f3n Ecol\u00f3gica (MAATE) y la Mancomunidad de Municipalidades del Sur Occidente Bosque Seco (MBS) con el objetivo de restaurar 2.422,18 hect\u00e1reas ubicadas en los cantones de Paltas, Puyango, Macar\u00e1, Celica, Pindal, Zapotillo Sozoranga y Las Lajas en las provincias de Loja y El Oro.\u00a0<\/span><\/p>\n<p style=\"text-align: center;\"><img loading=\"lazy\" decoding=\"async\" class=\"alignnone  wp-image-7549\" src=\"https:\/\/www.proamazonia.org\/wp-content\/uploads\/2023\/07\/MACOMUNIDAD-2-300x225.jpeg\" alt=\"\" width=\"491\" height=\"368\" srcset=\"https:\/\/www.proamazonia.org\/ppr\/wp-content\/uploads\/2023\/07\/MACOMUNIDAD-2-300x225.jpeg 300w, https:\/\/www.proamazonia.org\/ppr\/wp-content\/uploads\/2023\/07\/MACOMUNIDAD-2-1024x768.jpeg 1024w, https:\/\/www.proamazonia.org\/ppr\/wp-content\/uploads\/2023\/07\/MACOMUNIDAD-2-768x576.jpeg 768w, https:\/\/www.proamazonia.org\/ppr\/wp-content\/uploads\/2023\/07\/MACOMUNIDAD-2-400x300.jpeg 400w, https:\/\/www.proamazonia.org\/ppr\/wp-content\/uploads\/2023\/07\/MACOMUNIDAD-2-800x600.jpeg 800w, https:\/\/www.proamazonia.org\/ppr\/wp-content\/uploads\/2023\/07\/MACOMUNIDAD-2-1200x900.jpeg 1200w, https:\/\/www.proamazonia.org\/ppr\/wp-content\/uploads\/2023\/07\/MACOMUNIDAD-2.jpeg 1280w\" sizes=\"auto, (max-width: 491px) 100vw, 491px\" \/> <img loading=\"lazy\" decoding=\"async\" class=\"alignnone  wp-image-7547\" src=\"https:\/\/www.proamazonia.org\/wp-content\/uploads\/2023\/07\/MANCOMUNIDAD-4-300x225.jpeg\" alt=\"\" width=\"491\" height=\"368\" srcset=\"https:\/\/www.proamazonia.org\/ppr\/wp-content\/uploads\/2023\/07\/MANCOMUNIDAD-4-300x225.jpeg 300w, https:\/\/www.proamazonia.org\/ppr\/wp-content\/uploads\/2023\/07\/MANCOMUNIDAD-4-1024x768.jpeg 1024w, https:\/\/www.proamazonia.org\/ppr\/wp-content\/uploads\/2023\/07\/MANCOMUNIDAD-4-768x576.jpeg 768w, https:\/\/www.proamazonia.org\/ppr\/wp-content\/uploads\/2023\/07\/MANCOMUNIDAD-4-400x300.jpeg 400w, https:\/\/www.proamazonia.org\/ppr\/wp-content\/uploads\/2023\/07\/MANCOMUNIDAD-4-800x600.jpeg 800w, https:\/\/www.proamazonia.org\/ppr\/wp-content\/uploads\/2023\/07\/MANCOMUNIDAD-4-1200x900.jpeg 1200w, https:\/\/www.proamazonia.org\/ppr\/wp-content\/uploads\/2023\/07\/MANCOMUNIDAD-4.jpeg 1280w\" sizes=\"auto, (max-width: 491px) 100vw, 491px\" \/><\/p>\n<p><span style=\"font-weight: 400;\">Este proyecto de restauraci\u00f3n, que cuenta con el apoyo del Proyecto Nacional de Restauraci\u00f3n del Paisaje PNRP (programa del Gobierno Nacional cuyo objetivo es dar soluci\u00f3n a los problemas de la degradaci\u00f3n ambiental), se implement\u00f3 durante el per\u00edodo 2018 al 2022; a trav\u00e9s del MAATE y PROAmazon\u00eda (programa del Gobierno Nacional que recibe el apoyo del PNUD) y la MBS.\u00a0\u00a0<\/span><\/p>\n<p><span style=\"font-weight: 400;\">Gracias a la implementaci\u00f3n de este convenio se logr\u00f3 el cumplimiento de importantes objetivos entre los que se encuentran:<\/span><\/p>\n<ul>\n<li style=\"font-weight: 400;\" aria-level=\"2\"><span style=\"font-weight: 400;\">80.000 \u00e1rboles de especies nativas plantados, entre estas: aliso, arabisco, cedro, guayac\u00e1n, algarrobo, guabos, nogal, caoba, entre otros.<\/span><\/li>\n<li style=\"font-weight: 400;\" aria-level=\"2\"><span style=\"font-weight: 400;\">55.000 metros lineales de cercas implementadas<\/span><\/li>\n<li style=\"font-weight: 400;\" aria-level=\"2\"><span style=\"font-weight: 400;\">36.160 metros de cercas con mantenimiento\u00a0<\/span><\/li>\n<li style=\"font-weight: 400;\" aria-level=\"2\"><span style=\"font-weight: 400;\">300.000 plantas bajo mantenimiento<\/span><\/li>\n<li style=\"font-weight: 400;\" aria-level=\"2\"><span style=\"font-weight: 400;\">687 beneficiarios directos (247 mujeres y 440 hombres)<\/span><\/li>\n<li style=\"font-weight: 400;\" aria-level=\"2\"><span style=\"font-weight: 400;\">45 abrevaderos instalados (espacio exclusivo para toma de agua de ganado para evitar que los animales se acerquen a las fuentes de agua y evitar la contaminaci\u00f3n de este recurso)<\/span><\/li>\n<li style=\"font-weight: 400;\" aria-level=\"2\"><span style=\"font-weight: 400;\">41 vertientes de agua protegidas (1.312 ha)<\/span><\/li>\n<li style=\"font-weight: 400;\" aria-level=\"2\"><span style=\"font-weight: 400;\">49 parcelas establecidas para el monitoreo de regeneraci\u00f3n natural (plantas que se desarrollan naturalmente en las \u00e1reas sin la intervenci\u00f3n del hombre)<\/span><\/li>\n<li style=\"font-weight: 400;\" aria-level=\"2\"><span style=\"font-weight: 400;\">112 predios privados, ONG y p\u00fablicos intervenidos.<\/span><\/li>\n<li style=\"font-weight: 400;\" aria-level=\"2\"><span style=\"font-weight: 400;\">Reducci\u00f3n del 60% de presi\u00f3n sobre los bosques\u00a0<\/span><\/li>\n<\/ul>\n<p><span style=\"font-weight: 400;\">Adem\u00e1s, con la implementaci\u00f3n del convenio se fortalecieron varios emprendimientos entre los que se destacan:\u00a0\u00a0<\/span><\/p>\n<ul>\n<li aria-level=\"1\"><span style=\"font-weight: 400;\">Asociaci\u00f3n de Producci\u00f3n Agropecuaria Pisaca: implementaci\u00f3n de nuevas parcelas de cultivo de cabuya y entrega de equipos para la elaboraci\u00f3n de artesan\u00edas.<\/span><\/li>\n<li aria-level=\"1\"><span style=\"font-weight: 400;\">Asociaci\u00f3n Artesanal Cristo del Consuelo: notificaci\u00f3n sanitaria para panela granulada y manejo integral de tres hect\u00e1reas de producci\u00f3n de ca\u00f1a de az\u00facar.\u00a0<\/span><\/li>\n<li aria-level=\"1\"><span style=\"font-weight: 400;\">Asociaci\u00f3n de Apicultores San Antonio de Macar\u00e1: obtenci\u00f3n sanitaria de la miel de abeja y entrega de equipos para la cadena de producci\u00f3n de miel.\u00a0<\/span><\/li>\n<li aria-level=\"1\"><span style=\"font-weight: 400;\">Asociaci\u00f3n de Producci\u00f3n Agropecuaria Delicias Naturales: implementaci\u00f3n de buenas pr\u00e1cticas para el aprovechamiento del bamb\u00fa en artesan\u00edas.\u00a0<\/span><\/li>\n<li aria-level=\"1\"><span style=\"font-weight: 400;\">Biotienda Randi: adecuaci\u00f3n del local comercial para la venta de emprendimientos en la ciudad Zapotillo, en convenio con el GAD Cantonal Zapotillo.\u00a0<\/span><\/li>\n<\/ul>\n<p><span style=\"font-weight: 400;\">La firma de convenios como este ratifica el apoyo del Gobierno Nacional en \u00e1reas relacionadas a la restauraci\u00f3n, conservaci\u00f3n y el manejo sostenible de los bosques en el Ecuador; as\u00ed como la implementaci\u00f3n de estrategias de sostenibilidad.\u00a0<\/span><\/p>\n<p style=\"text-align: center;\"><img loading=\"lazy\" decoding=\"async\" class=\"alignnone  wp-image-7545\" src=\"https:\/\/www.proamazonia.org\/wp-content\/uploads\/2023\/07\/DSC_0299-300x200.jpg\" alt=\"\" width=\"523\" height=\"348\" srcset=\"https:\/\/www.proamazonia.org\/ppr\/wp-content\/uploads\/2023\/07\/DSC_0299-300x200.jpg 300w, https:\/\/www.proamazonia.org\/ppr\/wp-content\/uploads\/2023\/07\/DSC_0299-1024x683.jpg 1024w, https:\/\/www.proamazonia.org\/ppr\/wp-content\/uploads\/2023\/07\/DSC_0299-768x512.jpg 768w, https:\/\/www.proamazonia.org\/ppr\/wp-content\/uploads\/2023\/07\/DSC_0299-600x400.jpg 600w, https:\/\/www.proamazonia.org\/ppr\/wp-content\/uploads\/2023\/07\/DSC_0299.jpg 1200w\" sizes=\"auto, (max-width: 523px) 100vw, 523px\" \/> <img loading=\"lazy\" decoding=\"async\" class=\"alignnone  wp-image-7544\" src=\"https:\/\/www.proamazonia.org\/wp-content\/uploads\/2023\/07\/Capacitacion-Bioemprendimientos-300x225.jpg\" alt=\"\" width=\"472\" height=\"354\" srcset=\"https:\/\/www.proamazonia.org\/ppr\/wp-content\/uploads\/2023\/07\/Capacitacion-Bioemprendimientos-300x225.jpg 300w, https:\/\/www.proamazonia.org\/ppr\/wp-content\/uploads\/2023\/07\/Capacitacion-Bioemprendimientos-768x576.jpg 768w, https:\/\/www.proamazonia.org\/ppr\/wp-content\/uploads\/2023\/07\/Capacitacion-Bioemprendimientos-400x300.jpg 400w, https:\/\/www.proamazonia.org\/ppr\/wp-content\/uploads\/2023\/07\/Capacitacion-Bioemprendimientos-800x600.jpg 800w, https:\/\/www.proamazonia.org\/ppr\/wp-content\/uploads\/2023\/07\/Capacitacion-Bioemprendimientos.jpg 811w\" sizes=\"auto, (max-width: 472px) 100vw, 472px\" \/><\/p>\n<p><\/p>","protected":false},"excerpt":{"rendered":"<p>El Ministerio del Ambiente, Agua y Transici\u00f3n Ecol\u00f3gica (MAATE) desde el 2016 implementa el Plan de Acci\u00f3n REDD+ Bosques para el Buen Vivir como pol\u00edtica nacional con el objetivo de reducir las causas de deforestaci\u00f3n y degradaci\u00f3n de bosques, mediante la conservaci\u00f3n, restauraci\u00f3n y el manejo forestal sostenible cuyas acciones minimizan el impacto negativo frente al cambio clim\u00e1tico. El 31 de marzo, en la provincia de Loja, se realiz\u00f3 el evento de cierre del convenio marco de cooperaci\u00f3n interinstitucional \u201cManejo de la Restauraci\u00f3n Ecosist\u00e9mica como Mecanismo de Adaptaci\u00f3n, Mitigaci\u00f3n y Resiliencia Local frente a los cambios clim\u00e1ticos globales en la Reserva de Biosfera Bosque Seco\u201d suscrito entre el Ministerio del Ambiente, Agua y Transici\u00f3n Ecol\u00f3gica (MAATE) y la Mancomunidad de Municipalidades del Sur Occidente Bosque Seco (MBS) con el objetivo de restaurar 2.422,18 hect\u00e1reas ubicadas en los cantones de Paltas, Puyango, Macar\u00e1, Celica, Pindal, Zapotillo Sozoranga y Las Lajas en las provincias de Loja y El Oro.\u00a0 Este proyecto de restauraci\u00f3n, que cuenta con el apoyo del Proyecto Nacional de Restauraci\u00f3n del Paisaje PNRP (programa del Gobierno Nacional cuyo objetivo es dar soluci\u00f3n a los problemas de la degradaci\u00f3n ambiental), se implement\u00f3 durante el per\u00edodo 2018 al 2022; a trav\u00e9s [&hellip;]<\/p>\n","protected":false},"author":2,"featured_media":7546,"comment_status":"closed","ping_status":"closed","sticky":false,"template":"","format":"standard","meta":{"_uf_show_specific_survey":0,"_uf_disable_surveys":false,"footnotes":""},"categories":[3,23,31],"tags":[],"class_list":["post-7543","post","type-post","status-publish","format-standard","has-post-thumbnail","hentry","category-noticias","category-noticias-home","category-restauracion"],"aioseo_notices":[],"_links":{"self":[{"href":"https:\/\/www.proamazonia.org\/ppr\/wp-json\/wp\/v2\/posts\/7543","targetHints":{"allow":["GET"]}}],"collection":[{"href":"https:\/\/www.proamazonia.org\/ppr\/wp-json\/wp\/v2\/posts"}],"about":[{"href":"https:\/\/www.proamazonia.org\/ppr\/wp-json\/wp\/v2\/types\/post"}],"author":[{"embeddable":true,"href":"https:\/\/www.proamazonia.org\/ppr\/wp-json\/wp\/v2\/users\/2"}],"replies":[{"embeddable":true,"href":"https:\/\/www.proamazonia.org\/ppr\/wp-json\/wp\/v2\/comments?post=7543"}],"version-history":[{"count":1,"href":"https:\/\/www.proamazonia.org\/ppr\/wp-json\/wp\/v2\/posts\/7543\/revisions"}],"predecessor-version":[{"id":7550,"href":"https:\/\/www.proamazonia.org\/ppr\/wp-json\/wp\/v2\/posts\/7543\/revisions\/7550"}],"wp:featuredmedia":[{"embeddable":true,"href":"https:\/\/www.proamazonia.org\/ppr\/wp-json\/wp\/v2\/media\/7546"}],"wp:attachment":[{"href":"https:\/\/www.proamazonia.org\/ppr\/wp-json\/wp\/v2\/media?parent=7543"}],"wp:term":[{"taxonomy":"category","embeddable":true,"href":"https:\/\/www.proamazonia.org\/ppr\/wp-json\/wp\/v2\/categories?post=7543"},{"taxonomy":"post_tag","embeddable":true,"href":"https:\/\/www.proamazonia.org\/ppr\/wp-json\/wp\/v2\/tags?post=7543"}],"curies":[{"name":"wp","href":"https:\/\/api.w.org\/{rel}","templated":true}]}}