{"id":7552,"date":"2023-07-07T14:38:35","date_gmt":"2023-07-07T19:38:35","guid":{"rendered":"https:\/\/www.proamazonia.org\/?p=7552"},"modified":"2023-07-07T14:38:35","modified_gmt":"2023-07-07T19:38:35","slug":"1-000-hectareas-de-bosques-naturales-se-restauran-en-cascales","status":"publish","type":"post","link":"https:\/\/www.proamazonia.org\/ppr\/1-000-hectareas-de-bosques-naturales-se-restauran-en-cascales\/","title":{"rendered":"1.000 hect\u00e1reas de bosques naturales se restauran en Cascales"},"content":{"rendered":"<p><\/p>\n<p style=\"text-align: right;\">Cascales, 07 de julio de 2023<\/p>\n<p>Una vez cumplido el 100% del proceso de restauraci\u00f3n en 1.000 hect\u00e1reas en \u00e1reas de bosque degradadas en el cant\u00f3n Cascales, provincia de Sucumb\u00edos, representantes del Proyecto Nacional de Restauraci\u00f3n del Paisaje del Ministerio del Ambiente, Agua y Transici\u00f3n Ecol\u00f3gica y PROAmazon\u00eda, participaron en la reuni\u00f3n de cierre del convenio de cooperaci\u00f3n interinstitucional, junto a las autoridades del Gobierno Aut\u00f3nomo Descentralizado Municipal de Cascales. Durante la reuni\u00f3n se evaluaron resultados obtenidos y se defini\u00f3 la hoja de ruta luego de culminado el convenio en junio 2023.<\/p>\n<p><img loading=\"lazy\" decoding=\"async\" class=\"alignnone  wp-image-7553 aligncenter\" src=\"https:\/\/www.proamazonia.org\/wp-content\/uploads\/2023\/07\/Foto-1-cascales-300x135.jpg\" alt=\"\" width=\"833\" height=\"375\" srcset=\"https:\/\/www.proamazonia.org\/ppr\/wp-content\/uploads\/2023\/07\/Foto-1-cascales-300x135.jpg 300w, https:\/\/www.proamazonia.org\/ppr\/wp-content\/uploads\/2023\/07\/Foto-1-cascales-1024x461.jpg 1024w, https:\/\/www.proamazonia.org\/ppr\/wp-content\/uploads\/2023\/07\/Foto-1-cascales-768x346.jpg 768w, https:\/\/www.proamazonia.org\/ppr\/wp-content\/uploads\/2023\/07\/Foto-1-cascales-1536x691.jpg 1536w, https:\/\/www.proamazonia.org\/ppr\/wp-content\/uploads\/2023\/07\/Foto-1-cascales.jpg 1600w\" sizes=\"auto, (max-width: 833px) 100vw, 833px\" \/><\/p>\n<p style=\"text-align: center;\"><b><span style=\"font-size: 10.0pt; color: windowtext;\">Fotograf\u00eda:<\/span><\/b><span style=\"font-size: 10.0pt; color: windowtext;\"> PROAmazon\u00eda<br \/>\n<\/span><b><\/b><b><span style=\"font-size: 10.0pt; color: windowtext;\">Descripci\u00f3n:<\/span><\/b><span style=\"font-size: 10.0pt; color: windowtext;\"> R<span class=\"ContentPasted0\" lang=\"ES\">epresentantes del Proyecto Nacional de Restauraci\u00f3n del Paisaje del Ministerio del Ambiente, Agua y Transici\u00f3n Ecol\u00f3gica y PROAmazon\u00eda, participan en la reuni\u00f3n de cierre del convenio de cooperaci\u00f3n interinstitucional, junto a las autoridades del Gobierno Aut\u00f3nomo Descentralizado Municipal de Cascales.<\/span><\/span><\/p>\n<p>El Convenio de restauraci\u00f3n forestal, suscrito en octubre de 2020 entre la Autoridad Ambiental y el GAD Cascales, con el apoyo de PNUD y PROAmazon\u00eda , trabaj\u00f3 en estrecha colaboraci\u00f3n con cinco comunidades en la provincia: Asociaci\u00f3n Kichwa San Francisco, Corporaci\u00f3n Kichwa Wuamak Urku, Jes\u00fas del Gran Poder, Pastaza y San Jos\u00e9 de Aguarico, e implic\u00f3 la plantaci\u00f3n de 46.140 \u00e1rboles de especies nativas en 295 predios intervenidos.<\/p>\n<p>Esta iniciativa benefici\u00f3 de manera directa a 296 personas, y de forma indirecta a 1.515 miembros de estas comunidades del norte del pa\u00eds. En el marco de este acuerdo, tambi\u00e9n se contempl\u00f3 apoyar a bioemprendimientos para dinamizar la econom\u00eda local y la recuperaci\u00f3n de conocimientos ancestrales con el fortalecimiento de productos no maderables del bosque, como la elaboraci\u00f3n de artesan\u00edas de diversos tipos y materiales.<\/p>\n<p>El convenio promovi\u00f3 la recuperaci\u00f3n de la funcionalidad de los ecosistemas, la conectividad, el restablecimiento de los servicios ecosist\u00e9micos de zonas degradadas y contribuy\u00f3 a los esfuerzos nacionales para mitigar los efectos del cambio clim\u00e1tico. Las 1.000 hect\u00e1reas bajo restauraci\u00f3n activa o pasiva, aportan a la meta nacional de restauraci\u00f3n forestal con fines de conservaci\u00f3n y cumplen con la pol\u00edtica p\u00fablica y lineamientos del Plan Nacional de Restauraci\u00f3n Forestal 2019-2030, as\u00ed como con las acciones promovidas en el Plan de Acci\u00f3n REDD+.<\/p>\n<p>El GAD Cascales es un socio estrat\u00e9gico del Ministerio de Ambiente, Agua y Transici\u00f3n Ecol\u00f3gica, y la colaboraci\u00f3n contin\u00faa, m\u00e1s all\u00e1 de la finalizaci\u00f3n del convenio.<\/p>\n<p>Los resultados de este convenio contribuyen con la conservaci\u00f3n de bosques y reducci\u00f3n de la deforestaci\u00f3n en la Amazon\u00eda ecuatoriana.<\/p>\n<p><img loading=\"lazy\" decoding=\"async\" class=\"alignnone  wp-image-7554 aligncenter\" src=\"https:\/\/www.proamazonia.org\/wp-content\/uploads\/2023\/07\/Foto-2-cascales-300x135.jpg\" alt=\"\" width=\"937\" height=\"422\" srcset=\"https:\/\/www.proamazonia.org\/ppr\/wp-content\/uploads\/2023\/07\/Foto-2-cascales-300x135.jpg 300w, https:\/\/www.proamazonia.org\/ppr\/wp-content\/uploads\/2023\/07\/Foto-2-cascales-1024x461.jpg 1024w, https:\/\/www.proamazonia.org\/ppr\/wp-content\/uploads\/2023\/07\/Foto-2-cascales-768x346.jpg 768w, https:\/\/www.proamazonia.org\/ppr\/wp-content\/uploads\/2023\/07\/Foto-2-cascales.jpg 1280w\" sizes=\"auto, (max-width: 937px) 100vw, 937px\" \/><\/p>\n<p style=\"text-align: center;\"><b><span style=\"font-size: 10.0pt; color: windowtext;\">Fotograf\u00eda:<\/span><\/b><span style=\"font-size: 10.0pt; color: windowtext;\"> PROAmazon\u00eda<br \/>\n<\/span><b><\/b><b><span style=\"font-size: 10.0pt; color: windowtext;\">Descripci\u00f3n:<\/span><\/b><span style=\"font-size: 10.0pt; color: windowtext;\"> Visita a vivero de la\u00a0<span class=\"ContentPasted1\" lang=\"ES\">Corporaci\u00f3n Kichwa Wuamak Urku<\/span><\/span><\/p>\n<p><\/p>","protected":false},"excerpt":{"rendered":"<p>Cascales, 07 de julio de 2023 Una vez cumplido el 100% del proceso de restauraci\u00f3n en 1.000 hect\u00e1reas en \u00e1reas de bosque degradadas en el cant\u00f3n Cascales, provincia de Sucumb\u00edos, representantes del Proyecto Nacional de Restauraci\u00f3n del Paisaje del Ministerio del Ambiente, Agua y Transici\u00f3n Ecol\u00f3gica y PROAmazon\u00eda, participaron en la reuni\u00f3n de cierre del convenio de cooperaci\u00f3n interinstitucional, junto a las autoridades del Gobierno Aut\u00f3nomo Descentralizado Municipal de Cascales. Durante la reuni\u00f3n se evaluaron resultados obtenidos y se defini\u00f3 la hoja de ruta luego de culminado el convenio en junio 2023. Fotograf\u00eda: PROAmazon\u00eda Descripci\u00f3n: Representantes del Proyecto Nacional de Restauraci\u00f3n del Paisaje del Ministerio del Ambiente, Agua y Transici\u00f3n Ecol\u00f3gica y PROAmazon\u00eda, participan en la reuni\u00f3n de cierre del convenio de cooperaci\u00f3n interinstitucional, junto a las autoridades del Gobierno Aut\u00f3nomo Descentralizado Municipal de Cascales. El Convenio de restauraci\u00f3n forestal, suscrito en octubre de 2020 entre la Autoridad Ambiental y el GAD Cascales, con el apoyo de PNUD y PROAmazon\u00eda , trabaj\u00f3 en estrecha colaboraci\u00f3n con cinco comunidades en la provincia: Asociaci\u00f3n Kichwa San Francisco, Corporaci\u00f3n Kichwa Wuamak Urku, Jes\u00fas del Gran Poder, Pastaza y San Jos\u00e9 de Aguarico, e implic\u00f3 la plantaci\u00f3n de 46.140 \u00e1rboles de especies nativas en [&hellip;]<\/p>\n","protected":false},"author":2,"featured_media":7554,"comment_status":"closed","ping_status":"closed","sticky":false,"template":"","format":"standard","meta":{"_uf_show_specific_survey":0,"_uf_disable_surveys":false,"footnotes":""},"categories":[3,23,25],"tags":[144,58,42,44,133],"class_list":["post-7552","post","type-post","status-publish","format-standard","has-post-thumbnail","hentry","category-noticias","category-noticias-home","category-produccion-sostenible","tag-cacao","tag-conservacion","tag-ecuador","tag-proamazonia","tag-restauracion"],"aioseo_notices":[],"_links":{"self":[{"href":"https:\/\/www.proamazonia.org\/ppr\/wp-json\/wp\/v2\/posts\/7552","targetHints":{"allow":["GET"]}}],"collection":[{"href":"https:\/\/www.proamazonia.org\/ppr\/wp-json\/wp\/v2\/posts"}],"about":[{"href":"https:\/\/www.proamazonia.org\/ppr\/wp-json\/wp\/v2\/types\/post"}],"author":[{"embeddable":true,"href":"https:\/\/www.proamazonia.org\/ppr\/wp-json\/wp\/v2\/users\/2"}],"replies":[{"embeddable":true,"href":"https:\/\/www.proamazonia.org\/ppr\/wp-json\/wp\/v2\/comments?post=7552"}],"version-history":[{"count":1,"href":"https:\/\/www.proamazonia.org\/ppr\/wp-json\/wp\/v2\/posts\/7552\/revisions"}],"predecessor-version":[{"id":7555,"href":"https:\/\/www.proamazonia.org\/ppr\/wp-json\/wp\/v2\/posts\/7552\/revisions\/7555"}],"wp:featuredmedia":[{"embeddable":true,"href":"https:\/\/www.proamazonia.org\/ppr\/wp-json\/wp\/v2\/media\/7554"}],"wp:attachment":[{"href":"https:\/\/www.proamazonia.org\/ppr\/wp-json\/wp\/v2\/media?parent=7552"}],"wp:term":[{"taxonomy":"category","embeddable":true,"href":"https:\/\/www.proamazonia.org\/ppr\/wp-json\/wp\/v2\/categories?post=7552"},{"taxonomy":"post_tag","embeddable":true,"href":"https:\/\/www.proamazonia.org\/ppr\/wp-json\/wp\/v2\/tags?post=7552"}],"curies":[{"name":"wp","href":"https:\/\/api.w.org\/{rel}","templated":true}]}}