{"id":7572,"date":"2023-07-20T17:36:02","date_gmt":"2023-07-20T22:36:02","guid":{"rendered":"https:\/\/www.proamazonia.org\/?p=7572"},"modified":"2023-07-20T17:41:32","modified_gmt":"2023-07-20T22:41:32","slug":"centro-de-acopio-y-pre-secado-de-madera-en-san-luis-de-kupatas-un-eslabon-fundamental-hacia-el-objetivo-de-manejo-forestal-sostenible-con-un-enfoque-de-cadena-de-valor","status":"publish","type":"post","link":"https:\/\/www.proamazonia.org\/ppr\/centro-de-acopio-y-pre-secado-de-madera-en-san-luis-de-kupatas-un-eslabon-fundamental-hacia-el-objetivo-de-manejo-forestal-sostenible-con-un-enfoque-de-cadena-de-valor\/","title":{"rendered":"Centro de acopio y pre-secado de madera en San Luis de Kupatas, un eslab\u00f3n fundamental hacia el objetivo de Manejo Forestal Sostenible con un enfoque de cadena de valor"},"content":{"rendered":"<p><\/p>\n<p style=\"text-align: right;\">San Luis de Copataza, 19 de julio de 2023<\/p>\n<p>&nbsp;<\/p>\n<p>La comunidad Achuar de San Luis de Copataza, tambi\u00e9n conocida como Kupatas, ubicada en la provincia de Pastaza, se encuentra dando pasos importantes hacia el manejo forestal sostenible. Esto es posible gracias al trabajo que realizan en el centro de acopio de madera y bamb\u00fa, en el marco del Proyecto Piloto de Manejo Forestal Sostenible (MFS), establecido mediante un convenio interinstitucional entre el Ministerio de Ambiente, Agua y Transici\u00f3n Ecol\u00f3gica (MAATE) y el Grupo Nacional de Trabajo sobre Certificaci\u00f3n Forestal Voluntaria en Ecuador (CEFOVE\/FCS).<\/p>\n<p><img loading=\"lazy\" decoding=\"async\" class=\"alignnone wp-image-7575 aligncenter\" src=\"https:\/\/www.proamazonia.org\/wp-content\/uploads\/2023\/07\/WhatsApp-Image-2023-07-18-at-12.23.55-300x225.jpeg\" alt=\"\" width=\"786\" height=\"590\" srcset=\"https:\/\/www.proamazonia.org\/ppr\/wp-content\/uploads\/2023\/07\/WhatsApp-Image-2023-07-18-at-12.23.55-300x225.jpeg 300w, https:\/\/www.proamazonia.org\/ppr\/wp-content\/uploads\/2023\/07\/WhatsApp-Image-2023-07-18-at-12.23.55-1024x768.jpeg 1024w, https:\/\/www.proamazonia.org\/ppr\/wp-content\/uploads\/2023\/07\/WhatsApp-Image-2023-07-18-at-12.23.55-768x576.jpeg 768w, https:\/\/www.proamazonia.org\/ppr\/wp-content\/uploads\/2023\/07\/WhatsApp-Image-2023-07-18-at-12.23.55-1536x1152.jpeg 1536w, https:\/\/www.proamazonia.org\/ppr\/wp-content\/uploads\/2023\/07\/WhatsApp-Image-2023-07-18-at-12.23.55-400x300.jpeg 400w, https:\/\/www.proamazonia.org\/ppr\/wp-content\/uploads\/2023\/07\/WhatsApp-Image-2023-07-18-at-12.23.55-800x600.jpeg 800w, https:\/\/www.proamazonia.org\/ppr\/wp-content\/uploads\/2023\/07\/WhatsApp-Image-2023-07-18-at-12.23.55-1200x900.jpeg 1200w, https:\/\/www.proamazonia.org\/ppr\/wp-content\/uploads\/2023\/07\/WhatsApp-Image-2023-07-18-at-12.23.55.jpeg 1600w\" sizes=\"auto, (max-width: 786px) 100vw, 786px\" \/><\/p>\n<p style=\"text-align: center;\"><b><span style=\"font-size: 10.0pt; color: windowtext;\">Fotograf\u00eda:<\/span><\/b><span style=\"font-size: 10.0pt; color: windowtext;\"> PROAmazon\u00eda<br \/>\n<\/span><b><\/b><b><span style=\"font-size: 10.0pt; color: windowtext;\">Descripci\u00f3n:<\/span><\/b><span style=\"font-size: 10.0pt; color: windowtext;\"> Visita de representantes del Componente 3 de PROAmazon\u00eda a Centro de acopio y pre-secado de madera en San Luis de Kupatas.<\/span><\/p>\n<p>El objetivo de este convenio es fomentar el manejo forestal sostenible en paisajes de la Amazon\u00eda ecuatoriana, a trav\u00e9s del uso de tratamientos silviculturales adecuados para la estructura y din\u00e1mica del bosque natural. Para lograrlo, se busca fortalecer las capacidades de los habitantes de la comunidad y articular la cadena de valor de la madera, ofreciendo productos de calidad en mercados responsables, incluyendo la comercializaci\u00f3n de productos forestales no maderables (PFNM).<\/p>\n<p>La alianza CEFOVE\/ECOPAR\u00a0 aporta con la implementaci\u00f3n del proyecto, bajo el liderazgo de la Autoridad Ambiental Nacional, MAATE, y el apoyo del Programa Integral Amaz\u00f3nico de Conservaci\u00f3n de Bosques y Producci\u00f3n Sostenible (PROAmazon\u00eda), y el Programa de las Naciones Unidas para el Desarrollo (PNUD).<\/p>\n<p>El enfoque del proyecto incluye una planificaci\u00f3n integral del Manejo Forestal Sostenible que abarca toda la cadena de valor de la madera. Esto implica desde el aprovechamiento y transformaci\u00f3n eficiente de la materia prima hasta la comercializaci\u00f3n directa de los productos forestales en mercados responsables, que promueven la preferencia por productos provenientes de bosques manejados a largo plazo.<\/p>\n<p>Con el prop\u00f3sito de mejorar la eficiencia en la transformaci\u00f3n de la materia prima, se ha instalado un aserradero port\u00e1til y se est\u00e1 construyendo un centro de acopio que cumple con todas las normas estructurales de construcci\u00f3n, utilizando guad\u00faa angustifolia y maderas locales. Esta infraestructura no solo servir\u00e1 como un centro de acopio y pre-secado de la madera, sino tambi\u00e9n un ejemplo demostrativo de c\u00f3mo utilizar materiales locales en construcciones resilientes, seguras y duraderas.<\/p>\n<p><img loading=\"lazy\" decoding=\"async\" class=\"alignnone wp-image-7576 aligncenter\" src=\"https:\/\/www.proamazonia.org\/wp-content\/uploads\/2023\/07\/Foto-27-225x300.jpeg\" alt=\"\" width=\"556\" height=\"742\" srcset=\"https:\/\/www.proamazonia.org\/ppr\/wp-content\/uploads\/2023\/07\/Foto-27-225x300.jpeg 225w, https:\/\/www.proamazonia.org\/ppr\/wp-content\/uploads\/2023\/07\/Foto-27-768x1024.jpeg 768w, https:\/\/www.proamazonia.org\/ppr\/wp-content\/uploads\/2023\/07\/Foto-27-1152x1536.jpeg 1152w, https:\/\/www.proamazonia.org\/ppr\/wp-content\/uploads\/2023\/07\/Foto-27.jpeg 1200w\" sizes=\"auto, (max-width: 556px) 100vw, 556px\" \/><\/p>\n<p style=\"text-align: center;\"><b><span style=\"font-size: 10.0pt; color: windowtext;\">Fotograf\u00eda:<\/span><\/b><span style=\"font-size: 10.0pt; color: windowtext;\"> PROAmazon\u00eda<br \/>\n<\/span><b><\/b><b><span style=\"font-size: 10.0pt; color: windowtext;\">Descripci\u00f3n:<\/span><\/b><span style=\"font-size: 10.0pt; color: windowtext;\"> pre-secado de madera en San Luis de Kupatas.<\/span><\/p>\n<p>Adem\u00e1s, se han establecido parcelas permanentes de monitoreo para evaluar el crecimiento del bosque luego del aprovechamiento y proponer mejoras silviculturales que garanticen la productividad, sostenibilidad y conservaci\u00f3n del bosque natural y de los bienes y servicios ambientales en el largo plazo.<\/p>\n<p>Los propietarios de las tierras y los miembros de la comunidad participan activamente en el proyecto piloto y complementan sus actividades con la elaboraci\u00f3n de artesan\u00edas conocidas como mocahuas. Estas artesan\u00edas son fabricadas con barro y pintadas con tintes obtenidos de especies del bosque natural de la comunidad.<\/p>\n<p><img loading=\"lazy\" decoding=\"async\" class=\"alignnone wp-image-7577 aligncenter\" src=\"https:\/\/www.proamazonia.org\/wp-content\/uploads\/2023\/07\/Foto-128-300x225.jpeg\" alt=\"\" width=\"823\" height=\"617\" srcset=\"https:\/\/www.proamazonia.org\/ppr\/wp-content\/uploads\/2023\/07\/Foto-128-300x225.jpeg 300w, https:\/\/www.proamazonia.org\/ppr\/wp-content\/uploads\/2023\/07\/Foto-128-1024x768.jpeg 1024w, https:\/\/www.proamazonia.org\/ppr\/wp-content\/uploads\/2023\/07\/Foto-128-768x576.jpeg 768w, https:\/\/www.proamazonia.org\/ppr\/wp-content\/uploads\/2023\/07\/Foto-128-1536x1152.jpeg 1536w, https:\/\/www.proamazonia.org\/ppr\/wp-content\/uploads\/2023\/07\/Foto-128-400x300.jpeg 400w, https:\/\/www.proamazonia.org\/ppr\/wp-content\/uploads\/2023\/07\/Foto-128-800x600.jpeg 800w, https:\/\/www.proamazonia.org\/ppr\/wp-content\/uploads\/2023\/07\/Foto-128-1200x900.jpeg 1200w, https:\/\/www.proamazonia.org\/ppr\/wp-content\/uploads\/2023\/07\/Foto-128.jpeg 1600w\" sizes=\"auto, (max-width: 823px) 100vw, 823px\" \/><\/p>\n<p style=\"text-align: center;\"><b><span style=\"font-size: 10.0pt; color: windowtext;\">Fotograf\u00eda:<\/span><\/b><span style=\"font-size: 10.0pt; color: windowtext;\"> PROAmazon\u00eda<br \/>\n<\/span><b><\/b><b><span style=\"font-size: 10.0pt; color: windowtext;\">Descripci\u00f3n:<\/span><\/b><span style=\"font-size: 10.0pt; color: windowtext;\"> Visita de representantes del Componente 3 de PROAmazon\u00eda a Centro de acopio y pre-secado de madera en San Luis de Kupatas<\/span><\/p>\n<p>El centro de acopio y el proyecto en su conjunto reciben frecuentes visitas guiadas de l\u00edderes comunitarios, estudiantes universitarios, t\u00e9cnicos forestales y representantes de proyectos de cooperaci\u00f3n, interesados en aprender de las acciones llevadas a cabo en el marco del Manejo Forestal Sostenible, con un enfoque de mercado inclusivo.<\/p>\n<p>El Centro de Acopio de San Luis de Copataza se consolida as\u00ed como un ejemplo destacado de c\u00f3mo el manejo forestal sostenible puede generar beneficios econ\u00f3micos, sociales y ambientales, contribuyendo al desarrollo sostenible de la regi\u00f3n amaz\u00f3nica y estableci\u00e9ndose como un referente para futuros proyectos a nivel nacional.<\/p>\n<p style=\"text-align: center;\"><img loading=\"lazy\" decoding=\"async\" class=\"alignnone wp-image-7574\" src=\"https:\/\/www.proamazonia.org\/wp-content\/uploads\/2023\/07\/WhatsApp-Image-2023-07-18-at-12.23.58-1-300x225.jpeg\" alt=\"\" width=\"649\" height=\"487\" srcset=\"https:\/\/www.proamazonia.org\/ppr\/wp-content\/uploads\/2023\/07\/WhatsApp-Image-2023-07-18-at-12.23.58-1-300x225.jpeg 300w, https:\/\/www.proamazonia.org\/ppr\/wp-content\/uploads\/2023\/07\/WhatsApp-Image-2023-07-18-at-12.23.58-1-1024x768.jpeg 1024w, https:\/\/www.proamazonia.org\/ppr\/wp-content\/uploads\/2023\/07\/WhatsApp-Image-2023-07-18-at-12.23.58-1-768x576.jpeg 768w, https:\/\/www.proamazonia.org\/ppr\/wp-content\/uploads\/2023\/07\/WhatsApp-Image-2023-07-18-at-12.23.58-1-1536x1152.jpeg 1536w, https:\/\/www.proamazonia.org\/ppr\/wp-content\/uploads\/2023\/07\/WhatsApp-Image-2023-07-18-at-12.23.58-1-400x300.jpeg 400w, https:\/\/www.proamazonia.org\/ppr\/wp-content\/uploads\/2023\/07\/WhatsApp-Image-2023-07-18-at-12.23.58-1-800x600.jpeg 800w, https:\/\/www.proamazonia.org\/ppr\/wp-content\/uploads\/2023\/07\/WhatsApp-Image-2023-07-18-at-12.23.58-1-1200x900.jpeg 1200w, https:\/\/www.proamazonia.org\/ppr\/wp-content\/uploads\/2023\/07\/WhatsApp-Image-2023-07-18-at-12.23.58-1.jpeg 1600w\" sizes=\"auto, (max-width: 649px) 100vw, 649px\" \/> <img loading=\"lazy\" decoding=\"async\" class=\"alignnone wp-image-7573\" src=\"https:\/\/www.proamazonia.org\/wp-content\/uploads\/2023\/07\/WhatsApp-Image-2023-07-18-at-12.23.58-2-225x300.jpeg\" alt=\"\" width=\"365\" height=\"486\" srcset=\"https:\/\/www.proamazonia.org\/ppr\/wp-content\/uploads\/2023\/07\/WhatsApp-Image-2023-07-18-at-12.23.58-2-225x300.jpeg 225w, https:\/\/www.proamazonia.org\/ppr\/wp-content\/uploads\/2023\/07\/WhatsApp-Image-2023-07-18-at-12.23.58-2-768x1024.jpeg 768w, https:\/\/www.proamazonia.org\/ppr\/wp-content\/uploads\/2023\/07\/WhatsApp-Image-2023-07-18-at-12.23.58-2-1152x1536.jpeg 1152w, https:\/\/www.proamazonia.org\/ppr\/wp-content\/uploads\/2023\/07\/WhatsApp-Image-2023-07-18-at-12.23.58-2.jpeg 1200w\" sizes=\"auto, (max-width: 365px) 100vw, 365px\" \/><\/p>\n<p>&nbsp;<\/p>","protected":false},"excerpt":{"rendered":"<p>San Luis de Copataza, 19 de julio de 2023 &nbsp; La comunidad Achuar de San Luis de Copataza, tambi\u00e9n conocida como Kupatas, ubicada en la provincia de Pastaza, se encuentra dando pasos importantes hacia el manejo forestal sostenible. Esto es posible gracias al trabajo que realizan en el centro de acopio de madera y bamb\u00fa, en el marco del Proyecto Piloto de Manejo Forestal Sostenible (MFS), establecido mediante un convenio interinstitucional entre el Ministerio de Ambiente, Agua y Transici\u00f3n Ecol\u00f3gica (MAATE) y el Grupo Nacional de Trabajo sobre Certificaci\u00f3n Forestal Voluntaria en Ecuador (CEFOVE\/FCS). Fotograf\u00eda: PROAmazon\u00eda Descripci\u00f3n: Visita de representantes del Componente 3 de PROAmazon\u00eda a Centro de acopio y pre-secado de madera en San Luis de Kupatas. El objetivo de este convenio es fomentar el manejo forestal sostenible en paisajes de la Amazon\u00eda ecuatoriana, a trav\u00e9s del uso de tratamientos silviculturales adecuados para la estructura y din\u00e1mica del bosque natural. Para lograrlo, se busca fortalecer las capacidades de los habitantes de la comunidad y articular la cadena de valor de la madera, ofreciendo productos de calidad en mercados responsables, incluyendo la comercializaci\u00f3n de productos forestales no maderables (PFNM). La alianza CEFOVE\/ECOPAR\u00a0 aporta con la implementaci\u00f3n del proyecto, bajo el [&hellip;]<\/p>\n","protected":false},"author":2,"featured_media":7577,"comment_status":"closed","ping_status":"closed","sticky":false,"template":"","format":"standard","meta":{"_uf_show_specific_survey":0,"_uf_disable_surveys":false,"footnotes":""},"categories":[3,23,31],"tags":[],"class_list":["post-7572","post","type-post","status-publish","format-standard","has-post-thumbnail","hentry","category-noticias","category-noticias-home","category-restauracion"],"aioseo_notices":[],"_links":{"self":[{"href":"https:\/\/www.proamazonia.org\/ppr\/wp-json\/wp\/v2\/posts\/7572","targetHints":{"allow":["GET"]}}],"collection":[{"href":"https:\/\/www.proamazonia.org\/ppr\/wp-json\/wp\/v2\/posts"}],"about":[{"href":"https:\/\/www.proamazonia.org\/ppr\/wp-json\/wp\/v2\/types\/post"}],"author":[{"embeddable":true,"href":"https:\/\/www.proamazonia.org\/ppr\/wp-json\/wp\/v2\/users\/2"}],"replies":[{"embeddable":true,"href":"https:\/\/www.proamazonia.org\/ppr\/wp-json\/wp\/v2\/comments?post=7572"}],"version-history":[{"count":3,"href":"https:\/\/www.proamazonia.org\/ppr\/wp-json\/wp\/v2\/posts\/7572\/revisions"}],"predecessor-version":[{"id":7580,"href":"https:\/\/www.proamazonia.org\/ppr\/wp-json\/wp\/v2\/posts\/7572\/revisions\/7580"}],"wp:featuredmedia":[{"embeddable":true,"href":"https:\/\/www.proamazonia.org\/ppr\/wp-json\/wp\/v2\/media\/7577"}],"wp:attachment":[{"href":"https:\/\/www.proamazonia.org\/ppr\/wp-json\/wp\/v2\/media?parent=7572"}],"wp:term":[{"taxonomy":"category","embeddable":true,"href":"https:\/\/www.proamazonia.org\/ppr\/wp-json\/wp\/v2\/categories?post=7572"},{"taxonomy":"post_tag","embeddable":true,"href":"https:\/\/www.proamazonia.org\/ppr\/wp-json\/wp\/v2\/tags?post=7572"}],"curies":[{"name":"wp","href":"https:\/\/api.w.org\/{rel}","templated":true}]}}