{"id":7581,"date":"2023-07-20T18:07:52","date_gmt":"2023-07-20T23:07:52","guid":{"rendered":"https:\/\/www.proamazonia.org\/?p=7581"},"modified":"2023-07-20T18:12:46","modified_gmt":"2023-07-20T23:12:46","slug":"bioemprendimientos-amazonicos-son-protagonistas-en-la-quinta-edicion-de-premio-sacha-pura-vida","status":"publish","type":"post","link":"https:\/\/www.proamazonia.org\/ppr\/bioemprendimientos-amazonicos-son-protagonistas-en-la-quinta-edicion-de-premio-sacha-pura-vida\/","title":{"rendered":"Bioemprendimientos amaz\u00f3nicos son protagonistas en la quinta edici\u00f3n de Premio Sacha \u2013 \u201cPura Vida\u201d"},"content":{"rendered":"<p>Bioemprendimientos amaz\u00f3nicos impulsados por el Ministerio de Ambiente, Agua y Transici\u00f3n Ecol\u00f3gica, con el apoyo del Ministerio de Agricultura y Ganader\u00eda, el Programa de las Naciones Unidas para el Desarrollo (PNUD), el Programa Integral Amaz\u00f3nico de Conservaci\u00f3n de Bosques y Producci\u00f3n Sostenible (PROAmazon\u00eda), y el Grupo de Trabajo sobre certificaci\u00f3n Forestal Voluntaria (CEFOVE), participaron en el lanzamiento del Premio Sacha quinta edici\u00f3n \u201cPura Vida\u201d.<\/p>\n<p><img loading=\"lazy\" decoding=\"async\" class=\"alignnone  wp-image-7589 aligncenter\" src=\"https:\/\/www.proamazonia.org\/wp-content\/uploads\/2023\/07\/Foto-248-300x225.jpeg\" alt=\"\" width=\"827\" height=\"620\" srcset=\"https:\/\/www.proamazonia.org\/ppr\/wp-content\/uploads\/2023\/07\/Foto-248-300x225.jpeg 300w, https:\/\/www.proamazonia.org\/ppr\/wp-content\/uploads\/2023\/07\/Foto-248-1024x768.jpeg 1024w, https:\/\/www.proamazonia.org\/ppr\/wp-content\/uploads\/2023\/07\/Foto-248-768x576.jpeg 768w, https:\/\/www.proamazonia.org\/ppr\/wp-content\/uploads\/2023\/07\/Foto-248-400x300.jpeg 400w, https:\/\/www.proamazonia.org\/ppr\/wp-content\/uploads\/2023\/07\/Foto-248-800x600.jpeg 800w, https:\/\/www.proamazonia.org\/ppr\/wp-content\/uploads\/2023\/07\/Foto-248-1200x900.jpeg 1200w, https:\/\/www.proamazonia.org\/ppr\/wp-content\/uploads\/2023\/07\/Foto-248.jpeg 1280w\" sizes=\"auto, (max-width: 827px) 100vw, 827px\" \/><\/p>\n<p style=\"text-align: center;\"><b><span style=\"font-size: 10.0pt; color: windowtext;\">Fotograf\u00eda:<\/span><\/b><span style=\"font-size: 10.0pt; color: windowtext;\"> PROAmazon\u00eda<br \/>\n<\/span><b><\/b><b><span style=\"font-size: 10.0pt; color: windowtext;\">Descripci\u00f3n:<\/span><\/b><span style=\"font-size: 10.0pt; color: windowtext;\"> Bioemprendimiento de Palmito\u00a0<span class=\"ContentPasted1\">en Premios Sacha 2023<\/span><\/span><\/p>\n<p>Los emprendedores presentes representaron a la Asociaci\u00f3n de Palmitocultores de Orellana (APAE), Asociaci\u00f3n de Mujeres Waorani de la Amazon\u00eda Ecuatoriana (AMWAE), Asociaci\u00f3n de Guayuseros del Pueblo Kichwa Rukullakta (PKR), Asociaci\u00f3n de Producci\u00f3n Agropecuaria (TSAPAU), y a las l\u00edneas de productos RUKUMAMA y Sachilantro.<\/p>\n<p>Los bioemprendedores producen y comercializan productos de origen amaz\u00f3nico como: palmito org\u00e1nico y libre deforestaci\u00f3n, tejidos de chambira, bebida carbonatada y hoja triturada de guayusa, miel de abeja y otros subproductos, productos cosm\u00e9ticos, y ali\u00f1os naturales. Dichos productos se destacan por el compromiso con la conservaci\u00f3n de los bosques, las pr\u00e1cticas productivas sostenibles, la participaci\u00f3n activa de las mujeres, y la revalorizaci\u00f3n de conocimientos ancestrales y locales.<\/p>\n<p style=\"text-align: center;\"><img loading=\"lazy\" decoding=\"async\" class=\"alignnone  wp-image-7587\" src=\"https:\/\/www.proamazonia.org\/wp-content\/uploads\/2023\/07\/WhatsApp-Image-2023-07-18-at-20.57.28-1-169x300.jpeg\" alt=\"\" width=\"199\" height=\"354\" srcset=\"https:\/\/www.proamazonia.org\/ppr\/wp-content\/uploads\/2023\/07\/WhatsApp-Image-2023-07-18-at-20.57.28-1-169x300.jpeg 169w, https:\/\/www.proamazonia.org\/ppr\/wp-content\/uploads\/2023\/07\/WhatsApp-Image-2023-07-18-at-20.57.28-1-576x1024.jpeg 576w, https:\/\/www.proamazonia.org\/ppr\/wp-content\/uploads\/2023\/07\/WhatsApp-Image-2023-07-18-at-20.57.28-1.jpeg 720w\" sizes=\"auto, (max-width: 199px) 100vw, 199px\" \/> <img loading=\"lazy\" decoding=\"async\" class=\"alignnone  wp-image-7586\" src=\"https:\/\/www.proamazonia.org\/wp-content\/uploads\/2023\/07\/WhatsApp-Image-2023-07-18-at-20.57.28-2-169x300.jpeg\" alt=\"\" width=\"199\" height=\"354\" srcset=\"https:\/\/www.proamazonia.org\/ppr\/wp-content\/uploads\/2023\/07\/WhatsApp-Image-2023-07-18-at-20.57.28-2-169x300.jpeg 169w, https:\/\/www.proamazonia.org\/ppr\/wp-content\/uploads\/2023\/07\/WhatsApp-Image-2023-07-18-at-20.57.28-2-576x1024.jpeg 576w, https:\/\/www.proamazonia.org\/ppr\/wp-content\/uploads\/2023\/07\/WhatsApp-Image-2023-07-18-at-20.57.28-2.jpeg 720w\" sizes=\"auto, (max-width: 199px) 100vw, 199px\" \/> <img loading=\"lazy\" decoding=\"async\" class=\"alignnone  wp-image-7584\" src=\"https:\/\/www.proamazonia.org\/wp-content\/uploads\/2023\/07\/WhatsApp-Image-2023-07-18-at-20.57.29-1-169x300.jpeg\" alt=\"\" width=\"200\" height=\"355\" srcset=\"https:\/\/www.proamazonia.org\/ppr\/wp-content\/uploads\/2023\/07\/WhatsApp-Image-2023-07-18-at-20.57.29-1-169x300.jpeg 169w, https:\/\/www.proamazonia.org\/ppr\/wp-content\/uploads\/2023\/07\/WhatsApp-Image-2023-07-18-at-20.57.29-1-576x1024.jpeg 576w, https:\/\/www.proamazonia.org\/ppr\/wp-content\/uploads\/2023\/07\/WhatsApp-Image-2023-07-18-at-20.57.29-1.jpeg 720w\" sizes=\"auto, (max-width: 200px) 100vw, 200px\" \/> <img loading=\"lazy\" decoding=\"async\" class=\"alignnone  wp-image-7583\" src=\"https:\/\/www.proamazonia.org\/wp-content\/uploads\/2023\/07\/WhatsApp-Image-2023-07-18-at-20.57.29-2-169x300.jpeg\" alt=\"\" width=\"201\" height=\"356\" srcset=\"https:\/\/www.proamazonia.org\/ppr\/wp-content\/uploads\/2023\/07\/WhatsApp-Image-2023-07-18-at-20.57.29-2-169x300.jpeg 169w, https:\/\/www.proamazonia.org\/ppr\/wp-content\/uploads\/2023\/07\/WhatsApp-Image-2023-07-18-at-20.57.29-2-576x1024.jpeg 576w, https:\/\/www.proamazonia.org\/ppr\/wp-content\/uploads\/2023\/07\/WhatsApp-Image-2023-07-18-at-20.57.29-2.jpeg 720w\" sizes=\"auto, (max-width: 201px) 100vw, 201px\" \/> <img loading=\"lazy\" decoding=\"async\" class=\"alignnone  wp-image-7582\" src=\"https:\/\/www.proamazonia.org\/wp-content\/uploads\/2023\/07\/WhatsApp-Image-2023-07-18-at-20.57.29-169x300.jpeg\" alt=\"\" width=\"201\" height=\"357\" srcset=\"https:\/\/www.proamazonia.org\/ppr\/wp-content\/uploads\/2023\/07\/WhatsApp-Image-2023-07-18-at-20.57.29-169x300.jpeg 169w, https:\/\/www.proamazonia.org\/ppr\/wp-content\/uploads\/2023\/07\/WhatsApp-Image-2023-07-18-at-20.57.29-576x1024.jpeg 576w, https:\/\/www.proamazonia.org\/ppr\/wp-content\/uploads\/2023\/07\/WhatsApp-Image-2023-07-18-at-20.57.29.jpeg 720w\" sizes=\"auto, (max-width: 201px) 100vw, 201px\" \/><\/p>\n<p>El Premio Sacha es una iniciativa bianual que reconoce las buenas pr\u00e1cticas desarrolladas en programas, proyectos y acciones que contribuyen de manera significativa a la sostenibilidad, mitigaci\u00f3n y adaptaci\u00f3n al cambio clim\u00e1tico, basado en los criterios y definiciones de los Objetivos de Desarrollo Sostenible (ODS) y el cumplimiento del Acuerdo de Par\u00eds.<\/p>\n<p>Las categor\u00edas previstas para el certamen en este a\u00f1o son: Manejo sostenible del paisaje, Servicios ecosist\u00e9micos, Finanzas clim\u00e1ticas, Bioemprendimientos, Reto de fotograf\u00eda \u201cSalva a los gigantes vivientes\u201d, y Mentores latinoamericanos por la acci\u00f3n clim\u00e1tica. Las inscripciones estar\u00e1n abiertas hasta el viernes 13 de octubre a trav\u00e9s de la p\u00e1gina <a href=\"https:\/\/premiosacha.org\/\">https:\/\/premiosacha.org\/<\/a>.<\/p>\n<p><img loading=\"lazy\" decoding=\"async\" class=\"alignnone  wp-image-7590 aligncenter\" src=\"https:\/\/www.proamazonia.org\/wp-content\/uploads\/2023\/07\/foto-18-300x225.jpeg\" alt=\"\" width=\"814\" height=\"610\" srcset=\"https:\/\/www.proamazonia.org\/ppr\/wp-content\/uploads\/2023\/07\/foto-18-300x225.jpeg 300w, https:\/\/www.proamazonia.org\/ppr\/wp-content\/uploads\/2023\/07\/foto-18-1024x768.jpeg 1024w, https:\/\/www.proamazonia.org\/ppr\/wp-content\/uploads\/2023\/07\/foto-18-768x576.jpeg 768w, https:\/\/www.proamazonia.org\/ppr\/wp-content\/uploads\/2023\/07\/foto-18-400x300.jpeg 400w, https:\/\/www.proamazonia.org\/ppr\/wp-content\/uploads\/2023\/07\/foto-18-800x600.jpeg 800w, https:\/\/www.proamazonia.org\/ppr\/wp-content\/uploads\/2023\/07\/foto-18-1200x900.jpeg 1200w, https:\/\/www.proamazonia.org\/ppr\/wp-content\/uploads\/2023\/07\/foto-18.jpeg 1280w\" sizes=\"auto, (max-width: 814px) 100vw, 814px\" \/><\/p>\n<p style=\"text-align: center;\"><b><span style=\"font-size: 10.0pt; color: windowtext;\">Fotograf\u00eda:<\/span><\/b><span style=\"font-size: 10.0pt; color: windowtext;\"> PROAmazon\u00eda<br \/>\n<\/span><b><\/b><b><span style=\"font-size: 10.0pt; color: windowtext;\">Descripci\u00f3n:<\/span><\/b><span style=\"font-size: 10.0pt; color: windowtext;\"> Bioemprendedores amaz\u00f3nicos y equipo del Componente 3 de PROAmazon\u00eda en Premios Sacha 2023<\/span><\/p>\n<p><\/p>","protected":false},"excerpt":{"rendered":"<p>Bioemprendimientos amaz\u00f3nicos impulsados por el Ministerio de Ambiente, Agua y Transici\u00f3n Ecol\u00f3gica, con el apoyo del Ministerio de Agricultura y Ganader\u00eda, el Programa de las Naciones Unidas para el Desarrollo (PNUD), el Programa Integral Amaz\u00f3nico de Conservaci\u00f3n de Bosques y Producci\u00f3n Sostenible (PROAmazon\u00eda), y el Grupo de Trabajo sobre certificaci\u00f3n Forestal Voluntaria (CEFOVE), participaron en el lanzamiento del Premio Sacha quinta edici\u00f3n \u201cPura Vida\u201d. Fotograf\u00eda: PROAmazon\u00eda Descripci\u00f3n: Bioemprendimiento de Palmito\u00a0en Premios Sacha 2023 Los emprendedores presentes representaron a la Asociaci\u00f3n de Palmitocultores de Orellana (APAE), Asociaci\u00f3n de Mujeres Waorani de la Amazon\u00eda Ecuatoriana (AMWAE), Asociaci\u00f3n de Guayuseros del Pueblo Kichwa Rukullakta (PKR), Asociaci\u00f3n de Producci\u00f3n Agropecuaria (TSAPAU), y a las l\u00edneas de productos RUKUMAMA y Sachilantro. Los bioemprendedores producen y comercializan productos de origen amaz\u00f3nico como: palmito org\u00e1nico y libre deforestaci\u00f3n, tejidos de chambira, bebida carbonatada y hoja triturada de guayusa, miel de abeja y otros subproductos, productos cosm\u00e9ticos, y ali\u00f1os naturales. Dichos productos se destacan por el compromiso con la conservaci\u00f3n de los bosques, las pr\u00e1cticas productivas sostenibles, la participaci\u00f3n activa de las mujeres, y la revalorizaci\u00f3n de conocimientos ancestrales y locales. El Premio Sacha es una iniciativa bianual que reconoce las buenas pr\u00e1cticas desarrolladas en programas, proyectos y [&hellip;]<\/p>\n","protected":false},"author":2,"featured_media":7590,"comment_status":"closed","ping_status":"closed","sticky":false,"template":"","format":"standard","meta":{"_uf_show_specific_survey":0,"_uf_disable_surveys":false,"footnotes":""},"categories":[3,23,31],"tags":[],"class_list":["post-7581","post","type-post","status-publish","format-standard","has-post-thumbnail","hentry","category-noticias","category-noticias-home","category-restauracion"],"aioseo_notices":[],"_links":{"self":[{"href":"https:\/\/www.proamazonia.org\/ppr\/wp-json\/wp\/v2\/posts\/7581","targetHints":{"allow":["GET"]}}],"collection":[{"href":"https:\/\/www.proamazonia.org\/ppr\/wp-json\/wp\/v2\/posts"}],"about":[{"href":"https:\/\/www.proamazonia.org\/ppr\/wp-json\/wp\/v2\/types\/post"}],"author":[{"embeddable":true,"href":"https:\/\/www.proamazonia.org\/ppr\/wp-json\/wp\/v2\/users\/2"}],"replies":[{"embeddable":true,"href":"https:\/\/www.proamazonia.org\/ppr\/wp-json\/wp\/v2\/comments?post=7581"}],"version-history":[{"count":2,"href":"https:\/\/www.proamazonia.org\/ppr\/wp-json\/wp\/v2\/posts\/7581\/revisions"}],"predecessor-version":[{"id":7592,"href":"https:\/\/www.proamazonia.org\/ppr\/wp-json\/wp\/v2\/posts\/7581\/revisions\/7592"}],"wp:featuredmedia":[{"embeddable":true,"href":"https:\/\/www.proamazonia.org\/ppr\/wp-json\/wp\/v2\/media\/7590"}],"wp:attachment":[{"href":"https:\/\/www.proamazonia.org\/ppr\/wp-json\/wp\/v2\/media?parent=7581"}],"wp:term":[{"taxonomy":"category","embeddable":true,"href":"https:\/\/www.proamazonia.org\/ppr\/wp-json\/wp\/v2\/categories?post=7581"},{"taxonomy":"post_tag","embeddable":true,"href":"https:\/\/www.proamazonia.org\/ppr\/wp-json\/wp\/v2\/tags?post=7581"}],"curies":[{"name":"wp","href":"https:\/\/api.w.org\/{rel}","templated":true}]}}