{"id":7593,"date":"2023-07-24T10:40:43","date_gmt":"2023-07-24T15:40:43","guid":{"rendered":"https:\/\/www.proamazonia.org\/?p=7593"},"modified":"2023-07-24T10:56:23","modified_gmt":"2023-07-24T15:56:23","slug":"socializacion-del-acuerdo-de-pago-basado-en-desempeno-a-equipos-tecnicos-de-nuevos-gobiernos-locales","status":"publish","type":"post","link":"https:\/\/www.proamazonia.org\/ppr\/socializacion-del-acuerdo-de-pago-basado-en-desempeno-a-equipos-tecnicos-de-nuevos-gobiernos-locales\/","title":{"rendered":"SOCIALIZACI\u00d3N DEL ACUERDO DE PAGO BASADO EN DESEMPE\u00d1O A EQUIPOS T\u00c9CNICOS DE NUEVOS GOBIERNOS LOCALES"},"content":{"rendered":"<p>En el marco del proyecto Pago por Resultados a Ecuador, por Reducci\u00f3n de Deforestaci\u00f3n (PPR), liderado por el Ministerio de Ambiente, Agua y Transici\u00f3n Ecol\u00f3gica, con el acompa\u00f1amiento del PNUD como socio implementador y con el apoyo de PROAmazon\u00eda como unidad de gesti\u00f3n de proyecto, se realizaron reuniones con equipos t\u00e9cnicos de la Mancomunidad del Pac\u00edfico Norte de Manab\u00ed, Distrito Metropolitano de Quito y GAD cantonal de Zapotillo para socializar la herramienta Acuerdo de Pago Basado en Desempe\u00f1o (APBD), que consiste en entregar incentivos econ\u00f3micos a los gobiernos locales, una vez que han alcanzado logros o entregables espec\u00edficos establecidos para la Gesti\u00f3n de las \u00c1reas de Conservaci\u00f3n y Uso Sostenible (ACUS)<\/p>\n<p>La primera reuni\u00f3n de socializaci\u00f3n se mantuvo el 29 de junio de 2023 con la Secretar\u00eda de Ambiente del Distrito Metropolitano de Quito, el 5 y 6 de julio con la Mancomunidad Pac\u00edfico Norte de Manab\u00ed, GAD de Jama y GAD de Pedernales. Y la \u00faltima reuni\u00f3n se llev\u00f3 a cabo el 11 de julio del presente a\u00f1o con el GAD cantonal de Zapotillo.<\/p>\n<p>Los Convenios para la Gesti\u00f3n de las \u00c1reas de Conservaci\u00f3n y Uso Sostenible (ACUS) fueron suscritos el 6 de abril del presente a\u00f1o entre el Fondo de Inversi\u00f3n Ambiental Sostenible (FIAS) y los gobiernos locales, en donde se definieron los siguientes indicadores de desempe\u00f1o:<\/p>\n<ul>\n<li>Tasa de cambio de cobertura natural en ACUS (ha \/ a\u00f1o);<\/li>\n<li>N\u00famero de hect\u00e1reas restauradas por el GAD en el ACUS; y<\/li>\n<li>Presupuesto ejecutado por el GAD para la gesti\u00f3n de los ACUS.<\/li>\n<\/ul>\n<p><img loading=\"lazy\" decoding=\"async\" class=\"alignnone wp-image-7601 aligncenter\" src=\"https:\/\/www.proamazonia.org\/wp-content\/uploads\/2023\/07\/WhatsApp-Image-2023-07-24-at-10.24.00-300x146.jpeg\" alt=\"\" width=\"808\" height=\"393\" srcset=\"https:\/\/www.proamazonia.org\/ppr\/wp-content\/uploads\/2023\/07\/WhatsApp-Image-2023-07-24-at-10.24.00-300x146.jpeg 300w, https:\/\/www.proamazonia.org\/ppr\/wp-content\/uploads\/2023\/07\/WhatsApp-Image-2023-07-24-at-10.24.00-1024x497.jpeg 1024w, https:\/\/www.proamazonia.org\/ppr\/wp-content\/uploads\/2023\/07\/WhatsApp-Image-2023-07-24-at-10.24.00-768x373.jpeg 768w, https:\/\/www.proamazonia.org\/ppr\/wp-content\/uploads\/2023\/07\/WhatsApp-Image-2023-07-24-at-10.24.00.jpeg 1280w\" sizes=\"auto, (max-width: 808px) 100vw, 808px\" \/><\/p>\n<p style=\"text-align: center;\"><b><span style=\"font-size: 10.0pt; color: windowtext;\">Fotograf\u00eda:<\/span><\/b><span style=\"font-size: 10.0pt; color: windowtext;\"> PROAmazon\u00eda<br \/>\n<\/span><b><\/b><b><span style=\"font-size: 10.0pt; color: windowtext;\">Descripci\u00f3n:<\/span><\/b><span style=\"font-size: 10.0pt; color: windowtext;\"> Reuni\u00f3n con autoridades del Distrito Metropolitano de Quito<\/span><\/p>\n<p><img loading=\"lazy\" decoding=\"async\" class=\"alignnone wp-image-7600 aligncenter\" src=\"https:\/\/www.proamazonia.org\/wp-content\/uploads\/2023\/07\/WhatsApp-Image-2023-07-24-at-10.24.00-1-300x146.jpeg\" alt=\"\" width=\"872\" height=\"424\" srcset=\"https:\/\/www.proamazonia.org\/ppr\/wp-content\/uploads\/2023\/07\/WhatsApp-Image-2023-07-24-at-10.24.00-1-300x146.jpeg 300w, https:\/\/www.proamazonia.org\/ppr\/wp-content\/uploads\/2023\/07\/WhatsApp-Image-2023-07-24-at-10.24.00-1-1024x497.jpeg 1024w, https:\/\/www.proamazonia.org\/ppr\/wp-content\/uploads\/2023\/07\/WhatsApp-Image-2023-07-24-at-10.24.00-1-768x373.jpeg 768w, https:\/\/www.proamazonia.org\/ppr\/wp-content\/uploads\/2023\/07\/WhatsApp-Image-2023-07-24-at-10.24.00-1.jpeg 1280w\" sizes=\"auto, (max-width: 872px) 100vw, 872px\" \/><\/p>\n<p style=\"text-align: center;\"><b><span style=\"font-size: 10.0pt; color: windowtext;\">Fotograf\u00eda:<\/span><\/b><span style=\"font-size: 10.0pt; color: windowtext;\"> PROAmazon\u00eda<br \/>\n<\/span><b><\/b><b><span style=\"font-size: 10.0pt; color: windowtext;\">Descripci\u00f3n:<\/span><\/b><span style=\"font-size: 10.0pt; color: windowtext;\"> Reuni\u00f3n con autoridades del GAD Zapotillo<\/span><\/p>\n<p>&nbsp;<\/p>\n<p>Una vez transcurrido el primer a\u00f1o de la implementaci\u00f3n de estos convenios, un Asesor Independiente evalu\u00f3 los resultados de los indicadores de desempe\u00f1o y emiti\u00f3 un pronunciamiento positivo en julio del presente a\u00f1o. Con este antecedente t\u00e9cnico, el PNUD proceder\u00e1 a desembolsar los fondos acordados al FIAS, que ser\u00e1n entregados por parte de la Autoridad Ambiental a los GAD y Mancomunidad el pr\u00f3ximo 24 de agosto.<\/p>\n<p>Por primera vez en el Ecuador se ejecuta un mecanismo que permite que los gobiernos locales sean incentivados para implementar acciones REDD+. El APBD se suma a los esfuerzos que realizan los GAD a las metas del Plan de Acci\u00f3n REDD+, para la reducci\u00f3n de la deforestaci\u00f3n y degradaci\u00f3n de los bosques; a trav\u00e9s de la conservaci\u00f3n, el manejo forestal sostenible, la optimizaci\u00f3n de otros usos de suelo para reducir la presi\u00f3n sobre los bosques, y la reducci\u00f3n de emisiones de Gases de Efecto Invernadero en el marco del Plan de Acci\u00f3n REDD+. Adem\u00e1s, se posibilita la generaci\u00f3n de informaci\u00f3n al monitorear su progreso, con el objetivo de aumentar la resiliencia de las comunidades frente a los efectos del Cambio Clim\u00e1tico.<\/p>\n<p><strong>Datos importantes: <\/strong><\/p>\n<p>El Acuerdo de Pago Basado en Desempe\u00f1o beneficiar\u00e1 a los GAD\/Mancomunidades seleccionados para la gesti\u00f3n \u00c1reas de Conservaci\u00f3n y Uso Sostenible (ACUS).<\/p>\n<p><strong>La Mancomunidad del Pac\u00edfico Norte postul\u00f3 con los ACUS de: <\/strong><\/p>\n<ul>\n<li>Jama Verde (42.093 hect\u00e1reas).<\/li>\n<li>R\u00edo Cuaque y zonas de influencia (88.114,89 hect\u00e1reas).<\/li>\n<\/ul>\n<p>Representa el 73% de cada cant\u00f3n. El 34% de su superficie es bosque<\/p>\n<p><strong>El GAD del Distrito Metropolitano de Quito postul\u00f3 con las ACUS de: <\/strong><\/p>\n<ul>\n<li>Mashpi Guaycuyacu Saguangal (15.495 hect\u00e1reas).<\/li>\n<li>Sistema H\u00eddrico y patrimonio arqueol\u00f3gico Pachijal (15.881,89 hect\u00e1reas).<\/li>\n<li>Corredor Del Oso Andino (64.554 hect\u00e1reas).<\/li>\n<\/ul>\n<p><strong>Representa el 21% de la superficie del DMQ, siendo el 69% de su superficie bosque. <\/strong><\/p>\n<p><strong>El GAD Cantonal de Zapotillo, postul\u00f3 con el ACUS de:\u00a0 <\/strong><\/p>\n<ul>\n<li>\u00c1rea Ecol\u00f3gica de Conservaci\u00f3n Municipal los Guayacanes (13.843,39 hect\u00e1reas).<\/li>\n<\/ul>\n<p>Representa el 11% del cant\u00f3n Zapotillo. El 93% de su superficie es bosque.<\/p>\n<p>La superficie de estas \u00c1reas de Conservaci\u00f3n representa el 0.94% de la superficie total del pa\u00eds.<\/p>\n<p>Dentro de estas \u00c1reas de Conservaci\u00f3n y en sus zonas de influencia existe una poblaci\u00f3n <strong>aproximada de <\/strong><strong>57.000 habitantes<\/strong> (de los cuales el 47% son mujeres).<\/p>\n<p>&nbsp;<\/p>\n<p style=\"text-align: center;\">\u00a0<img loading=\"lazy\" decoding=\"async\" class=\"alignnone wp-image-7597\" src=\"https:\/\/www.proamazonia.org\/wp-content\/uploads\/2023\/07\/WhatsApp-Image-2023-07-24-at-10.24.01-1-300x146.jpeg\" alt=\"\" width=\"834\" height=\"406\" srcset=\"https:\/\/www.proamazonia.org\/ppr\/wp-content\/uploads\/2023\/07\/WhatsApp-Image-2023-07-24-at-10.24.01-1-300x146.jpeg 300w, https:\/\/www.proamazonia.org\/ppr\/wp-content\/uploads\/2023\/07\/WhatsApp-Image-2023-07-24-at-10.24.01-1-1024x498.jpeg 1024w, https:\/\/www.proamazonia.org\/ppr\/wp-content\/uploads\/2023\/07\/WhatsApp-Image-2023-07-24-at-10.24.01-1-768x373.jpeg 768w, https:\/\/www.proamazonia.org\/ppr\/wp-content\/uploads\/2023\/07\/WhatsApp-Image-2023-07-24-at-10.24.01-1.jpeg 1280w\" sizes=\"auto, (max-width: 834px) 100vw, 834px\" \/><\/p>\n<p style=\"text-align: center;\"><b><span style=\"font-size: 10.0pt; color: windowtext;\">Fotograf\u00eda:<\/span><\/b><span style=\"font-size: 10.0pt; color: windowtext;\"> PROAmazon\u00eda<br \/>\n<\/span><b><\/b><b><span style=\"font-size: 10.0pt; color: windowtext;\">Descripci\u00f3n:<\/span><\/b><span style=\"font-size: 10.0pt; color: windowtext;\"> Reuni\u00f3n con autoridades del GAD de Pedernales<\/span><\/p>\n<p style=\"text-align: center;\"><img loading=\"lazy\" decoding=\"async\" class=\"alignnone  wp-image-7594\" src=\"https:\/\/www.proamazonia.org\/wp-content\/uploads\/2023\/07\/WhatsApp-Image-2023-07-24-at-10.23.59-300x146.jpeg\" alt=\"\" width=\"869\" height=\"423\" srcset=\"https:\/\/www.proamazonia.org\/ppr\/wp-content\/uploads\/2023\/07\/WhatsApp-Image-2023-07-24-at-10.23.59-300x146.jpeg 300w, https:\/\/www.proamazonia.org\/ppr\/wp-content\/uploads\/2023\/07\/WhatsApp-Image-2023-07-24-at-10.23.59-1024x498.jpeg 1024w, https:\/\/www.proamazonia.org\/ppr\/wp-content\/uploads\/2023\/07\/WhatsApp-Image-2023-07-24-at-10.23.59-768x373.jpeg 768w, https:\/\/www.proamazonia.org\/ppr\/wp-content\/uploads\/2023\/07\/WhatsApp-Image-2023-07-24-at-10.23.59.jpeg 1280w\" sizes=\"auto, (max-width: 869px) 100vw, 869px\" \/><\/p>\n<p style=\"text-align: center;\"><b><span style=\"font-size: 10.0pt; color: windowtext;\">Fotograf\u00eda:<\/span><\/b><span style=\"font-size: 10.0pt; color: windowtext;\"> PROAmazon\u00eda<br \/>\n<\/span><b><\/b><b><span style=\"font-size: 10.0pt; color: windowtext;\">Descripci\u00f3n:<\/span><\/b><span style=\"font-size: 10.0pt; color: windowtext;\"> Reuni\u00f3n con autoridades del GAD Jama<\/span><\/p>\n<p>&nbsp;<\/p>","protected":false},"excerpt":{"rendered":"<p>En el marco del proyecto Pago por Resultados a Ecuador, por Reducci\u00f3n de Deforestaci\u00f3n (PPR), liderado por el Ministerio de Ambiente, Agua y Transici\u00f3n Ecol\u00f3gica, con el acompa\u00f1amiento del PNUD como socio implementador y con el apoyo de PROAmazon\u00eda como unidad de gesti\u00f3n de proyecto, se realizaron reuniones con equipos t\u00e9cnicos de la Mancomunidad del Pac\u00edfico Norte de Manab\u00ed, Distrito Metropolitano de Quito y GAD cantonal de Zapotillo para socializar la herramienta Acuerdo de Pago Basado en Desempe\u00f1o (APBD), que consiste en entregar incentivos econ\u00f3micos a los gobiernos locales, una vez que han alcanzado logros o entregables espec\u00edficos establecidos para la Gesti\u00f3n de las \u00c1reas de Conservaci\u00f3n y Uso Sostenible (ACUS) La primera reuni\u00f3n de socializaci\u00f3n se mantuvo el 29 de junio de 2023 con la Secretar\u00eda de Ambiente del Distrito Metropolitano de Quito, el 5 y 6 de julio con la Mancomunidad Pac\u00edfico Norte de Manab\u00ed, GAD de Jama y GAD de Pedernales. Y la \u00faltima reuni\u00f3n se llev\u00f3 a cabo el 11 de julio del presente a\u00f1o con el GAD cantonal de Zapotillo. Los Convenios para la Gesti\u00f3n de las \u00c1reas de Conservaci\u00f3n y Uso Sostenible (ACUS) fueron suscritos el 6 de abril del presente a\u00f1o entre el [&hellip;]<\/p>\n","protected":false},"author":2,"featured_media":7599,"comment_status":"closed","ping_status":"closed","sticky":false,"template":"","format":"standard","meta":{"_uf_show_specific_survey":0,"_uf_disable_surveys":false,"footnotes":""},"categories":[3,23,24],"tags":[],"class_list":["post-7593","post","type-post","status-publish","format-standard","has-post-thumbnail","hentry","category-noticias","category-noticias-home","category-politicas-e-institucionalidad"],"aioseo_notices":[],"_links":{"self":[{"href":"https:\/\/www.proamazonia.org\/ppr\/wp-json\/wp\/v2\/posts\/7593","targetHints":{"allow":["GET"]}}],"collection":[{"href":"https:\/\/www.proamazonia.org\/ppr\/wp-json\/wp\/v2\/posts"}],"about":[{"href":"https:\/\/www.proamazonia.org\/ppr\/wp-json\/wp\/v2\/types\/post"}],"author":[{"embeddable":true,"href":"https:\/\/www.proamazonia.org\/ppr\/wp-json\/wp\/v2\/users\/2"}],"replies":[{"embeddable":true,"href":"https:\/\/www.proamazonia.org\/ppr\/wp-json\/wp\/v2\/comments?post=7593"}],"version-history":[{"count":3,"href":"https:\/\/www.proamazonia.org\/ppr\/wp-json\/wp\/v2\/posts\/7593\/revisions"}],"predecessor-version":[{"id":7604,"href":"https:\/\/www.proamazonia.org\/ppr\/wp-json\/wp\/v2\/posts\/7593\/revisions\/7604"}],"wp:featuredmedia":[{"embeddable":true,"href":"https:\/\/www.proamazonia.org\/ppr\/wp-json\/wp\/v2\/media\/7599"}],"wp:attachment":[{"href":"https:\/\/www.proamazonia.org\/ppr\/wp-json\/wp\/v2\/media?parent=7593"}],"wp:term":[{"taxonomy":"category","embeddable":true,"href":"https:\/\/www.proamazonia.org\/ppr\/wp-json\/wp\/v2\/categories?post=7593"},{"taxonomy":"post_tag","embeddable":true,"href":"https:\/\/www.proamazonia.org\/ppr\/wp-json\/wp\/v2\/tags?post=7593"}],"curies":[{"name":"wp","href":"https:\/\/api.w.org\/{rel}","templated":true}]}}