{"id":7628,"date":"2023-08-10T18:07:02","date_gmt":"2023-08-10T23:07:02","guid":{"rendered":"https:\/\/www.proamazonia.org\/?p=7628"},"modified":"2023-08-10T18:23:30","modified_gmt":"2023-08-10T23:23:30","slug":"impulsando-la-apicultura-comunitaria-y-la-sostenibilidad-visita-a-la-asociacion-de-produccion-agropecuaria-tsapau-en-san-luis-de-ininkis","status":"publish","type":"post","link":"https:\/\/www.proamazonia.org\/ppr\/impulsando-la-apicultura-comunitaria-y-la-sostenibilidad-visita-a-la-asociacion-de-produccion-agropecuaria-tsapau-en-san-luis-de-ininkis\/","title":{"rendered":"Impulsando la apicultura comunitaria y la sostenibilidad: Visita a la Asociaci\u00f3n de Producci\u00f3n Agropecuaria Tsapau, en San Luis de I\u00f1inkis"},"content":{"rendered":"<p>En una importante jornada destinada a fortalecer el fomento de la apicultura comunitaria y su impacto en la econom\u00eda local y la preservaci\u00f3n de la biodiversidad, representantes del Ministerio del Ambiente, Agua y Transici\u00f3n Ecol\u00f3gica (MAATE), del Ministerio de Agricultura y Ganader\u00eda (MAG) y del Programa Integral Amaz\u00f3nico de Conservaci\u00f3n de Bosques y Producci\u00f3n Sostenible (PROAmazon\u00eda) realizaron una visita a la Asociaci\u00f3n de Producci\u00f3n Agropecuaria Tsapau, en la parroquia Sevilla Don Bosco, espec\u00edficamente en San Luis de I\u00f1inkis. El prop\u00f3sito de esta visita fue exponer los avances del proyecto, financiado con un forndo concursable: \u00abFomento de la apicultura comunitaria como estrategia para dinamizar la econom\u00eda y mantener la biodiversidad de bosques con familias Shuar de San Luis Inimkis\u00bb.<\/p>\n<p><img loading=\"lazy\" decoding=\"async\" class=\"wp-image-7629 aligncenter\" src=\"https:\/\/www.proamazonia.org\/wp-content\/uploads\/2023\/08\/miel.apicultura.bioemprendimiento.abejas.ecuador.amazonia-300x169.jpg\" alt=\"\" width=\"488\" height=\"275\" srcset=\"https:\/\/www.proamazonia.org\/ppr\/wp-content\/uploads\/2023\/08\/miel.apicultura.bioemprendimiento.abejas.ecuador.amazonia-300x169.jpg 300w, https:\/\/www.proamazonia.org\/ppr\/wp-content\/uploads\/2023\/08\/miel.apicultura.bioemprendimiento.abejas.ecuador.amazonia-1024x576.jpg 1024w, https:\/\/www.proamazonia.org\/ppr\/wp-content\/uploads\/2023\/08\/miel.apicultura.bioemprendimiento.abejas.ecuador.amazonia-768x432.jpg 768w, https:\/\/www.proamazonia.org\/ppr\/wp-content\/uploads\/2023\/08\/miel.apicultura.bioemprendimiento.abejas.ecuador.amazonia-1536x864.jpg 1536w, https:\/\/www.proamazonia.org\/ppr\/wp-content\/uploads\/2023\/08\/miel.apicultura.bioemprendimiento.abejas.ecuador.amazonia-2048x1152.jpg 2048w, https:\/\/www.proamazonia.org\/ppr\/wp-content\/uploads\/2023\/08\/miel.apicultura.bioemprendimiento.abejas.ecuador.amazonia-1000x563.jpg 1000w\" sizes=\"auto, (max-width: 488px) 100vw, 488px\" \/><\/p>\n<p style=\"text-align: center;\"><b>Fotograf\u00eda:<\/b>\u00a0PROAmazon\u00eda<br \/>\n<b><\/b><b>Descripci\u00f3n:<\/b> Entrega de marmita a la comunidad Shuar de San Luis Inimkis<\/p>\n<p>La delegaci\u00f3n, encabezada por la Subsecretaria de Cambio Clim\u00e1tico del MAATE, Karina Barrera, acompa\u00f1ada por Patricia Serrano, gerente de PROAmazon\u00eda y Fernanda Santill\u00e1n, representante del MAG, tuvo la oportunidad de recorrer apiarios de la Asociaci\u00f3n Tsapau y el centro de extracci\u00f3n de miel y producci\u00f3n de derivados, evidenciando de primera mano las colmenas, equipos y gesti\u00f3n comunitaria del bioemprendimiento. Los productores resaltan la importancia de la apicultura como una estrategia sostenible para impulsar la econom\u00eda local, al mismo tiempo que se contribuye a la conservaci\u00f3n de la biodiversidad en los bosques y ajas habitados por las familias Shuar.<\/p>\n<p><img loading=\"lazy\" decoding=\"async\" class=\" wp-image-7634 aligncenter\" src=\"https:\/\/www.proamazonia.org\/wp-content\/uploads\/2023\/08\/WhatsApp-Image-2023-08-09-at-09.18.38-4-300x200.jpeg\" alt=\"\" width=\"546\" height=\"364\" srcset=\"https:\/\/www.proamazonia.org\/ppr\/wp-content\/uploads\/2023\/08\/WhatsApp-Image-2023-08-09-at-09.18.38-4-300x200.jpeg 300w, https:\/\/www.proamazonia.org\/ppr\/wp-content\/uploads\/2023\/08\/WhatsApp-Image-2023-08-09-at-09.18.38-4-1024x683.jpeg 1024w, https:\/\/www.proamazonia.org\/ppr\/wp-content\/uploads\/2023\/08\/WhatsApp-Image-2023-08-09-at-09.18.38-4-768x512.jpeg 768w, https:\/\/www.proamazonia.org\/ppr\/wp-content\/uploads\/2023\/08\/WhatsApp-Image-2023-08-09-at-09.18.38-4-1536x1024.jpeg 1536w, https:\/\/www.proamazonia.org\/ppr\/wp-content\/uploads\/2023\/08\/WhatsApp-Image-2023-08-09-at-09.18.38-4-600x400.jpeg 600w, https:\/\/www.proamazonia.org\/ppr\/wp-content\/uploads\/2023\/08\/WhatsApp-Image-2023-08-09-at-09.18.38-4.jpeg 1600w\" sizes=\"auto, (max-width: 546px) 100vw, 546px\" \/><\/p>\n<p style=\"text-align: center;\"><b>Fotograf\u00eda:<\/b>\u00a0PROAmazon\u00eda<br \/>\n<b><\/b><b>Descripci\u00f3n:<\/b> Recorridos a apiarios de Tsapau<\/p>\n<p>Como un gesto simb\u00f3lico de apoyo y reconocimiento, durante la visita se entreg\u00f3 una marmita a la comunidad. La marmita es una olla a vapor que trabajan a escala industrial, destinada a la elaboraci\u00f3n de subproductos de miel, lo que adem\u00e1s de a\u00f1adir valor a la producci\u00f3n ap\u00edcola, promueve la diversificaci\u00f3n de productos y la generaci\u00f3n de oportunidades econ\u00f3micas adicionales para la comunidad.<\/p>\n<p>El apoyo otorgado al proyecto de fomento de la apicultura comunitaria como estrategia para dinamizar la econom\u00eda y mantener la biodiversidad de bosques y ajas con familias de San Luis Inimkis, mediante la entrega de fondos concursables es una muestra del compromiso del gobierno ecuatoriano por fortalecer pr\u00e1cticas sostenibles que contribuyan tanto al bienestar de las comunidades locales como a la conservaci\u00f3n del medio ambiente. El bioemprendimiento de la Asociaci\u00f3n de Producci\u00f3n Agropecuaria Tsapau es un ejemplo tangible de como el la organizaci\u00f3n y esfuerzo comunitario y la colaboraci\u00f3n interinstitucional puede marcar una diferencia significativa en el desarrollo sostenible de las regiones.<\/p>\n<p><img loading=\"lazy\" decoding=\"async\" class=\" wp-image-7631 aligncenter\" src=\"https:\/\/www.proamazonia.org\/wp-content\/uploads\/2023\/08\/apicultura.miel_.ecuador.bioemprendimiento.ecuador.amazonia-300x200.jpeg\" alt=\"\" width=\"432\" height=\"288\" srcset=\"https:\/\/www.proamazonia.org\/ppr\/wp-content\/uploads\/2023\/08\/apicultura.miel_.ecuador.bioemprendimiento.ecuador.amazonia-300x200.jpeg 300w, https:\/\/www.proamazonia.org\/ppr\/wp-content\/uploads\/2023\/08\/apicultura.miel_.ecuador.bioemprendimiento.ecuador.amazonia-1024x683.jpeg 1024w, https:\/\/www.proamazonia.org\/ppr\/wp-content\/uploads\/2023\/08\/apicultura.miel_.ecuador.bioemprendimiento.ecuador.amazonia-768x512.jpeg 768w, https:\/\/www.proamazonia.org\/ppr\/wp-content\/uploads\/2023\/08\/apicultura.miel_.ecuador.bioemprendimiento.ecuador.amazonia-1536x1024.jpeg 1536w, https:\/\/www.proamazonia.org\/ppr\/wp-content\/uploads\/2023\/08\/apicultura.miel_.ecuador.bioemprendimiento.ecuador.amazonia-600x400.jpeg 600w, https:\/\/www.proamazonia.org\/ppr\/wp-content\/uploads\/2023\/08\/apicultura.miel_.ecuador.bioemprendimiento.ecuador.amazonia.jpeg 1600w\" sizes=\"auto, (max-width: 432px) 100vw, 432px\" \/><\/p>\n<p style=\"text-align: center;\"><b>Fotograf\u00eda:<\/b>\u00a0PROAmazon\u00eda<br \/>\n<b><\/b><b>Descripci\u00f3n:<\/b> Cosecha de miel Tsapau<\/p>\n<p>El MAATE, MAG y PROAmazon\u00eda, programa del Gobierno Nacional que recibe el apoyo del Programa de las Naciones Unidas para el Desarrollo (PNUD), reafirman su compromiso en apoyo a proyectos que impulsan la econom\u00eda comunitaria y la protecci\u00f3n del entorno natural. La apicultura se presenta como una valiosa herramienta para lograr estos objetivos de manera conjunta, y la visita a San Luis de I\u00f1inkis es un testimonio de este esfuerzo coordinado.<\/p>","protected":false},"excerpt":{"rendered":"<p>En una importante jornada destinada a fortalecer el fomento de la apicultura comunitaria y su impacto en la econom\u00eda local y la preservaci\u00f3n de la biodiversidad, representantes del Ministerio del Ambiente, Agua y Transici\u00f3n Ecol\u00f3gica (MAATE), del Ministerio de Agricultura y Ganader\u00eda (MAG) y del Programa Integral Amaz\u00f3nico de Conservaci\u00f3n de Bosques y Producci\u00f3n Sostenible (PROAmazon\u00eda) realizaron una visita a la Asociaci\u00f3n de Producci\u00f3n Agropecuaria Tsapau, en la parroquia Sevilla Don Bosco, espec\u00edficamente en San Luis de I\u00f1inkis. El prop\u00f3sito de esta visita fue exponer los avances del proyecto, financiado con un forndo concursable: \u00abFomento de la apicultura comunitaria como estrategia para dinamizar la econom\u00eda y mantener la biodiversidad de bosques con familias Shuar de San Luis Inimkis\u00bb. Fotograf\u00eda:\u00a0PROAmazon\u00eda Descripci\u00f3n: Entrega de marmita a la comunidad Shuar de San Luis Inimkis La delegaci\u00f3n, encabezada por la Subsecretaria de Cambio Clim\u00e1tico del MAATE, Karina Barrera, acompa\u00f1ada por Patricia Serrano, gerente de PROAmazon\u00eda y Fernanda Santill\u00e1n, representante del MAG, tuvo la oportunidad de recorrer apiarios de la Asociaci\u00f3n Tsapau y el centro de extracci\u00f3n de miel y producci\u00f3n de derivados, evidenciando de primera mano las colmenas, equipos y gesti\u00f3n comunitaria del bioemprendimiento. Los productores resaltan la importancia de la apicultura como una [&hellip;]<\/p>\n","protected":false},"author":2,"featured_media":7629,"comment_status":"open","ping_status":"open","sticky":false,"template":"","format":"standard","meta":{"_uf_show_specific_survey":0,"_uf_disable_surveys":false,"footnotes":""},"categories":[26,41,29,3,23,19],"tags":[246,42,253],"class_list":["post-7628","post","type-post","status-publish","format-standard","has-post-thumbnail","hentry","category-conservacion-de-bosques","category-historias-de-vida","category-manejo-forestal-sostenible","category-noticias","category-noticias-home","category-planes-de-vida","tag-bioemprendimiento","tag-ecuador","tag-miel"],"aioseo_notices":[],"_links":{"self":[{"href":"https:\/\/www.proamazonia.org\/ppr\/wp-json\/wp\/v2\/posts\/7628","targetHints":{"allow":["GET"]}}],"collection":[{"href":"https:\/\/www.proamazonia.org\/ppr\/wp-json\/wp\/v2\/posts"}],"about":[{"href":"https:\/\/www.proamazonia.org\/ppr\/wp-json\/wp\/v2\/types\/post"}],"author":[{"embeddable":true,"href":"https:\/\/www.proamazonia.org\/ppr\/wp-json\/wp\/v2\/users\/2"}],"replies":[{"embeddable":true,"href":"https:\/\/www.proamazonia.org\/ppr\/wp-json\/wp\/v2\/comments?post=7628"}],"version-history":[{"count":5,"href":"https:\/\/www.proamazonia.org\/ppr\/wp-json\/wp\/v2\/posts\/7628\/revisions"}],"predecessor-version":[{"id":7636,"href":"https:\/\/www.proamazonia.org\/ppr\/wp-json\/wp\/v2\/posts\/7628\/revisions\/7636"}],"wp:featuredmedia":[{"embeddable":true,"href":"https:\/\/www.proamazonia.org\/ppr\/wp-json\/wp\/v2\/media\/7629"}],"wp:attachment":[{"href":"https:\/\/www.proamazonia.org\/ppr\/wp-json\/wp\/v2\/media?parent=7628"}],"wp:term":[{"taxonomy":"category","embeddable":true,"href":"https:\/\/www.proamazonia.org\/ppr\/wp-json\/wp\/v2\/categories?post=7628"},{"taxonomy":"post_tag","embeddable":true,"href":"https:\/\/www.proamazonia.org\/ppr\/wp-json\/wp\/v2\/tags?post=7628"}],"curies":[{"name":"wp","href":"https:\/\/api.w.org\/{rel}","templated":true}]}}