{"id":7640,"date":"2023-08-13T11:45:33","date_gmt":"2023-08-13T16:45:33","guid":{"rendered":"https:\/\/www.proamazonia.org\/?p=7640"},"modified":"2023-08-21T17:12:37","modified_gmt":"2023-08-21T22:12:37","slug":"giras-internacionales","status":"publish","type":"post","link":"https:\/\/www.proamazonia.org\/ppr\/giras-internacionales\/","title":{"rendered":"Giras internacionales fortalecen t\u00e9cnicas de producci\u00f3n diferenciada y sostenible en la Amazon\u00eda ecuatoriana"},"content":{"rendered":"<p>L\u00edderes productores de la Amazon\u00eda ecuatoriana viajan a Colombia, Honduras, Italia, entre otros pa\u00edses, como parte de una estrategia de transici\u00f3n a sistemas de producci\u00f3n sostenible que gestiona PROAmazon\u00eda, programa del Gobierno Nacional que recibe el apoyo t\u00e9cnico del PNUD. Las giras internacionales de aprendizaje tienen como objetivo brindar a las y los productores amaz\u00f3nicos ecuatorianos, la posibilidad de conocer, de primera mano, las t\u00e9cnicas, tecnolog\u00edas y procesos que utilizan los pa\u00edses extranjeros para la producci\u00f3n, procesamiento y comercializaci\u00f3n sostenible y libre de deforestaci\u00f3n de caf\u00e9 y cacao; rubros agr\u00edcolas predominantes en la regi\u00f3n amaz\u00f3nica nacional.<\/p>\n<p>Los productores amaz\u00f3nicos ecuatorianos que forman parte de esta estrategia de transici\u00f3n, logran evidenciar directamente la trascendencia internacional de los mercados y m\u00e9todos de producci\u00f3n sostenible, y su r\u00e1pido crecimiento a favor del medio ambiente. Mediante la participaci\u00f3n en ferias, exposiciones y visitas de campo coordinadas, se logra integrar nuevas t\u00e9cnicas y tecnolog\u00edas de producci\u00f3n agr\u00edcola con la cosmovisi\u00f3n, cultura y tradiciones de las comunidades amaz\u00f3nicas del Ecuador, basadas en el trabajo colaborativo, inclusivo y enfocado en el desarrollo local.<\/p>\n<p><strong>Visi\u00f3n, sostenibilidad y asociatividad productiva.<\/strong><\/p>\n<p>Una vez que los l\u00edderes de organizaciones productivas amaz\u00f3nicas han retornado de sus giras, son capaces de identificar oportunidades por s\u00ed mismos y reconocer los nuevos retos que demandan el involucramiento en un \u00e1mbito internacional. El se\u00f1or Iv\u00e1n Pati\u00f1o, productor de caf\u00e9 del cant\u00f3n Gualaquiza, ubicado en la provincia de Morona Santiago, destaca su participaci\u00f3n en la gira coordinada hacia Colombia.<\/p>\n<p><em>\u201cLas giras de observaci\u00f3n productiva son s\u00faper motivadoras. La visita realizada a Colombia permiti\u00f3 mejorar nuestros procesos de cultivo y tratamiento del caf\u00e9. Nos permite aprender c\u00f3mo fortalecer nuestras organizaciones, compartir esas lecciones aprendidas con las comunidades y los j\u00f3venes, y organizar mingas o trabajo colaborativo por el bienestar com\u00fan, como la posibilidad de establecer un Centro de Acopio regional de producci\u00f3n comunitaria y sostenible\u201d.<\/em><\/p>\n<p>La finalidad de las giras internacionales que protagonizan los productores amaz\u00f3nicos es fomentar un verdadero cambio de visi\u00f3n. Cruzar fronteras geogr\u00e1ficas y culturales que posibiliten un autoconocimiento y autovaloraci\u00f3n, necesarios para interactuar en un escenario internacional. Sobre la importancia de una nueva visi\u00f3n global y trabajo colaborativo explica Carolina Z\u00e1rate, del grupo de mujeres de ACRIM, ubicada al sur de la Amazon\u00eda ecuatoriana:<\/p>\n<p><em>\u201cLas giras internacionales nos ofrecen experiencias \u00fanicas, que permiten ver un escenario mundial en el que podemos actuar y asociarnos libremente. Siento una seguridad que previamente no ten\u00eda, y conozco las amplias posibilidades que podemos alcanzar como organizaci\u00f3n de mujeres, para empoderarnos, y ser parte de estas cadenas de valor sostenibles, que ser\u00e1n fortalecidas a trav\u00e9s de un esfuerzo conjunto\u201d.<\/em><\/p>\n<p>La ventaja competitiva que adquiere una organizaci\u00f3n a trav\u00e9s de las giras internacionales en las que particip\u00f3 uno de sus integrantes, no solo aporta a su respectiva organizaci\u00f3n, sino adem\u00e1s, refuerza la capacidad de todos los integrantes para identificar sus fortalezas, enfrentar dificultades e imprevistos, mediante una nueva visi\u00f3n que permite reaccionar oportuna y adecuadamente frente a situaciones adversas, priorizando valores sociales, culturales y de sostenibilidad.<\/p>\n<p>El nivel de compromiso que requiere el mercado sostenible para cumplir procesos amigables con el ambiente, demanda una clara motivaci\u00f3n para trabajar con eficiencia, responsabilidad y mentalidad global de sustentabilidad, construyendo alianzas que garanticen la implementaci\u00f3n de criterios de trazabilidad y transparencia respecto a la procedencia sostenible de la producci\u00f3n agr\u00edcola de calidad.<\/p>","protected":false},"excerpt":{"rendered":"<p>L\u00edderes productores de la Amazon\u00eda ecuatoriana viajan a Colombia, Honduras, Italia, entre otros pa\u00edses, como parte de una estrategia de transici\u00f3n a sistemas de producci\u00f3n sostenible que gestiona PROAmazon\u00eda, programa del Gobierno Nacional que recibe el apoyo t\u00e9cnico del PNUD. Las giras internacionales de aprendizaje tienen como objetivo brindar a las y los productores amaz\u00f3nicos ecuatorianos, la posibilidad de conocer, de primera mano, las t\u00e9cnicas, tecnolog\u00edas y procesos que utilizan los pa\u00edses extranjeros para la producci\u00f3n, procesamiento y comercializaci\u00f3n sostenible y libre de deforestaci\u00f3n de caf\u00e9 y cacao; rubros agr\u00edcolas predominantes en la regi\u00f3n amaz\u00f3nica nacional. Los productores amaz\u00f3nicos ecuatorianos que forman parte de esta estrategia de transici\u00f3n, logran evidenciar directamente la trascendencia internacional de los mercados y m\u00e9todos de producci\u00f3n sostenible, y su r\u00e1pido crecimiento a favor del medio ambiente. Mediante la participaci\u00f3n en ferias, exposiciones y visitas de campo coordinadas, se logra integrar nuevas t\u00e9cnicas y tecnolog\u00edas de producci\u00f3n agr\u00edcola con la cosmovisi\u00f3n, cultura y tradiciones de las comunidades amaz\u00f3nicas del Ecuador, basadas en el trabajo colaborativo, inclusivo y enfocado en el desarrollo local. Visi\u00f3n, sostenibilidad y asociatividad productiva. Una vez que los l\u00edderes de organizaciones productivas amaz\u00f3nicas han retornado de sus giras, son capaces de identificar oportunidades [&hellip;]<\/p>\n","protected":false},"author":2,"featured_media":7643,"comment_status":"open","ping_status":"open","sticky":false,"template":"","format":"standard","meta":{"_uf_show_specific_survey":0,"_uf_disable_surveys":false,"footnotes":""},"categories":[3,23,25,1],"tags":[],"class_list":["post-7640","post","type-post","status-publish","format-standard","has-post-thumbnail","hentry","category-noticias","category-noticias-home","category-produccion-sostenible","category-sin-categoria"],"aioseo_notices":[],"_links":{"self":[{"href":"https:\/\/www.proamazonia.org\/ppr\/wp-json\/wp\/v2\/posts\/7640","targetHints":{"allow":["GET"]}}],"collection":[{"href":"https:\/\/www.proamazonia.org\/ppr\/wp-json\/wp\/v2\/posts"}],"about":[{"href":"https:\/\/www.proamazonia.org\/ppr\/wp-json\/wp\/v2\/types\/post"}],"author":[{"embeddable":true,"href":"https:\/\/www.proamazonia.org\/ppr\/wp-json\/wp\/v2\/users\/2"}],"replies":[{"embeddable":true,"href":"https:\/\/www.proamazonia.org\/ppr\/wp-json\/wp\/v2\/comments?post=7640"}],"version-history":[{"count":4,"href":"https:\/\/www.proamazonia.org\/ppr\/wp-json\/wp\/v2\/posts\/7640\/revisions"}],"predecessor-version":[{"id":7683,"href":"https:\/\/www.proamazonia.org\/ppr\/wp-json\/wp\/v2\/posts\/7640\/revisions\/7683"}],"wp:featuredmedia":[{"embeddable":true,"href":"https:\/\/www.proamazonia.org\/ppr\/wp-json\/wp\/v2\/media\/7643"}],"wp:attachment":[{"href":"https:\/\/www.proamazonia.org\/ppr\/wp-json\/wp\/v2\/media?parent=7640"}],"wp:term":[{"taxonomy":"category","embeddable":true,"href":"https:\/\/www.proamazonia.org\/ppr\/wp-json\/wp\/v2\/categories?post=7640"},{"taxonomy":"post_tag","embeddable":true,"href":"https:\/\/www.proamazonia.org\/ppr\/wp-json\/wp\/v2\/tags?post=7640"}],"curies":[{"name":"wp","href":"https:\/\/api.w.org\/{rel}","templated":true}]}}