{"id":7677,"date":"2023-08-16T15:56:53","date_gmt":"2023-08-16T20:56:53","guid":{"rendered":"https:\/\/www.proamazonia.org\/?p=7677"},"modified":"2023-08-16T16:01:53","modified_gmt":"2023-08-16T21:01:53","slug":"tecnicos-de-control-forestal-fortalecieron-sus-conocimientos-y-habilidades-sobre-genero-y-redd","status":"publish","type":"post","link":"https:\/\/www.proamazonia.org\/ppr\/tecnicos-de-control-forestal-fortalecieron-sus-conocimientos-y-habilidades-sobre-genero-y-redd\/","title":{"rendered":"T\u00e9cnicos de Control Forestal fortalecieron sus conocimientos y habilidades sobre g\u00e9nero y REDD+"},"content":{"rendered":"<p>Con \u00e9xito culmin\u00f3, en Quito, el ciclo de talleres sobre G\u00e9nero y REDD+, como parte del proceso de fortalecimiento de capacidades que inici\u00f3 el pasado 26 de junio en modalidad semi-presencial, liderado por el Ministerio del Ambiente, Agua y Transici\u00f3n Ecol\u00f3gica (MAATE), con el apoyo del PROAmazon\u00eda y el Programa de las Naciones Unidas para el Desarrollo (PNUD). \u00a0Los talleres presenciales se desarrollaron con el equipo t\u00e9cnico (16 mujeres y 22 hombres) del Proyecto de Control Forestal del MAATE, quienes han fortalecido sus conocimientos y habilidades para transversalizar el enfoque de g\u00e9nero en su labor, as\u00ed como contribuir a la elaboraci\u00f3n participativa de un protocolo de protecci\u00f3n ante riesgos relacionados con el control forestal, bajo un enfoque de igualdad de derechos, oportunidades y responsabilidades entre hombres y mujeres.<\/p>\n<p><img loading=\"lazy\" decoding=\"async\" class=\"wp-image-7672 aligncenter\" src=\"https:\/\/www.proamazonia.org\/wp-content\/uploads\/2023\/08\/ministerio.control.forestal.genero.taller.ambiente.sostenibilidad-300x225.jpeg\" alt=\"\" width=\"583\" height=\"437\" srcset=\"https:\/\/www.proamazonia.org\/ppr\/wp-content\/uploads\/2023\/08\/ministerio.control.forestal.genero.taller.ambiente.sostenibilidad-300x225.jpeg 300w, https:\/\/www.proamazonia.org\/ppr\/wp-content\/uploads\/2023\/08\/ministerio.control.forestal.genero.taller.ambiente.sostenibilidad-1024x768.jpeg 1024w, https:\/\/www.proamazonia.org\/ppr\/wp-content\/uploads\/2023\/08\/ministerio.control.forestal.genero.taller.ambiente.sostenibilidad-768x576.jpeg 768w, https:\/\/www.proamazonia.org\/ppr\/wp-content\/uploads\/2023\/08\/ministerio.control.forestal.genero.taller.ambiente.sostenibilidad-1536x1152.jpeg 1536w, https:\/\/www.proamazonia.org\/ppr\/wp-content\/uploads\/2023\/08\/ministerio.control.forestal.genero.taller.ambiente.sostenibilidad-400x300.jpeg 400w, https:\/\/www.proamazonia.org\/ppr\/wp-content\/uploads\/2023\/08\/ministerio.control.forestal.genero.taller.ambiente.sostenibilidad-800x600.jpeg 800w, https:\/\/www.proamazonia.org\/ppr\/wp-content\/uploads\/2023\/08\/ministerio.control.forestal.genero.taller.ambiente.sostenibilidad-1200x900.jpeg 1200w, https:\/\/www.proamazonia.org\/ppr\/wp-content\/uploads\/2023\/08\/ministerio.control.forestal.genero.taller.ambiente.sostenibilidad.jpeg 1600w\" sizes=\"auto, (max-width: 583px) 100vw, 583px\" \/><\/p>\n<p style=\"text-align: center;\"><b>Fotograf\u00eda:<\/b>\u00a0PROAmazon\u00eda<br \/>\n<b><\/b><b>Descripci\u00f3n:<\/b> Equipo t\u00e9cnico del Proyecto de Control Forestal del MAATE<\/p>\n<p>El Proyecto de Control Forestal del MAATE aporta con la implementaci\u00f3n del Plan de Acci\u00f3n REDD+, al verificar la legalidad de aprovechamiento de madera de bosque natural en todo el pa\u00eds, desempe\u00f1ando un papel indirecto pero significativo en la lucha contra la deforestaci\u00f3n.<\/p>\n<p>Durante el ciclo de talleres, los y las participantes compartieron experiencias de su labor, destacaron su compromiso y desarrollaron propuestas proactivas para encontrar soluciones ante los posibles riesgos en su trabajo. Se resalt\u00f3 especialmente el esp\u00edritu de colaboraci\u00f3n existente entre los t\u00e9cnicos y t\u00e9cnicas, as\u00ed como su apertura para abordar y superar ciertos roles de g\u00e9nero preestablecidos.<\/p>\n<p><img loading=\"lazy\" decoding=\"async\" class=\"wp-image-7673 aligncenter\" src=\"https:\/\/www.proamazonia.org\/wp-content\/uploads\/2023\/08\/control.foresta.genero.taller.ambiente.sostenibilidad-300x225.jpeg\" alt=\"\" width=\"575\" height=\"431\" srcset=\"https:\/\/www.proamazonia.org\/ppr\/wp-content\/uploads\/2023\/08\/control.foresta.genero.taller.ambiente.sostenibilidad-300x225.jpeg 300w, https:\/\/www.proamazonia.org\/ppr\/wp-content\/uploads\/2023\/08\/control.foresta.genero.taller.ambiente.sostenibilidad-1024x768.jpeg 1024w, https:\/\/www.proamazonia.org\/ppr\/wp-content\/uploads\/2023\/08\/control.foresta.genero.taller.ambiente.sostenibilidad-768x576.jpeg 768w, https:\/\/www.proamazonia.org\/ppr\/wp-content\/uploads\/2023\/08\/control.foresta.genero.taller.ambiente.sostenibilidad-1536x1152.jpeg 1536w, https:\/\/www.proamazonia.org\/ppr\/wp-content\/uploads\/2023\/08\/control.foresta.genero.taller.ambiente.sostenibilidad-400x300.jpeg 400w, https:\/\/www.proamazonia.org\/ppr\/wp-content\/uploads\/2023\/08\/control.foresta.genero.taller.ambiente.sostenibilidad-800x600.jpeg 800w, https:\/\/www.proamazonia.org\/ppr\/wp-content\/uploads\/2023\/08\/control.foresta.genero.taller.ambiente.sostenibilidad-1200x900.jpeg 1200w, https:\/\/www.proamazonia.org\/ppr\/wp-content\/uploads\/2023\/08\/control.foresta.genero.taller.ambiente.sostenibilidad.jpeg 1600w\" sizes=\"auto, (max-width: 575px) 100vw, 575px\" \/><\/p>\n<p style=\"text-align: center;\"><b>Fotograf\u00eda:<\/b>\u00a0PROAmazon\u00eda<br \/>\n<b><\/b><b>Descripci\u00f3n:<\/b> Ciclo de talleres sobre G\u00e9nero y REDD+<\/p>\n<p>Este proceso se enmarca dentro del proceso de repotenciaci\u00f3n de los puestos fijos \u00a0de control forestal amaz\u00f3nicos, y se alinea con la Campa\u00f1a Botas Violeta, que hace un llamado a la acci\u00f3n para lograr la igualdad de g\u00e9nero en todos los aspectos de la sociedad.<\/p>\n<p>De esta manera, las instituciones implicadas\u00a0 reafirman su compromiso con la promoci\u00f3n de la igualdad de g\u00e9nero y la protecci\u00f3n del medio ambiente, reconociendo la importancia de un enfoque inclusivo e igualitario en el sector forestal y ambiental.<\/p>","protected":false},"excerpt":{"rendered":"<p>Con \u00e9xito culmin\u00f3, en Quito, el ciclo de talleres sobre G\u00e9nero y REDD+, como parte del proceso de fortalecimiento de capacidades que inici\u00f3 el pasado 26 de junio en modalidad semi-presencial, liderado por el Ministerio del Ambiente, Agua y Transici\u00f3n Ecol\u00f3gica (MAATE), con el apoyo del PROAmazon\u00eda y el Programa de las Naciones Unidas para el Desarrollo (PNUD). \u00a0Los talleres presenciales se desarrollaron con el equipo t\u00e9cnico (16 mujeres y 22 hombres) del Proyecto de Control Forestal del MAATE, quienes han fortalecido sus conocimientos y habilidades para transversalizar el enfoque de g\u00e9nero en su labor, as\u00ed como contribuir a la elaboraci\u00f3n participativa de un protocolo de protecci\u00f3n ante riesgos relacionados con el control forestal, bajo un enfoque de igualdad de derechos, oportunidades y responsabilidades entre hombres y mujeres. Fotograf\u00eda:\u00a0PROAmazon\u00eda Descripci\u00f3n: Equipo t\u00e9cnico del Proyecto de Control Forestal del MAATE El Proyecto de Control Forestal del MAATE aporta con la implementaci\u00f3n del Plan de Acci\u00f3n REDD+, al verificar la legalidad de aprovechamiento de madera de bosque natural en todo el pa\u00eds, desempe\u00f1ando un papel indirecto pero significativo en la lucha contra la deforestaci\u00f3n. Durante el ciclo de talleres, los y las participantes compartieron experiencias de su labor, destacaron su compromiso y [&hellip;]<\/p>\n","protected":false},"author":2,"featured_media":7672,"comment_status":"open","ping_status":"open","sticky":false,"template":"","format":"standard","meta":{"_uf_show_specific_survey":0,"_uf_disable_surveys":false,"footnotes":""},"categories":[32,29,3,23,27],"tags":[],"class_list":["post-7677","post","type-post","status-publish","format-standard","has-post-thumbnail","hentry","category-genero-e-interculturalidad","category-manejo-forestal-sostenible","category-noticias","category-noticias-home","category-redd"],"aioseo_notices":[],"_links":{"self":[{"href":"https:\/\/www.proamazonia.org\/ppr\/wp-json\/wp\/v2\/posts\/7677","targetHints":{"allow":["GET"]}}],"collection":[{"href":"https:\/\/www.proamazonia.org\/ppr\/wp-json\/wp\/v2\/posts"}],"about":[{"href":"https:\/\/www.proamazonia.org\/ppr\/wp-json\/wp\/v2\/types\/post"}],"author":[{"embeddable":true,"href":"https:\/\/www.proamazonia.org\/ppr\/wp-json\/wp\/v2\/users\/2"}],"replies":[{"embeddable":true,"href":"https:\/\/www.proamazonia.org\/ppr\/wp-json\/wp\/v2\/comments?post=7677"}],"version-history":[{"count":2,"href":"https:\/\/www.proamazonia.org\/ppr\/wp-json\/wp\/v2\/posts\/7677\/revisions"}],"predecessor-version":[{"id":7680,"href":"https:\/\/www.proamazonia.org\/ppr\/wp-json\/wp\/v2\/posts\/7677\/revisions\/7680"}],"wp:featuredmedia":[{"embeddable":true,"href":"https:\/\/www.proamazonia.org\/ppr\/wp-json\/wp\/v2\/media\/7672"}],"wp:attachment":[{"href":"https:\/\/www.proamazonia.org\/ppr\/wp-json\/wp\/v2\/media?parent=7677"}],"wp:term":[{"taxonomy":"category","embeddable":true,"href":"https:\/\/www.proamazonia.org\/ppr\/wp-json\/wp\/v2\/categories?post=7677"},{"taxonomy":"post_tag","embeddable":true,"href":"https:\/\/www.proamazonia.org\/ppr\/wp-json\/wp\/v2\/tags?post=7677"}],"curies":[{"name":"wp","href":"https:\/\/api.w.org\/{rel}","templated":true}]}}