{"id":7718,"date":"2023-09-05T12:03:49","date_gmt":"2023-09-05T17:03:49","guid":{"rendered":"https:\/\/www.proamazonia.org\/?p=7718"},"modified":"2023-09-06T18:21:05","modified_gmt":"2023-09-06T23:21:05","slug":"gobiernos-locales-reciben-primer-incentivo-economico-por-la-gestion-de-sus-areas-de-conservacion-y-uso-sostenible","status":"publish","type":"post","link":"https:\/\/www.proamazonia.org\/ppr\/gobiernos-locales-reciben-primer-incentivo-economico-por-la-gestion-de-sus-areas-de-conservacion-y-uso-sostenible\/","title":{"rendered":"GOBIERNOS LOCALES RECIBEN PRIMER INCENTIVO ECON\u00d3MICO POR LA GESTI\u00d3N DE SUS \u00c1REAS DE CONSERVACI\u00d3N Y USO SOSTENIBLE"},"content":{"rendered":"<p>El viernes 01 de septiembre, en la ciudad de Quito, se llev\u00f3 a cabo el evento de entrega del primer incentivo econ\u00f3mico de la herramienta denominada Acuerdo de Pago Basado en Desempe\u00f1o al GAD Cantonal de Zapotillo, a la Mancomunidad del Pac\u00edfico Norte y al Distrito Metropolitano de Quito, por haber alcanzado logros espec\u00edficos establecidos para la Gesti\u00f3n de las \u00c1reas de Conservaci\u00f3n y Uso Sostenible (ACUS) en el primer a\u00f1o de evaluaci\u00f3n. El total del incentivo econ\u00f3mico es de $431.133,28.<\/p>\n<p>La iniciativa es parte del Proyecto de Pago por Resultados a Ecuador, por Reducci\u00f3n de Deforestaci\u00f3n (PPR), liderada por el Ministerio del Ambiente, Agua y Transici\u00f3n Ecol\u00f3gica, con el acompa\u00f1amiento del PNUD y con apoyo de PROAmazon\u00eda; y contribuye a los esfuerzos nacionales para la mitigaci\u00f3n y adaptaci\u00f3n a los efectos del cambio clim\u00e1tico.<\/p>\n<p>La entrega de los fondos no reembolsables se realiz\u00f3 por parte del ministro de Ambiente, Agua y Transici\u00f3n Ecol\u00f3gica, Jos\u00e9 Antonio D\u00e1valos; la representante residente del Programa de Naciones Unidas para el Desarrollo PNUD, Matilde Mortd y la directora ejecutiva del Fondo de Inversi\u00f3n Ambiental Sostenible (FIAS), Anita Alb\u00e1n, a las autoridades de los gobiernos locales: Santiago Sandoval, Secretario de Ambiente del Distrito Metropolitano de Quito; Mar\u00eda Jos\u00e9 Bustamante, Concejala de Zapotillo y Brigitte Garc\u00eda, presidenta de la Mancomunidad Pac\u00edfico Norte (MANPANOR), en representaci\u00f3n de los GAD de Pedernales y Jama.<\/p>\n<p>Durante la cita, Jos\u00e9 Antonio D\u00e1valos, ministro de Ambiente, destac\u00f3 el esfuerzo de los gobiernos locales en la gesti\u00f3n de sus \u00c1reas de Conservaci\u00f3n y Uso Sostenible al alcanzar sus metas en el primer a\u00f1o de trabajo, en favor de la conservaci\u00f3n de los bosques y la vida, \u201cdefinitivamente queda demostrado que el trabajo articulado trae grandes frutos\u201d, recalc\u00f3.<\/p>\n<p><img loading=\"lazy\" decoding=\"async\" class=\"alignnone wp-image-7729 aligncenter\" src=\"https:\/\/www.proamazonia.org\/wp-content\/uploads\/2023\/09\/APBD1_proa-300x200.jpg\" alt=\"\" width=\"821\" height=\"547\" srcset=\"https:\/\/www.proamazonia.org\/ppr\/wp-content\/uploads\/2023\/09\/APBD1_proa-300x200.jpg 300w, https:\/\/www.proamazonia.org\/ppr\/wp-content\/uploads\/2023\/09\/APBD1_proa-768x512.jpg 768w, https:\/\/www.proamazonia.org\/ppr\/wp-content\/uploads\/2023\/09\/APBD1_proa-600x400.jpg 600w, https:\/\/www.proamazonia.org\/ppr\/wp-content\/uploads\/2023\/09\/APBD1_proa.jpg 1000w\" sizes=\"auto, (max-width: 821px) 100vw, 821px\" \/><\/p>\n<h6 style=\"text-align: center;\">Descripci\u00f3n; Jos\u00e9 Antonio D\u00e1valos, Ministro de Ambiente, Agua y Transici\u00f3n Ecol\u00f3gica.<br \/>\nFotograf\u00eda: PROAmazon\u00eda<\/h6>\n<p>Matilde Mortd, representante residente de PNUD, expres\u00f3 que \u201cgracias a los resultados presentados por los gobiernos locales al alcanzar logros espec\u00edficos para la Gesti\u00f3n de las \u00c1reas de Conservaci\u00f3n y Uso Sostenible hacen que Ecuador sea un pa\u00eds pionero en este tipo de mecanismos de conservaci\u00f3n forestal local y nacional\u201d.<\/p>\n<p><img loading=\"lazy\" decoding=\"async\" class=\" wp-image-7721 aligncenter\" src=\"https:\/\/www.proamazonia.org\/wp-content\/uploads\/2023\/09\/DSC_0021-300x200.jpg\" alt=\"\" width=\"821\" height=\"547\" srcset=\"https:\/\/www.proamazonia.org\/ppr\/wp-content\/uploads\/2023\/09\/DSC_0021-300x200.jpg 300w, https:\/\/www.proamazonia.org\/ppr\/wp-content\/uploads\/2023\/09\/DSC_0021-1024x683.jpg 1024w, https:\/\/www.proamazonia.org\/ppr\/wp-content\/uploads\/2023\/09\/DSC_0021-768x512.jpg 768w, https:\/\/www.proamazonia.org\/ppr\/wp-content\/uploads\/2023\/09\/DSC_0021-1536x1024.jpg 1536w, https:\/\/www.proamazonia.org\/ppr\/wp-content\/uploads\/2023\/09\/DSC_0021-2048x1365.jpg 2048w, https:\/\/www.proamazonia.org\/ppr\/wp-content\/uploads\/2023\/09\/DSC_0021-600x400.jpg 600w\" sizes=\"auto, (max-width: 821px) 100vw, 821px\" \/><\/p>\n<h6 style=\"text-align: center;\"><strong>Descripci\u00f3n: Matilde Mortd, representante residente del PNUD. <\/strong><br \/>\n<strong>Fotograf\u00eda: PROAmazon\u00eda<\/strong><\/h6>\n<p>Brigitte Garc\u00eda, presidente de la Manpanor, mencion\u00f3 que \u201ceste incentivo nos llena de orgullo y felicidad, pues la Mancomunidad de la Costa Norte de Manab\u00ed contar\u00e1 con fondos para fortalecer la gesti\u00f3n de las \u00c1reas de Conservaci\u00f3n y Uso Sostenible, su preservaci\u00f3n y desarrollo\u201d.<\/p>\n<p style=\"text-align: center;\"><img loading=\"lazy\" decoding=\"async\" class=\" wp-image-7723\" src=\"https:\/\/www.proamazonia.org\/wp-content\/uploads\/2023\/09\/DSC_0050-300x200.jpg\" alt=\"\" width=\"550\" height=\"366\" srcset=\"https:\/\/www.proamazonia.org\/ppr\/wp-content\/uploads\/2023\/09\/DSC_0050-300x200.jpg 300w, https:\/\/www.proamazonia.org\/ppr\/wp-content\/uploads\/2023\/09\/DSC_0050-1024x683.jpg 1024w, https:\/\/www.proamazonia.org\/ppr\/wp-content\/uploads\/2023\/09\/DSC_0050-768x512.jpg 768w, https:\/\/www.proamazonia.org\/ppr\/wp-content\/uploads\/2023\/09\/DSC_0050-1536x1024.jpg 1536w, https:\/\/www.proamazonia.org\/ppr\/wp-content\/uploads\/2023\/09\/DSC_0050-2048x1365.jpg 2048w, https:\/\/www.proamazonia.org\/ppr\/wp-content\/uploads\/2023\/09\/DSC_0050-600x400.jpg 600w\" sizes=\"auto, (max-width: 550px) 100vw, 550px\" \/> <img loading=\"lazy\" decoding=\"async\" class=\" wp-image-7724\" src=\"https:\/\/www.proamazonia.org\/wp-content\/uploads\/2023\/09\/DSC_0054-300x200.jpg\" alt=\"\" width=\"560\" height=\"373\" srcset=\"https:\/\/www.proamazonia.org\/ppr\/wp-content\/uploads\/2023\/09\/DSC_0054-300x200.jpg 300w, https:\/\/www.proamazonia.org\/ppr\/wp-content\/uploads\/2023\/09\/DSC_0054-1024x683.jpg 1024w, https:\/\/www.proamazonia.org\/ppr\/wp-content\/uploads\/2023\/09\/DSC_0054-768x512.jpg 768w, https:\/\/www.proamazonia.org\/ppr\/wp-content\/uploads\/2023\/09\/DSC_0054-1536x1024.jpg 1536w, https:\/\/www.proamazonia.org\/ppr\/wp-content\/uploads\/2023\/09\/DSC_0054-2048x1365.jpg 2048w, https:\/\/www.proamazonia.org\/ppr\/wp-content\/uploads\/2023\/09\/DSC_0054-600x400.jpg 600w\" sizes=\"auto, (max-width: 560px) 100vw, 560px\" \/><\/p>\n<p style=\"text-align: center;\"><img loading=\"lazy\" decoding=\"async\" class=\" wp-image-7725\" src=\"https:\/\/www.proamazonia.org\/wp-content\/uploads\/2023\/09\/DSC_0057-300x200.jpg\" alt=\"\" width=\"560\" height=\"374\" srcset=\"https:\/\/www.proamazonia.org\/ppr\/wp-content\/uploads\/2023\/09\/DSC_0057-300x200.jpg 300w, https:\/\/www.proamazonia.org\/ppr\/wp-content\/uploads\/2023\/09\/DSC_0057-1024x683.jpg 1024w, https:\/\/www.proamazonia.org\/ppr\/wp-content\/uploads\/2023\/09\/DSC_0057-768x512.jpg 768w, https:\/\/www.proamazonia.org\/ppr\/wp-content\/uploads\/2023\/09\/DSC_0057-1536x1024.jpg 1536w, https:\/\/www.proamazonia.org\/ppr\/wp-content\/uploads\/2023\/09\/DSC_0057-2048x1365.jpg 2048w, https:\/\/www.proamazonia.org\/ppr\/wp-content\/uploads\/2023\/09\/DSC_0057-600x400.jpg 600w\" sizes=\"auto, (max-width: 560px) 100vw, 560px\" \/> <img loading=\"lazy\" decoding=\"async\" class=\"alignnone wp-image-7728\" src=\"https:\/\/www.proamazonia.org\/wp-content\/uploads\/2023\/09\/APBD2_proa-300x200.jpg\" alt=\"\" width=\"563\" height=\"376\" srcset=\"https:\/\/www.proamazonia.org\/ppr\/wp-content\/uploads\/2023\/09\/APBD2_proa-300x200.jpg 300w, https:\/\/www.proamazonia.org\/ppr\/wp-content\/uploads\/2023\/09\/APBD2_proa-768x512.jpg 768w, https:\/\/www.proamazonia.org\/ppr\/wp-content\/uploads\/2023\/09\/APBD2_proa-600x400.jpg 600w, https:\/\/www.proamazonia.org\/ppr\/wp-content\/uploads\/2023\/09\/APBD2_proa.jpg 1000w\" sizes=\"auto, (max-width: 563px) 100vw, 563px\" \/><\/p>\n<p>&nbsp;<\/p>\n<p>Esta es la primera vez que en Ecuador se ejecuta un mecanismo que permite que los gobiernos locales sean incentivados para implementar acciones REDD+, para la reducci\u00f3n de la deforestaci\u00f3n y degradaci\u00f3n de los bosques; a trav\u00e9s de la conservaci\u00f3n, el manejo forestal sostenible, la optimizaci\u00f3n de otros usos de suelo para reducir la presi\u00f3n sobre los bosques, y la reducci\u00f3n de emisiones de Gases de Efecto Invernadero.<\/p>\n<p>El evento concluy\u00f3 con el compromiso de los GAD y Mancomunidad de continuar con la puesta en marcha de acciones para la conservaci\u00f3n de los bosques y la aplicaci\u00f3n de un modelo de desarrollo arm\u00f3nico con el entorno y as\u00ed, viabilizar el manejo sustentable de los recursos naturales.<\/p>\n<p><strong>Datos importantes: <\/strong><\/p>\n<ul>\n<li>Las ACUS de la Mancomunidad del Pac\u00edfico Norte representan el 73% de cada cant\u00f3n. El 34% de su superficie es bosque.<\/li>\n<li>Las ACUS del GAD del Distrito Metropolitano de Quito representan el 21% de la superficie del DMQ. El 69% de su superficie bosque.<\/li>\n<li>La ACUS del GAD Cantonal de Zapotillo representa el 11% del cant\u00f3n Zapotillo. El 93% de su superficie es bosque.<\/li>\n<\/ul>\n<p>La superficie de estas \u00c1reas de Conservaci\u00f3n representa el 0.94% de la superficie total del pa\u00eds.<\/p>\n<p>En el primer a\u00f1o de evaluaci\u00f3n (2022) se redujo la tasa de deforestaci\u00f3n, respecto al promedio hist\u00f3rico, en 32,5% (198,38 hect\u00e1reas).<\/p>\n<p>https:\/\/youtu.be\/cHRDGIvhAwI<\/p>","protected":false},"excerpt":{"rendered":"<p>El viernes 01 de septiembre, en la ciudad de Quito, se llev\u00f3 a cabo el evento de entrega del primer incentivo econ\u00f3mico de la herramienta denominada Acuerdo de Pago Basado en Desempe\u00f1o al GAD Cantonal de Zapotillo, a la Mancomunidad del Pac\u00edfico Norte y al Distrito Metropolitano de Quito, por haber alcanzado logros espec\u00edficos establecidos para la Gesti\u00f3n de las \u00c1reas de Conservaci\u00f3n y Uso Sostenible (ACUS) en el primer a\u00f1o de evaluaci\u00f3n. El total del incentivo econ\u00f3mico es de $431.133,28. La iniciativa es parte del Proyecto de Pago por Resultados a Ecuador, por Reducci\u00f3n de Deforestaci\u00f3n (PPR), liderada por el Ministerio del Ambiente, Agua y Transici\u00f3n Ecol\u00f3gica, con el acompa\u00f1amiento del PNUD y con apoyo de PROAmazon\u00eda; y contribuye a los esfuerzos nacionales para la mitigaci\u00f3n y adaptaci\u00f3n a los efectos del cambio clim\u00e1tico. La entrega de los fondos no reembolsables se realiz\u00f3 por parte del ministro de Ambiente, Agua y Transici\u00f3n Ecol\u00f3gica, Jos\u00e9 Antonio D\u00e1valos; la representante residente del Programa de Naciones Unidas para el Desarrollo PNUD, Matilde Mortd y la directora ejecutiva del Fondo de Inversi\u00f3n Ambiental Sostenible (FIAS), Anita Alb\u00e1n, a las autoridades de los gobiernos locales: Santiago Sandoval, Secretario de Ambiente del Distrito Metropolitano de [&hellip;]<\/p>\n","protected":false},"author":2,"featured_media":7719,"comment_status":"closed","ping_status":"closed","sticky":false,"template":"","format":"standard","meta":{"_uf_show_specific_survey":0,"_uf_disable_surveys":false,"footnotes":""},"categories":[3,23,17],"tags":[58,42,258,57],"class_list":["post-7718","post","type-post","status-publish","format-standard","has-post-thumbnail","hentry","category-noticias","category-noticias-home","category-planificacion-y-ordenamiento-territorial","tag-conservacion","tag-ecuador","tag-gobiernos-locales","tag-redd"],"aioseo_notices":[],"_links":{"self":[{"href":"https:\/\/www.proamazonia.org\/ppr\/wp-json\/wp\/v2\/posts\/7718","targetHints":{"allow":["GET"]}}],"collection":[{"href":"https:\/\/www.proamazonia.org\/ppr\/wp-json\/wp\/v2\/posts"}],"about":[{"href":"https:\/\/www.proamazonia.org\/ppr\/wp-json\/wp\/v2\/types\/post"}],"author":[{"embeddable":true,"href":"https:\/\/www.proamazonia.org\/ppr\/wp-json\/wp\/v2\/users\/2"}],"replies":[{"embeddable":true,"href":"https:\/\/www.proamazonia.org\/ppr\/wp-json\/wp\/v2\/comments?post=7718"}],"version-history":[{"count":4,"href":"https:\/\/www.proamazonia.org\/ppr\/wp-json\/wp\/v2\/posts\/7718\/revisions"}],"predecessor-version":[{"id":7732,"href":"https:\/\/www.proamazonia.org\/ppr\/wp-json\/wp\/v2\/posts\/7718\/revisions\/7732"}],"wp:featuredmedia":[{"embeddable":true,"href":"https:\/\/www.proamazonia.org\/ppr\/wp-json\/wp\/v2\/media\/7719"}],"wp:attachment":[{"href":"https:\/\/www.proamazonia.org\/ppr\/wp-json\/wp\/v2\/media?parent=7718"}],"wp:term":[{"taxonomy":"category","embeddable":true,"href":"https:\/\/www.proamazonia.org\/ppr\/wp-json\/wp\/v2\/categories?post=7718"},{"taxonomy":"post_tag","embeddable":true,"href":"https:\/\/www.proamazonia.org\/ppr\/wp-json\/wp\/v2\/tags?post=7718"}],"curies":[{"name":"wp","href":"https:\/\/api.w.org\/{rel}","templated":true}]}}