{"id":7735,"date":"2023-09-07T10:45:46","date_gmt":"2023-09-07T15:45:46","guid":{"rendered":"https:\/\/www.proamazonia.org\/?p=7735"},"modified":"2023-09-22T09:08:54","modified_gmt":"2023-09-22T14:08:54","slug":"proamazonia-promueve-la-sostenibilidad-de-la-conservacion-de-los-bosques-con-gad-y-actores-locales","status":"publish","type":"post","link":"https:\/\/www.proamazonia.org\/ppr\/proamazonia-promueve-la-sostenibilidad-de-la-conservacion-de-los-bosques-con-gad-y-actores-locales\/","title":{"rendered":"PROAmazon\u00eda promueve la sostenibilidad de la conservaci\u00f3n de los Bosques con GAD y actores locales"},"content":{"rendered":"<p>Durante los meses de junio, julio y agosto de 2023, el Ministerio del Ambiente, Agua y Transici\u00f3n Ecol\u00f3gica, el Ministerio de Agricultura y Ganader\u00eda y el Programa de Conservaci\u00f3n de Bosques y Producci\u00f3n Sostenible, PROAmazon\u00eda; presentaron a las autoridades de los Gobiernos Aut\u00f3nomos Descentralizados (GAD) de la Amazon\u00eda ecuatoriana, los resultados y la estrategia de sostenibilidad del Programa.<\/p>\n<p style=\"text-align: center;\"><img loading=\"lazy\" decoding=\"async\" class=\"alignnone wp-image-7759\" src=\"https:\/\/www.proamazonia.org\/wp-content\/uploads\/2023\/09\/Napo.herramientas.sostenibilidad.proamazonia.ecuador.ambiente.bosques.amazonia-300x200.jpg\" alt=\"\" width=\"530\" height=\"353\" srcset=\"https:\/\/www.proamazonia.org\/ppr\/wp-content\/uploads\/2023\/09\/Napo.herramientas.sostenibilidad.proamazonia.ecuador.ambiente.bosques.amazonia-300x200.jpg 300w, https:\/\/www.proamazonia.org\/ppr\/wp-content\/uploads\/2023\/09\/Napo.herramientas.sostenibilidad.proamazonia.ecuador.ambiente.bosques.amazonia-768x512.jpg 768w, https:\/\/www.proamazonia.org\/ppr\/wp-content\/uploads\/2023\/09\/Napo.herramientas.sostenibilidad.proamazonia.ecuador.ambiente.bosques.amazonia-600x400.jpg 600w, https:\/\/www.proamazonia.org\/ppr\/wp-content\/uploads\/2023\/09\/Napo.herramientas.sostenibilidad.proamazonia.ecuador.ambiente.bosques.amazonia.jpg 900w\" sizes=\"auto, (max-width: 530px) 100vw, 530px\" \/> <img loading=\"lazy\" decoding=\"async\" class=\"alignnone wp-image-7758\" src=\"https:\/\/www.proamazonia.org\/wp-content\/uploads\/2023\/09\/1.Napo_.herramientas.sostenibilidad.proamazonia.ecuador.ambiente.bosques.amazonia-300x200.jpg\" alt=\"\" width=\"527\" height=\"351\" srcset=\"https:\/\/www.proamazonia.org\/ppr\/wp-content\/uploads\/2023\/09\/1.Napo_.herramientas.sostenibilidad.proamazonia.ecuador.ambiente.bosques.amazonia-300x200.jpg 300w, https:\/\/www.proamazonia.org\/ppr\/wp-content\/uploads\/2023\/09\/1.Napo_.herramientas.sostenibilidad.proamazonia.ecuador.ambiente.bosques.amazonia-768x512.jpg 768w, https:\/\/www.proamazonia.org\/ppr\/wp-content\/uploads\/2023\/09\/1.Napo_.herramientas.sostenibilidad.proamazonia.ecuador.ambiente.bosques.amazonia-600x400.jpg 600w, https:\/\/www.proamazonia.org\/ppr\/wp-content\/uploads\/2023\/09\/1.Napo_.herramientas.sostenibilidad.proamazonia.ecuador.ambiente.bosques.amazonia.jpg 900w\" sizes=\"auto, (max-width: 527px) 100vw, 527px\" \/><\/p>\n<p style=\"text-align: center;\"><img loading=\"lazy\" decoding=\"async\" class=\"alignnone wp-image-7757\" src=\"https:\/\/www.proamazonia.org\/wp-content\/uploads\/2023\/09\/2.Napo_.herramientas.sostenibilidad.proamazonia.ecuador.ambiente.bosques.amazonia-300x200.jpg\" alt=\"\" width=\"530\" height=\"353\" srcset=\"https:\/\/www.proamazonia.org\/ppr\/wp-content\/uploads\/2023\/09\/2.Napo_.herramientas.sostenibilidad.proamazonia.ecuador.ambiente.bosques.amazonia-300x200.jpg 300w, https:\/\/www.proamazonia.org\/ppr\/wp-content\/uploads\/2023\/09\/2.Napo_.herramientas.sostenibilidad.proamazonia.ecuador.ambiente.bosques.amazonia-768x512.jpg 768w, https:\/\/www.proamazonia.org\/ppr\/wp-content\/uploads\/2023\/09\/2.Napo_.herramientas.sostenibilidad.proamazonia.ecuador.ambiente.bosques.amazonia-600x400.jpg 600w, https:\/\/www.proamazonia.org\/ppr\/wp-content\/uploads\/2023\/09\/2.Napo_.herramientas.sostenibilidad.proamazonia.ecuador.ambiente.bosques.amazonia.jpg 1000w\" sizes=\"auto, (max-width: 530px) 100vw, 530px\" \/> \u00a0<img loading=\"lazy\" decoding=\"async\" class=\"alignnone wp-image-7756\" src=\"https:\/\/www.proamazonia.org\/wp-content\/uploads\/2023\/09\/3.Napo_.herramientas.sostenibilidad.proamazonia.ecuador.ambiente.bosques.amazonia-300x200.jpg\" alt=\"\" width=\"532\" height=\"354\" srcset=\"https:\/\/www.proamazonia.org\/ppr\/wp-content\/uploads\/2023\/09\/3.Napo_.herramientas.sostenibilidad.proamazonia.ecuador.ambiente.bosques.amazonia-300x200.jpg 300w, https:\/\/www.proamazonia.org\/ppr\/wp-content\/uploads\/2023\/09\/3.Napo_.herramientas.sostenibilidad.proamazonia.ecuador.ambiente.bosques.amazonia-768x512.jpg 768w, https:\/\/www.proamazonia.org\/ppr\/wp-content\/uploads\/2023\/09\/3.Napo_.herramientas.sostenibilidad.proamazonia.ecuador.ambiente.bosques.amazonia-600x400.jpg 600w, https:\/\/www.proamazonia.org\/ppr\/wp-content\/uploads\/2023\/09\/3.Napo_.herramientas.sostenibilidad.proamazonia.ecuador.ambiente.bosques.amazonia.jpg 900w\" sizes=\"auto, (max-width: 532px) 100vw, 532px\" \/><\/p>\n<p style=\"text-align: center;\"><b><span style=\"font-size: 10.0pt; color: windowtext;\">Fotograf\u00eda:<\/span><\/b><span style=\"font-size: 10.0pt; color: windowtext;\"> PROAmazon\u00eda<br \/>\n<\/span><b><\/b><b><span style=\"font-size: 10.0pt; color: windowtext;\">Descripci\u00f3n:<\/span><\/b><span style=\"font-size: 10.0pt; color: windowtext;\"> Presentaci\u00f3n de la estrategia de sostenibilidad del Programa al GAD Napo<\/span><\/p>\n<p>PROAmazon\u00eda, es el programa del Ministerio del Ambiente, Agua y Transici\u00f3n Ecol\u00f3gica (MAATE) y el Ministerio de Agricultura y Ganader\u00eda (MAG), implementado con apoyo del Programa de las Naciones Unidas para el Desarrollo (PNUD), que recibe el financiamiento del Fondo Verde para el Clima (GCF) y el Fondo para el Medio Ambiente Mundial (GEF).<\/p>\n<p>El programa vincula los esfuerzos nacionales para disminuir la deforestaci\u00f3n con las agendas y las pol\u00edticas prioritarias de los sectores econ\u00f3micos del pa\u00eds. As\u00ed tambi\u00e9n, promueve el manejo sostenible e integrado de los recursos naturales contribuyendo a la erradicaci\u00f3n de la pobreza y al desarrollo humano sostenible. PROAmazon\u00eda fortalece el posicionamiento de Ecuador como un pa\u00eds comprometido con los esfuerzos mundiales para combatir el cambio clim\u00e1tico, con la Agenda 2030 y los Objetivos de Desarrollo Sostenible (ODS).<\/p>\n<p style=\"text-align: center;\"><img loading=\"lazy\" decoding=\"async\" class=\"alignnone wp-image-7752\" src=\"https:\/\/www.proamazonia.org\/wp-content\/uploads\/2023\/09\/3.Pastaza.herramientas.sostenibilidad.proamazonia.ecuador.ambiente.bosques.amazonia-300x200.jpg\" alt=\"\" width=\"555\" height=\"370\" srcset=\"https:\/\/www.proamazonia.org\/ppr\/wp-content\/uploads\/2023\/09\/3.Pastaza.herramientas.sostenibilidad.proamazonia.ecuador.ambiente.bosques.amazonia-300x200.jpg 300w, https:\/\/www.proamazonia.org\/ppr\/wp-content\/uploads\/2023\/09\/3.Pastaza.herramientas.sostenibilidad.proamazonia.ecuador.ambiente.bosques.amazonia-768x512.jpg 768w, https:\/\/www.proamazonia.org\/ppr\/wp-content\/uploads\/2023\/09\/3.Pastaza.herramientas.sostenibilidad.proamazonia.ecuador.ambiente.bosques.amazonia-600x400.jpg 600w, https:\/\/www.proamazonia.org\/ppr\/wp-content\/uploads\/2023\/09\/3.Pastaza.herramientas.sostenibilidad.proamazonia.ecuador.ambiente.bosques.amazonia.jpg 1000w\" sizes=\"auto, (max-width: 555px) 100vw, 555px\" \/> <img loading=\"lazy\" decoding=\"async\" class=\"alignnone wp-image-7753\" src=\"https:\/\/www.proamazonia.org\/wp-content\/uploads\/2023\/09\/2.Pastaza.herramientas.sostenibilidad.proamazonia.ecuador.ambiente.bosques.amazonia-300x200.jpg\" alt=\"\" width=\"553\" height=\"369\" srcset=\"https:\/\/www.proamazonia.org\/ppr\/wp-content\/uploads\/2023\/09\/2.Pastaza.herramientas.sostenibilidad.proamazonia.ecuador.ambiente.bosques.amazonia-300x200.jpg 300w, https:\/\/www.proamazonia.org\/ppr\/wp-content\/uploads\/2023\/09\/2.Pastaza.herramientas.sostenibilidad.proamazonia.ecuador.ambiente.bosques.amazonia-768x512.jpg 768w, https:\/\/www.proamazonia.org\/ppr\/wp-content\/uploads\/2023\/09\/2.Pastaza.herramientas.sostenibilidad.proamazonia.ecuador.ambiente.bosques.amazonia-600x400.jpg 600w, https:\/\/www.proamazonia.org\/ppr\/wp-content\/uploads\/2023\/09\/2.Pastaza.herramientas.sostenibilidad.proamazonia.ecuador.ambiente.bosques.amazonia.jpg 1000w\" sizes=\"auto, (max-width: 553px) 100vw, 553px\" \/><br \/>\n<img loading=\"lazy\" decoding=\"async\" class=\"alignnone wp-image-7754\" src=\"https:\/\/www.proamazonia.org\/wp-content\/uploads\/2023\/09\/1.Pastaza.herramientas.sostenibilidad.proamazonia.ecuador.ambiente.bosques.amazonia-300x200.jpg\" alt=\"\" width=\"557\" height=\"371\" srcset=\"https:\/\/www.proamazonia.org\/ppr\/wp-content\/uploads\/2023\/09\/1.Pastaza.herramientas.sostenibilidad.proamazonia.ecuador.ambiente.bosques.amazonia-300x200.jpg 300w, https:\/\/www.proamazonia.org\/ppr\/wp-content\/uploads\/2023\/09\/1.Pastaza.herramientas.sostenibilidad.proamazonia.ecuador.ambiente.bosques.amazonia-768x512.jpg 768w, https:\/\/www.proamazonia.org\/ppr\/wp-content\/uploads\/2023\/09\/1.Pastaza.herramientas.sostenibilidad.proamazonia.ecuador.ambiente.bosques.amazonia-600x400.jpg 600w, https:\/\/www.proamazonia.org\/ppr\/wp-content\/uploads\/2023\/09\/1.Pastaza.herramientas.sostenibilidad.proamazonia.ecuador.ambiente.bosques.amazonia.jpg 1000w\" sizes=\"auto, (max-width: 557px) 100vw, 557px\" \/> \u00a0<img loading=\"lazy\" decoding=\"async\" class=\"alignnone wp-image-7755\" src=\"https:\/\/www.proamazonia.org\/wp-content\/uploads\/2023\/09\/Pastaza.herramientas.sostenibilidad.proamazonia.ecuador.ambiente.bosques.amazonia-300x200.jpg\" alt=\"\" width=\"553\" height=\"368\" srcset=\"https:\/\/www.proamazonia.org\/ppr\/wp-content\/uploads\/2023\/09\/Pastaza.herramientas.sostenibilidad.proamazonia.ecuador.ambiente.bosques.amazonia-300x200.jpg 300w, https:\/\/www.proamazonia.org\/ppr\/wp-content\/uploads\/2023\/09\/Pastaza.herramientas.sostenibilidad.proamazonia.ecuador.ambiente.bosques.amazonia-768x512.jpg 768w, https:\/\/www.proamazonia.org\/ppr\/wp-content\/uploads\/2023\/09\/Pastaza.herramientas.sostenibilidad.proamazonia.ecuador.ambiente.bosques.amazonia-600x400.jpg 600w, https:\/\/www.proamazonia.org\/ppr\/wp-content\/uploads\/2023\/09\/Pastaza.herramientas.sostenibilidad.proamazonia.ecuador.ambiente.bosques.amazonia.jpg 1000w\" sizes=\"auto, (max-width: 553px) 100vw, 553px\" \/><\/p>\n<p style=\"text-align: center;\"><b><span style=\"font-size: 10.0pt; color: windowtext;\">Fotograf\u00eda:<\/span><\/b><span style=\"font-size: 10.0pt; color: windowtext;\"> PROAmazon\u00eda<br \/>\n<\/span><b><\/b><b><span style=\"font-size: 10.0pt; color: windowtext;\">Descripci\u00f3n:<\/span><\/b><span style=\"font-size: 10.0pt; color: windowtext;\"> Presentaci\u00f3n de la estrategia de sostenibilidad del Programa al GAD Pastaza<\/span><\/p>\n<p>Desde su inicio en 2017, PROAmazon\u00eda ha venido trabajando de la mano con 28 Gobiernos Aut\u00f3nomos Descentralizados (GAD) Provinciales, cantonales y parroquiales; comunidades y el sector p\u00fablico-privado a favor de la conservaci\u00f3n y producci\u00f3n sostenible en la regi\u00f3n amaz\u00f3nica.<\/p>\n<p>La estrategia de sostenibilidad de PROAmazon\u00eda, pretende identificar, dise\u00f1ar, financiar y poner en marcha acciones y medidas concretas que permitan que los esfuerzos, innovaciones y logros generados durante los cinco a\u00f1os de ejecuci\u00f3n del programa, perduren en la Amazon\u00eda y se extiendan por el pa\u00eds.<\/p>\n<p>La participaci\u00f3n activa del equipo t\u00e9cnico, autoridades gubernamentales, personal t\u00e9cnico y partes interesadas ha sido fundamental para alcanzar los resultados deseados, promoviendo la alineaci\u00f3n con el Plan de Acci\u00f3n Nacional REDD+ y las metas de Contribuci\u00f3n Determinada a nivel Nacional (NDC) del Ecuador.<\/p>\n<p>Los objetivos de la estrategia se centran en proporcionar un enfoque concreto para reducir la deforestaci\u00f3n mediante pol\u00edticas, medidas y acciones que respalden el Plan de Acci\u00f3n REDD+. Esto incluye:<\/p>\n<ul>\n<li>Estrategia de producci\u00f3n sostenible libre de deforestaci\u00f3n, que incluya la verificaci\u00f3n, certificaci\u00f3n, trazabilidad y comercializaci\u00f3n de productos bajo este esquema;<\/li>\n<li>Desarrollo y ejecuci\u00f3n de los instrumentos de uso de suelo para empoderar a los gobiernos y comunidades locales, con especial atenci\u00f3n en las comunidades ind\u00edgenas y la inclusi\u00f3n de g\u00e9nero;<\/li>\n<li>Participaci\u00f3n del sector financiero en el dise\u00f1o e implementaci\u00f3n de las l\u00edneas de cr\u00e9dito verde y el establecimiento de un esquema de incentivos para los productores;<\/li>\n<li>Programa Carbono Cero. Hasta el final del Proyecto, estas acciones ser\u00e1n institucionalizadas y operativas en las dependencias competentes del Gobierno como mecanismos para la ejecuci\u00f3n del PA REDD+.<\/li>\n<\/ul>\n<p style=\"text-align: center;\"><img loading=\"lazy\" decoding=\"async\" class=\"alignnone wp-image-7749\" src=\"https:\/\/www.proamazonia.org\/wp-content\/uploads\/2023\/09\/2.Morona.herramientas.sostenibilidad.proamazonia.ecuador.ambiente.bosques.amazonia-300x200.jpg\" alt=\"\" width=\"569\" height=\"379\" srcset=\"https:\/\/www.proamazonia.org\/ppr\/wp-content\/uploads\/2023\/09\/2.Morona.herramientas.sostenibilidad.proamazonia.ecuador.ambiente.bosques.amazonia-300x200.jpg 300w, https:\/\/www.proamazonia.org\/ppr\/wp-content\/uploads\/2023\/09\/2.Morona.herramientas.sostenibilidad.proamazonia.ecuador.ambiente.bosques.amazonia-768x512.jpg 768w, https:\/\/www.proamazonia.org\/ppr\/wp-content\/uploads\/2023\/09\/2.Morona.herramientas.sostenibilidad.proamazonia.ecuador.ambiente.bosques.amazonia-600x400.jpg 600w, https:\/\/www.proamazonia.org\/ppr\/wp-content\/uploads\/2023\/09\/2.Morona.herramientas.sostenibilidad.proamazonia.ecuador.ambiente.bosques.amazonia.jpg 1000w\" sizes=\"auto, (max-width: 569px) 100vw, 569px\" \/> <img loading=\"lazy\" decoding=\"async\" class=\"alignnone wp-image-7751\" src=\"https:\/\/www.proamazonia.org\/wp-content\/uploads\/2023\/09\/Morona.herramientas.sostenibilidad.proamazonia.ecuador.ambiente.bosques.amazonia-300x200.jpg\" alt=\"\" width=\"571\" height=\"380\" srcset=\"https:\/\/www.proamazonia.org\/ppr\/wp-content\/uploads\/2023\/09\/Morona.herramientas.sostenibilidad.proamazonia.ecuador.ambiente.bosques.amazonia-300x200.jpg 300w, https:\/\/www.proamazonia.org\/ppr\/wp-content\/uploads\/2023\/09\/Morona.herramientas.sostenibilidad.proamazonia.ecuador.ambiente.bosques.amazonia-768x512.jpg 768w, https:\/\/www.proamazonia.org\/ppr\/wp-content\/uploads\/2023\/09\/Morona.herramientas.sostenibilidad.proamazonia.ecuador.ambiente.bosques.amazonia-600x400.jpg 600w, https:\/\/www.proamazonia.org\/ppr\/wp-content\/uploads\/2023\/09\/Morona.herramientas.sostenibilidad.proamazonia.ecuador.ambiente.bosques.amazonia.jpg 1000w\" sizes=\"auto, (max-width: 571px) 100vw, 571px\" \/><br \/>\n<img loading=\"lazy\" decoding=\"async\" class=\"alignnone wp-image-7750\" src=\"https:\/\/www.proamazonia.org\/wp-content\/uploads\/2023\/09\/1.Morona.herramientas.sostenibilidad.proamazonia.ecuador.ambiente.bosques.amazonia-300x200.jpg\" alt=\"\" width=\"573\" height=\"382\" srcset=\"https:\/\/www.proamazonia.org\/ppr\/wp-content\/uploads\/2023\/09\/1.Morona.herramientas.sostenibilidad.proamazonia.ecuador.ambiente.bosques.amazonia-300x200.jpg 300w, https:\/\/www.proamazonia.org\/ppr\/wp-content\/uploads\/2023\/09\/1.Morona.herramientas.sostenibilidad.proamazonia.ecuador.ambiente.bosques.amazonia-768x512.jpg 768w, https:\/\/www.proamazonia.org\/ppr\/wp-content\/uploads\/2023\/09\/1.Morona.herramientas.sostenibilidad.proamazonia.ecuador.ambiente.bosques.amazonia-600x400.jpg 600w, https:\/\/www.proamazonia.org\/ppr\/wp-content\/uploads\/2023\/09\/1.Morona.herramientas.sostenibilidad.proamazonia.ecuador.ambiente.bosques.amazonia.jpg 1000w\" sizes=\"auto, (max-width: 573px) 100vw, 573px\" \/> <img loading=\"lazy\" decoding=\"async\" class=\"alignnone wp-image-7748\" src=\"https:\/\/www.proamazonia.org\/wp-content\/uploads\/2023\/09\/3.Morona.herramientas.sostenibilidad.proamazonia.ecuador.ambiente.bosques.amazonia-300x200.jpg\" alt=\"\" width=\"568\" height=\"378\" srcset=\"https:\/\/www.proamazonia.org\/ppr\/wp-content\/uploads\/2023\/09\/3.Morona.herramientas.sostenibilidad.proamazonia.ecuador.ambiente.bosques.amazonia-300x200.jpg 300w, https:\/\/www.proamazonia.org\/ppr\/wp-content\/uploads\/2023\/09\/3.Morona.herramientas.sostenibilidad.proamazonia.ecuador.ambiente.bosques.amazonia-768x512.jpg 768w, https:\/\/www.proamazonia.org\/ppr\/wp-content\/uploads\/2023\/09\/3.Morona.herramientas.sostenibilidad.proamazonia.ecuador.ambiente.bosques.amazonia-600x400.jpg 600w, https:\/\/www.proamazonia.org\/ppr\/wp-content\/uploads\/2023\/09\/3.Morona.herramientas.sostenibilidad.proamazonia.ecuador.ambiente.bosques.amazonia.jpg 1000w\" sizes=\"auto, (max-width: 568px) 100vw, 568px\" \/><\/p>\n<p style=\"text-align: center;\"><b><span style=\"font-size: 10.0pt; color: windowtext;\">Fotograf\u00eda:<\/span><\/b><span style=\"font-size: 10.0pt; color: windowtext;\"> PROAmazon\u00eda<br \/>\n<\/span><b><\/b><b><span style=\"font-size: 10.0pt; color: windowtext;\">Descripci\u00f3n:<\/span><\/b><span style=\"font-size: 10.0pt; color: windowtext;\"> Presentaci\u00f3n de la estrategia de sostenibilidad del Programa al GAD Morona Santiago<\/span><\/p>\n<p>La presentaci\u00f3n de esta estrategia se llev\u00f3 a cabo a trav\u00e9s de mesas de trabajo, donde se establecieron acuerdos entre los ministerios y los GAD, as\u00ed como con la academia, ONG y actores clave de las 6 provincias amaz\u00f3nicas. El compromiso conjunto tiene como objetivo asegurar la continuidad y la consolidaci\u00f3n de las acciones implementadas para la conservaci\u00f3n de los bosques y la transici\u00f3n a sistemas de producci\u00f3n sostenible, en l\u00ednea con el Plan de Acci\u00f3n REDD+.<\/p>\n<p>Durante estos eventos, se proporcion\u00f3 a los Gobiernos locales una caja de herramientas para la gesti\u00f3n local, enriqueciendo sus procesos de planificaci\u00f3n, articulaci\u00f3n territorial y gesti\u00f3n de informaci\u00f3n. Esta iniciativa fomenta pr\u00e1cticas relacionadas con la producci\u00f3n sostenible y libre de deforestaci\u00f3n en sectores clave como el cacao, caf\u00e9, palma aceitera y ganader\u00eda, as\u00ed como en la implementaci\u00f3n de la Pol\u00edtica REDD+.<\/p>\n<p style=\"text-align: center;\"><img loading=\"lazy\" decoding=\"async\" class=\"alignnone wp-image-7746\" src=\"https:\/\/www.proamazonia.org\/wp-content\/uploads\/2023\/09\/1.Orellana.herramientas.sostenibilidad.proamazonia.ecuador.ambiente.bosques.amazonia-300x225.jpg\" alt=\"\" width=\"568\" height=\"426\" srcset=\"https:\/\/www.proamazonia.org\/ppr\/wp-content\/uploads\/2023\/09\/1.Orellana.herramientas.sostenibilidad.proamazonia.ecuador.ambiente.bosques.amazonia-300x225.jpg 300w, https:\/\/www.proamazonia.org\/ppr\/wp-content\/uploads\/2023\/09\/1.Orellana.herramientas.sostenibilidad.proamazonia.ecuador.ambiente.bosques.amazonia-768x576.jpg 768w, https:\/\/www.proamazonia.org\/ppr\/wp-content\/uploads\/2023\/09\/1.Orellana.herramientas.sostenibilidad.proamazonia.ecuador.ambiente.bosques.amazonia-400x300.jpg 400w, https:\/\/www.proamazonia.org\/ppr\/wp-content\/uploads\/2023\/09\/1.Orellana.herramientas.sostenibilidad.proamazonia.ecuador.ambiente.bosques.amazonia-800x600.jpg 800w, https:\/\/www.proamazonia.org\/ppr\/wp-content\/uploads\/2023\/09\/1.Orellana.herramientas.sostenibilidad.proamazonia.ecuador.ambiente.bosques.amazonia.jpg 1000w\" sizes=\"auto, (max-width: 568px) 100vw, 568px\" \/> <img loading=\"lazy\" decoding=\"async\" class=\"alignnone wp-image-7747\" src=\"https:\/\/www.proamazonia.org\/wp-content\/uploads\/2023\/09\/Orellana.herramientas.sostenibilidad.proamazonia.ecuador.ambiente.bosques.amazonia-300x225.jpg\" alt=\"\" width=\"572\" height=\"429\" srcset=\"https:\/\/www.proamazonia.org\/ppr\/wp-content\/uploads\/2023\/09\/Orellana.herramientas.sostenibilidad.proamazonia.ecuador.ambiente.bosques.amazonia-300x225.jpg 300w, https:\/\/www.proamazonia.org\/ppr\/wp-content\/uploads\/2023\/09\/Orellana.herramientas.sostenibilidad.proamazonia.ecuador.ambiente.bosques.amazonia-768x576.jpg 768w, https:\/\/www.proamazonia.org\/ppr\/wp-content\/uploads\/2023\/09\/Orellana.herramientas.sostenibilidad.proamazonia.ecuador.ambiente.bosques.amazonia-400x300.jpg 400w, https:\/\/www.proamazonia.org\/ppr\/wp-content\/uploads\/2023\/09\/Orellana.herramientas.sostenibilidad.proamazonia.ecuador.ambiente.bosques.amazonia-800x600.jpg 800w, https:\/\/www.proamazonia.org\/ppr\/wp-content\/uploads\/2023\/09\/Orellana.herramientas.sostenibilidad.proamazonia.ecuador.ambiente.bosques.amazonia.jpg 1000w\" sizes=\"auto, (max-width: 572px) 100vw, 572px\" \/><br \/>\n<img loading=\"lazy\" decoding=\"async\" class=\"alignnone wp-image-7745\" src=\"https:\/\/www.proamazonia.org\/wp-content\/uploads\/2023\/09\/2.Orellana.herramientas.sostenibilidad.proamazonia.ecuador.ambiente.bosques.amazonia-300x225.jpg\" alt=\"\" width=\"572\" height=\"429\" srcset=\"https:\/\/www.proamazonia.org\/ppr\/wp-content\/uploads\/2023\/09\/2.Orellana.herramientas.sostenibilidad.proamazonia.ecuador.ambiente.bosques.amazonia-300x225.jpg 300w, https:\/\/www.proamazonia.org\/ppr\/wp-content\/uploads\/2023\/09\/2.Orellana.herramientas.sostenibilidad.proamazonia.ecuador.ambiente.bosques.amazonia-768x576.jpg 768w, https:\/\/www.proamazonia.org\/ppr\/wp-content\/uploads\/2023\/09\/2.Orellana.herramientas.sostenibilidad.proamazonia.ecuador.ambiente.bosques.amazonia-400x300.jpg 400w, https:\/\/www.proamazonia.org\/ppr\/wp-content\/uploads\/2023\/09\/2.Orellana.herramientas.sostenibilidad.proamazonia.ecuador.ambiente.bosques.amazonia-800x600.jpg 800w, https:\/\/www.proamazonia.org\/ppr\/wp-content\/uploads\/2023\/09\/2.Orellana.herramientas.sostenibilidad.proamazonia.ecuador.ambiente.bosques.amazonia.jpg 1000w\" sizes=\"auto, (max-width: 572px) 100vw, 572px\" \/> <img loading=\"lazy\" decoding=\"async\" class=\"alignnone wp-image-7744\" src=\"https:\/\/www.proamazonia.org\/wp-content\/uploads\/2023\/09\/3.Orellana.herramientas.sostenibilidad.proamazonia.ecuador.ambiente.bosques.amazonia-300x225.jpg\" alt=\"\" width=\"571\" height=\"428\" srcset=\"https:\/\/www.proamazonia.org\/ppr\/wp-content\/uploads\/2023\/09\/3.Orellana.herramientas.sostenibilidad.proamazonia.ecuador.ambiente.bosques.amazonia-300x225.jpg 300w, https:\/\/www.proamazonia.org\/ppr\/wp-content\/uploads\/2023\/09\/3.Orellana.herramientas.sostenibilidad.proamazonia.ecuador.ambiente.bosques.amazonia-768x576.jpg 768w, https:\/\/www.proamazonia.org\/ppr\/wp-content\/uploads\/2023\/09\/3.Orellana.herramientas.sostenibilidad.proamazonia.ecuador.ambiente.bosques.amazonia-400x300.jpg 400w, https:\/\/www.proamazonia.org\/ppr\/wp-content\/uploads\/2023\/09\/3.Orellana.herramientas.sostenibilidad.proamazonia.ecuador.ambiente.bosques.amazonia-800x600.jpg 800w, https:\/\/www.proamazonia.org\/ppr\/wp-content\/uploads\/2023\/09\/3.Orellana.herramientas.sostenibilidad.proamazonia.ecuador.ambiente.bosques.amazonia.jpg 1000w\" sizes=\"auto, (max-width: 571px) 100vw, 571px\" \/><\/p>\n<p style=\"text-align: center;\"><b><span style=\"font-size: 10.0pt; color: windowtext;\">Fotograf\u00eda:<\/span><\/b><span style=\"font-size: 10.0pt; color: windowtext;\"> PROAmazon\u00eda<br \/>\n<\/span><b><\/b><b><span style=\"font-size: 10.0pt; color: windowtext;\">Descripci\u00f3n:<\/span><\/b><span style=\"font-size: 10.0pt; color: windowtext;\"> Presentaci\u00f3n de la estrategia de sostenibilidad del Programa al GAD Orellana<\/span><\/p>\n<p>Adem\u00e1s, se presentaron los objetivos y resultados de la iniciativa \u201cBotas Violeta\u201d, una campa\u00f1a que naci\u00f3 en PROAmazon\u00eda, liderada por el PNUD y el MAATE, que promueve la corresponsabilidad de toda la sociedad para cerrar las brechas de g\u00e9nero. En estos espacios se entregaron, como s\u00edmbolo de esta iniciativa, pares de botas violetas a mujeres representantes de los GAD participantes.<\/p>\n<p style=\"text-align: center;\"><img loading=\"lazy\" decoding=\"async\" class=\"alignnone wp-image-7736\" src=\"https:\/\/www.proamazonia.org\/wp-content\/uploads\/2023\/09\/3.Zamora.herramientas.sostenibilidad.proamazonia.ecuador.ambiente.bosques.amazonia-300x225.jpg\" alt=\"\" width=\"570\" height=\"427\" srcset=\"https:\/\/www.proamazonia.org\/ppr\/wp-content\/uploads\/2023\/09\/3.Zamora.herramientas.sostenibilidad.proamazonia.ecuador.ambiente.bosques.amazonia-300x225.jpg 300w, https:\/\/www.proamazonia.org\/ppr\/wp-content\/uploads\/2023\/09\/3.Zamora.herramientas.sostenibilidad.proamazonia.ecuador.ambiente.bosques.amazonia-768x576.jpg 768w, https:\/\/www.proamazonia.org\/ppr\/wp-content\/uploads\/2023\/09\/3.Zamora.herramientas.sostenibilidad.proamazonia.ecuador.ambiente.bosques.amazonia-400x300.jpg 400w, https:\/\/www.proamazonia.org\/ppr\/wp-content\/uploads\/2023\/09\/3.Zamora.herramientas.sostenibilidad.proamazonia.ecuador.ambiente.bosques.amazonia-800x600.jpg 800w, https:\/\/www.proamazonia.org\/ppr\/wp-content\/uploads\/2023\/09\/3.Zamora.herramientas.sostenibilidad.proamazonia.ecuador.ambiente.bosques.amazonia.jpg 1000w\" sizes=\"auto, (max-width: 570px) 100vw, 570px\" \/> <img loading=\"lazy\" decoding=\"async\" class=\"alignnone wp-image-7737\" src=\"https:\/\/www.proamazonia.org\/wp-content\/uploads\/2023\/09\/2.Zamora.herramientas.sostenibilidad.proamazonia.ecuador.ambiente.bosques.amazonia-300x225.jpg\" alt=\"\" width=\"572\" height=\"429\" srcset=\"https:\/\/www.proamazonia.org\/ppr\/wp-content\/uploads\/2023\/09\/2.Zamora.herramientas.sostenibilidad.proamazonia.ecuador.ambiente.bosques.amazonia-300x225.jpg 300w, https:\/\/www.proamazonia.org\/ppr\/wp-content\/uploads\/2023\/09\/2.Zamora.herramientas.sostenibilidad.proamazonia.ecuador.ambiente.bosques.amazonia-768x576.jpg 768w, https:\/\/www.proamazonia.org\/ppr\/wp-content\/uploads\/2023\/09\/2.Zamora.herramientas.sostenibilidad.proamazonia.ecuador.ambiente.bosques.amazonia-400x300.jpg 400w, https:\/\/www.proamazonia.org\/ppr\/wp-content\/uploads\/2023\/09\/2.Zamora.herramientas.sostenibilidad.proamazonia.ecuador.ambiente.bosques.amazonia-800x600.jpg 800w, https:\/\/www.proamazonia.org\/ppr\/wp-content\/uploads\/2023\/09\/2.Zamora.herramientas.sostenibilidad.proamazonia.ecuador.ambiente.bosques.amazonia.jpg 1000w\" sizes=\"auto, (max-width: 572px) 100vw, 572px\" \/><br \/>\n<img loading=\"lazy\" decoding=\"async\" class=\"alignnone wp-image-7738\" src=\"https:\/\/www.proamazonia.org\/wp-content\/uploads\/2023\/09\/1.Zamora.herramientas.sostenibilidad.proamazonia.ecuador.ambiente.bosques.amazonia-300x225.jpg\" alt=\"\" width=\"570\" height=\"427\" srcset=\"https:\/\/www.proamazonia.org\/ppr\/wp-content\/uploads\/2023\/09\/1.Zamora.herramientas.sostenibilidad.proamazonia.ecuador.ambiente.bosques.amazonia-300x225.jpg 300w, https:\/\/www.proamazonia.org\/ppr\/wp-content\/uploads\/2023\/09\/1.Zamora.herramientas.sostenibilidad.proamazonia.ecuador.ambiente.bosques.amazonia-768x576.jpg 768w, https:\/\/www.proamazonia.org\/ppr\/wp-content\/uploads\/2023\/09\/1.Zamora.herramientas.sostenibilidad.proamazonia.ecuador.ambiente.bosques.amazonia-400x300.jpg 400w, https:\/\/www.proamazonia.org\/ppr\/wp-content\/uploads\/2023\/09\/1.Zamora.herramientas.sostenibilidad.proamazonia.ecuador.ambiente.bosques.amazonia-800x600.jpg 800w, https:\/\/www.proamazonia.org\/ppr\/wp-content\/uploads\/2023\/09\/1.Zamora.herramientas.sostenibilidad.proamazonia.ecuador.ambiente.bosques.amazonia.jpg 1000w\" sizes=\"auto, (max-width: 570px) 100vw, 570px\" \/> <img loading=\"lazy\" decoding=\"async\" class=\"alignnone wp-image-7739\" src=\"https:\/\/www.proamazonia.org\/wp-content\/uploads\/2023\/09\/Zamora.herramientas.sostenibilidad.proamazonia.ecuador.ambiente.bosques.amazonia-300x225.jpg\" alt=\"\" width=\"573\" height=\"430\" srcset=\"https:\/\/www.proamazonia.org\/ppr\/wp-content\/uploads\/2023\/09\/Zamora.herramientas.sostenibilidad.proamazonia.ecuador.ambiente.bosques.amazonia-300x225.jpg 300w, https:\/\/www.proamazonia.org\/ppr\/wp-content\/uploads\/2023\/09\/Zamora.herramientas.sostenibilidad.proamazonia.ecuador.ambiente.bosques.amazonia-768x576.jpg 768w, https:\/\/www.proamazonia.org\/ppr\/wp-content\/uploads\/2023\/09\/Zamora.herramientas.sostenibilidad.proamazonia.ecuador.ambiente.bosques.amazonia-400x300.jpg 400w, https:\/\/www.proamazonia.org\/ppr\/wp-content\/uploads\/2023\/09\/Zamora.herramientas.sostenibilidad.proamazonia.ecuador.ambiente.bosques.amazonia-800x600.jpg 800w, https:\/\/www.proamazonia.org\/ppr\/wp-content\/uploads\/2023\/09\/Zamora.herramientas.sostenibilidad.proamazonia.ecuador.ambiente.bosques.amazonia.jpg 900w\" sizes=\"auto, (max-width: 573px) 100vw, 573px\" \/><\/p>\n<p style=\"text-align: center;\"><b><span style=\"font-size: 10.0pt; color: windowtext;\">Fotograf\u00eda:<\/span><\/b><span style=\"font-size: 10.0pt; color: windowtext;\"> PROAmazon\u00eda<br \/>\n<\/span><b><\/b><b><span style=\"font-size: 10.0pt; color: windowtext;\">Descripci\u00f3n:<\/span><\/b><span style=\"font-size: 10.0pt; color: windowtext;\"> Presentaci\u00f3n de la estrategia de sostenibilidad del Programa al GAD Zamora Chinchipe<\/span><\/p>\n<p>Estos hitos no solo resaltan el compromiso del Gobierno Nacional a trav\u00e9s de PROAmazon\u00eda, sino que tambi\u00e9n demuestra una alineaci\u00f3n firme con los compromisos del pa\u00eds derivados de la Convenci\u00f3n Marco de las Naciones Unidas sobre el Cambio Clim\u00e1tico (CMNUCC) y el Acuerdo de Par\u00eds. Adem\u00e1s, sienta las bases para un futuro m\u00e1s verde y sostenible con la mirada puesta en el Plan de Acci\u00f3n REDD+ 2025-2030.<\/p>\n<p style=\"text-align: center;\"><img loading=\"lazy\" decoding=\"async\" class=\"alignnone wp-image-7740\" src=\"https:\/\/www.proamazonia.org\/wp-content\/uploads\/2023\/09\/3.Sucumbios.herramientas.sostenibilidad.proamazonia.ecuador.ambiente.bosques.amazonia-300x225.jpg\" alt=\"\" width=\"573\" height=\"430\" srcset=\"https:\/\/www.proamazonia.org\/ppr\/wp-content\/uploads\/2023\/09\/3.Sucumbios.herramientas.sostenibilidad.proamazonia.ecuador.ambiente.bosques.amazonia-300x225.jpg 300w, https:\/\/www.proamazonia.org\/ppr\/wp-content\/uploads\/2023\/09\/3.Sucumbios.herramientas.sostenibilidad.proamazonia.ecuador.ambiente.bosques.amazonia-768x576.jpg 768w, https:\/\/www.proamazonia.org\/ppr\/wp-content\/uploads\/2023\/09\/3.Sucumbios.herramientas.sostenibilidad.proamazonia.ecuador.ambiente.bosques.amazonia-400x300.jpg 400w, https:\/\/www.proamazonia.org\/ppr\/wp-content\/uploads\/2023\/09\/3.Sucumbios.herramientas.sostenibilidad.proamazonia.ecuador.ambiente.bosques.amazonia-800x600.jpg 800w, https:\/\/www.proamazonia.org\/ppr\/wp-content\/uploads\/2023\/09\/3.Sucumbios.herramientas.sostenibilidad.proamazonia.ecuador.ambiente.bosques.amazonia.jpg 1000w\" sizes=\"auto, (max-width: 573px) 100vw, 573px\" \/> <img loading=\"lazy\" decoding=\"async\" class=\"alignnone wp-image-7741\" src=\"https:\/\/www.proamazonia.org\/wp-content\/uploads\/2023\/09\/2.Sucumbios.herramientas.sostenibilidad.proamazonia.ecuador.ambiente.bosques.amazonia-300x225.jpg\" alt=\"\" width=\"572\" height=\"429\" srcset=\"https:\/\/www.proamazonia.org\/ppr\/wp-content\/uploads\/2023\/09\/2.Sucumbios.herramientas.sostenibilidad.proamazonia.ecuador.ambiente.bosques.amazonia-300x225.jpg 300w, https:\/\/www.proamazonia.org\/ppr\/wp-content\/uploads\/2023\/09\/2.Sucumbios.herramientas.sostenibilidad.proamazonia.ecuador.ambiente.bosques.amazonia-768x576.jpg 768w, https:\/\/www.proamazonia.org\/ppr\/wp-content\/uploads\/2023\/09\/2.Sucumbios.herramientas.sostenibilidad.proamazonia.ecuador.ambiente.bosques.amazonia-400x300.jpg 400w, https:\/\/www.proamazonia.org\/ppr\/wp-content\/uploads\/2023\/09\/2.Sucumbios.herramientas.sostenibilidad.proamazonia.ecuador.ambiente.bosques.amazonia-800x600.jpg 800w, https:\/\/www.proamazonia.org\/ppr\/wp-content\/uploads\/2023\/09\/2.Sucumbios.herramientas.sostenibilidad.proamazonia.ecuador.ambiente.bosques.amazonia.jpg 1000w\" sizes=\"auto, (max-width: 572px) 100vw, 572px\" \/><br \/>\n<img loading=\"lazy\" decoding=\"async\" class=\"alignnone wp-image-7742\" src=\"https:\/\/www.proamazonia.org\/wp-content\/uploads\/2023\/09\/1.Sucumbios.herramientas.sostenibilidad.proamazonia.ecuador.ambiente.bosques.amazonia-300x225.jpg\" alt=\"\" width=\"568\" height=\"426\" srcset=\"https:\/\/www.proamazonia.org\/ppr\/wp-content\/uploads\/2023\/09\/1.Sucumbios.herramientas.sostenibilidad.proamazonia.ecuador.ambiente.bosques.amazonia-300x225.jpg 300w, https:\/\/www.proamazonia.org\/ppr\/wp-content\/uploads\/2023\/09\/1.Sucumbios.herramientas.sostenibilidad.proamazonia.ecuador.ambiente.bosques.amazonia-768x576.jpg 768w, https:\/\/www.proamazonia.org\/ppr\/wp-content\/uploads\/2023\/09\/1.Sucumbios.herramientas.sostenibilidad.proamazonia.ecuador.ambiente.bosques.amazonia-400x300.jpg 400w, https:\/\/www.proamazonia.org\/ppr\/wp-content\/uploads\/2023\/09\/1.Sucumbios.herramientas.sostenibilidad.proamazonia.ecuador.ambiente.bosques.amazonia-800x600.jpg 800w, https:\/\/www.proamazonia.org\/ppr\/wp-content\/uploads\/2023\/09\/1.Sucumbios.herramientas.sostenibilidad.proamazonia.ecuador.ambiente.bosques.amazonia.jpg 1000w\" sizes=\"auto, (max-width: 568px) 100vw, 568px\" \/> <img loading=\"lazy\" decoding=\"async\" class=\"alignnone wp-image-7743\" src=\"https:\/\/www.proamazonia.org\/wp-content\/uploads\/2023\/09\/Sucumbios.herramientas.sostenibilidad.proamazonia.ecuador.ambiente.bosques.amazonia-300x225.jpg\" alt=\"\" width=\"566\" height=\"425\" srcset=\"https:\/\/www.proamazonia.org\/ppr\/wp-content\/uploads\/2023\/09\/Sucumbios.herramientas.sostenibilidad.proamazonia.ecuador.ambiente.bosques.amazonia-300x225.jpg 300w, https:\/\/www.proamazonia.org\/ppr\/wp-content\/uploads\/2023\/09\/Sucumbios.herramientas.sostenibilidad.proamazonia.ecuador.ambiente.bosques.amazonia-768x576.jpg 768w, https:\/\/www.proamazonia.org\/ppr\/wp-content\/uploads\/2023\/09\/Sucumbios.herramientas.sostenibilidad.proamazonia.ecuador.ambiente.bosques.amazonia-400x300.jpg 400w, https:\/\/www.proamazonia.org\/ppr\/wp-content\/uploads\/2023\/09\/Sucumbios.herramientas.sostenibilidad.proamazonia.ecuador.ambiente.bosques.amazonia-800x600.jpg 800w, https:\/\/www.proamazonia.org\/ppr\/wp-content\/uploads\/2023\/09\/Sucumbios.herramientas.sostenibilidad.proamazonia.ecuador.ambiente.bosques.amazonia.jpg 1000w\" sizes=\"auto, (max-width: 566px) 100vw, 566px\" \/><\/p>\n<p style=\"text-align: center;\"><b><span style=\"font-size: 10.0pt; color: windowtext;\">Fotograf\u00eda:<\/span><\/b><span style=\"font-size: 10.0pt; color: windowtext;\"> PROAmazon\u00eda<br \/>\n<\/span><b><\/b><b><span style=\"font-size: 10.0pt; color: windowtext;\">Descripci\u00f3n:<\/span><\/b><span style=\"font-size: 10.0pt; color: windowtext;\"> Presentaci\u00f3n de la estrategia de sostenibilidad del Programa al GAD Sucumb\u00edos<\/span><\/p>\n<p>Conoce nuestra Caja de herramientas:<\/p>\n<p><a href=\"https:\/\/www.proamazonia.org\/caja-de-herramientas-politicas-e-institucionalidad\/\" target=\"_blank\" rel=\"noopener\">https:\/\/www.proamazonia.org\/caja-de-herramientas-politicas-e-institucionalidad\/<\/a><\/p>\n<p><strong>Autor:<\/strong> Giovanny Cevallos, T\u00e9cnico en Marketing y Comunicaci\u00f3n \u2013 PROAmazon\u00eda<\/p>","protected":false},"excerpt":{"rendered":"<p>Durante los meses de junio, julio y agosto de 2023, el Ministerio del Ambiente, Agua y Transici\u00f3n Ecol\u00f3gica, el Ministerio de Agricultura y Ganader\u00eda y el Programa de Conservaci\u00f3n de Bosques y Producci\u00f3n Sostenible, PROAmazon\u00eda; presentaron a las autoridades de los Gobiernos Aut\u00f3nomos Descentralizados (GAD) de la Amazon\u00eda ecuatoriana, los resultados y la estrategia de sostenibilidad del Programa. \u00a0 Fotograf\u00eda: PROAmazon\u00eda Descripci\u00f3n: Presentaci\u00f3n de la estrategia de sostenibilidad del Programa al GAD Napo PROAmazon\u00eda, es el programa del Ministerio del Ambiente, Agua y Transici\u00f3n Ecol\u00f3gica (MAATE) y el Ministerio de Agricultura y Ganader\u00eda (MAG), implementado con apoyo del Programa de las Naciones Unidas para el Desarrollo (PNUD), que recibe el financiamiento del Fondo Verde para el Clima (GCF) y el Fondo para el Medio Ambiente Mundial (GEF). El programa vincula los esfuerzos nacionales para disminuir la deforestaci\u00f3n con las agendas y las pol\u00edticas prioritarias de los sectores econ\u00f3micos del pa\u00eds. As\u00ed tambi\u00e9n, promueve el manejo sostenible e integrado de los recursos naturales contribuyendo a la erradicaci\u00f3n de la pobreza y al desarrollo humano sostenible. PROAmazon\u00eda fortalece el posicionamiento de Ecuador como un pa\u00eds comprometido con los esfuerzos mundiales para combatir el cambio clim\u00e1tico, con la Agenda 2030 y los Objetivos [&hellip;]<\/p>\n","protected":false},"author":2,"featured_media":7746,"comment_status":"closed","ping_status":"closed","sticky":false,"template":"","format":"standard","meta":{"_uf_show_specific_survey":0,"_uf_disable_surveys":false,"footnotes":""},"categories":[3,23,24],"tags":[62,58,42,73,262,261,44],"class_list":["post-7735","post","type-post","status-publish","format-standard","has-post-thumbnail","hentry","category-noticias","category-noticias-home","category-politicas-e-institucionalidad","tag-bosques","tag-conservacion","tag-ecuador","tag-gad","tag-gcf","tag-gef","tag-proamazonia"],"aioseo_notices":[],"_links":{"self":[{"href":"https:\/\/www.proamazonia.org\/ppr\/wp-json\/wp\/v2\/posts\/7735","targetHints":{"allow":["GET"]}}],"collection":[{"href":"https:\/\/www.proamazonia.org\/ppr\/wp-json\/wp\/v2\/posts"}],"about":[{"href":"https:\/\/www.proamazonia.org\/ppr\/wp-json\/wp\/v2\/types\/post"}],"author":[{"embeddable":true,"href":"https:\/\/www.proamazonia.org\/ppr\/wp-json\/wp\/v2\/users\/2"}],"replies":[{"embeddable":true,"href":"https:\/\/www.proamazonia.org\/ppr\/wp-json\/wp\/v2\/comments?post=7735"}],"version-history":[{"count":6,"href":"https:\/\/www.proamazonia.org\/ppr\/wp-json\/wp\/v2\/posts\/7735\/revisions"}],"predecessor-version":[{"id":7815,"href":"https:\/\/www.proamazonia.org\/ppr\/wp-json\/wp\/v2\/posts\/7735\/revisions\/7815"}],"wp:featuredmedia":[{"embeddable":true,"href":"https:\/\/www.proamazonia.org\/ppr\/wp-json\/wp\/v2\/media\/7746"}],"wp:attachment":[{"href":"https:\/\/www.proamazonia.org\/ppr\/wp-json\/wp\/v2\/media?parent=7735"}],"wp:term":[{"taxonomy":"category","embeddable":true,"href":"https:\/\/www.proamazonia.org\/ppr\/wp-json\/wp\/v2\/categories?post=7735"},{"taxonomy":"post_tag","embeddable":true,"href":"https:\/\/www.proamazonia.org\/ppr\/wp-json\/wp\/v2\/tags?post=7735"}],"curies":[{"name":"wp","href":"https:\/\/api.w.org\/{rel}","templated":true}]}}